{"id":285599,"date":"2023-05-06T12:29:32","date_gmt":"2023-05-06T10:29:32","guid":{"rendered":"https:\/\/www.intoscana.it\/it\/?p=285599"},"modified":"2023-05-09T10:23:53","modified_gmt":"2023-05-09T08:23:53","slug":"intelletto-delle-donne-europa","status":"publish","type":"post","link":"https:\/\/www.intoscana.it\/it\/intelletto-delle-donne-europa\/","title":{"rendered":"L&#8217;intelletto delle donne: cos\u00ec la Toscana celebra la Festa dell&#8217;Europa"},"content":{"rendered":"<p>Convegni, dibattiti, esperienze nazionali e internazionali, e la presenza di alcune delle donne pi\u00f9 impegnate a livello internazionale sui diritti legati alla parit\u00e0 di genere. \u00c8 questo il ricco programma dell&#8217;<strong>\u201cIntelletto delle donne\u201d,<\/strong> la giornata evento organizzata dalla <a href=\"https:\/\/www.intoscana.it\/it\/articolo\/la-toscana-delle-donne-un-sito-al-femminile-tra-storie-e-opportunita\/\" target=\"_blank\" rel=\"noopener\">\u201cToscana delle Donne\u201d,<\/a> progetto della Regione Toscana, in occasione della<strong> Festa dell\u2019Europa<\/strong> il prossimo 9 maggio a Firenze dalle ore 9.30 alle 18.30.<\/p>\n<figure id=\"post-285601 media-285601\" class=\"align-none\"><img decoding=\"async\" src=\"https:\/\/www.intoscana.it\/wp-content\/uploads\/RT-Intelletto-delle-donne-banner-sito-1500x500-1-e1683537729702.jpg\" alt=\"\" \/><\/figure>\n<div class=\"titleimg\">L\u2019intelletto delle donne<\/div>\n<h3>Dibattiti, incontri e film sulle donne<\/h3>\n<p>La giornata, interamente finanziata dai Fondi europei, prevede incontri, dibattiti e la proiezione speciale del<strong> film \u201cTell it like a woman\u201d<\/strong> della regista, produttrice e fondatrice del movimento \u201cWe do it together\u201d Chiara Tilesi.<\/p>\n<p><em>\u201cI diritti ma anche le qualit\u00e0, i talenti, i meriti<\/em> \u2013 sottolinea il presidente della Regione, <strong>Eugenio Giani<\/strong> &#8211; <em>\u00e8 il senso del nostro impegno per le donne e con le donne. <mark>Scommettere sulle donne \u00e8 scommessa di tutti. \u00c8 quanto la Toscana fa col progetto ATI. Nome etrusco della donna: un progetto che l\u2019Europa cofinanzia e che all\u2019Europa proponiamo come modello\u201d.<\/mark><\/em><\/p>\n<p>Si inizia alle 9.30 in Sala Pegaso di Palazzo Strozzi Sacrati, sede della presidenza della Regione Toscana, e la giornata sar\u00e0 aperta dalla vicepresidente Ars Pace &amp; European Parliament Former Members Association (FMA) e ambasciatrice del AW20 <strong>Monica Baldi<\/strong>, che presieder\u00e0 la sezione coordinata dal giornalista Luca Telese <strong>\u201cLa soluzione delle donne\u201d<\/strong> alla quale partecipano Elvira Marasco, cofondatrice e presidente dell\u2019AW20 Italia, Pam Rajput, alto delegato dell\u2019AW20 per l\u2019India, Hardiani Uli Silalahi, presidente dell\u2019AW20 Indonesia, Chiara Tilesi, Linda Laura Sabbadini, presidente del W20.<\/p>\n<p>Alle 10.40 si apre la seconda parte della mattinata <strong>\u201cGlobal Gender Medicine Board\u201d<\/strong> dedicata alla salute e alla medicina di genere con<strong> Flavia Franconi,<\/strong> coordinatrice Comitato Globale per la Medicina di Genere; il contributo video di Virginia Littlejohn, capo delegazione W20 USA; Vera Regitz-Zagrosek, fondatrice dell&#8217;Istituto di Medicina di Genere; Isabella De Martini, ambasciatrice di Genova nel mondo; Lucia Turco, direttore generale Agenzia Regionale di Sanit\u00e0 Toscana; Mar\u00eda Jos\u00e9 Cald\u00e9s Pinilla, direttrice del Centro di Salute Globale Regione Toscana.<\/p>\n<h3>Il programma del pomeriggio<\/h3>\n<p>Dalle 15 alle 17 la sezione<strong> \u201cDonne &amp; Leadership\u201d<\/strong> condotta sempre da Luca Telese sar\u00e0 presieduta da <strong>Cristina Manetti,<\/strong> capo di Gabinetto della Regione Toscana e vedr\u00e0 la proiezione del video di Lina G\u00e0lvez Munoz, vicepresidente della Commissione per l\u2019Industria e Ricerca del Parlamento europeo, Cristina Acidini, presidente Opera di Santa Croce;\u00a0Irene Sanesi, economista della cultura, Antonella Mansi, vicepresidente Pitti Immagine;\u00a0Lucia Aleotti, azionista &amp; CDA Gruppo Menarini;\u00a0Alessandra Petrucci, rettrice dell&#8217;Ateneo fiorentino.<\/p>\n<p><em>\u201cIn Toscana<\/em> \u00a0&#8211; ha detto <strong>Cristina Manetti,<\/strong> capo di Gabinetto della Regione Toscana &#8211;<em> non vogliamo pi\u00f9 che si perdano talenti solo perch\u00e9 donne. Questa \u00e8 la sfida che abbiamo lanciato con la Toscana delle Donne. Sappiamo che non sar\u00e0 facile, ma sappiamo anche che da questa sfida discender\u00e0 una societ\u00e0 migliore\u201d.<\/em><\/p>\n<p>Dalle 17 alle 18, si apre <strong>\u201cWe do it together\u201d<\/strong> in cui la regista Chiara Tilesi cura un panel sull\u2019importanza della narrativa del ruolo della donna nei media e nel cinema con Lady Monika Bacardi, Milly Carlucci, Greta Scarano e Cinzia Th. Torrini.<\/p>\n<p>Alle 18.30 la giornata si sposta al <strong>Cinema de La Compagnia.<\/strong>\u00a0Il presidente Eugenio Giani aprir\u00e0 la sessione con Chiara Tilesi, Andrea Iervolino, produttore e fondatore di ILBE (societ\u00e0 che produce opere cinematografiche, televisive e web), Lady Monika Bacardi produttrice e cofondatrice di ILBE. Giovanni Bogani critico cinematografico introdurr\u00e0 la proiezione speciale del <strong>film \u201cTell it like a woman\u201d<\/strong> e in sala saranno presenti il cast, registe e produttori. Nell\u2019occasione il presidente Giani conferir\u00e0 il Pegaso delle Donne a Chiara Tilesi.<\/p>\n","protected":false},"excerpt":{"rendered":"<p>Il 9 maggio a Firenze si terr\u00e0 la giornata evento sulla parit\u00e0 di genere organizzata dalla Regione nell&#8217;ambito de &#8220;La Toscana delle donne&#8221;<\/p>\n","protected":false},"author":525,"featured_media":285931,"comment_status":"open","ping_status":"open","sticky":false,"template":"","format":"standard","meta":{"_acf_changed":false,"footnotes":""},"categories":[494],"tags":[6469,6557],"class_list":["post-285599","post","type-post","status-publish","format-standard","has-post-thumbnail","hentry","category-attualita","tag-festa-delleuropa","tag-la-toscana-delle-donne"],"acf":[],"yoast_head":"<!-- This site is optimized with the Yoast SEO Premium plugin v24.2 (Yoast SEO v25.6) - https:\/\/yoast.com\/wordpress\/plugins\/seo\/ -->\n<title>L&#039;intelletto delle donne: cos\u00ec la Toscana celebra la Festa dell&#039;Europa - intoscana<\/title>\n<meta name=\"description\" content=\"Il 9 maggio la Regione Toscana celebra la Festa dell&#039;Europa con l&#039;Intelletto delle donne, una giornata evento sulla parit\u00e0 di genere\" \/>\n<meta name=\"robots\" content=\"index, follow, max-snippet:-1, max-image-preview:large, max-video-preview:-1\" \/>\n<link rel=\"canonical\" href=\"https:\/\/www.intoscana.it\/it\/intelletto-delle-donne-europa\/\" \/>\n<meta property=\"og:locale\" content=\"it_IT\" \/>\n<meta property=\"og:type\" content=\"article\" \/>\n<meta property=\"og:title\" content=\"L&#039;intelletto delle donne: cos\u00ec la Toscana celebra la Festa dell&#039;Europa\" \/>\n<meta property=\"og:description\" content=\"Il 9 maggio la Regione Toscana celebra la Festa dell&#039;Europa con l&#039;Intelletto delle donne, una giornata evento sulla parit\u00e0 di genere\" \/>\n<meta property=\"og:url\" content=\"https:\/\/www.intoscana.it\/it\/intelletto-delle-donne-europa\/\" \/>\n<meta property=\"og:site_name\" content=\"intoscana\" \/>\n<meta property=\"article:publisher\" content=\"https:\/\/www.facebook.com\/intoscana.it\" \/>\n<meta property=\"article:published_time\" content=\"2023-05-06T10:29:32+00:00\" \/>\n<meta property=\"article:modified_time\" content=\"2023-05-09T08:23:53+00:00\" \/>\n<meta property=\"og:image\" content=\"https:\/\/www.intoscana.it\/wp-content\/uploads\/intelletto-donne-9-maggio-2023.jpg\" \/>\n\t<meta property=\"og:image:width\" content=\"2048\" \/>\n\t<meta property=\"og:image:height\" content=\"1536\" \/>\n\t<meta property=\"og:image:type\" content=\"image\/jpeg\" \/>\n<meta name=\"author\" content=\"Redazione\" \/>\n<meta name=\"twitter:card\" content=\"summary_large_image\" \/>\n<meta name=\"twitter:creator\" content=\"@intoscana\" \/>\n<meta name=\"twitter:site\" content=\"@intoscana\" \/>\n<meta name=\"twitter:label1\" content=\"Written by\" \/>\n\t<meta name=\"twitter:data1\" content=\"Redazione\" \/>\n\t<meta name=\"twitter:label2\" content=\"Est. reading time\" \/>\n\t<meta name=\"twitter:data2\" content=\"3 minuti\" \/>\n<script type=\"application\/ld+json\" class=\"yoast-schema-graph\">{\"@context\":\"https:\/\/schema.org\",\"@graph\":[{\"@type\":\"WebPage\",\"@id\":\"https:\/\/www.intoscana.it\/it\/intelletto-delle-donne-europa\/\",\"url\":\"https:\/\/www.intoscana.it\/it\/intelletto-delle-donne-europa\/\",\"name\":\"L'intelletto delle donne: cos\u00ec la Toscana celebra la Festa dell'Europa - intoscana\",\"isPartOf\":{\"@id\":\"https:\/\/www.intoscana.it\/it\/#website\"},\"primaryImageOfPage\":{\"@id\":\"https:\/\/www.intoscana.it\/it\/intelletto-delle-donne-europa\/#primaryimage\"},\"image\":{\"@id\":\"https:\/\/www.intoscana.it\/it\/intelletto-delle-donne-europa\/#primaryimage\"},\"thumbnailUrl\":\"https:\/\/www.intoscana.it\/wp-content\/uploads\/intelletto-donne-9-maggio-2023.jpg\",\"datePublished\":\"2023-05-06T10:29:32+00:00\",\"dateModified\":\"2023-05-09T08:23:53+00:00\",\"author\":{\"@id\":\"https:\/\/www.intoscana.it\/it\/#\/schema\/person\/9223810753230f20bd670fdd322661f8\"},\"description\":\"Il 9 maggio la Regione Toscana celebra la Festa dell'Europa con l'Intelletto delle donne, una giornata evento sulla parit\u00e0 di genere\",\"breadcrumb\":{\"@id\":\"https:\/\/www.intoscana.it\/it\/intelletto-delle-donne-europa\/#breadcrumb\"},\"inLanguage\":\"it-IT\",\"potentialAction\":[{\"@type\":\"ReadAction\",\"target\":[\"https:\/\/www.intoscana.it\/it\/intelletto-delle-donne-europa\/\"]}]},{\"@type\":\"ImageObject\",\"inLanguage\":\"it-IT\",\"@id\":\"https:\/\/www.intoscana.it\/it\/intelletto-delle-donne-europa\/#primaryimage\",\"url\":\"https:\/\/www.intoscana.it\/wp-content\/uploads\/intelletto-donne-9-maggio-2023.jpg\",\"contentUrl\":\"https:\/\/www.intoscana.it\/wp-content\/uploads\/intelletto-donne-9-maggio-2023.jpg\",\"width\":2048,\"height\":1536},{\"@type\":\"BreadcrumbList\",\"@id\":\"https:\/\/www.intoscana.it\/it\/intelletto-delle-donne-europa\/#breadcrumb\",\"itemListElement\":[{\"@type\":\"ListItem\",\"position\":1,\"name\":\"Home\",\"item\":\"https:\/\/www.intoscana.it\/it\/\"},{\"@type\":\"ListItem\",\"position\":2,\"name\":\"L&#8217;intelletto delle donne: cos\u00ec la Toscana celebra la Festa dell&#8217;Europa\"}]},{\"@type\":\"WebSite\",\"@id\":\"https:\/\/www.intoscana.it\/it\/#website\",\"url\":\"https:\/\/www.intoscana.it\/it\/\",\"name\":\"intoscana\",\"description\":\"\",\"potentialAction\":[{\"@type\":\"SearchAction\",\"target\":{\"@type\":\"EntryPoint\",\"urlTemplate\":\"https:\/\/www.intoscana.it\/it\/?s={search_term_string}\"},\"query-input\":{\"@type\":\"PropertyValueSpecification\",\"valueRequired\":true,\"valueName\":\"search_term_string\"}}],\"inLanguage\":\"it-IT\"},{\"@type\":\"Person\",\"@id\":\"https:\/\/www.intoscana.it\/it\/#\/schema\/person\/9223810753230f20bd670fdd322661f8\",\"name\":\"Redazione\",\"url\":\"https:\/\/www.intoscana.it\/it\/author\/redazione\/\"}]}<\/script>\n<!-- \/ Yoast SEO Premium plugin. -->","yoast_head_json":{"title":"L'intelletto delle donne: cos\u00ec la Toscana celebra la Festa dell'Europa - intoscana","description":"Il 9 maggio la Regione Toscana celebra la Festa dell'Europa con l'Intelletto delle donne, una giornata evento sulla parit\u00e0 di genere","robots":{"index":"index","follow":"follow","max-snippet":"max-snippet:-1","max-image-preview":"max-image-preview:large","max-video-preview":"max-video-preview:-1"},"canonical":"https:\/\/www.intoscana.it\/it\/intelletto-delle-donne-europa\/","og_locale":"it_IT","og_type":"article","og_title":"L'intelletto delle donne: cos\u00ec la Toscana celebra la Festa dell'Europa","og_description":"Il 9 maggio la Regione Toscana celebra la Festa dell'Europa con l'Intelletto delle donne, una giornata evento sulla parit\u00e0 di genere","og_url":"https:\/\/www.intoscana.it\/it\/intelletto-delle-donne-europa\/","og_site_name":"intoscana","article_publisher":"https:\/\/www.facebook.com\/intoscana.it","article_published_time":"2023-05-06T10:29:32+00:00","article_modified_time":"2023-05-09T08:23:53+00:00","og_image":[{"width":2048,"height":1536,"url":"https:\/\/www.intoscana.it\/wp-content\/uploads\/intelletto-donne-9-maggio-2023.jpg","type":"image\/jpeg"}],"author":"Redazione","twitter_card":"summary_large_image","twitter_creator":"@intoscana","twitter_site":"@intoscana","twitter_misc":{"Written by":"Redazione","Est. reading time":"3 minuti"},"schema":{"@context":"https:\/\/schema.org","@graph":[{"@type":"WebPage","@id":"https:\/\/www.intoscana.it\/it\/intelletto-delle-donne-europa\/","url":"https:\/\/www.intoscana.it\/it\/intelletto-delle-donne-europa\/","name":"L'intelletto delle donne: cos\u00ec la Toscana celebra la Festa dell'Europa - intoscana","isPartOf":{"@id":"https:\/\/www.intoscana.it\/it\/#website"},"primaryImageOfPage":{"@id":"https:\/\/www.intoscana.it\/it\/intelletto-delle-donne-europa\/#primaryimage"},"image":{"@id":"https:\/\/www.intoscana.it\/it\/intelletto-delle-donne-europa\/#primaryimage"},"thumbnailUrl":"https:\/\/www.intoscana.it\/wp-content\/uploads\/intelletto-donne-9-maggio-2023.jpg","datePublished":"2023-05-06T10:29:32+00:00","dateModified":"2023-05-09T08:23:53+00:00","author":{"@id":"https:\/\/www.intoscana.it\/it\/#\/schema\/person\/9223810753230f20bd670fdd322661f8"},"description":"Il 9 maggio la Regione Toscana celebra la Festa dell'Europa con l'Intelletto delle donne, una giornata evento sulla parit\u00e0 di genere","breadcrumb":{"@id":"https:\/\/www.intoscana.it\/it\/intelletto-delle-donne-europa\/#breadcrumb"},"inLanguage":"it-IT","potentialAction":[{"@type":"ReadAction","target":["https:\/\/www.intoscana.it\/it\/intelletto-delle-donne-europa\/"]}]},{"@type":"ImageObject","inLanguage":"it-IT","@id":"https:\/\/www.intoscana.it\/it\/intelletto-delle-donne-europa\/#primaryimage","url":"https:\/\/www.intoscana.it\/wp-content\/uploads\/intelletto-donne-9-maggio-2023.jpg","contentUrl":"https:\/\/www.intoscana.it\/wp-content\/uploads\/intelletto-donne-9-maggio-2023.jpg","width":2048,"height":1536},{"@type":"BreadcrumbList","@id":"https:\/\/www.intoscana.it\/it\/intelletto-delle-donne-europa\/#breadcrumb","itemListElement":[{"@type":"ListItem","position":1,"name":"Home","item":"https:\/\/www.intoscana.it\/it\/"},{"@type":"ListItem","position":2,"name":"L&#8217;intelletto delle donne: cos\u00ec la Toscana celebra la Festa dell&#8217;Europa"}]},{"@type":"WebSite","@id":"https:\/\/www.intoscana.it\/it\/#website","url":"https:\/\/www.intoscana.it\/it\/","name":"intoscana","description":"","potentialAction":[{"@type":"SearchAction","target":{"@type":"EntryPoint","urlTemplate":"https:\/\/www.intoscana.it\/it\/?s={search_term_string}"},"query-input":{"@type":"PropertyValueSpecification","valueRequired":true,"valueName":"search_term_string"}}],"inLanguage":"it-IT"},{"@type":"Person","@id":"https:\/\/www.intoscana.it\/it\/#\/schema\/person\/9223810753230f20bd670fdd322661f8","name":"Redazione","url":"https:\/\/www.intoscana.it\/it\/author\/redazione\/"}]}},"_links":{"self":[{"href":"https:\/\/www.intoscana.it\/it\/wp-json\/wp\/v2\/posts\/285599","targetHints":{"allow":["GET"]}}],"collection":[{"href":"https:\/\/www.intoscana.it\/it\/wp-json\/wp\/v2\/posts"}],"about":[{"href":"https:\/\/www.intoscana.it\/it\/wp-json\/wp\/v2\/types\/post"}],"author":[{"embeddable":true,"href":"https:\/\/www.intoscana.it\/it\/wp-json\/wp\/v2\/users\/525"}],"replies":[{"embeddable":true,"href":"https:\/\/www.intoscana.it\/it\/wp-json\/wp\/v2\/comments?post=285599"}],"version-history":[{"count":0,"href":"https:\/\/www.intoscana.it\/it\/wp-json\/wp\/v2\/posts\/285599\/revisions"}],"wp:featuredmedia":[{"embeddable":true,"href":"https:\/\/www.intoscana.it\/it\/wp-json\/wp\/v2\/media\/285931"}],"wp:attachment":[{"href":"https:\/\/www.intoscana.it\/it\/wp-json\/wp\/v2\/media?parent=285599"}],"wp:term":[{"taxonomy":"category","embeddable":true,"href":"https:\/\/www.intoscana.it\/it\/wp-json\/wp\/v2\/categories?post=285599"},{"taxonomy":"post_tag","embeddable":true,"href":"https:\/\/www.intoscana.it\/it\/wp-json\/wp\/v2\/tags?post=285599"}],"curies":[{"name":"wp","href":"https:\/\/api.w.org\/{rel}","templated":true}]}}