{"id":285835,"date":"2023-05-08T16:44:54","date_gmt":"2023-05-08T14:44:54","guid":{"rendered":"https:\/\/www.intoscana.it\/it\/?p=285835"},"modified":"2023-05-09T10:27:18","modified_gmt":"2023-05-09T08:27:18","slug":"cronometro-doro-e-matteo-osti-del-milan-il-miglior-preparatore-atletico-della-stagione-21-22","status":"publish","type":"post","link":"https:\/\/www.intoscana.it\/it\/cronometro-doro-e-matteo-osti-del-milan-il-miglior-preparatore-atletico-della-stagione-21-22\/","title":{"rendered":"Cronometro d&#8217;oro, \u00e8 Matteo Osti del Milan il miglior preparatore atletico della stagione 21-22"},"content":{"rendered":"<p>Un nuovo riconoscimento arriva per l&#8217;AC <strong>Milan<\/strong> e la stagione 2021-2022, dopo lo scudetto e la panchina d&#8217;oro all&#8217;allenatore <strong>Stefano Pioli<\/strong>, si aggiunge il premio cronometro d&#8217;oro a <strong>Matteo Osti<\/strong>, preparatore atletico della squadra rossonera. Osti non \u00e8 potuto essere presente a <strong>Coverciano<\/strong> ma in collegamento ha cos\u00ec commentato il premio: \u201c<em>Mi scuso per non essere l\u00ec, ma purtroppo non posso fare altrimenti dovendo preparare la partita di mercoled\u00ec<\/em>\u201d riferendosi all\u2019imminente semifinale di <strong>Champions League<\/strong> contro l\u2019Inter. \u201c<em>Vi ringrazio<\/em> \u2013 ha continuato il preparatore atletico del Milan \u2013 <em>per avermi votato. Condivido questo riconoscimento con i colleghi che lavorano con me, oltre alla squadra e al mister. Ormai sono <strong>venti anni<\/strong> che faccio questo mestiere ed \u00e8 davvero un grande onore aver raggiunto questo obiettivo<\/em>\u201d.<\/p>\n<h3>Matteo Osti<\/h3>\n<p>Classe 1971, Osti \u00e8 di Ortiglia in provincia di Mantova e negli oltre venti anni di carriera \u00e8 stato il preparatore atletico di molte squadre di serie A, ha iniziato con il Chievo, poi Palermo, Bologna, Lazio, Inter, ma anche <strong>Fiorentina<\/strong> nelle stagioni 2017-2018 e 2018-2019 fino ad arrivare all&#8217;AC Milan.<\/p>\n<h3>Gli altri premiati<\/h3>\n<p>Il miglior preparatore atletico della Serie B 2021\/2022 \u00e8 stato invece votato <strong>Marco Antonio Ferrone<\/strong>, che con la <strong>Cremonese<\/strong> ha centrato la promozione in Serie A. L\u2019anno scorso, in un campionato sempre al vertice, i grigiorossi hanno avuto un momento di appannamento proprio sul finale, riuscendo per\u00f2 poi a centrare lo storico obiettivo del salo di categoria: \u201c<em>Pi\u00f9 che la preparazione fisica, in certi momenti \u00e8 importante l\u2019aspetto cognitivo, stare vicino alla squadra e vivere con serenit\u00e0 l\u2019aspetto emotivo del momento<\/em>\u201d ha dichiarato alla consegna del premio. Per quanto riguarda la Serie C, <strong>Alberto Berselli<\/strong> (l\u2019anno scorso nello staff del <strong>Sudtirol<\/strong>) \u00e8 stato il pi\u00f9 votato dai colleghi.<\/p>\n<h3>Serie A femminile<\/h3>\n<p>Per la prima volta, infine, \u00e8 stato celebrato anche il miglior preparatore atletico della Serie A femminile e a ottenere il riconoscimento \u00e8 stato <strong>Emanuele Chiappero<\/strong> della <strong>Juventus<\/strong>: \u201c<em>Ringrazio il Settore Tecnico per aver introdotto questa categoria, oltre ai colleghi che mi hanno votato, il club, lo staff tecnico e Roberto Sassi, che sei anni fa mi ha scelto permettendomi di essere qui oggi. Essere insieme a un mister come Joe Montemurro<\/em> \u2013 ha infine chiuso Chiappera \u2013 <em>\u00e8 importante, perch\u00e9 ha avuto esperienze vissute all\u2019estero e, come hanno detto anche durante le lezioni di oggi, bisogna sperimentare e provare anche cose mai fatte prima<\/em>\u201d.<\/p>\n<p>&nbsp;<\/p>\n","protected":false},"excerpt":{"rendered":"<p>Per la prima volta il riconoscimento \u00e8 stato dato anche al miglior preparatore atletico della Serie A femminile: il pi\u00f9 votato \u00e8 stato Emanuele Chiappero della Juventus<\/p>\n","protected":false},"author":525,"featured_media":285836,"comment_status":"open","ping_status":"open","sticky":false,"template":"","format":"standard","meta":{"_acf_changed":false,"footnotes":""},"categories":[494],"tags":[290,4564,159],"class_list":["post-285835","post","type-post","status-publish","format-standard","has-post-thumbnail","hentry","category-attualita","tag-calcio","tag-coverciano","tag-sport"],"acf":[],"yoast_head":"<!-- This site is optimized with the Yoast SEO Premium plugin v24.2 (Yoast SEO v25.6) - https:\/\/yoast.com\/wordpress\/plugins\/seo\/ -->\n<title>Cronometro d&#039;oro, \u00e8 Matteo Osti del Milan il miglior preparatore atletico della stagione 21-22 - intoscana<\/title>\n<meta name=\"robots\" content=\"index, follow, max-snippet:-1, max-image-preview:large, max-video-preview:-1\" \/>\n<link rel=\"canonical\" href=\"https:\/\/www.intoscana.it\/it\/cronometro-doro-e-matteo-osti-del-milan-il-miglior-preparatore-atletico-della-stagione-21-22\/\" \/>\n<meta property=\"og:locale\" content=\"it_IT\" \/>\n<meta property=\"og:type\" content=\"article\" \/>\n<meta property=\"og:title\" content=\"Cronometro d&#039;oro, \u00e8 Matteo Osti del Milan il miglior preparatore atletico della stagione 21-22\" \/>\n<meta property=\"og:description\" content=\"Per la prima volta il riconoscimento \u00e8 stato dato anche al miglior preparatore atletico della Serie A femminile: il pi\u00f9 votato \u00e8 stato Emanuele Chiappero della Juventus\" \/>\n<meta property=\"og:url\" content=\"https:\/\/www.intoscana.it\/it\/cronometro-doro-e-matteo-osti-del-milan-il-miglior-preparatore-atletico-della-stagione-21-22\/\" \/>\n<meta property=\"og:site_name\" content=\"intoscana\" \/>\n<meta property=\"article:publisher\" content=\"https:\/\/www.facebook.com\/intoscana.it\" \/>\n<meta property=\"article:published_time\" content=\"2023-05-08T14:44:54+00:00\" \/>\n<meta property=\"article:modified_time\" content=\"2023-05-09T08:27:18+00:00\" \/>\n<meta property=\"og:image\" content=\"https:\/\/www.intoscana.it\/wp-content\/uploads\/matteo-osti-milan.jpeg\" \/>\n\t<meta property=\"og:image:width\" content=\"730\" \/>\n\t<meta property=\"og:image:height\" content=\"358\" \/>\n\t<meta property=\"og:image:type\" content=\"image\/jpeg\" \/>\n<meta name=\"author\" content=\"Redazione\" \/>\n<meta name=\"twitter:card\" content=\"summary_large_image\" \/>\n<meta name=\"twitter:creator\" content=\"@intoscana\" \/>\n<meta name=\"twitter:site\" content=\"@intoscana\" \/>\n<meta name=\"twitter:label1\" content=\"Written by\" \/>\n\t<meta name=\"twitter:data1\" content=\"Redazione\" \/>\n\t<meta name=\"twitter:label2\" content=\"Est. reading time\" \/>\n\t<meta name=\"twitter:data2\" content=\"2 minuti\" \/>\n<script type=\"application\/ld+json\" class=\"yoast-schema-graph\">{\"@context\":\"https:\/\/schema.org\",\"@graph\":[{\"@type\":\"WebPage\",\"@id\":\"https:\/\/www.intoscana.it\/it\/cronometro-doro-e-matteo-osti-del-milan-il-miglior-preparatore-atletico-della-stagione-21-22\/\",\"url\":\"https:\/\/www.intoscana.it\/it\/cronometro-doro-e-matteo-osti-del-milan-il-miglior-preparatore-atletico-della-stagione-21-22\/\",\"name\":\"Cronometro d'oro, \u00e8 Matteo Osti del Milan il miglior preparatore atletico della stagione 21-22 - intoscana\",\"isPartOf\":{\"@id\":\"https:\/\/www.intoscana.it\/it\/#website\"},\"primaryImageOfPage\":{\"@id\":\"https:\/\/www.intoscana.it\/it\/cronometro-doro-e-matteo-osti-del-milan-il-miglior-preparatore-atletico-della-stagione-21-22\/#primaryimage\"},\"image\":{\"@id\":\"https:\/\/www.intoscana.it\/it\/cronometro-doro-e-matteo-osti-del-milan-il-miglior-preparatore-atletico-della-stagione-21-22\/#primaryimage\"},\"thumbnailUrl\":\"https:\/\/www.intoscana.it\/wp-content\/uploads\/matteo-osti-milan.jpeg\",\"datePublished\":\"2023-05-08T14:44:54+00:00\",\"dateModified\":\"2023-05-09T08:27:18+00:00\",\"author\":{\"@id\":\"https:\/\/www.intoscana.it\/it\/#\/schema\/person\/9223810753230f20bd670fdd322661f8\"},\"breadcrumb\":{\"@id\":\"https:\/\/www.intoscana.it\/it\/cronometro-doro-e-matteo-osti-del-milan-il-miglior-preparatore-atletico-della-stagione-21-22\/#breadcrumb\"},\"inLanguage\":\"it-IT\",\"potentialAction\":[{\"@type\":\"ReadAction\",\"target\":[\"https:\/\/www.intoscana.it\/it\/cronometro-doro-e-matteo-osti-del-milan-il-miglior-preparatore-atletico-della-stagione-21-22\/\"]}]},{\"@type\":\"ImageObject\",\"inLanguage\":\"it-IT\",\"@id\":\"https:\/\/www.intoscana.it\/it\/cronometro-doro-e-matteo-osti-del-milan-il-miglior-preparatore-atletico-della-stagione-21-22\/#primaryimage\",\"url\":\"https:\/\/www.intoscana.it\/wp-content\/uploads\/matteo-osti-milan.jpeg\",\"contentUrl\":\"https:\/\/www.intoscana.it\/wp-content\/uploads\/matteo-osti-milan.jpeg\",\"width\":730,\"height\":358},{\"@type\":\"BreadcrumbList\",\"@id\":\"https:\/\/www.intoscana.it\/it\/cronometro-doro-e-matteo-osti-del-milan-il-miglior-preparatore-atletico-della-stagione-21-22\/#breadcrumb\",\"itemListElement\":[{\"@type\":\"ListItem\",\"position\":1,\"name\":\"Home\",\"item\":\"https:\/\/www.intoscana.it\/it\/\"},{\"@type\":\"ListItem\",\"position\":2,\"name\":\"Cronometro d&#8217;oro, \u00e8 Matteo Osti del Milan il miglior preparatore atletico della stagione 21-22\"}]},{\"@type\":\"WebSite\",\"@id\":\"https:\/\/www.intoscana.it\/it\/#website\",\"url\":\"https:\/\/www.intoscana.it\/it\/\",\"name\":\"intoscana\",\"description\":\"\",\"potentialAction\":[{\"@type\":\"SearchAction\",\"target\":{\"@type\":\"EntryPoint\",\"urlTemplate\":\"https:\/\/www.intoscana.it\/it\/?s={search_term_string}\"},\"query-input\":{\"@type\":\"PropertyValueSpecification\",\"valueRequired\":true,\"valueName\":\"search_term_string\"}}],\"inLanguage\":\"it-IT\"},{\"@type\":\"Person\",\"@id\":\"https:\/\/www.intoscana.it\/it\/#\/schema\/person\/9223810753230f20bd670fdd322661f8\",\"name\":\"Redazione\",\"url\":\"https:\/\/www.intoscana.it\/it\/author\/redazione\/\"}]}<\/script>\n<!-- \/ Yoast SEO Premium plugin. -->","yoast_head_json":{"title":"Cronometro d'oro, \u00e8 Matteo Osti del Milan il miglior preparatore atletico della stagione 21-22 - intoscana","robots":{"index":"index","follow":"follow","max-snippet":"max-snippet:-1","max-image-preview":"max-image-preview:large","max-video-preview":"max-video-preview:-1"},"canonical":"https:\/\/www.intoscana.it\/it\/cronometro-doro-e-matteo-osti-del-milan-il-miglior-preparatore-atletico-della-stagione-21-22\/","og_locale":"it_IT","og_type":"article","og_title":"Cronometro d'oro, \u00e8 Matteo Osti del Milan il miglior preparatore atletico della stagione 21-22","og_description":"Per la prima volta il riconoscimento \u00e8 stato dato anche al miglior preparatore atletico della Serie A femminile: il pi\u00f9 votato \u00e8 stato Emanuele Chiappero della Juventus","og_url":"https:\/\/www.intoscana.it\/it\/cronometro-doro-e-matteo-osti-del-milan-il-miglior-preparatore-atletico-della-stagione-21-22\/","og_site_name":"intoscana","article_publisher":"https:\/\/www.facebook.com\/intoscana.it","article_published_time":"2023-05-08T14:44:54+00:00","article_modified_time":"2023-05-09T08:27:18+00:00","og_image":[{"width":730,"height":358,"url":"https:\/\/www.intoscana.it\/wp-content\/uploads\/matteo-osti-milan.jpeg","type":"image\/jpeg"}],"author":"Redazione","twitter_card":"summary_large_image","twitter_creator":"@intoscana","twitter_site":"@intoscana","twitter_misc":{"Written by":"Redazione","Est. reading time":"2 minuti"},"schema":{"@context":"https:\/\/schema.org","@graph":[{"@type":"WebPage","@id":"https:\/\/www.intoscana.it\/it\/cronometro-doro-e-matteo-osti-del-milan-il-miglior-preparatore-atletico-della-stagione-21-22\/","url":"https:\/\/www.intoscana.it\/it\/cronometro-doro-e-matteo-osti-del-milan-il-miglior-preparatore-atletico-della-stagione-21-22\/","name":"Cronometro d'oro, \u00e8 Matteo Osti del Milan il miglior preparatore atletico della stagione 21-22 - intoscana","isPartOf":{"@id":"https:\/\/www.intoscana.it\/it\/#website"},"primaryImageOfPage":{"@id":"https:\/\/www.intoscana.it\/it\/cronometro-doro-e-matteo-osti-del-milan-il-miglior-preparatore-atletico-della-stagione-21-22\/#primaryimage"},"image":{"@id":"https:\/\/www.intoscana.it\/it\/cronometro-doro-e-matteo-osti-del-milan-il-miglior-preparatore-atletico-della-stagione-21-22\/#primaryimage"},"thumbnailUrl":"https:\/\/www.intoscana.it\/wp-content\/uploads\/matteo-osti-milan.jpeg","datePublished":"2023-05-08T14:44:54+00:00","dateModified":"2023-05-09T08:27:18+00:00","author":{"@id":"https:\/\/www.intoscana.it\/it\/#\/schema\/person\/9223810753230f20bd670fdd322661f8"},"breadcrumb":{"@id":"https:\/\/www.intoscana.it\/it\/cronometro-doro-e-matteo-osti-del-milan-il-miglior-preparatore-atletico-della-stagione-21-22\/#breadcrumb"},"inLanguage":"it-IT","potentialAction":[{"@type":"ReadAction","target":["https:\/\/www.intoscana.it\/it\/cronometro-doro-e-matteo-osti-del-milan-il-miglior-preparatore-atletico-della-stagione-21-22\/"]}]},{"@type":"ImageObject","inLanguage":"it-IT","@id":"https:\/\/www.intoscana.it\/it\/cronometro-doro-e-matteo-osti-del-milan-il-miglior-preparatore-atletico-della-stagione-21-22\/#primaryimage","url":"https:\/\/www.intoscana.it\/wp-content\/uploads\/matteo-osti-milan.jpeg","contentUrl":"https:\/\/www.intoscana.it\/wp-content\/uploads\/matteo-osti-milan.jpeg","width":730,"height":358},{"@type":"BreadcrumbList","@id":"https:\/\/www.intoscana.it\/it\/cronometro-doro-e-matteo-osti-del-milan-il-miglior-preparatore-atletico-della-stagione-21-22\/#breadcrumb","itemListElement":[{"@type":"ListItem","position":1,"name":"Home","item":"https:\/\/www.intoscana.it\/it\/"},{"@type":"ListItem","position":2,"name":"Cronometro d&#8217;oro, \u00e8 Matteo Osti del Milan il miglior preparatore atletico della stagione 21-22"}]},{"@type":"WebSite","@id":"https:\/\/www.intoscana.it\/it\/#website","url":"https:\/\/www.intoscana.it\/it\/","name":"intoscana","description":"","potentialAction":[{"@type":"SearchAction","target":{"@type":"EntryPoint","urlTemplate":"https:\/\/www.intoscana.it\/it\/?s={search_term_string}"},"query-input":{"@type":"PropertyValueSpecification","valueRequired":true,"valueName":"search_term_string"}}],"inLanguage":"it-IT"},{"@type":"Person","@id":"https:\/\/www.intoscana.it\/it\/#\/schema\/person\/9223810753230f20bd670fdd322661f8","name":"Redazione","url":"https:\/\/www.intoscana.it\/it\/author\/redazione\/"}]}},"_links":{"self":[{"href":"https:\/\/www.intoscana.it\/it\/wp-json\/wp\/v2\/posts\/285835","targetHints":{"allow":["GET"]}}],"collection":[{"href":"https:\/\/www.intoscana.it\/it\/wp-json\/wp\/v2\/posts"}],"about":[{"href":"https:\/\/www.intoscana.it\/it\/wp-json\/wp\/v2\/types\/post"}],"author":[{"embeddable":true,"href":"https:\/\/www.intoscana.it\/it\/wp-json\/wp\/v2\/users\/525"}],"replies":[{"embeddable":true,"href":"https:\/\/www.intoscana.it\/it\/wp-json\/wp\/v2\/comments?post=285835"}],"version-history":[{"count":0,"href":"https:\/\/www.intoscana.it\/it\/wp-json\/wp\/v2\/posts\/285835\/revisions"}],"wp:featuredmedia":[{"embeddable":true,"href":"https:\/\/www.intoscana.it\/it\/wp-json\/wp\/v2\/media\/285836"}],"wp:attachment":[{"href":"https:\/\/www.intoscana.it\/it\/wp-json\/wp\/v2\/media?parent=285835"}],"wp:term":[{"taxonomy":"category","embeddable":true,"href":"https:\/\/www.intoscana.it\/it\/wp-json\/wp\/v2\/categories?post=285835"},{"taxonomy":"post_tag","embeddable":true,"href":"https:\/\/www.intoscana.it\/it\/wp-json\/wp\/v2\/tags?post=285835"}],"curies":[{"name":"wp","href":"https:\/\/api.w.org\/{rel}","templated":true}]}}