{"id":285872,"date":"2023-05-09T09:13:07","date_gmt":"2023-05-09T07:13:07","guid":{"rendered":"https:\/\/www.intoscana.it\/it\/?p=285872"},"modified":"2023-05-09T09:13:07","modified_gmt":"2023-05-09T07:13:07","slug":"tananai-concerto-firenze-maggio-2023","status":"publish","type":"post","link":"https:\/\/www.intoscana.it\/it\/tananai-concerto-firenze-maggio-2023\/","title":{"rendered":"La festa di Tananai arriva al Nelson Mandela Forum di Firenze"},"content":{"rendered":"<p>Dopo il trionfo al <strong>Festival di Sanremo<\/strong> e il <strong>concertone del Primo Maggio<\/strong> questo \u00e8 un momento d\u2019oro per<strong> Tananai,<\/strong>\u00a0che sar\u00e0 in concerto <strong>mercoled\u00ec 10 maggio al Mandela Forum di Firenze<\/strong>.<\/p>\n<p><strong>La tappa, prevista in origine al Tuscany Hall<\/strong>, \u00e8 stata spostata nel pi\u00f9 capiente palasport. Restano validi i tagliandi gi\u00e0 acquistati.<\/p>\n<p><strong>Tananai \u00e8 pronto a scatenarsi, divertire ed emozionare,<\/strong> circondato dal proprio pubblico nel tour<strong> \u201cTananai \u2013 Live 2023 \u2013 Palasport\u201d:<\/strong> sar\u00e0 l\u2019occasione per presentare dal vivo il suo ultimo successo<em><strong> \u201cTango\u201d,<\/strong><\/em> classificatosi 5\u00b0 al Festival di Sanremo 2023, certificato doppio disco di platino e stabile in Top10 nelle classifiche Spotify Italia e Fimi\/Gfk dei singoli pi\u00f9 venduti, e i brani contenuti in <em><strong>\u201cRave, Eclissi\u201d,<\/strong><\/em> il suo primo album di inediti certificato disco di platino, contenente le hit <em><strong>\u201cAbissale\u201d<\/strong><\/em> (disco di platino), <em><strong>\u201cSesso Occasionale\u201d<\/strong><\/em> (doppio disco di platino) e <em><strong>\u201cBaby Goddamn\u201d<\/strong> <\/em>(quadruplo disco di platino).<\/p>\n<p>Tananai si esibir\u00e0 in concerto proponendo al pubblico <strong>una versione live inedita dei suoi migliori successi<\/strong> accompagnato dalla sua band, in una formazione pi\u00f9 estesa che vede alle chitarre <strong>Riccardo Onori ed Enrico Wolfgang Cavion,<\/strong> alle tastiere <strong>Daniel Bestonzo,<\/strong> al basso <strong>Lucio Fasino<\/strong> e alla batteria <strong>Donald Renda<\/strong>, con la direzione artistica di <strong>Stefano Clessi.\u00a0<\/strong><\/p>\n<p><iframe loading=\"lazy\" title=\"YouTube video player\" src=\"https:\/\/www.youtube.com\/embed\/C7ckx1gbDH0\" width=\"800\" height=\"500\" frameborder=\"0\" allowfullscreen=\"allowfullscreen\"><span data-mce-type=\"bookmark\" style=\"display: inline-block; width: 0px; overflow: hidden; line-height: 0;\" class=\"mce_SELRES_start\">\ufeff<\/span><\/iframe><\/p>\n<p>L\u2019avventura live di <strong>Tananai<\/strong> continuer\u00e0 poi con appuntamenti nei principali <strong>Festival della Penisola<\/strong>, a partire da giugno al<strong> Cortona Comics di Cortona (AR)<\/strong> e al Mamamia di Senigallia, continuando nel mese di luglio al Sequoie Music Park di Bologna, Brescia Summer Music, Flowers Festival di Collegno (TO), Live in Genova Festival, Pordenone Live, Sonic Park Matera, Arena Musa di Benevento, ad agosto al Suonica Festival alla Spiaggia del Faro di Jesolo (VE), <strong>Viper Summer Festival di Cinquale (MS)<\/strong>, Zoo Music Fest di Pescara, Oversound Music Festival di Gallipoli (LE), al Roccella Summer Festival di Roccella Jonica (RC), Sotto Il Vulcano Fest di Catania, presso i Cantieri Culturali alla Zisa in occasione del Green Pop Festival di Palermo, esibirsi al celebre Red Valley Festival di Olbia, per concludere con speciali appuntamenti al Carroponte di Sesto San Giovanni (MI) sabato 9 settembre e alla Cavea \u2013 Auditorium Parco della Musica Ennio Morricone di Roma venerd\u00ec 25 settembre.<\/p>\n<p><strong>I biglietti (posti numerati da 29 a 59 euro) sono ancora disponibili<\/strong> sui siti ufficiali www.bitconcerti.it, www.friendsandpartners.it, su www.ticketone.it e nei punti vendita Boxoffice Toscana www.boxofficetoscana.it\/punti-vendita. Info tel. 055.667566 &#8211; www.bitconcerti.it &#8211; www.friendsandpartners.it.<\/p>\n","protected":false},"excerpt":{"rendered":"<p>Mercoled\u00ec 10 maggio in concerto al Mandela Forum di Firenze, la tappa, prevista in origine al Tuscany Hall, \u00e8 stata spostata nel pi\u00f9 capiente palasport. Restano validi i tagliandi gi\u00e0 acquistati<\/p>\n","protected":false},"author":525,"featured_media":285878,"comment_status":"open","ping_status":"open","sticky":false,"template":"","format":"standard","meta":{"_acf_changed":false,"footnotes":""},"categories":[14],"tags":[216,4474,202],"class_list":["post-285872","post","type-post","status-publish","format-standard","has-post-thumbnail","hentry","category-musica","tag-concerti","tag-eventi","tag-firenze"],"acf":[],"yoast_head":"<!-- This site is optimized with the Yoast SEO Premium plugin v24.2 (Yoast SEO v25.6) - https:\/\/yoast.com\/wordpress\/plugins\/seo\/ -->\n<title>La festa di Tananai arriva al Nelson Mandela Forum di Firenze - intoscana<\/title>\n<meta name=\"description\" content=\"Tananai sar\u00e0 in concerto mercoled\u00ec 10 maggio al Mandela Forum di Firenze con il suo tour estivo che toccher\u00e0 tutta Italia\" \/>\n<meta name=\"robots\" content=\"index, follow, max-snippet:-1, max-image-preview:large, max-video-preview:-1\" \/>\n<link rel=\"canonical\" href=\"https:\/\/www.intoscana.it\/it\/tananai-concerto-firenze-maggio-2023\/\" \/>\n<meta property=\"og:locale\" content=\"it_IT\" \/>\n<meta property=\"og:type\" content=\"article\" \/>\n<meta property=\"og:title\" content=\"La festa di Tananai arriva al Nelson Mandela Forum di Firenze\" \/>\n<meta property=\"og:description\" content=\"Tananai sar\u00e0 in concerto mercoled\u00ec 10 maggio al Mandela Forum di Firenze con il suo tour estivo che toccher\u00e0 tutta Italia\" \/>\n<meta property=\"og:url\" content=\"https:\/\/www.intoscana.it\/it\/tananai-concerto-firenze-maggio-2023\/\" \/>\n<meta property=\"og:site_name\" content=\"intoscana\" \/>\n<meta property=\"article:publisher\" content=\"https:\/\/www.facebook.com\/intoscana.it\" \/>\n<meta property=\"article:published_time\" content=\"2023-05-09T07:13:07+00:00\" \/>\n<meta property=\"og:image\" content=\"https:\/\/www.intoscana.it\/wp-content\/uploads\/Tananai-LME_4819-pic.jpg\" \/>\n\t<meta property=\"og:image:width\" content=\"945\" \/>\n\t<meta property=\"og:image:height\" content=\"698\" \/>\n\t<meta property=\"og:image:type\" content=\"image\/jpeg\" \/>\n<meta name=\"author\" content=\"Redazione\" \/>\n<meta name=\"twitter:card\" content=\"summary_large_image\" \/>\n<meta name=\"twitter:creator\" content=\"@intoscana\" \/>\n<meta name=\"twitter:site\" content=\"@intoscana\" \/>\n<meta name=\"twitter:label1\" content=\"Written by\" \/>\n\t<meta name=\"twitter:data1\" content=\"Redazione\" \/>\n\t<meta name=\"twitter:label2\" content=\"Est. reading time\" \/>\n\t<meta name=\"twitter:data2\" content=\"2 minuti\" \/>\n<script type=\"application\/ld+json\" class=\"yoast-schema-graph\">{\"@context\":\"https:\/\/schema.org\",\"@graph\":[{\"@type\":\"WebPage\",\"@id\":\"https:\/\/www.intoscana.it\/it\/tananai-concerto-firenze-maggio-2023\/\",\"url\":\"https:\/\/www.intoscana.it\/it\/tananai-concerto-firenze-maggio-2023\/\",\"name\":\"La festa di Tananai arriva al Nelson Mandela Forum di Firenze - intoscana\",\"isPartOf\":{\"@id\":\"https:\/\/www.intoscana.it\/it\/#website\"},\"primaryImageOfPage\":{\"@id\":\"https:\/\/www.intoscana.it\/it\/tananai-concerto-firenze-maggio-2023\/#primaryimage\"},\"image\":{\"@id\":\"https:\/\/www.intoscana.it\/it\/tananai-concerto-firenze-maggio-2023\/#primaryimage\"},\"thumbnailUrl\":\"https:\/\/www.intoscana.it\/wp-content\/uploads\/Tananai-LME_4819-pic.jpg\",\"datePublished\":\"2023-05-09T07:13:07+00:00\",\"author\":{\"@id\":\"https:\/\/www.intoscana.it\/it\/#\/schema\/person\/9223810753230f20bd670fdd322661f8\"},\"description\":\"Tananai sar\u00e0 in concerto mercoled\u00ec 10 maggio al Mandela Forum di Firenze con il suo tour estivo che toccher\u00e0 tutta Italia\",\"breadcrumb\":{\"@id\":\"https:\/\/www.intoscana.it\/it\/tananai-concerto-firenze-maggio-2023\/#breadcrumb\"},\"inLanguage\":\"it-IT\",\"potentialAction\":[{\"@type\":\"ReadAction\",\"target\":[\"https:\/\/www.intoscana.it\/it\/tananai-concerto-firenze-maggio-2023\/\"]}]},{\"@type\":\"ImageObject\",\"inLanguage\":\"it-IT\",\"@id\":\"https:\/\/www.intoscana.it\/it\/tananai-concerto-firenze-maggio-2023\/#primaryimage\",\"url\":\"https:\/\/www.intoscana.it\/wp-content\/uploads\/Tananai-LME_4819-pic.jpg\",\"contentUrl\":\"https:\/\/www.intoscana.it\/wp-content\/uploads\/Tananai-LME_4819-pic.jpg\",\"width\":945,\"height\":698},{\"@type\":\"BreadcrumbList\",\"@id\":\"https:\/\/www.intoscana.it\/it\/tananai-concerto-firenze-maggio-2023\/#breadcrumb\",\"itemListElement\":[{\"@type\":\"ListItem\",\"position\":1,\"name\":\"Home\",\"item\":\"https:\/\/www.intoscana.it\/it\/\"},{\"@type\":\"ListItem\",\"position\":2,\"name\":\"La festa di Tananai arriva al Nelson Mandela Forum di Firenze\"}]},{\"@type\":\"WebSite\",\"@id\":\"https:\/\/www.intoscana.it\/it\/#website\",\"url\":\"https:\/\/www.intoscana.it\/it\/\",\"name\":\"intoscana\",\"description\":\"\",\"potentialAction\":[{\"@type\":\"SearchAction\",\"target\":{\"@type\":\"EntryPoint\",\"urlTemplate\":\"https:\/\/www.intoscana.it\/it\/?s={search_term_string}\"},\"query-input\":{\"@type\":\"PropertyValueSpecification\",\"valueRequired\":true,\"valueName\":\"search_term_string\"}}],\"inLanguage\":\"it-IT\"},{\"@type\":\"Person\",\"@id\":\"https:\/\/www.intoscana.it\/it\/#\/schema\/person\/9223810753230f20bd670fdd322661f8\",\"name\":\"Redazione\",\"url\":\"https:\/\/www.intoscana.it\/it\/author\/redazione\/\"}]}<\/script>\n<!-- \/ Yoast SEO Premium plugin. -->","yoast_head_json":{"title":"La festa di Tananai arriva al Nelson Mandela Forum di Firenze - intoscana","description":"Tananai sar\u00e0 in concerto mercoled\u00ec 10 maggio al Mandela Forum di Firenze con il suo tour estivo che toccher\u00e0 tutta Italia","robots":{"index":"index","follow":"follow","max-snippet":"max-snippet:-1","max-image-preview":"max-image-preview:large","max-video-preview":"max-video-preview:-1"},"canonical":"https:\/\/www.intoscana.it\/it\/tananai-concerto-firenze-maggio-2023\/","og_locale":"it_IT","og_type":"article","og_title":"La festa di Tananai arriva al Nelson Mandela Forum di Firenze","og_description":"Tananai sar\u00e0 in concerto mercoled\u00ec 10 maggio al Mandela Forum di Firenze con il suo tour estivo che toccher\u00e0 tutta Italia","og_url":"https:\/\/www.intoscana.it\/it\/tananai-concerto-firenze-maggio-2023\/","og_site_name":"intoscana","article_publisher":"https:\/\/www.facebook.com\/intoscana.it","article_published_time":"2023-05-09T07:13:07+00:00","og_image":[{"width":945,"height":698,"url":"https:\/\/www.intoscana.it\/wp-content\/uploads\/Tananai-LME_4819-pic.jpg","type":"image\/jpeg"}],"author":"Redazione","twitter_card":"summary_large_image","twitter_creator":"@intoscana","twitter_site":"@intoscana","twitter_misc":{"Written by":"Redazione","Est. reading time":"2 minuti"},"schema":{"@context":"https:\/\/schema.org","@graph":[{"@type":"WebPage","@id":"https:\/\/www.intoscana.it\/it\/tananai-concerto-firenze-maggio-2023\/","url":"https:\/\/www.intoscana.it\/it\/tananai-concerto-firenze-maggio-2023\/","name":"La festa di Tananai arriva al Nelson Mandela Forum di Firenze - intoscana","isPartOf":{"@id":"https:\/\/www.intoscana.it\/it\/#website"},"primaryImageOfPage":{"@id":"https:\/\/www.intoscana.it\/it\/tananai-concerto-firenze-maggio-2023\/#primaryimage"},"image":{"@id":"https:\/\/www.intoscana.it\/it\/tananai-concerto-firenze-maggio-2023\/#primaryimage"},"thumbnailUrl":"https:\/\/www.intoscana.it\/wp-content\/uploads\/Tananai-LME_4819-pic.jpg","datePublished":"2023-05-09T07:13:07+00:00","author":{"@id":"https:\/\/www.intoscana.it\/it\/#\/schema\/person\/9223810753230f20bd670fdd322661f8"},"description":"Tananai sar\u00e0 in concerto mercoled\u00ec 10 maggio al Mandela Forum di Firenze con il suo tour estivo che toccher\u00e0 tutta Italia","breadcrumb":{"@id":"https:\/\/www.intoscana.it\/it\/tananai-concerto-firenze-maggio-2023\/#breadcrumb"},"inLanguage":"it-IT","potentialAction":[{"@type":"ReadAction","target":["https:\/\/www.intoscana.it\/it\/tananai-concerto-firenze-maggio-2023\/"]}]},{"@type":"ImageObject","inLanguage":"it-IT","@id":"https:\/\/www.intoscana.it\/it\/tananai-concerto-firenze-maggio-2023\/#primaryimage","url":"https:\/\/www.intoscana.it\/wp-content\/uploads\/Tananai-LME_4819-pic.jpg","contentUrl":"https:\/\/www.intoscana.it\/wp-content\/uploads\/Tananai-LME_4819-pic.jpg","width":945,"height":698},{"@type":"BreadcrumbList","@id":"https:\/\/www.intoscana.it\/it\/tananai-concerto-firenze-maggio-2023\/#breadcrumb","itemListElement":[{"@type":"ListItem","position":1,"name":"Home","item":"https:\/\/www.intoscana.it\/it\/"},{"@type":"ListItem","position":2,"name":"La festa di Tananai arriva al Nelson Mandela Forum di Firenze"}]},{"@type":"WebSite","@id":"https:\/\/www.intoscana.it\/it\/#website","url":"https:\/\/www.intoscana.it\/it\/","name":"intoscana","description":"","potentialAction":[{"@type":"SearchAction","target":{"@type":"EntryPoint","urlTemplate":"https:\/\/www.intoscana.it\/it\/?s={search_term_string}"},"query-input":{"@type":"PropertyValueSpecification","valueRequired":true,"valueName":"search_term_string"}}],"inLanguage":"it-IT"},{"@type":"Person","@id":"https:\/\/www.intoscana.it\/it\/#\/schema\/person\/9223810753230f20bd670fdd322661f8","name":"Redazione","url":"https:\/\/www.intoscana.it\/it\/author\/redazione\/"}]}},"_links":{"self":[{"href":"https:\/\/www.intoscana.it\/it\/wp-json\/wp\/v2\/posts\/285872","targetHints":{"allow":["GET"]}}],"collection":[{"href":"https:\/\/www.intoscana.it\/it\/wp-json\/wp\/v2\/posts"}],"about":[{"href":"https:\/\/www.intoscana.it\/it\/wp-json\/wp\/v2\/types\/post"}],"author":[{"embeddable":true,"href":"https:\/\/www.intoscana.it\/it\/wp-json\/wp\/v2\/users\/525"}],"replies":[{"embeddable":true,"href":"https:\/\/www.intoscana.it\/it\/wp-json\/wp\/v2\/comments?post=285872"}],"version-history":[{"count":0,"href":"https:\/\/www.intoscana.it\/it\/wp-json\/wp\/v2\/posts\/285872\/revisions"}],"wp:featuredmedia":[{"embeddable":true,"href":"https:\/\/www.intoscana.it\/it\/wp-json\/wp\/v2\/media\/285878"}],"wp:attachment":[{"href":"https:\/\/www.intoscana.it\/it\/wp-json\/wp\/v2\/media?parent=285872"}],"wp:term":[{"taxonomy":"category","embeddable":true,"href":"https:\/\/www.intoscana.it\/it\/wp-json\/wp\/v2\/categories?post=285872"},{"taxonomy":"post_tag","embeddable":true,"href":"https:\/\/www.intoscana.it\/it\/wp-json\/wp\/v2\/tags?post=285872"}],"curies":[{"name":"wp","href":"https:\/\/api.w.org\/{rel}","templated":true}]}}