{"id":285901,"date":"2023-05-09T10:05:34","date_gmt":"2023-05-09T08:05:34","guid":{"rendered":"https:\/\/www.intoscana.it\/it\/?p=285901"},"modified":"2023-05-09T10:06:30","modified_gmt":"2023-05-09T08:06:30","slug":"labirinto-mostra-diffusa-a-lucca-da-maggio-a-ottobre-i-writers-ridipingono-la-citta","status":"publish","type":"post","link":"https:\/\/www.intoscana.it\/it\/labirinto-mostra-diffusa-a-lucca-da-maggio-a-ottobre-i-writers-ridipingono-la-citta\/","title":{"rendered":"&#8220;Labirinto&#8221; mostra diffusa a Lucca: da maggio a ottobre i writers ridipingono la citt\u00e0"},"content":{"rendered":"<p>Da maggio a ottobre <strong>Lucca ospita <em>&#8220;Labirinto&#8221;<\/em><\/strong> una\u00a0mostra diffusa lungo un percorso che si snoda<strong> tra le vie e le piazze del centro<\/strong> e in <strong>due sedi espositive indoor<\/strong>, a cura di Gian <strong>Guido Grassi,<\/strong> promossa da Fondazione Banca del Monte di Lucca e Fondazione Lucca Sviluppo, con il contributo del <strong>Consiglio della Regione Toscana<\/strong> e del Comune di Lucca, ed inserito nel programma <em><strong>ViviLucca 2023. <\/strong><\/em><\/p>\n<p>Al centro dell\u2019allestimento le opere di tre firme dell\u2019arte contemporanea gi\u00e0 note a livello internazionale: <strong>Moneyless, Sten Lex, Tellas.\u00a0<\/strong><\/p>\n<p>La prima fase del progetto vedr\u00e0 le opere dei <strong>writers<\/strong> raccolte al <strong>Palazzo delle Esposizioni di Lucca<\/strong>\u00a0in piazza San Martino, 7, dal 6 maggio al 25 giugno 2023.<\/p>\n<p>L\u2019arte varcher\u00e0 in seguito la soglia del palazzo per riempire le strade: i mesi di giugno, luglio e agosto 2023 saranno contrassegnati da <strong>live performance<\/strong> e dal sorgere di <strong>installazioni e opere open air<\/strong> in diversi luoghi della citt\u00e0: dai baluardi ai sotterranei delle mura urbane, l\u2019ex <strong>Manifattura Tabacchi in via Vittorio Emanuele, Porta di San Gervasio e Porta dei Borghi,<\/strong> ma anche le <strong>nicchie di chiese e palazzi storici<\/strong> sono destinate a colorarsi con nuove tinte.<\/p>\n<p>Sar\u00e0 l\u2019occasione per rendere accessibili siti solitamente chiusi, tra cui la <strong>Chiesa di Santa Maria dei Servi,<\/strong> restaurata con il contributo della Fondazione Banca del Monte di Lucca, luogo di arte e spirito: <strong>nel mese di settembre<\/strong> le monumentali navate ospiteranno un\u2019opera corale degli artisti coinvolti, aprendo anche ad attivit\u00e0 didattiche dedicate alle scuole,<strong> fino al 15 ottobre 2023.<\/strong><\/p>\n<figure id=\"post-285903 media-285903\" class=\"align-none\"><img decoding=\"async\" src=\"https:\/\/www.intoscana.it\/wp-content\/uploads\/Moneyless-_-acrilico-su-lavagna-_-Collazione-della-Farnesina-Ministero-Esteri.jpg\" alt=\"\" \/><\/figure>\n<div class=\"titleimg\"><em>Moneyless, Collazione della Farnesina Ministero Esteri<\/em><\/div>\n<p>Il titolo della mostra \u00e8 ispirato al <strong>labirinto, uno dei simboli della citt\u00e0 di Lucca.<\/strong> Infatti, sulla cattedrale di San Martino \u00e8 presente un labirinto scolpito nella pietra collocato sul pilastro di destra del portico della facciata, un bassorilievo che riporta l\u2019iscrizione in latino: <em><strong>Questo \u00e8 il labirinto costruito da Dedalo cretese dal quale nessuno che vi entr\u00f2 pot\u00e9 uscire eccetto Teseo aiutato dal filo di Arianna<\/strong><\/em>.<\/p>\n<p>Labirinto si propone di <strong>ampliare lo sguardo alle nuove generazioni<\/strong> invitando a esporre artisti giovani il cui lavoro \u00e8 gi\u00e0 riconosciuto <strong>a livello internazionale.<\/strong><\/p>\n<p><strong>Moneyless, Sten Lex, Tellas<\/strong> hanno iniziato a esprimersi in strada nel contesto pubblico, portando la loro ricerca estetica ai margini delle comunit\u00e0 e ricucendo lo strappo tra i nostri meravigliosi centri storici e le periferie.<\/p>\n<p>In parallelo a <em><strong>Labirinto,<\/strong><\/em> grazie al progetto <em><strong>\u201cI muri della pace\u201d,<\/strong><\/em> promosso dal Consiglio della Regione Toscana e dal Comune di Lucca, <strong>Moneyless sar\u00e0 impegnato in un intervento di rigenerazione urbana<\/strong> nel <strong>quartiere di San Filippo<\/strong>: qui l\u2019artista trasformer\u00e0 in opera d\u2019arte<strong> un playground,<\/strong> dipingendo la superficie dei campi da basket e da tennis e quella del parco giochi.<\/p>\n<p><em>\u201cAbbiamo bisogno dell\u2019arte. La bellezza rappresenta un\u2019esigenza insopprimibile dell\u2019essere umano, unisce e crea aperture tra i secoli e ponti tra luoghi lontani e differenti culture. All\u2019interno della storica citt\u00e0 di Lucca, come nuovi abitanti, incontriamo i lavori di questi artisti: presenze contemporanee che dialogano con i luoghi storici della citt\u00e0 (come le piazze, le porte e le mura) per ampliare lo sguardo dello spettatore e dare nuova luce a luoghi conosciuti e talvolta dimenticati; nell\u2019ottica di una continua scoperta del quotidiano, queste opere saranno inserite in spazi e nicchie rimasti oggi vuoti\u201d,<\/em> dichiara <strong>il curatore Gian Guido Grassi.<\/strong><\/p>\n<p><em>\u201cNon si poteva scegliere scenario migliore per una mostra che gi\u00e0 di per s\u00e9 rappresenta un evento di caratura internazionale. Perdersi nel labirinto di Lucca, dove la bellezza costruita nei secoli incontrer\u00e0 l\u2019arte contemporanea, per poi ritrovarsi pi\u00f9 ricchi, come dopo un viaggio dal passato al futuro. Sono orgoglioso del fatto che anche la Regione Toscana abbia voluto sostenere questo progetto che, sono certo, costituir\u00e0 un valore aggiunto anche per il turismo lucchese\u201d<\/em>, commenta il <strong>consigliere regionale Mario Puppa.<\/strong><\/p>\n<figure id=\"post-285902 media-285902\" class=\"align-none\"><img decoding=\"async\" src=\"https:\/\/www.intoscana.it\/wp-content\/uploads\/Inaugurazione-Labirinto-scaled.jpg\" alt=\"\" \/><\/figure>\n","protected":false},"excerpt":{"rendered":"<p>Il percorso si apre al Palazzo delle Esposizioni di Lucca, per proseguire con installazioni site specific in nicchie storiche su palazzi e chiese, luoghi all\u2019aperto, sotterranei delle mura urbane, con le opere di Moneyless, Sten Lex e Tellas<\/p>\n","protected":false},"author":525,"featured_media":285906,"comment_status":"open","ping_status":"open","sticky":false,"template":"","format":"standard","meta":{"_acf_changed":false,"footnotes":""},"categories":[493],"tags":[227,170,222],"class_list":["post-285901","post","type-post","status-publish","format-standard","has-post-thumbnail","hentry","category-cultura","tag-arte-contemporanea","tag-lucca","tag-mostre"],"acf":[],"yoast_head":"<!-- This site is optimized with the Yoast SEO Premium plugin v24.2 (Yoast SEO v25.6) - https:\/\/yoast.com\/wordpress\/plugins\/seo\/ -->\n<title>&quot;Labirinto&quot; mostra diffusa a Lucca: da maggio a ottobre i writers ridipingono la citt\u00e0 - intoscana<\/title>\n<meta name=\"robots\" content=\"index, follow, max-snippet:-1, max-image-preview:large, max-video-preview:-1\" \/>\n<link rel=\"canonical\" href=\"https:\/\/www.intoscana.it\/it\/labirinto-mostra-diffusa-a-lucca-da-maggio-a-ottobre-i-writers-ridipingono-la-citta\/\" \/>\n<meta property=\"og:locale\" content=\"it_IT\" \/>\n<meta property=\"og:type\" content=\"article\" \/>\n<meta property=\"og:title\" content=\"&quot;Labirinto&quot; mostra diffusa a Lucca: da maggio a ottobre i writers ridipingono la citt\u00e0\" \/>\n<meta property=\"og:description\" content=\"Il percorso si apre al Palazzo delle Esposizioni di Lucca, per proseguire con installazioni site specific in nicchie storiche su palazzi e chiese, luoghi all\u2019aperto, sotterranei delle mura urbane, con le opere di Moneyless, Sten Lex e Tellas\" \/>\n<meta property=\"og:url\" content=\"https:\/\/www.intoscana.it\/it\/labirinto-mostra-diffusa-a-lucca-da-maggio-a-ottobre-i-writers-ridipingono-la-citta\/\" \/>\n<meta property=\"og:site_name\" content=\"intoscana\" \/>\n<meta property=\"article:publisher\" content=\"https:\/\/www.facebook.com\/intoscana.it\" \/>\n<meta property=\"article:published_time\" content=\"2023-05-09T08:05:34+00:00\" \/>\n<meta property=\"article:modified_time\" content=\"2023-05-09T08:06:30+00:00\" \/>\n<meta property=\"og:image\" content=\"https:\/\/www.intoscana.it\/wp-content\/uploads\/Sten-Lex-Confini-Gibellina-Italy.jpg\" \/>\n\t<meta property=\"og:image:width\" content=\"1500\" \/>\n\t<meta property=\"og:image:height\" content=\"1000\" \/>\n\t<meta property=\"og:image:type\" content=\"image\/jpeg\" \/>\n<meta name=\"author\" content=\"Redazione\" \/>\n<meta name=\"twitter:card\" content=\"summary_large_image\" \/>\n<meta name=\"twitter:creator\" content=\"@intoscana\" \/>\n<meta name=\"twitter:site\" content=\"@intoscana\" \/>\n<meta name=\"twitter:label1\" content=\"Written by\" \/>\n\t<meta name=\"twitter:data1\" content=\"Redazione\" \/>\n\t<meta name=\"twitter:label2\" content=\"Est. reading time\" \/>\n\t<meta name=\"twitter:data2\" content=\"3 minuti\" \/>\n<script type=\"application\/ld+json\" class=\"yoast-schema-graph\">{\"@context\":\"https:\/\/schema.org\",\"@graph\":[{\"@type\":\"WebPage\",\"@id\":\"https:\/\/www.intoscana.it\/it\/labirinto-mostra-diffusa-a-lucca-da-maggio-a-ottobre-i-writers-ridipingono-la-citta\/\",\"url\":\"https:\/\/www.intoscana.it\/it\/labirinto-mostra-diffusa-a-lucca-da-maggio-a-ottobre-i-writers-ridipingono-la-citta\/\",\"name\":\"\\\"Labirinto\\\" mostra diffusa a Lucca: da maggio a ottobre i writers ridipingono la citt\u00e0 - intoscana\",\"isPartOf\":{\"@id\":\"https:\/\/www.intoscana.it\/it\/#website\"},\"primaryImageOfPage\":{\"@id\":\"https:\/\/www.intoscana.it\/it\/labirinto-mostra-diffusa-a-lucca-da-maggio-a-ottobre-i-writers-ridipingono-la-citta\/#primaryimage\"},\"image\":{\"@id\":\"https:\/\/www.intoscana.it\/it\/labirinto-mostra-diffusa-a-lucca-da-maggio-a-ottobre-i-writers-ridipingono-la-citta\/#primaryimage\"},\"thumbnailUrl\":\"https:\/\/www.intoscana.it\/wp-content\/uploads\/Sten-Lex-Confini-Gibellina-Italy.jpg\",\"datePublished\":\"2023-05-09T08:05:34+00:00\",\"dateModified\":\"2023-05-09T08:06:30+00:00\",\"author\":{\"@id\":\"https:\/\/www.intoscana.it\/it\/#\/schema\/person\/9223810753230f20bd670fdd322661f8\"},\"breadcrumb\":{\"@id\":\"https:\/\/www.intoscana.it\/it\/labirinto-mostra-diffusa-a-lucca-da-maggio-a-ottobre-i-writers-ridipingono-la-citta\/#breadcrumb\"},\"inLanguage\":\"it-IT\",\"potentialAction\":[{\"@type\":\"ReadAction\",\"target\":[\"https:\/\/www.intoscana.it\/it\/labirinto-mostra-diffusa-a-lucca-da-maggio-a-ottobre-i-writers-ridipingono-la-citta\/\"]}]},{\"@type\":\"ImageObject\",\"inLanguage\":\"it-IT\",\"@id\":\"https:\/\/www.intoscana.it\/it\/labirinto-mostra-diffusa-a-lucca-da-maggio-a-ottobre-i-writers-ridipingono-la-citta\/#primaryimage\",\"url\":\"https:\/\/www.intoscana.it\/wp-content\/uploads\/Sten-Lex-Confini-Gibellina-Italy.jpg\",\"contentUrl\":\"https:\/\/www.intoscana.it\/wp-content\/uploads\/Sten-Lex-Confini-Gibellina-Italy.jpg\",\"width\":1500,\"height\":1000},{\"@type\":\"BreadcrumbList\",\"@id\":\"https:\/\/www.intoscana.it\/it\/labirinto-mostra-diffusa-a-lucca-da-maggio-a-ottobre-i-writers-ridipingono-la-citta\/#breadcrumb\",\"itemListElement\":[{\"@type\":\"ListItem\",\"position\":1,\"name\":\"Home\",\"item\":\"https:\/\/www.intoscana.it\/it\/\"},{\"@type\":\"ListItem\",\"position\":2,\"name\":\"&#8220;Labirinto&#8221; mostra diffusa a Lucca: da maggio a ottobre i writers ridipingono la citt\u00e0\"}]},{\"@type\":\"WebSite\",\"@id\":\"https:\/\/www.intoscana.it\/it\/#website\",\"url\":\"https:\/\/www.intoscana.it\/it\/\",\"name\":\"intoscana\",\"description\":\"\",\"potentialAction\":[{\"@type\":\"SearchAction\",\"target\":{\"@type\":\"EntryPoint\",\"urlTemplate\":\"https:\/\/www.intoscana.it\/it\/?s={search_term_string}\"},\"query-input\":{\"@type\":\"PropertyValueSpecification\",\"valueRequired\":true,\"valueName\":\"search_term_string\"}}],\"inLanguage\":\"it-IT\"},{\"@type\":\"Person\",\"@id\":\"https:\/\/www.intoscana.it\/it\/#\/schema\/person\/9223810753230f20bd670fdd322661f8\",\"name\":\"Redazione\",\"url\":\"https:\/\/www.intoscana.it\/it\/author\/redazione\/\"}]}<\/script>\n<!-- \/ Yoast SEO Premium plugin. -->","yoast_head_json":{"title":"\"Labirinto\" mostra diffusa a Lucca: da maggio a ottobre i writers ridipingono la citt\u00e0 - intoscana","robots":{"index":"index","follow":"follow","max-snippet":"max-snippet:-1","max-image-preview":"max-image-preview:large","max-video-preview":"max-video-preview:-1"},"canonical":"https:\/\/www.intoscana.it\/it\/labirinto-mostra-diffusa-a-lucca-da-maggio-a-ottobre-i-writers-ridipingono-la-citta\/","og_locale":"it_IT","og_type":"article","og_title":"\"Labirinto\" mostra diffusa a Lucca: da maggio a ottobre i writers ridipingono la citt\u00e0","og_description":"Il percorso si apre al Palazzo delle Esposizioni di Lucca, per proseguire con installazioni site specific in nicchie storiche su palazzi e chiese, luoghi all\u2019aperto, sotterranei delle mura urbane, con le opere di Moneyless, Sten Lex e Tellas","og_url":"https:\/\/www.intoscana.it\/it\/labirinto-mostra-diffusa-a-lucca-da-maggio-a-ottobre-i-writers-ridipingono-la-citta\/","og_site_name":"intoscana","article_publisher":"https:\/\/www.facebook.com\/intoscana.it","article_published_time":"2023-05-09T08:05:34+00:00","article_modified_time":"2023-05-09T08:06:30+00:00","og_image":[{"width":1500,"height":1000,"url":"https:\/\/www.intoscana.it\/wp-content\/uploads\/Sten-Lex-Confini-Gibellina-Italy.jpg","type":"image\/jpeg"}],"author":"Redazione","twitter_card":"summary_large_image","twitter_creator":"@intoscana","twitter_site":"@intoscana","twitter_misc":{"Written by":"Redazione","Est. reading time":"3 minuti"},"schema":{"@context":"https:\/\/schema.org","@graph":[{"@type":"WebPage","@id":"https:\/\/www.intoscana.it\/it\/labirinto-mostra-diffusa-a-lucca-da-maggio-a-ottobre-i-writers-ridipingono-la-citta\/","url":"https:\/\/www.intoscana.it\/it\/labirinto-mostra-diffusa-a-lucca-da-maggio-a-ottobre-i-writers-ridipingono-la-citta\/","name":"\"Labirinto\" mostra diffusa a Lucca: da maggio a ottobre i writers ridipingono la citt\u00e0 - intoscana","isPartOf":{"@id":"https:\/\/www.intoscana.it\/it\/#website"},"primaryImageOfPage":{"@id":"https:\/\/www.intoscana.it\/it\/labirinto-mostra-diffusa-a-lucca-da-maggio-a-ottobre-i-writers-ridipingono-la-citta\/#primaryimage"},"image":{"@id":"https:\/\/www.intoscana.it\/it\/labirinto-mostra-diffusa-a-lucca-da-maggio-a-ottobre-i-writers-ridipingono-la-citta\/#primaryimage"},"thumbnailUrl":"https:\/\/www.intoscana.it\/wp-content\/uploads\/Sten-Lex-Confini-Gibellina-Italy.jpg","datePublished":"2023-05-09T08:05:34+00:00","dateModified":"2023-05-09T08:06:30+00:00","author":{"@id":"https:\/\/www.intoscana.it\/it\/#\/schema\/person\/9223810753230f20bd670fdd322661f8"},"breadcrumb":{"@id":"https:\/\/www.intoscana.it\/it\/labirinto-mostra-diffusa-a-lucca-da-maggio-a-ottobre-i-writers-ridipingono-la-citta\/#breadcrumb"},"inLanguage":"it-IT","potentialAction":[{"@type":"ReadAction","target":["https:\/\/www.intoscana.it\/it\/labirinto-mostra-diffusa-a-lucca-da-maggio-a-ottobre-i-writers-ridipingono-la-citta\/"]}]},{"@type":"ImageObject","inLanguage":"it-IT","@id":"https:\/\/www.intoscana.it\/it\/labirinto-mostra-diffusa-a-lucca-da-maggio-a-ottobre-i-writers-ridipingono-la-citta\/#primaryimage","url":"https:\/\/www.intoscana.it\/wp-content\/uploads\/Sten-Lex-Confini-Gibellina-Italy.jpg","contentUrl":"https:\/\/www.intoscana.it\/wp-content\/uploads\/Sten-Lex-Confini-Gibellina-Italy.jpg","width":1500,"height":1000},{"@type":"BreadcrumbList","@id":"https:\/\/www.intoscana.it\/it\/labirinto-mostra-diffusa-a-lucca-da-maggio-a-ottobre-i-writers-ridipingono-la-citta\/#breadcrumb","itemListElement":[{"@type":"ListItem","position":1,"name":"Home","item":"https:\/\/www.intoscana.it\/it\/"},{"@type":"ListItem","position":2,"name":"&#8220;Labirinto&#8221; mostra diffusa a Lucca: da maggio a ottobre i writers ridipingono la citt\u00e0"}]},{"@type":"WebSite","@id":"https:\/\/www.intoscana.it\/it\/#website","url":"https:\/\/www.intoscana.it\/it\/","name":"intoscana","description":"","potentialAction":[{"@type":"SearchAction","target":{"@type":"EntryPoint","urlTemplate":"https:\/\/www.intoscana.it\/it\/?s={search_term_string}"},"query-input":{"@type":"PropertyValueSpecification","valueRequired":true,"valueName":"search_term_string"}}],"inLanguage":"it-IT"},{"@type":"Person","@id":"https:\/\/www.intoscana.it\/it\/#\/schema\/person\/9223810753230f20bd670fdd322661f8","name":"Redazione","url":"https:\/\/www.intoscana.it\/it\/author\/redazione\/"}]}},"_links":{"self":[{"href":"https:\/\/www.intoscana.it\/it\/wp-json\/wp\/v2\/posts\/285901","targetHints":{"allow":["GET"]}}],"collection":[{"href":"https:\/\/www.intoscana.it\/it\/wp-json\/wp\/v2\/posts"}],"about":[{"href":"https:\/\/www.intoscana.it\/it\/wp-json\/wp\/v2\/types\/post"}],"author":[{"embeddable":true,"href":"https:\/\/www.intoscana.it\/it\/wp-json\/wp\/v2\/users\/525"}],"replies":[{"embeddable":true,"href":"https:\/\/www.intoscana.it\/it\/wp-json\/wp\/v2\/comments?post=285901"}],"version-history":[{"count":0,"href":"https:\/\/www.intoscana.it\/it\/wp-json\/wp\/v2\/posts\/285901\/revisions"}],"wp:featuredmedia":[{"embeddable":true,"href":"https:\/\/www.intoscana.it\/it\/wp-json\/wp\/v2\/media\/285906"}],"wp:attachment":[{"href":"https:\/\/www.intoscana.it\/it\/wp-json\/wp\/v2\/media?parent=285901"}],"wp:term":[{"taxonomy":"category","embeddable":true,"href":"https:\/\/www.intoscana.it\/it\/wp-json\/wp\/v2\/categories?post=285901"},{"taxonomy":"post_tag","embeddable":true,"href":"https:\/\/www.intoscana.it\/it\/wp-json\/wp\/v2\/tags?post=285901"}],"curies":[{"name":"wp","href":"https:\/\/api.w.org\/{rel}","templated":true}]}}