{"id":286019,"date":"2023-05-09T16:22:01","date_gmt":"2023-05-09T14:22:01","guid":{"rendered":"https:\/\/www.intoscana.it\/it\/?p=286019"},"modified":"2023-05-10T09:13:50","modified_gmt":"2023-05-10T07:13:50","slug":"donne-e-diritti-al-centro-della-festa-delleuropa-dalla-toscana-le-proposte-per-parita-di-genere-e-salute","status":"publish","type":"post","link":"https:\/\/www.intoscana.it\/it\/donne-e-diritti-al-centro-della-festa-delleuropa-dalla-toscana-le-proposte-per-parita-di-genere-e-salute\/","title":{"rendered":"Donne e diritti al centro della Festa dell&#8217;Europa: dalla Toscana le proposte per parit\u00e0 di genere e salute"},"content":{"rendered":"<p>Superare il divario di genere, gli ostacoli all&#8217;autodeterminazione della <strong>donna<\/strong> attraverso investimenti e interventi concreti. Ma non solo, \u00e8 necessario costruire in Italia un <mark>board dedicato alla medicina di genere, per un&#8217;assistenza medica globale.<\/mark> Sono le proposte che partono da Firenze e raggiungono il cuore dell&#8217;Europa. Tutto accade nella giornata-evento promossa dalla <strong>Regione Toscana<\/strong> nell&#8217;ambito <mark>del progetto &#8220;La Toscana delle Donne&#8221; e programmata in occasione della <strong>Festa dell&#8217;Europa<\/strong>.<\/mark><\/p>\n<p>\u201cAbbiamo scelto di dedicare la giornata dell\u2019Europa alle politiche di promozione e valorizzazione del ruolo della donna\u201d, ha spiegato il presidente della Regione Toscana <strong>Eugenio Giani<\/strong>.\u00a0 \u201cIl titolo \u2018Intelletto delle donne\u2019 \u00a0allude al contributo intellettuale che le donne portano alla crescita della societ\u00e0, un contributo che \u00e8 essenziale e che le istituzioni devono favorire. <mark>Vanno in questo senso &#8211; aggiunge Giani &#8211; progetti regionali come quello dei nidi gratuiti, che faceva parte gi\u00e0 del mio programma elettorale, oppure la nostra attenzione per la sanit\u00e0 di genere, oltre naturalmente agli interventi per un trattamento pi\u00f9 equo sul lavoro, al supporto per l\u2019imprenditorialit\u00e0 femminile, al sostegno alla cultura e alla creativit\u00e0 espressa dalle donne\u201d.<\/mark><\/p>\n<p>Celebriamo la Festa dall\u2019Europa attraverso la donna \u2013 ha aggiunto <strong>Cristina Manetti<\/strong>, capo di Gabinetto del presidente della Regione Toscana Eugenio Giani -, lo facciamo con il nostro progetto <strong>\u2018La Toscana delle donne<\/strong>\u2019, lanciato da quasi un anno&#8221;.\u00a0 La Regione Toscana sta lavorando su diversi fronti: &#8220;Quello che un\u2019istituzione pu\u00f2 fare \u00e8 proprio questo: andare incontro alle esigenze concrete delle persone&#8221;.\u00a0 \u201cScommettere sulla leadership delle donne &#8211; ha aggiunto ancora Manetti &#8211;\u00a0 <mark>non \u00e8 solo una questione di parit\u00e0 di genere, \u00e8 una sfida che vale la pena di raccogliere a vantaggio della societ\u00e0 e di tutte le aziende pubbliche e private\u201d.<\/mark><\/p>\n<h3><em>Le azioni della Regione Toscana: fondi europei e strategie a lungo termine<\/em><\/h3>\n<p>La donna e il suo ruolo centrale nello sviluppo dell&#8217;economia sono al centro delle politiche europee e di quelle della<strong> Regione Toscana<\/strong>, che grazie ai fondi europei pu\u00f2 predisporre strumenti importanti per il sostegno all&#8217;occupazione femminile.<\/p>\n<p>Molte delle risorse che la Regione impiega su questo fronte provengono dal <strong>Fondo sociale europeo<\/strong>: per il periodo 2021-27 il programma regionale prevede, per la Toscana, <strong>319,4 milioni di euro<\/strong> per interventi di sostegno alle politiche pubbliche finalizzate alla parit\u00e0 di genere, come la conciliazione vita-lavoro, servizi infanzia, anziani e disabili. Nello specifico: <mark>277 milioni finanzieranno gli interventi specifici per la parit\u00e0 di genere (36 milioni), servizi per l&#8217;infanzia (233 milioni) e altri interventi per la conciliazione vita-lavoro (44 milioni). Altri 6,4 milioni saranno dedicati ai percorsi di reinserimento socio-lavorativo delle donne vittime di violenza.<\/mark><\/p>\n<p>Dei 36 milioni destinati agli interventi per la parit\u00e0 di genere, ovvero specificamente pensati per le donne, alcuni sono utilizzati per incentivare azioni innovative a sostegno del <strong>welfare aziendale<\/strong> (15 milioni), percorsi di sostegno all&#8217;occupazione femminile (11 milioni), azioni di mainstreaming (9,3 milioni) e di mentoring (700mila euro).<\/p>\n<p>Ma in generale, i fondi strutturali europei, insieme alle risorse regionali e alle nuove risorse <strong>Pnrr<\/strong>, saranno centrali per programmare azioni finalizzate a raggiungere reali pari opportunit\u00e0 in tutti gli ambiti, dal potenziamento delle politiche educative e del welfare. <mark>La Toscana promuovere infatti una cultura di parit\u00e0 e rispetto contro gli stereotipi di genere, obiettivo inserito anche nelle linee guida dei Progetti educativi zonali finanziati da Regione Toscana, che \u00e8 azione centrale nelle misure previste con il rifinanziamento della legge sulla &#8220;Cittadinanza di genere&#8221;.<\/mark><\/p>\n<h3><em>Da Firenze la proposta di un &#8220;Global gender medicine board &#8211; Italia&#8221;<\/em><\/h3>\n<p>Si chiama <strong>&#8220;Global gender medicine board &#8211; Italia&#8221;<\/strong>,\u00a0 l&#8217;organismo in grado di integrare in maniera appropriata i bisogni delle donne e degli uomini nell&#8217;assistenza medica.\u00a0 Il progetto \u00e8 stato lanciato nel corso dell&#8217;evento.<\/p>\n<p>Come ha spiegato <strong>Monica Baldi<\/strong>, vicepresidente di Ars Pace e ambasciatrice AW20, &#8220;La medicina di genere \u00e8 un tema di innovazione non solo nell&#8217;ambito della ricerca farmacologica, clinica, scientifico-medica, ma anche nell&#8217;approccio della costruzione di un sistema che sappia riconoscere l&#8217;esperienza di ciascuna donna e ciascun uomo all&#8217;interno delle nostre comunit\u00e0&#8221;.<\/p>\n<p>Hanno partecipato anche Elvira Marasco, co-fondatrice e presidente di AW20; Pam Rajput, alto delegato AW20; Hardiani Uli Silalahi, presidente W20 Indonesia; Chiara Tilesi, regista e produttrice e fondatrice di We Do It Together; Linda Laura Sabbadini, presidente di W20 Italia; Flavia Franconi, coordinatrice del Comitato globale per la medicina di genere; Vera Regitz Zagrosek, fondatrice dell&#8217;Istituto di medicina di genere; Isabella De Martini, ambasciatrice di &#8220;Genova nel mondo&#8221;; Lucia Turco, direttore generale dell&#8217;Agenzia regionale di sanit\u00e0 toscana; Maria Jos\u00e9 Cald\u00e9s Pinilla, direttore del Centro di salute globale Regione Toscana; Monca Bettoni, dell&#8217; Osservatorio nazionale di medicina di genere e Valeria Dubini, responsabile della Rete Codice Rosa Asl Centro oltre a un contributo video di Viginia Littlejohn, Capo delegazione W20 Usa.<\/p>\n<p>Punto di riferimento \u00e8 la <strong>Charta de Florentia<\/strong>. Firmata a Firenze nel 2021, i Governi del G20 hanno recepito le sei raccomandazioni contenute nella Charta: <mark>organizzare servizi sanitari universali sensibili al sesso e al genere ben interconnessi con il sistema di welfare e con il contributo strategico delle donne e degli uomini;<\/mark> costruire piani strategici innovativi per colmare il divario sesso-genere attraverso dati scientifici rigorosi e incentivi per gli investigatori; includere approcci<strong> gender sensitive<\/strong> nei curricula degli operatori sanitari e promuovere adeguati<br \/>\npercorsi di carriera per le donne; valutare le conseguenze delle misure di bilancio sulla salute con approccio di genere; costruire infrastrutture resilienti e innovative utilizzando parametri adeguati alle esigenze delle donne e di tutte le persone con insediamenti urbani inclusivi, sicuri e sostenibili; garantire la <strong>sicurezza<\/strong>, i servizi e la qualit\u00e0 della vita, promuovendo l&#8217;attuazione di processi sostenibili e un accesso equo all&#8217;acqua e all&#8217;energia.<\/p>\n","protected":false},"excerpt":{"rendered":"<p>L&#8217;Intelletto delle Donne \u00e8 la giornata evento promossa dalla Regione per fare il punto sulle strategie e i progetti per valorizzare il ruolo femminile. Giani: &#8220;Contributo che le istituzioni devono favorire&#8221;. Manetti: &#8220;Sfida a vantaggio della societ\u00e0 e di tutte le aziende pubbliche e private&#8221;<\/p>\n<p>&nbsp;<\/p>\n","protected":false},"author":525,"featured_media":286032,"comment_status":"open","ping_status":"open","sticky":false,"template":"","format":"standard","meta":{"_acf_changed":false,"footnotes":""},"categories":[494],"tags":[411,6469,6557,151],"class_list":["post-286019","post","type-post","status-publish","format-standard","has-post-thumbnail","hentry","category-attualita","tag-donne","tag-festa-delleuropa","tag-la-toscana-delle-donne","tag-regione-toscana"],"acf":[],"yoast_head":"<!-- This site is optimized with the Yoast SEO Premium plugin v24.2 (Yoast SEO v25.6) - https:\/\/yoast.com\/wordpress\/plugins\/seo\/ -->\n<title>Donne e diritti al centro della Festa dell&#039;Europa: dalla Toscana le proposte per parit\u00e0 di genere e salute - intoscana<\/title>\n<meta name=\"description\" content=\"L&#039;Intelletto delle Donne \u00e8 la giornata evento promossa dalla Regione per fare il punto sulle strategie e i progetti per valorizzare il ruolo femminile. Manetti: &quot;Sfida a vantaggio della societ\u00e0 e di tutte le aziende pubbliche e private&quot;\" \/>\n<meta name=\"robots\" content=\"index, follow, max-snippet:-1, max-image-preview:large, max-video-preview:-1\" \/>\n<link rel=\"canonical\" href=\"https:\/\/www.intoscana.it\/it\/donne-e-diritti-al-centro-della-festa-delleuropa-dalla-toscana-le-proposte-per-parita-di-genere-e-salute\/\" \/>\n<meta property=\"og:locale\" content=\"it_IT\" \/>\n<meta property=\"og:type\" content=\"article\" \/>\n<meta property=\"og:title\" content=\"Donne e diritti al centro della Festa dell&#039;Europa: dalla Toscana le proposte per parit\u00e0 di genere e salute\" \/>\n<meta property=\"og:description\" content=\"L&#039;Intelletto delle Donne \u00e8 la giornata evento promossa dalla Regione per fare il punto sulle strategie e i progetti per valorizzare il ruolo femminile. Manetti: &quot;Sfida a vantaggio della societ\u00e0 e di tutte le aziende pubbliche e private&quot;\" \/>\n<meta property=\"og:url\" content=\"https:\/\/www.intoscana.it\/it\/donne-e-diritti-al-centro-della-festa-delleuropa-dalla-toscana-le-proposte-per-parita-di-genere-e-salute\/\" \/>\n<meta property=\"og:site_name\" content=\"intoscana\" \/>\n<meta property=\"article:publisher\" content=\"https:\/\/www.facebook.com\/intoscana.it\" \/>\n<meta property=\"article:published_time\" content=\"2023-05-09T14:22:01+00:00\" \/>\n<meta property=\"article:modified_time\" content=\"2023-05-10T07:13:50+00:00\" \/>\n<meta property=\"og:image\" content=\"https:\/\/www.intoscana.it\/wp-content\/uploads\/WhatsApp-Image-2023-05-09-at-16.02.34-1.jpeg\" \/>\n\t<meta property=\"og:image:width\" content=\"1600\" \/>\n\t<meta property=\"og:image:height\" content=\"1200\" \/>\n\t<meta property=\"og:image:type\" content=\"image\/jpeg\" \/>\n<meta name=\"author\" content=\"Redazione\" \/>\n<meta name=\"twitter:card\" content=\"summary_large_image\" \/>\n<meta name=\"twitter:creator\" content=\"@intoscana\" \/>\n<meta name=\"twitter:site\" content=\"@intoscana\" \/>\n<meta name=\"twitter:label1\" content=\"Written by\" \/>\n\t<meta name=\"twitter:data1\" content=\"Redazione\" \/>\n\t<meta name=\"twitter:label2\" content=\"Est. reading time\" \/>\n\t<meta name=\"twitter:data2\" content=\"5 minuti\" \/>\n<script type=\"application\/ld+json\" class=\"yoast-schema-graph\">{\"@context\":\"https:\/\/schema.org\",\"@graph\":[{\"@type\":\"WebPage\",\"@id\":\"https:\/\/www.intoscana.it\/it\/donne-e-diritti-al-centro-della-festa-delleuropa-dalla-toscana-le-proposte-per-parita-di-genere-e-salute\/\",\"url\":\"https:\/\/www.intoscana.it\/it\/donne-e-diritti-al-centro-della-festa-delleuropa-dalla-toscana-le-proposte-per-parita-di-genere-e-salute\/\",\"name\":\"Donne e diritti al centro della Festa dell'Europa: dalla Toscana le proposte per parit\u00e0 di genere e salute - intoscana\",\"isPartOf\":{\"@id\":\"https:\/\/www.intoscana.it\/it\/#website\"},\"primaryImageOfPage\":{\"@id\":\"https:\/\/www.intoscana.it\/it\/donne-e-diritti-al-centro-della-festa-delleuropa-dalla-toscana-le-proposte-per-parita-di-genere-e-salute\/#primaryimage\"},\"image\":{\"@id\":\"https:\/\/www.intoscana.it\/it\/donne-e-diritti-al-centro-della-festa-delleuropa-dalla-toscana-le-proposte-per-parita-di-genere-e-salute\/#primaryimage\"},\"thumbnailUrl\":\"https:\/\/www.intoscana.it\/wp-content\/uploads\/WhatsApp-Image-2023-05-09-at-16.02.34-1.jpeg\",\"datePublished\":\"2023-05-09T14:22:01+00:00\",\"dateModified\":\"2023-05-10T07:13:50+00:00\",\"author\":{\"@id\":\"https:\/\/www.intoscana.it\/it\/#\/schema\/person\/9223810753230f20bd670fdd322661f8\"},\"description\":\"L'Intelletto delle Donne \u00e8 la giornata evento promossa dalla Regione per fare il punto sulle strategie e i progetti per valorizzare il ruolo femminile. Manetti: \\\"Sfida a vantaggio della societ\u00e0 e di tutte le aziende pubbliche e private\\\"\",\"breadcrumb\":{\"@id\":\"https:\/\/www.intoscana.it\/it\/donne-e-diritti-al-centro-della-festa-delleuropa-dalla-toscana-le-proposte-per-parita-di-genere-e-salute\/#breadcrumb\"},\"inLanguage\":\"it-IT\",\"potentialAction\":[{\"@type\":\"ReadAction\",\"target\":[\"https:\/\/www.intoscana.it\/it\/donne-e-diritti-al-centro-della-festa-delleuropa-dalla-toscana-le-proposte-per-parita-di-genere-e-salute\/\"]}]},{\"@type\":\"ImageObject\",\"inLanguage\":\"it-IT\",\"@id\":\"https:\/\/www.intoscana.it\/it\/donne-e-diritti-al-centro-della-festa-delleuropa-dalla-toscana-le-proposte-per-parita-di-genere-e-salute\/#primaryimage\",\"url\":\"https:\/\/www.intoscana.it\/wp-content\/uploads\/WhatsApp-Image-2023-05-09-at-16.02.34-1.jpeg\",\"contentUrl\":\"https:\/\/www.intoscana.it\/wp-content\/uploads\/WhatsApp-Image-2023-05-09-at-16.02.34-1.jpeg\",\"width\":1600,\"height\":1200},{\"@type\":\"BreadcrumbList\",\"@id\":\"https:\/\/www.intoscana.it\/it\/donne-e-diritti-al-centro-della-festa-delleuropa-dalla-toscana-le-proposte-per-parita-di-genere-e-salute\/#breadcrumb\",\"itemListElement\":[{\"@type\":\"ListItem\",\"position\":1,\"name\":\"Home\",\"item\":\"https:\/\/www.intoscana.it\/it\/\"},{\"@type\":\"ListItem\",\"position\":2,\"name\":\"Donne e diritti al centro della Festa dell&#8217;Europa: dalla Toscana le proposte per parit\u00e0 di genere e salute\"}]},{\"@type\":\"WebSite\",\"@id\":\"https:\/\/www.intoscana.it\/it\/#website\",\"url\":\"https:\/\/www.intoscana.it\/it\/\",\"name\":\"intoscana\",\"description\":\"\",\"potentialAction\":[{\"@type\":\"SearchAction\",\"target\":{\"@type\":\"EntryPoint\",\"urlTemplate\":\"https:\/\/www.intoscana.it\/it\/?s={search_term_string}\"},\"query-input\":{\"@type\":\"PropertyValueSpecification\",\"valueRequired\":true,\"valueName\":\"search_term_string\"}}],\"inLanguage\":\"it-IT\"},{\"@type\":\"Person\",\"@id\":\"https:\/\/www.intoscana.it\/it\/#\/schema\/person\/9223810753230f20bd670fdd322661f8\",\"name\":\"Redazione\",\"url\":\"https:\/\/www.intoscana.it\/it\/author\/redazione\/\"}]}<\/script>\n<!-- \/ Yoast SEO Premium plugin. -->","yoast_head_json":{"title":"Donne e diritti al centro della Festa dell'Europa: dalla Toscana le proposte per parit\u00e0 di genere e salute - intoscana","description":"L'Intelletto delle Donne \u00e8 la giornata evento promossa dalla Regione per fare il punto sulle strategie e i progetti per valorizzare il ruolo femminile. Manetti: \"Sfida a vantaggio della societ\u00e0 e di tutte le aziende pubbliche e private\"","robots":{"index":"index","follow":"follow","max-snippet":"max-snippet:-1","max-image-preview":"max-image-preview:large","max-video-preview":"max-video-preview:-1"},"canonical":"https:\/\/www.intoscana.it\/it\/donne-e-diritti-al-centro-della-festa-delleuropa-dalla-toscana-le-proposte-per-parita-di-genere-e-salute\/","og_locale":"it_IT","og_type":"article","og_title":"Donne e diritti al centro della Festa dell'Europa: dalla Toscana le proposte per parit\u00e0 di genere e salute","og_description":"L'Intelletto delle Donne \u00e8 la giornata evento promossa dalla Regione per fare il punto sulle strategie e i progetti per valorizzare il ruolo femminile. Manetti: \"Sfida a vantaggio della societ\u00e0 e di tutte le aziende pubbliche e private\"","og_url":"https:\/\/www.intoscana.it\/it\/donne-e-diritti-al-centro-della-festa-delleuropa-dalla-toscana-le-proposte-per-parita-di-genere-e-salute\/","og_site_name":"intoscana","article_publisher":"https:\/\/www.facebook.com\/intoscana.it","article_published_time":"2023-05-09T14:22:01+00:00","article_modified_time":"2023-05-10T07:13:50+00:00","og_image":[{"width":1600,"height":1200,"url":"https:\/\/www.intoscana.it\/wp-content\/uploads\/WhatsApp-Image-2023-05-09-at-16.02.34-1.jpeg","type":"image\/jpeg"}],"author":"Redazione","twitter_card":"summary_large_image","twitter_creator":"@intoscana","twitter_site":"@intoscana","twitter_misc":{"Written by":"Redazione","Est. reading time":"5 minuti"},"schema":{"@context":"https:\/\/schema.org","@graph":[{"@type":"WebPage","@id":"https:\/\/www.intoscana.it\/it\/donne-e-diritti-al-centro-della-festa-delleuropa-dalla-toscana-le-proposte-per-parita-di-genere-e-salute\/","url":"https:\/\/www.intoscana.it\/it\/donne-e-diritti-al-centro-della-festa-delleuropa-dalla-toscana-le-proposte-per-parita-di-genere-e-salute\/","name":"Donne e diritti al centro della Festa dell'Europa: dalla Toscana le proposte per parit\u00e0 di genere e salute - intoscana","isPartOf":{"@id":"https:\/\/www.intoscana.it\/it\/#website"},"primaryImageOfPage":{"@id":"https:\/\/www.intoscana.it\/it\/donne-e-diritti-al-centro-della-festa-delleuropa-dalla-toscana-le-proposte-per-parita-di-genere-e-salute\/#primaryimage"},"image":{"@id":"https:\/\/www.intoscana.it\/it\/donne-e-diritti-al-centro-della-festa-delleuropa-dalla-toscana-le-proposte-per-parita-di-genere-e-salute\/#primaryimage"},"thumbnailUrl":"https:\/\/www.intoscana.it\/wp-content\/uploads\/WhatsApp-Image-2023-05-09-at-16.02.34-1.jpeg","datePublished":"2023-05-09T14:22:01+00:00","dateModified":"2023-05-10T07:13:50+00:00","author":{"@id":"https:\/\/www.intoscana.it\/it\/#\/schema\/person\/9223810753230f20bd670fdd322661f8"},"description":"L'Intelletto delle Donne \u00e8 la giornata evento promossa dalla Regione per fare il punto sulle strategie e i progetti per valorizzare il ruolo femminile. Manetti: \"Sfida a vantaggio della societ\u00e0 e di tutte le aziende pubbliche e private\"","breadcrumb":{"@id":"https:\/\/www.intoscana.it\/it\/donne-e-diritti-al-centro-della-festa-delleuropa-dalla-toscana-le-proposte-per-parita-di-genere-e-salute\/#breadcrumb"},"inLanguage":"it-IT","potentialAction":[{"@type":"ReadAction","target":["https:\/\/www.intoscana.it\/it\/donne-e-diritti-al-centro-della-festa-delleuropa-dalla-toscana-le-proposte-per-parita-di-genere-e-salute\/"]}]},{"@type":"ImageObject","inLanguage":"it-IT","@id":"https:\/\/www.intoscana.it\/it\/donne-e-diritti-al-centro-della-festa-delleuropa-dalla-toscana-le-proposte-per-parita-di-genere-e-salute\/#primaryimage","url":"https:\/\/www.intoscana.it\/wp-content\/uploads\/WhatsApp-Image-2023-05-09-at-16.02.34-1.jpeg","contentUrl":"https:\/\/www.intoscana.it\/wp-content\/uploads\/WhatsApp-Image-2023-05-09-at-16.02.34-1.jpeg","width":1600,"height":1200},{"@type":"BreadcrumbList","@id":"https:\/\/www.intoscana.it\/it\/donne-e-diritti-al-centro-della-festa-delleuropa-dalla-toscana-le-proposte-per-parita-di-genere-e-salute\/#breadcrumb","itemListElement":[{"@type":"ListItem","position":1,"name":"Home","item":"https:\/\/www.intoscana.it\/it\/"},{"@type":"ListItem","position":2,"name":"Donne e diritti al centro della Festa dell&#8217;Europa: dalla Toscana le proposte per parit\u00e0 di genere e salute"}]},{"@type":"WebSite","@id":"https:\/\/www.intoscana.it\/it\/#website","url":"https:\/\/www.intoscana.it\/it\/","name":"intoscana","description":"","potentialAction":[{"@type":"SearchAction","target":{"@type":"EntryPoint","urlTemplate":"https:\/\/www.intoscana.it\/it\/?s={search_term_string}"},"query-input":{"@type":"PropertyValueSpecification","valueRequired":true,"valueName":"search_term_string"}}],"inLanguage":"it-IT"},{"@type":"Person","@id":"https:\/\/www.intoscana.it\/it\/#\/schema\/person\/9223810753230f20bd670fdd322661f8","name":"Redazione","url":"https:\/\/www.intoscana.it\/it\/author\/redazione\/"}]}},"_links":{"self":[{"href":"https:\/\/www.intoscana.it\/it\/wp-json\/wp\/v2\/posts\/286019","targetHints":{"allow":["GET"]}}],"collection":[{"href":"https:\/\/www.intoscana.it\/it\/wp-json\/wp\/v2\/posts"}],"about":[{"href":"https:\/\/www.intoscana.it\/it\/wp-json\/wp\/v2\/types\/post"}],"author":[{"embeddable":true,"href":"https:\/\/www.intoscana.it\/it\/wp-json\/wp\/v2\/users\/525"}],"replies":[{"embeddable":true,"href":"https:\/\/www.intoscana.it\/it\/wp-json\/wp\/v2\/comments?post=286019"}],"version-history":[{"count":0,"href":"https:\/\/www.intoscana.it\/it\/wp-json\/wp\/v2\/posts\/286019\/revisions"}],"wp:featuredmedia":[{"embeddable":true,"href":"https:\/\/www.intoscana.it\/it\/wp-json\/wp\/v2\/media\/286032"}],"wp:attachment":[{"href":"https:\/\/www.intoscana.it\/it\/wp-json\/wp\/v2\/media?parent=286019"}],"wp:term":[{"taxonomy":"category","embeddable":true,"href":"https:\/\/www.intoscana.it\/it\/wp-json\/wp\/v2\/categories?post=286019"},{"taxonomy":"post_tag","embeddable":true,"href":"https:\/\/www.intoscana.it\/it\/wp-json\/wp\/v2\/tags?post=286019"}],"curies":[{"name":"wp","href":"https:\/\/api.w.org\/{rel}","templated":true}]}}