{"id":286262,"date":"2023-05-10T16:55:50","date_gmt":"2023-05-10T14:55:50","guid":{"rendered":"https:\/\/www.intoscana.it\/it\/?p=286262"},"modified":"2023-05-10T17:10:15","modified_gmt":"2023-05-10T15:10:15","slug":"gonfalone-dargento-alla-savino-del-bene-la-toscana-dice-grazie-alle-campionesse-della-pallavolo","status":"publish","type":"post","link":"https:\/\/www.intoscana.it\/it\/gonfalone-dargento-alla-savino-del-bene-la-toscana-dice-grazie-alle-campionesse-della-pallavolo\/","title":{"rendered":"Gonfalone d&#8217;argento alla Savino del Bene: la Toscana dice grazie alle campionesse della pallavolo"},"content":{"rendered":"<p>La <strong>Savino del Bene Volley Scandicci<\/strong> chiude la sua brillante stagione con un riconoscimento istituzionale da parte del <strong>Consiglio Regionale della Toscana<\/strong>: il Gonfalone d&#8217;Argento. &#8220;Abbiamo voluto dire grazie alle giocatrici e a tutto lo staff per aver portato in alto il nome della Toscana con la vittoria della coppa Cev e per la strada che hanno fatto anche in campionato, fermandosi in semifinale\u201d, ha spiegato il presidente dell&#8217;assemblea toscana <strong>Antonio Mazzeo<\/strong>.<\/p>\n<p>La squadra ha vinto la <a href=\"https:\/\/www.intoscana.it\/it\/articolo\/pallavolo-la-savino-del-bene-nella-storia-a-scandicci-la-seconda-coppa-europea\/\" target=\"_blank\" rel=\"noopener\">Cev Cup 2023<\/a> e si \u00e8 <mark>qualificata alla prossima edizione della CEV Champions League 2023\/24, grazie alla seconda posizione conquistata al termine della regular season del campionato di Serie A1.<\/mark><\/p>\n<p>&#8220;Impegno, passione, determinazione e forza mentale: tutto questo ha mostrato la Savino Del Bene\u201d, ha detto Mazzeo nel corso della cerimonia che si \u00e8 tenuta mercoled\u00ec 10 maggio nella sala del Gonfalone di palazzo del Pegaso. Il pi\u00f9 alto riconoscimento dell\u2019Assemblea toscana \u00e8 stato consegnato nelle mani del presidente del club, <mark>Sergio Bazzurro, accompagnato dal coach Massimo Barbolini, dalla capitana Enrica Merlo, con le compagne di squadra Veronica Angeloni, Ekaterina Antropova e Isabella di Iulio.<\/mark><\/p>\n<figure id=\"post-286285 media-286285\" class=\"align-none\"><img decoding=\"async\" src=\"https:\/\/www.intoscana.it\/wp-content\/uploads\/Gonfalone-dArgento-alla-Savino-del-Bene-Volley.jpeg\" alt=\"\" \/><\/figure>\n<div class=\"titleimg\"><\/div>\n<h3><em>Le parole delle atlete<\/em><\/h3>\n<p>Un grande onore\u00a0 per coach <strong>Massimo Barbolini<\/strong>: &#8220;Lavoriamo per ottenere risultati sportivi, ma quando vediamo che siamo riusciti a dare soddisfazione a una regione come la Toscana, <mark>questo \u00e8 un premio ulteriore al nostro lavoro. Ora proveremo a fare ancora meglio\u201d.<\/mark><\/p>\n<p>\u201cGrazie per questo riconoscimento. Il valore che abbiamo trasmesso come squadra, come atlete e come persone \u00e8 per me la cosa pi\u00f9 importante. Speriamo di essere rimaste nel cuore della gente\u201d, ha dichiarato la capitana<strong> Enrica Merlo<\/strong>. Un riconoscimento personale \u00e8 stato riservato anche a <strong>Veronica Angeloni<\/strong>, che <mark>chiude con questa stagione la carriera agonistica e avr\u00e0 un ruolo nel club come responsabile delle relazioni esterne e marketing. \u201cRester\u00f2 a fianco di questa squadra e della societ\u00e0\u201d, ha detto.<\/mark><\/p>\n<p>Soddisfatti anche\u00a0 i vertici: \u201cQuesto riconoscimento mi d\u00e0 una forte emozione, faccio fatica a parlare \u2013 dice il presidente <strong>Sergio Bazzurro<\/strong> \u2013. Sono contento soprattutto per le ragazze, lo meritano. <mark>Hanno vinto, hanno combattuto fino alla semifinale e l\u2019anno prossimo, quando andremo a competere in Champions League, proveremo a far meglio.<\/mark> Per fare l\u2019ultimo salto dovremo avere ancor pi\u00f9 voglia di vincere, nello sport fa la differenza\u201d.<\/p>\n<p>&nbsp;<\/p>\n<p>&nbsp;<\/p>\n","protected":false},"excerpt":{"rendered":"<p>Il massimo riconoscimento dell&#8217;assemblea toscana alle atlete della squadra di Scandicci che hanno concluso una brillante stagione. Mazzeo: &#8220;Impegno, passione, determinazione&#8221;<\/p>\n","protected":false},"author":525,"featured_media":286282,"comment_status":"open","ping_status":"open","sticky":false,"template":"","format":"standard","meta":{"_acf_changed":false,"footnotes":""},"categories":[494],"tags":[4760,4753,6234,159],"class_list":["post-286262","post","type-post","status-publish","format-standard","has-post-thumbnail","hentry","category-attualita","tag-antonio-mazzeo","tag-consiglio-regionale-della-toscana","tag-pallavolo","tag-sport"],"acf":[],"yoast_head":"<!-- This site is optimized with the Yoast SEO Premium plugin v24.2 (Yoast SEO v25.6) - https:\/\/yoast.com\/wordpress\/plugins\/seo\/ -->\n<title>Gonfalone d&#039;argento alla Savino del Bene: la Toscana dice grazie alle campionesse della pallavolo - intoscana<\/title>\n<meta name=\"description\" content=\"Il massimo riconoscimento dell&#039;assemblea toscana alle atlete della squadra di Scandicci che hanno concluso una brillante stagione. Mazzeo: &quot;Impegno, passione, determinazione&quot;\" \/>\n<meta name=\"robots\" content=\"index, follow, max-snippet:-1, max-image-preview:large, max-video-preview:-1\" \/>\n<link rel=\"canonical\" href=\"https:\/\/www.intoscana.it\/it\/gonfalone-dargento-alla-savino-del-bene-la-toscana-dice-grazie-alle-campionesse-della-pallavolo\/\" \/>\n<meta property=\"og:locale\" content=\"it_IT\" \/>\n<meta property=\"og:type\" content=\"article\" \/>\n<meta property=\"og:title\" content=\"Gonfalone d&#039;argento alla Savino del Bene: la Toscana dice grazie alle campionesse della pallavolo\" \/>\n<meta property=\"og:description\" content=\"Il massimo riconoscimento dell&#039;assemblea toscana alle atlete della squadra di Scandicci che hanno concluso una brillante stagione. Mazzeo: &quot;Impegno, passione, determinazione&quot;\" \/>\n<meta property=\"og:url\" content=\"https:\/\/www.intoscana.it\/it\/gonfalone-dargento-alla-savino-del-bene-la-toscana-dice-grazie-alle-campionesse-della-pallavolo\/\" \/>\n<meta property=\"og:site_name\" content=\"intoscana\" \/>\n<meta property=\"article:publisher\" content=\"https:\/\/www.facebook.com\/intoscana.it\" \/>\n<meta property=\"article:published_time\" content=\"2023-05-10T14:55:50+00:00\" \/>\n<meta property=\"article:modified_time\" content=\"2023-05-10T15:10:15+00:00\" \/>\n<meta property=\"og:image\" content=\"https:\/\/www.intoscana.it\/wp-content\/uploads\/Gonfalone-dArgento-alla-Savino-del-Bene-Volley-16-500x333.jpeg\" \/>\n\t<meta property=\"og:image:width\" content=\"500\" \/>\n\t<meta property=\"og:image:height\" content=\"333\" \/>\n\t<meta property=\"og:image:type\" content=\"image\/jpeg\" \/>\n<meta name=\"author\" content=\"Redazione\" \/>\n<meta name=\"twitter:card\" content=\"summary_large_image\" \/>\n<meta name=\"twitter:creator\" content=\"@intoscana\" \/>\n<meta name=\"twitter:site\" content=\"@intoscana\" \/>\n<meta name=\"twitter:label1\" content=\"Written by\" \/>\n\t<meta name=\"twitter:data1\" content=\"Redazione\" \/>\n\t<meta name=\"twitter:label2\" content=\"Est. reading time\" \/>\n\t<meta name=\"twitter:data2\" content=\"2 minuti\" \/>\n<script type=\"application\/ld+json\" class=\"yoast-schema-graph\">{\"@context\":\"https:\/\/schema.org\",\"@graph\":[{\"@type\":\"WebPage\",\"@id\":\"https:\/\/www.intoscana.it\/it\/gonfalone-dargento-alla-savino-del-bene-la-toscana-dice-grazie-alle-campionesse-della-pallavolo\/\",\"url\":\"https:\/\/www.intoscana.it\/it\/gonfalone-dargento-alla-savino-del-bene-la-toscana-dice-grazie-alle-campionesse-della-pallavolo\/\",\"name\":\"Gonfalone d'argento alla Savino del Bene: la Toscana dice grazie alle campionesse della pallavolo - intoscana\",\"isPartOf\":{\"@id\":\"https:\/\/www.intoscana.it\/it\/#website\"},\"primaryImageOfPage\":{\"@id\":\"https:\/\/www.intoscana.it\/it\/gonfalone-dargento-alla-savino-del-bene-la-toscana-dice-grazie-alle-campionesse-della-pallavolo\/#primaryimage\"},\"image\":{\"@id\":\"https:\/\/www.intoscana.it\/it\/gonfalone-dargento-alla-savino-del-bene-la-toscana-dice-grazie-alle-campionesse-della-pallavolo\/#primaryimage\"},\"thumbnailUrl\":\"https:\/\/www.intoscana.it\/wp-content\/uploads\/Gonfalone-dArgento-alla-Savino-del-Bene-Volley-16.jpeg\",\"datePublished\":\"2023-05-10T14:55:50+00:00\",\"dateModified\":\"2023-05-10T15:10:15+00:00\",\"author\":{\"@id\":\"https:\/\/www.intoscana.it\/it\/#\/schema\/person\/9223810753230f20bd670fdd322661f8\"},\"description\":\"Il massimo riconoscimento dell'assemblea toscana alle atlete della squadra di Scandicci che hanno concluso una brillante stagione. Mazzeo: \\\"Impegno, passione, determinazione\\\"\",\"breadcrumb\":{\"@id\":\"https:\/\/www.intoscana.it\/it\/gonfalone-dargento-alla-savino-del-bene-la-toscana-dice-grazie-alle-campionesse-della-pallavolo\/#breadcrumb\"},\"inLanguage\":\"it-IT\",\"potentialAction\":[{\"@type\":\"ReadAction\",\"target\":[\"https:\/\/www.intoscana.it\/it\/gonfalone-dargento-alla-savino-del-bene-la-toscana-dice-grazie-alle-campionesse-della-pallavolo\/\"]}]},{\"@type\":\"ImageObject\",\"inLanguage\":\"it-IT\",\"@id\":\"https:\/\/www.intoscana.it\/it\/gonfalone-dargento-alla-savino-del-bene-la-toscana-dice-grazie-alle-campionesse-della-pallavolo\/#primaryimage\",\"url\":\"https:\/\/www.intoscana.it\/wp-content\/uploads\/Gonfalone-dArgento-alla-Savino-del-Bene-Volley-16.jpeg\",\"contentUrl\":\"https:\/\/www.intoscana.it\/wp-content\/uploads\/Gonfalone-dArgento-alla-Savino-del-Bene-Volley-16.jpeg\",\"width\":2000,\"height\":1333},{\"@type\":\"BreadcrumbList\",\"@id\":\"https:\/\/www.intoscana.it\/it\/gonfalone-dargento-alla-savino-del-bene-la-toscana-dice-grazie-alle-campionesse-della-pallavolo\/#breadcrumb\",\"itemListElement\":[{\"@type\":\"ListItem\",\"position\":1,\"name\":\"Home\",\"item\":\"https:\/\/www.intoscana.it\/it\/\"},{\"@type\":\"ListItem\",\"position\":2,\"name\":\"Gonfalone d&#8217;argento alla Savino del Bene: la Toscana dice grazie alle campionesse della pallavolo\"}]},{\"@type\":\"WebSite\",\"@id\":\"https:\/\/www.intoscana.it\/it\/#website\",\"url\":\"https:\/\/www.intoscana.it\/it\/\",\"name\":\"intoscana\",\"description\":\"\",\"potentialAction\":[{\"@type\":\"SearchAction\",\"target\":{\"@type\":\"EntryPoint\",\"urlTemplate\":\"https:\/\/www.intoscana.it\/it\/?s={search_term_string}\"},\"query-input\":{\"@type\":\"PropertyValueSpecification\",\"valueRequired\":true,\"valueName\":\"search_term_string\"}}],\"inLanguage\":\"it-IT\"},{\"@type\":\"Person\",\"@id\":\"https:\/\/www.intoscana.it\/it\/#\/schema\/person\/9223810753230f20bd670fdd322661f8\",\"name\":\"Redazione\",\"url\":\"https:\/\/www.intoscana.it\/it\/author\/redazione\/\"}]}<\/script>\n<!-- \/ Yoast SEO Premium plugin. -->","yoast_head_json":{"title":"Gonfalone d'argento alla Savino del Bene: la Toscana dice grazie alle campionesse della pallavolo - intoscana","description":"Il massimo riconoscimento dell'assemblea toscana alle atlete della squadra di Scandicci che hanno concluso una brillante stagione. Mazzeo: \"Impegno, passione, determinazione\"","robots":{"index":"index","follow":"follow","max-snippet":"max-snippet:-1","max-image-preview":"max-image-preview:large","max-video-preview":"max-video-preview:-1"},"canonical":"https:\/\/www.intoscana.it\/it\/gonfalone-dargento-alla-savino-del-bene-la-toscana-dice-grazie-alle-campionesse-della-pallavolo\/","og_locale":"it_IT","og_type":"article","og_title":"Gonfalone d'argento alla Savino del Bene: la Toscana dice grazie alle campionesse della pallavolo","og_description":"Il massimo riconoscimento dell'assemblea toscana alle atlete della squadra di Scandicci che hanno concluso una brillante stagione. Mazzeo: \"Impegno, passione, determinazione\"","og_url":"https:\/\/www.intoscana.it\/it\/gonfalone-dargento-alla-savino-del-bene-la-toscana-dice-grazie-alle-campionesse-della-pallavolo\/","og_site_name":"intoscana","article_publisher":"https:\/\/www.facebook.com\/intoscana.it","article_published_time":"2023-05-10T14:55:50+00:00","article_modified_time":"2023-05-10T15:10:15+00:00","og_image":[{"width":500,"height":333,"url":"https:\/\/www.intoscana.it\/wp-content\/uploads\/Gonfalone-dArgento-alla-Savino-del-Bene-Volley-16-500x333.jpeg","type":"image\/jpeg"}],"author":"Redazione","twitter_card":"summary_large_image","twitter_creator":"@intoscana","twitter_site":"@intoscana","twitter_misc":{"Written by":"Redazione","Est. reading time":"2 minuti"},"schema":{"@context":"https:\/\/schema.org","@graph":[{"@type":"WebPage","@id":"https:\/\/www.intoscana.it\/it\/gonfalone-dargento-alla-savino-del-bene-la-toscana-dice-grazie-alle-campionesse-della-pallavolo\/","url":"https:\/\/www.intoscana.it\/it\/gonfalone-dargento-alla-savino-del-bene-la-toscana-dice-grazie-alle-campionesse-della-pallavolo\/","name":"Gonfalone d'argento alla Savino del Bene: la Toscana dice grazie alle campionesse della pallavolo - intoscana","isPartOf":{"@id":"https:\/\/www.intoscana.it\/it\/#website"},"primaryImageOfPage":{"@id":"https:\/\/www.intoscana.it\/it\/gonfalone-dargento-alla-savino-del-bene-la-toscana-dice-grazie-alle-campionesse-della-pallavolo\/#primaryimage"},"image":{"@id":"https:\/\/www.intoscana.it\/it\/gonfalone-dargento-alla-savino-del-bene-la-toscana-dice-grazie-alle-campionesse-della-pallavolo\/#primaryimage"},"thumbnailUrl":"https:\/\/www.intoscana.it\/wp-content\/uploads\/Gonfalone-dArgento-alla-Savino-del-Bene-Volley-16.jpeg","datePublished":"2023-05-10T14:55:50+00:00","dateModified":"2023-05-10T15:10:15+00:00","author":{"@id":"https:\/\/www.intoscana.it\/it\/#\/schema\/person\/9223810753230f20bd670fdd322661f8"},"description":"Il massimo riconoscimento dell'assemblea toscana alle atlete della squadra di Scandicci che hanno concluso una brillante stagione. Mazzeo: \"Impegno, passione, determinazione\"","breadcrumb":{"@id":"https:\/\/www.intoscana.it\/it\/gonfalone-dargento-alla-savino-del-bene-la-toscana-dice-grazie-alle-campionesse-della-pallavolo\/#breadcrumb"},"inLanguage":"it-IT","potentialAction":[{"@type":"ReadAction","target":["https:\/\/www.intoscana.it\/it\/gonfalone-dargento-alla-savino-del-bene-la-toscana-dice-grazie-alle-campionesse-della-pallavolo\/"]}]},{"@type":"ImageObject","inLanguage":"it-IT","@id":"https:\/\/www.intoscana.it\/it\/gonfalone-dargento-alla-savino-del-bene-la-toscana-dice-grazie-alle-campionesse-della-pallavolo\/#primaryimage","url":"https:\/\/www.intoscana.it\/wp-content\/uploads\/Gonfalone-dArgento-alla-Savino-del-Bene-Volley-16.jpeg","contentUrl":"https:\/\/www.intoscana.it\/wp-content\/uploads\/Gonfalone-dArgento-alla-Savino-del-Bene-Volley-16.jpeg","width":2000,"height":1333},{"@type":"BreadcrumbList","@id":"https:\/\/www.intoscana.it\/it\/gonfalone-dargento-alla-savino-del-bene-la-toscana-dice-grazie-alle-campionesse-della-pallavolo\/#breadcrumb","itemListElement":[{"@type":"ListItem","position":1,"name":"Home","item":"https:\/\/www.intoscana.it\/it\/"},{"@type":"ListItem","position":2,"name":"Gonfalone d&#8217;argento alla Savino del Bene: la Toscana dice grazie alle campionesse della pallavolo"}]},{"@type":"WebSite","@id":"https:\/\/www.intoscana.it\/it\/#website","url":"https:\/\/www.intoscana.it\/it\/","name":"intoscana","description":"","potentialAction":[{"@type":"SearchAction","target":{"@type":"EntryPoint","urlTemplate":"https:\/\/www.intoscana.it\/it\/?s={search_term_string}"},"query-input":{"@type":"PropertyValueSpecification","valueRequired":true,"valueName":"search_term_string"}}],"inLanguage":"it-IT"},{"@type":"Person","@id":"https:\/\/www.intoscana.it\/it\/#\/schema\/person\/9223810753230f20bd670fdd322661f8","name":"Redazione","url":"https:\/\/www.intoscana.it\/it\/author\/redazione\/"}]}},"_links":{"self":[{"href":"https:\/\/www.intoscana.it\/it\/wp-json\/wp\/v2\/posts\/286262","targetHints":{"allow":["GET"]}}],"collection":[{"href":"https:\/\/www.intoscana.it\/it\/wp-json\/wp\/v2\/posts"}],"about":[{"href":"https:\/\/www.intoscana.it\/it\/wp-json\/wp\/v2\/types\/post"}],"author":[{"embeddable":true,"href":"https:\/\/www.intoscana.it\/it\/wp-json\/wp\/v2\/users\/525"}],"replies":[{"embeddable":true,"href":"https:\/\/www.intoscana.it\/it\/wp-json\/wp\/v2\/comments?post=286262"}],"version-history":[{"count":0,"href":"https:\/\/www.intoscana.it\/it\/wp-json\/wp\/v2\/posts\/286262\/revisions"}],"wp:featuredmedia":[{"embeddable":true,"href":"https:\/\/www.intoscana.it\/it\/wp-json\/wp\/v2\/media\/286282"}],"wp:attachment":[{"href":"https:\/\/www.intoscana.it\/it\/wp-json\/wp\/v2\/media?parent=286262"}],"wp:term":[{"taxonomy":"category","embeddable":true,"href":"https:\/\/www.intoscana.it\/it\/wp-json\/wp\/v2\/categories?post=286262"},{"taxonomy":"post_tag","embeddable":true,"href":"https:\/\/www.intoscana.it\/it\/wp-json\/wp\/v2\/tags?post=286262"}],"curies":[{"name":"wp","href":"https:\/\/api.w.org\/{rel}","templated":true}]}}