{"id":286289,"date":"2023-05-10T16:42:52","date_gmt":"2023-05-10T14:42:52","guid":{"rendered":"https:\/\/www.intoscana.it\/it\/?p=286289"},"modified":"2023-05-10T16:42:52","modified_gmt":"2023-05-10T14:42:52","slug":"il-gabinetto-vieusseux-tra-eredita-ottocentesca-e-intelligenza-artificiale-presentato-il-calendario-2023-2024","status":"publish","type":"post","link":"https:\/\/www.intoscana.it\/it\/il-gabinetto-vieusseux-tra-eredita-ottocentesca-e-intelligenza-artificiale-presentato-il-calendario-2023-2024\/","title":{"rendered":"Il Gabinetto Vieusseux tra eredit\u00e0 ottocentesca e intelligenza artificiale: presentato il calendario 2023-2024"},"content":{"rendered":"<p><strong>A Palazzo Vecchio<\/strong> \u00e8 stato presentato il <strong>nuovo corso del Gabinetto Vieusseux<\/strong> che segner\u00e0 un ritorno alle origini, alle radici ottocentesche quando era fulcro della cultura italiana ed europea, ma senza precludersi un <strong>dialogo con l\u2019innovazione e le giovani generazioni<\/strong>, a partire dall\u2019intelligenza artificiale.<\/p>\n<p>Tra le novit\u00e0, infatti, \u00e8 stata gi\u00e0 avviata<strong> una collaborazione con il Gruppo E,<\/strong> insieme di player dell\u2019<strong>information technologies<\/strong> con competenze complementari, che sta mettendo a punto per il Gabinetto<strong> uno \u2018Stendhal\u2019, un giovane \u2018assistente virtuale\u2019,<\/strong> copia digitale del famoso scrittore, che grazie all\u2019intelligenza artificiale sapr\u00e0 rispondere alle domande e curiosit\u00e0 degli ospiti<strong> in qualsiasi lingua.<\/strong><\/p>\n<p><em>\u201cIl Gabinetto Vieusseux &#8211;<\/em><strong> ha affermato il sindaco Nardella &#8211; <\/strong><em>\u00e8 un bene unico di straordinario valore, per la sua storia, per i beni che raccoglie, per il ruolo esercitato in campo scientifico e letterario fin dalla sua nascita. Siamo riconoscenti ai precedenti vertici, Alba Donati e Gloria Manghetti, e auguriamo buon lavoro ai nuovi: sono certo che faranno il lavoro non facile che compete loro con intelligenza, passione e impegno e che il Vieusseux si confermer\u00e0 un\u2019istituzione contemporanea, con le porte spalancate al futuro\u201d.<\/em><\/p>\n<p><em>\u201cIl Gabinetto Vieusseux &#8211; <\/em><strong>ha sottolineato il presidente Riccardo Nencini <\/strong><em>&#8211; deve tornare alle sue radici, deve tornare ad essere quello che era ovvero un centro di divulgazione e promozione della cultura e della conoscenza, in sinergia con le istituzioni e i privati fiorentini, una rete di relazioni con i tanti luoghi della cultura italiana ed europea, un istituto che sia in grado di valorizzare la parola scritta nelle sue varie e nuove forme. Il prestigio di cui gode il Gabinetto va alimentato con iniezioni di \u2018contemporaneit\u00e0\u2019, spalancando porte e finestre a giovani scrittori, facendolo conoscere ben al di l\u00e0 di una ristretta cerchia e investendo in una sua nuova immagine tale da coinvolgere le nuove generazioni\u201d.<\/em><\/p>\n<p><em>\u201cIl Vieusseux &#8211; <\/em><strong>ha ricordato il direttore Michele Rossi &#8211;<\/strong><em> ha un patrimonio culturale, letterario e artistico sterminato e inestimabile. Nostro compito \u00e8 rendere sempre pi\u00f9 accessibile e conosciuto questo patrimonio e divulgarlo anche con nuove iniziative, collaborazioni e strumenti. Perch\u00e9 il Gabinetto scientifico letterario non \u00e8 solo un prezioso luogo di custodia passiva di fonti letterarie, ma un centro propulsore e dinamico della vita culturale fiorentina, nazionale e internazionale&#8221;.<\/em><\/p>\n<h3>Tutte le attivit\u00e0 per il biennio 2023-2024<\/h3>\n<p>Oltre alle attivit\u00e0 tradizionali (convegni, presentazione libri etc.), i lavori di digitalizzazione, catalogazione, conservazione e valorizzazione dello straordinario patrimonio otto-novecentesco di circa<strong> 650.000 volumi e 166 fondi archivistici<\/strong> (circa 805.000 documenti e circa 3000 opere d\u2019arte, tra dipinti, disegni e sculture), in costante crescita nelle sue diverse sedi (Palazzo Strozzi, Palazzo Corsini-Suarez e magazzino viale Guidoni), la prosecuzione dei lavori di ordinamento e catalogazione di alcuni importanti Fondi dell\u2019Archivio Contemporaneo (Alberto Arbasino, Claudio Magris, Marisa Madieri, Silvio Branzi, Vasco Pratolini e Adolfo Orvieto) e di indicizzazione del Copialettere di Vieusseux, \u00e8 intenzione del Gabinetto Vieusseux realizzare fino alla fine del mandato ulteriori importanti iniziative in grado di coinvolgere un\u2019utenza sempre pi\u00f9 ampia e fasce di et\u00e0 pi\u00f9 giovani.<\/p>\n<p><em><strong>\u201cAlle sette\u201d: aperitivo con scrittori<\/strong><\/em>. Sette appuntamenti, che saranno inseriti nel programma dell\u2019Estate Fiorentina, con noti scrittori e intellettuali italiani (Vittorio Emanuele Parsi, Franco Cardini, Aldo Schiavone e altri) da svolgersi, in collaborazione con Libraccio Firenze, tutti i marted\u00ec a partire dalla met\u00e0 di giugno alle Serre Torrigiani di Firenze. Nell\u2019inverno gli appuntamenti si terranno all\u2019interno di Palazzo Strozzi.\u00a0Primo ciclo: inaugurazione dell\u2019iniziativa <strong>mercoled\u00ec 14 giugno<\/strong> 2023 alla Piazza dei Tre Re, poi tutti i successivi marted\u00ec, <strong>dal 20 giugno al 25 luglio 2023,<\/strong> presso le <strong>Serre Torrigiani.<\/strong><\/p>\n<p><em><strong>100 scatti.<\/strong><\/em> Scelta di frammenti di opere letterarie degli scrittori pi\u00f9 significativi che sono stati soci, hanno lasciato i loro fondi o che comunque hanno intessuto relazioni col Gabinetto Vieusseux. I brani verranno letti da studenti e da scrittori, poi messi in Rete coinvolgendo anche influencer.<\/p>\n<p><em><strong>Sciacquare in Arno.<\/strong><\/em> Redazione, in collaborazione con l\u2019Accademia della Crusca e la Regione Toscana, di un vocabolario on line della lingua italiana contemporanea (modi di dire, neologismi etc.), coinvolgimento studenti, dottorandi e giovani studiosi.<\/p>\n<p><em><strong>Incontri nelle scuole fiorentine.<\/strong> <\/em>Noti scrittori racconteranno come si scrive un romanzo o una graphic novel e discuteranno con gli studenti delle loro opere. Saranno previsti incontri con scrittori di favole nelle scuole primarie. Il progetto sar\u00e0 coordinato dalla scrittrice Nadia Terranova.<\/p>\n<p><strong>Concorso letterario per scrittori in erba<\/strong>. Sar\u00e0 bandito un concorso di romanzi, racconti brevi, graphic novel e favole. Il Vieusseux si far\u00e0 editore dell\u2019opera vincitrice e dedicher\u00e0 una sezione della sua biblioteca alle opere vincitrici.<\/p>\n<p>Sar\u00e0 inoltre rilanciata la storica e prestigiosa rivista quadrimestrale<em><strong> Antologia Vieusseux,<\/strong> <\/em>suddividendola in tre sezioni (Passato, Contemporaneit\u00e0, Attualit\u00e0) e affidando la copertina di ogni numero a un diverso pittore. Valorizzazione di nuove scrittrici e nuovi scrittori, dedicando loro anche alcuni numeri della rivista Antologia Vieusseux.<\/p>\n<p>Il <strong>Gabinetto Vieusseux stipuler\u00e0 accordi con musei italiani e stranieri.<\/strong> \u00c8 gi\u00e0 stato siglato un accordo di collaborazione con il <strong>Museo di arte moderna e contemporanea di Trento e Rovereto<\/strong> ed \u00e8 in via di definizione un accordo con il <strong>Maxxi \u2013 Museo nazionale delle arti del XXI secolo di Roma. <\/strong>Mentre sono in corso di perfezionamento accordi con il <strong>Centro Nazionale di Studi Leopardiani di Recanati<\/strong> e con la <strong>Fondazione Maria e Goffredo Bellonci.<\/strong><\/p>\n<p>&nbsp;<\/p>\n<p>&nbsp;<\/p>\n<p>&nbsp;<\/p>\n","protected":false},"excerpt":{"rendered":"<p>Il Gabinetto Vieusseux vuole realizzare importanti iniziative in grado di coinvolgere un\u2019utenza sempre pi\u00f9 ampia e fasce di et\u00e0 pi\u00f9 giovani. In arrivo anche un giovane assistente virtuale<\/p>\n","protected":false},"author":525,"featured_media":286292,"comment_status":"open","ping_status":"open","sticky":false,"template":"","format":"standard","meta":{"_acf_changed":false,"footnotes":""},"categories":[493],"tags":[4474,202,210],"class_list":["post-286289","post","type-post","status-publish","format-standard","has-post-thumbnail","hentry","category-cultura","tag-eventi","tag-firenze","tag-libri"],"acf":[],"yoast_head":"<!-- This site is optimized with the Yoast SEO Premium plugin v24.2 (Yoast SEO v25.6) - https:\/\/yoast.com\/wordpress\/plugins\/seo\/ -->\n<title>Il Gabinetto Vieusseux tra eredit\u00e0 ottocentesca e intelligenza artificiale: presentato il calendario 2023-2024 - intoscana<\/title>\n<meta name=\"description\" content=\"Il Gabinetto Vieusseux vuole realizzare importanti iniziative in grado di coinvolgere un\u2019utenza sempre pi\u00f9 ampia e fasce di et\u00e0 pi\u00f9 giovani\" \/>\n<meta name=\"robots\" content=\"index, follow, max-snippet:-1, max-image-preview:large, max-video-preview:-1\" \/>\n<link rel=\"canonical\" href=\"https:\/\/www.intoscana.it\/it\/il-gabinetto-vieusseux-tra-eredita-ottocentesca-e-intelligenza-artificiale-presentato-il-calendario-2023-2024\/\" \/>\n<meta property=\"og:locale\" content=\"it_IT\" \/>\n<meta property=\"og:type\" content=\"article\" \/>\n<meta property=\"og:title\" content=\"Il Gabinetto Vieusseux tra eredit\u00e0 ottocentesca e intelligenza artificiale: presentato il calendario 2023-2024\" \/>\n<meta property=\"og:description\" content=\"Il Gabinetto Vieusseux vuole realizzare importanti iniziative in grado di coinvolgere un\u2019utenza sempre pi\u00f9 ampia e fasce di et\u00e0 pi\u00f9 giovani\" \/>\n<meta property=\"og:url\" content=\"https:\/\/www.intoscana.it\/it\/il-gabinetto-vieusseux-tra-eredita-ottocentesca-e-intelligenza-artificiale-presentato-il-calendario-2023-2024\/\" \/>\n<meta property=\"og:site_name\" content=\"intoscana\" \/>\n<meta property=\"article:publisher\" content=\"https:\/\/www.facebook.com\/intoscana.it\" \/>\n<meta property=\"article:published_time\" content=\"2023-05-10T14:42:52+00:00\" \/>\n<meta property=\"og:image\" content=\"https:\/\/www.intoscana.it\/wp-content\/uploads\/La-conferenza-stampa-3.jpeg\" \/>\n\t<meta property=\"og:image:width\" content=\"2048\" \/>\n\t<meta property=\"og:image:height\" content=\"1365\" \/>\n\t<meta property=\"og:image:type\" content=\"image\/jpeg\" \/>\n<meta name=\"author\" content=\"Redazione\" \/>\n<meta name=\"twitter:card\" content=\"summary_large_image\" \/>\n<meta name=\"twitter:creator\" content=\"@intoscana\" \/>\n<meta name=\"twitter:site\" content=\"@intoscana\" \/>\n<meta name=\"twitter:label1\" content=\"Written by\" \/>\n\t<meta name=\"twitter:data1\" content=\"Redazione\" \/>\n\t<meta name=\"twitter:label2\" content=\"Est. reading time\" \/>\n\t<meta name=\"twitter:data2\" content=\"4 minuti\" \/>\n<script type=\"application\/ld+json\" class=\"yoast-schema-graph\">{\"@context\":\"https:\/\/schema.org\",\"@graph\":[{\"@type\":\"WebPage\",\"@id\":\"https:\/\/www.intoscana.it\/it\/il-gabinetto-vieusseux-tra-eredita-ottocentesca-e-intelligenza-artificiale-presentato-il-calendario-2023-2024\/\",\"url\":\"https:\/\/www.intoscana.it\/it\/il-gabinetto-vieusseux-tra-eredita-ottocentesca-e-intelligenza-artificiale-presentato-il-calendario-2023-2024\/\",\"name\":\"Il Gabinetto Vieusseux tra eredit\u00e0 ottocentesca e intelligenza artificiale: presentato il calendario 2023-2024 - intoscana\",\"isPartOf\":{\"@id\":\"https:\/\/www.intoscana.it\/it\/#website\"},\"primaryImageOfPage\":{\"@id\":\"https:\/\/www.intoscana.it\/it\/il-gabinetto-vieusseux-tra-eredita-ottocentesca-e-intelligenza-artificiale-presentato-il-calendario-2023-2024\/#primaryimage\"},\"image\":{\"@id\":\"https:\/\/www.intoscana.it\/it\/il-gabinetto-vieusseux-tra-eredita-ottocentesca-e-intelligenza-artificiale-presentato-il-calendario-2023-2024\/#primaryimage\"},\"thumbnailUrl\":\"https:\/\/www.intoscana.it\/wp-content\/uploads\/La-conferenza-stampa-3.jpeg\",\"datePublished\":\"2023-05-10T14:42:52+00:00\",\"author\":{\"@id\":\"https:\/\/www.intoscana.it\/it\/#\/schema\/person\/9223810753230f20bd670fdd322661f8\"},\"description\":\"Il Gabinetto Vieusseux vuole realizzare importanti iniziative in grado di coinvolgere un\u2019utenza sempre pi\u00f9 ampia e fasce di et\u00e0 pi\u00f9 giovani\",\"breadcrumb\":{\"@id\":\"https:\/\/www.intoscana.it\/it\/il-gabinetto-vieusseux-tra-eredita-ottocentesca-e-intelligenza-artificiale-presentato-il-calendario-2023-2024\/#breadcrumb\"},\"inLanguage\":\"it-IT\",\"potentialAction\":[{\"@type\":\"ReadAction\",\"target\":[\"https:\/\/www.intoscana.it\/it\/il-gabinetto-vieusseux-tra-eredita-ottocentesca-e-intelligenza-artificiale-presentato-il-calendario-2023-2024\/\"]}]},{\"@type\":\"ImageObject\",\"inLanguage\":\"it-IT\",\"@id\":\"https:\/\/www.intoscana.it\/it\/il-gabinetto-vieusseux-tra-eredita-ottocentesca-e-intelligenza-artificiale-presentato-il-calendario-2023-2024\/#primaryimage\",\"url\":\"https:\/\/www.intoscana.it\/wp-content\/uploads\/La-conferenza-stampa-3.jpeg\",\"contentUrl\":\"https:\/\/www.intoscana.it\/wp-content\/uploads\/La-conferenza-stampa-3.jpeg\",\"width\":2048,\"height\":1365},{\"@type\":\"BreadcrumbList\",\"@id\":\"https:\/\/www.intoscana.it\/it\/il-gabinetto-vieusseux-tra-eredita-ottocentesca-e-intelligenza-artificiale-presentato-il-calendario-2023-2024\/#breadcrumb\",\"itemListElement\":[{\"@type\":\"ListItem\",\"position\":1,\"name\":\"Home\",\"item\":\"https:\/\/www.intoscana.it\/it\/\"},{\"@type\":\"ListItem\",\"position\":2,\"name\":\"Il Gabinetto Vieusseux tra eredit\u00e0 ottocentesca e intelligenza artificiale: presentato il calendario 2023-2024\"}]},{\"@type\":\"WebSite\",\"@id\":\"https:\/\/www.intoscana.it\/it\/#website\",\"url\":\"https:\/\/www.intoscana.it\/it\/\",\"name\":\"intoscana\",\"description\":\"\",\"potentialAction\":[{\"@type\":\"SearchAction\",\"target\":{\"@type\":\"EntryPoint\",\"urlTemplate\":\"https:\/\/www.intoscana.it\/it\/?s={search_term_string}\"},\"query-input\":{\"@type\":\"PropertyValueSpecification\",\"valueRequired\":true,\"valueName\":\"search_term_string\"}}],\"inLanguage\":\"it-IT\"},{\"@type\":\"Person\",\"@id\":\"https:\/\/www.intoscana.it\/it\/#\/schema\/person\/9223810753230f20bd670fdd322661f8\",\"name\":\"Redazione\",\"url\":\"https:\/\/www.intoscana.it\/it\/author\/redazione\/\"}]}<\/script>\n<!-- \/ Yoast SEO Premium plugin. -->","yoast_head_json":{"title":"Il Gabinetto Vieusseux tra eredit\u00e0 ottocentesca e intelligenza artificiale: presentato il calendario 2023-2024 - intoscana","description":"Il Gabinetto Vieusseux vuole realizzare importanti iniziative in grado di coinvolgere un\u2019utenza sempre pi\u00f9 ampia e fasce di et\u00e0 pi\u00f9 giovani","robots":{"index":"index","follow":"follow","max-snippet":"max-snippet:-1","max-image-preview":"max-image-preview:large","max-video-preview":"max-video-preview:-1"},"canonical":"https:\/\/www.intoscana.it\/it\/il-gabinetto-vieusseux-tra-eredita-ottocentesca-e-intelligenza-artificiale-presentato-il-calendario-2023-2024\/","og_locale":"it_IT","og_type":"article","og_title":"Il Gabinetto Vieusseux tra eredit\u00e0 ottocentesca e intelligenza artificiale: presentato il calendario 2023-2024","og_description":"Il Gabinetto Vieusseux vuole realizzare importanti iniziative in grado di coinvolgere un\u2019utenza sempre pi\u00f9 ampia e fasce di et\u00e0 pi\u00f9 giovani","og_url":"https:\/\/www.intoscana.it\/it\/il-gabinetto-vieusseux-tra-eredita-ottocentesca-e-intelligenza-artificiale-presentato-il-calendario-2023-2024\/","og_site_name":"intoscana","article_publisher":"https:\/\/www.facebook.com\/intoscana.it","article_published_time":"2023-05-10T14:42:52+00:00","og_image":[{"width":2048,"height":1365,"url":"https:\/\/www.intoscana.it\/wp-content\/uploads\/La-conferenza-stampa-3.jpeg","type":"image\/jpeg"}],"author":"Redazione","twitter_card":"summary_large_image","twitter_creator":"@intoscana","twitter_site":"@intoscana","twitter_misc":{"Written by":"Redazione","Est. reading time":"4 minuti"},"schema":{"@context":"https:\/\/schema.org","@graph":[{"@type":"WebPage","@id":"https:\/\/www.intoscana.it\/it\/il-gabinetto-vieusseux-tra-eredita-ottocentesca-e-intelligenza-artificiale-presentato-il-calendario-2023-2024\/","url":"https:\/\/www.intoscana.it\/it\/il-gabinetto-vieusseux-tra-eredita-ottocentesca-e-intelligenza-artificiale-presentato-il-calendario-2023-2024\/","name":"Il Gabinetto Vieusseux tra eredit\u00e0 ottocentesca e intelligenza artificiale: presentato il calendario 2023-2024 - intoscana","isPartOf":{"@id":"https:\/\/www.intoscana.it\/it\/#website"},"primaryImageOfPage":{"@id":"https:\/\/www.intoscana.it\/it\/il-gabinetto-vieusseux-tra-eredita-ottocentesca-e-intelligenza-artificiale-presentato-il-calendario-2023-2024\/#primaryimage"},"image":{"@id":"https:\/\/www.intoscana.it\/it\/il-gabinetto-vieusseux-tra-eredita-ottocentesca-e-intelligenza-artificiale-presentato-il-calendario-2023-2024\/#primaryimage"},"thumbnailUrl":"https:\/\/www.intoscana.it\/wp-content\/uploads\/La-conferenza-stampa-3.jpeg","datePublished":"2023-05-10T14:42:52+00:00","author":{"@id":"https:\/\/www.intoscana.it\/it\/#\/schema\/person\/9223810753230f20bd670fdd322661f8"},"description":"Il Gabinetto Vieusseux vuole realizzare importanti iniziative in grado di coinvolgere un\u2019utenza sempre pi\u00f9 ampia e fasce di et\u00e0 pi\u00f9 giovani","breadcrumb":{"@id":"https:\/\/www.intoscana.it\/it\/il-gabinetto-vieusseux-tra-eredita-ottocentesca-e-intelligenza-artificiale-presentato-il-calendario-2023-2024\/#breadcrumb"},"inLanguage":"it-IT","potentialAction":[{"@type":"ReadAction","target":["https:\/\/www.intoscana.it\/it\/il-gabinetto-vieusseux-tra-eredita-ottocentesca-e-intelligenza-artificiale-presentato-il-calendario-2023-2024\/"]}]},{"@type":"ImageObject","inLanguage":"it-IT","@id":"https:\/\/www.intoscana.it\/it\/il-gabinetto-vieusseux-tra-eredita-ottocentesca-e-intelligenza-artificiale-presentato-il-calendario-2023-2024\/#primaryimage","url":"https:\/\/www.intoscana.it\/wp-content\/uploads\/La-conferenza-stampa-3.jpeg","contentUrl":"https:\/\/www.intoscana.it\/wp-content\/uploads\/La-conferenza-stampa-3.jpeg","width":2048,"height":1365},{"@type":"BreadcrumbList","@id":"https:\/\/www.intoscana.it\/it\/il-gabinetto-vieusseux-tra-eredita-ottocentesca-e-intelligenza-artificiale-presentato-il-calendario-2023-2024\/#breadcrumb","itemListElement":[{"@type":"ListItem","position":1,"name":"Home","item":"https:\/\/www.intoscana.it\/it\/"},{"@type":"ListItem","position":2,"name":"Il Gabinetto Vieusseux tra eredit\u00e0 ottocentesca e intelligenza artificiale: presentato il calendario 2023-2024"}]},{"@type":"WebSite","@id":"https:\/\/www.intoscana.it\/it\/#website","url":"https:\/\/www.intoscana.it\/it\/","name":"intoscana","description":"","potentialAction":[{"@type":"SearchAction","target":{"@type":"EntryPoint","urlTemplate":"https:\/\/www.intoscana.it\/it\/?s={search_term_string}"},"query-input":{"@type":"PropertyValueSpecification","valueRequired":true,"valueName":"search_term_string"}}],"inLanguage":"it-IT"},{"@type":"Person","@id":"https:\/\/www.intoscana.it\/it\/#\/schema\/person\/9223810753230f20bd670fdd322661f8","name":"Redazione","url":"https:\/\/www.intoscana.it\/it\/author\/redazione\/"}]}},"_links":{"self":[{"href":"https:\/\/www.intoscana.it\/it\/wp-json\/wp\/v2\/posts\/286289","targetHints":{"allow":["GET"]}}],"collection":[{"href":"https:\/\/www.intoscana.it\/it\/wp-json\/wp\/v2\/posts"}],"about":[{"href":"https:\/\/www.intoscana.it\/it\/wp-json\/wp\/v2\/types\/post"}],"author":[{"embeddable":true,"href":"https:\/\/www.intoscana.it\/it\/wp-json\/wp\/v2\/users\/525"}],"replies":[{"embeddable":true,"href":"https:\/\/www.intoscana.it\/it\/wp-json\/wp\/v2\/comments?post=286289"}],"version-history":[{"count":0,"href":"https:\/\/www.intoscana.it\/it\/wp-json\/wp\/v2\/posts\/286289\/revisions"}],"wp:featuredmedia":[{"embeddable":true,"href":"https:\/\/www.intoscana.it\/it\/wp-json\/wp\/v2\/media\/286292"}],"wp:attachment":[{"href":"https:\/\/www.intoscana.it\/it\/wp-json\/wp\/v2\/media?parent=286289"}],"wp:term":[{"taxonomy":"category","embeddable":true,"href":"https:\/\/www.intoscana.it\/it\/wp-json\/wp\/v2\/categories?post=286289"},{"taxonomy":"post_tag","embeddable":true,"href":"https:\/\/www.intoscana.it\/it\/wp-json\/wp\/v2\/tags?post=286289"}],"curies":[{"name":"wp","href":"https:\/\/api.w.org\/{rel}","templated":true}]}}