{"id":286358,"date":"2023-05-11T10:17:00","date_gmt":"2023-05-11T08:17:00","guid":{"rendered":"https:\/\/www.intoscana.it\/it\/?p=286358"},"modified":"2023-05-11T10:59:51","modified_gmt":"2023-05-11T08:59:51","slug":"app-barriere-architettoniche","status":"publish","type":"post","link":"https:\/\/www.intoscana.it\/it\/app-barriere-architettoniche\/","title":{"rendered":"Da Lucca arriva a Pisa la App contro le barriere architettoniche"},"content":{"rendered":"<p>Da Lucca sbarca anche a Pisa <strong>Senzabarriere.app,<\/strong> l&#8217;applicazione scaricabile sui dispositivi iOS e Android ideata dall&#8217;associazione Luccasenzabarriere per permettere alle persone con disabilit\u00e0 di sapere la presenza o meno delle<strong> barriere architettoniche<\/strong> nei diversi luoghi delle citt\u00e0.<\/p>\n<h3>I volontari al lavoro insieme agli studenti<\/h3>\n<p>Dopo aver mappato l&#8217;accessibilit\u00e0 dei locali e dei punti di interesse della provincia di Lucca ora <mark>i volontari arrivano a Pisa, dove insieme a 30 studenti dell&#8217;Iis Galilei-Pacinotti inizieranno la mappatura del centro storico.<\/mark> Il progetto, che punta a rendere sempre pi\u00f9 accessibili le citt\u00e0 e a restituire una fotografia il pi\u00f9 veritiera possibile sull&#8217;inclusivit\u00e0 dei luoghi pubblici e non solo, \u00e8 sostenuto da Comune e Confcommercio Pisa con la collaborazione della Provincia di Pisa.<\/p>\n<p>Secondo il presidente di Confcommercio, <strong>Stefano Maestri Accesi,<\/strong><em><strong> &#8220;<\/strong>l&#8217;iniziativa realizza una fotografia <\/em><em>dettagliata dell&#8217;attuale situazione sulla fruibilit\u00e0 di luoghi <\/em><em>di interesse pubblico e privato per chi ha problemi di <\/em><em>accessibilit\u00e0, ma fornisce anche un incentivo a migliorare <\/em><em>quelle situazioni di difficile accesso per i disabili&#8221;.<\/em><\/p>\n<h3>Pronti a mappare musei e locali ma anche gli stabilimenti balneari<\/h3>\n<p>La squadra di studenti si muover\u00e0 tra musei, negozi, uffici pubblici, luoghi di culto, monumenti e tanto altro del centro storico pisano. <mark>Per ogni luogo sar\u00e0 valutata l&#8217;accessibilit\u00e0, la presenza o meno di barriere architettoniche ma anche di possibilit\u00e0 utili a intolleranti, allergici e neo genitori <\/mark>. Tutti i risultati saranno poi caricato sulla <a href=\"https:\/\/senzabarriere.app\/\" target=\"_blank\" rel=\"noopener\">Senzabarriere.app<\/a>.<\/p>\n<p>Successivamente lo stesso lavoro sar\u00e0 effettuato sugli <strong>stabilimenti balneari <\/strong>del litorale pisano in modo che, promettono i promotori dell&#8217;iniziativa la &#8220;<em>Senzabarriere.app sia una vera e propria guida delle possibilit\u00e0 sempre aggiornata e gratuita, per iOs e <\/em><em>Android&#8221;.<br \/>\n<\/em><em>&#8220;Chi usa la nostra applicazione &#8211; <\/em>spiega il presidente di Luccasenzabarriere, <strong>Domenico Passalacqua<\/strong><em> &#8211; ha sempre a <\/em><em>portata di mano un vademecum che permette di vivere la citt\u00e0 in <\/em><em>totale serenit\u00e0&#8221;.<\/em><\/p>\n","protected":false},"excerpt":{"rendered":"<p>L&#8217;idea dell&#8217;associazione Luccasenzabarriere sar\u00e0 adottata anche a Pisa: gli studenti inizieranno la mappatura del centro storico per valutarne l&#8217;accessibilit\u00e0<\/p>\n","protected":false},"author":525,"featured_media":102276,"comment_status":"open","ping_status":"open","sticky":false,"template":"","format":"standard","meta":{"_acf_changed":false,"footnotes":""},"categories":[475],"tags":[5698,406,203],"class_list":["post-286358","post","type-post","status-publish","format-standard","has-post-thumbnail","hentry","category-innovazione","tag-accessibilita","tag-disabilita","tag-pisa"],"acf":[],"yoast_head":"<!-- This site is optimized with the Yoast SEO Premium plugin v24.2 (Yoast SEO v25.6) - https:\/\/yoast.com\/wordpress\/plugins\/seo\/ -->\n<title>Da Lucca arriva a Pisa la App contro le barriere architettoniche - intoscana<\/title>\n<meta name=\"description\" content=\"Arriva a Pisa la app che mappa le barriere architettoniche nelle citt\u00e0 ideata a Lucca: i dati saranno raccolti da volontari e studenti.\" \/>\n<meta name=\"robots\" content=\"index, follow, max-snippet:-1, max-image-preview:large, max-video-preview:-1\" \/>\n<link rel=\"canonical\" href=\"https:\/\/www.intoscana.it\/it\/app-barriere-architettoniche\/\" \/>\n<meta property=\"og:locale\" content=\"it_IT\" \/>\n<meta property=\"og:type\" content=\"article\" \/>\n<meta property=\"og:title\" content=\"Da Lucca arriva a Pisa la App contro le barriere architettoniche\" \/>\n<meta property=\"og:description\" content=\"Arriva a Pisa la app che mappa le barriere architettoniche nelle citt\u00e0 ideata a Lucca: i dati saranno raccolti da volontari e studenti.\" \/>\n<meta property=\"og:url\" content=\"https:\/\/www.intoscana.it\/it\/app-barriere-architettoniche\/\" \/>\n<meta property=\"og:site_name\" content=\"intoscana\" \/>\n<meta property=\"article:publisher\" content=\"https:\/\/www.facebook.com\/intoscana.it\" \/>\n<meta property=\"article:published_time\" content=\"2023-05-11T08:17:00+00:00\" \/>\n<meta property=\"article:modified_time\" content=\"2023-05-11T08:59:51+00:00\" \/>\n<meta property=\"og:image\" content=\"https:\/\/www.intoscana.it\/wp-content\/uploads\/Mediateca-Ledha-6.jpg\" \/>\n\t<meta property=\"og:image:width\" content=\"1000\" \/>\n\t<meta property=\"og:image:height\" content=\"586\" \/>\n\t<meta property=\"og:image:type\" content=\"image\/jpeg\" \/>\n<meta name=\"author\" content=\"Redazione\" \/>\n<meta name=\"twitter:card\" content=\"summary_large_image\" \/>\n<meta name=\"twitter:creator\" content=\"@intoscana\" \/>\n<meta name=\"twitter:site\" content=\"@intoscana\" \/>\n<meta name=\"twitter:label1\" content=\"Written by\" \/>\n\t<meta name=\"twitter:data1\" content=\"Redazione\" \/>\n\t<meta name=\"twitter:label2\" content=\"Est. reading time\" \/>\n\t<meta name=\"twitter:data2\" content=\"2 minuti\" \/>\n<script type=\"application\/ld+json\" class=\"yoast-schema-graph\">{\"@context\":\"https:\/\/schema.org\",\"@graph\":[{\"@type\":\"WebPage\",\"@id\":\"https:\/\/www.intoscana.it\/it\/app-barriere-architettoniche\/\",\"url\":\"https:\/\/www.intoscana.it\/it\/app-barriere-architettoniche\/\",\"name\":\"Da Lucca arriva a Pisa la App contro le barriere architettoniche - intoscana\",\"isPartOf\":{\"@id\":\"https:\/\/www.intoscana.it\/it\/#website\"},\"primaryImageOfPage\":{\"@id\":\"https:\/\/www.intoscana.it\/it\/app-barriere-architettoniche\/#primaryimage\"},\"image\":{\"@id\":\"https:\/\/www.intoscana.it\/it\/app-barriere-architettoniche\/#primaryimage\"},\"thumbnailUrl\":\"https:\/\/www.intoscana.it\/wp-content\/uploads\/Mediateca-Ledha-6.jpg\",\"datePublished\":\"2023-05-11T08:17:00+00:00\",\"dateModified\":\"2023-05-11T08:59:51+00:00\",\"author\":{\"@id\":\"https:\/\/www.intoscana.it\/it\/#\/schema\/person\/9223810753230f20bd670fdd322661f8\"},\"description\":\"Arriva a Pisa la app che mappa le barriere architettoniche nelle citt\u00e0 ideata a Lucca: i dati saranno raccolti da volontari e studenti.\",\"breadcrumb\":{\"@id\":\"https:\/\/www.intoscana.it\/it\/app-barriere-architettoniche\/#breadcrumb\"},\"inLanguage\":\"it-IT\",\"potentialAction\":[{\"@type\":\"ReadAction\",\"target\":[\"https:\/\/www.intoscana.it\/it\/app-barriere-architettoniche\/\"]}]},{\"@type\":\"ImageObject\",\"inLanguage\":\"it-IT\",\"@id\":\"https:\/\/www.intoscana.it\/it\/app-barriere-architettoniche\/#primaryimage\",\"url\":\"https:\/\/www.intoscana.it\/wp-content\/uploads\/Mediateca-Ledha-6.jpg\",\"contentUrl\":\"https:\/\/www.intoscana.it\/wp-content\/uploads\/Mediateca-Ledha-6.jpg\",\"width\":1000,\"height\":586,\"caption\":\"Disabilt\u00e0\"},{\"@type\":\"BreadcrumbList\",\"@id\":\"https:\/\/www.intoscana.it\/it\/app-barriere-architettoniche\/#breadcrumb\",\"itemListElement\":[{\"@type\":\"ListItem\",\"position\":1,\"name\":\"Home\",\"item\":\"https:\/\/www.intoscana.it\/it\/\"},{\"@type\":\"ListItem\",\"position\":2,\"name\":\"Da Lucca arriva a Pisa la App contro le barriere architettoniche\"}]},{\"@type\":\"WebSite\",\"@id\":\"https:\/\/www.intoscana.it\/it\/#website\",\"url\":\"https:\/\/www.intoscana.it\/it\/\",\"name\":\"intoscana\",\"description\":\"\",\"potentialAction\":[{\"@type\":\"SearchAction\",\"target\":{\"@type\":\"EntryPoint\",\"urlTemplate\":\"https:\/\/www.intoscana.it\/it\/?s={search_term_string}\"},\"query-input\":{\"@type\":\"PropertyValueSpecification\",\"valueRequired\":true,\"valueName\":\"search_term_string\"}}],\"inLanguage\":\"it-IT\"},{\"@type\":\"Person\",\"@id\":\"https:\/\/www.intoscana.it\/it\/#\/schema\/person\/9223810753230f20bd670fdd322661f8\",\"name\":\"Redazione\",\"url\":\"https:\/\/www.intoscana.it\/it\/author\/redazione\/\"}]}<\/script>\n<!-- \/ Yoast SEO Premium plugin. -->","yoast_head_json":{"title":"Da Lucca arriva a Pisa la App contro le barriere architettoniche - intoscana","description":"Arriva a Pisa la app che mappa le barriere architettoniche nelle citt\u00e0 ideata a Lucca: i dati saranno raccolti da volontari e studenti.","robots":{"index":"index","follow":"follow","max-snippet":"max-snippet:-1","max-image-preview":"max-image-preview:large","max-video-preview":"max-video-preview:-1"},"canonical":"https:\/\/www.intoscana.it\/it\/app-barriere-architettoniche\/","og_locale":"it_IT","og_type":"article","og_title":"Da Lucca arriva a Pisa la App contro le barriere architettoniche","og_description":"Arriva a Pisa la app che mappa le barriere architettoniche nelle citt\u00e0 ideata a Lucca: i dati saranno raccolti da volontari e studenti.","og_url":"https:\/\/www.intoscana.it\/it\/app-barriere-architettoniche\/","og_site_name":"intoscana","article_publisher":"https:\/\/www.facebook.com\/intoscana.it","article_published_time":"2023-05-11T08:17:00+00:00","article_modified_time":"2023-05-11T08:59:51+00:00","og_image":[{"width":1000,"height":586,"url":"https:\/\/www.intoscana.it\/wp-content\/uploads\/Mediateca-Ledha-6.jpg","type":"image\/jpeg"}],"author":"Redazione","twitter_card":"summary_large_image","twitter_creator":"@intoscana","twitter_site":"@intoscana","twitter_misc":{"Written by":"Redazione","Est. reading time":"2 minuti"},"schema":{"@context":"https:\/\/schema.org","@graph":[{"@type":"WebPage","@id":"https:\/\/www.intoscana.it\/it\/app-barriere-architettoniche\/","url":"https:\/\/www.intoscana.it\/it\/app-barriere-architettoniche\/","name":"Da Lucca arriva a Pisa la App contro le barriere architettoniche - intoscana","isPartOf":{"@id":"https:\/\/www.intoscana.it\/it\/#website"},"primaryImageOfPage":{"@id":"https:\/\/www.intoscana.it\/it\/app-barriere-architettoniche\/#primaryimage"},"image":{"@id":"https:\/\/www.intoscana.it\/it\/app-barriere-architettoniche\/#primaryimage"},"thumbnailUrl":"https:\/\/www.intoscana.it\/wp-content\/uploads\/Mediateca-Ledha-6.jpg","datePublished":"2023-05-11T08:17:00+00:00","dateModified":"2023-05-11T08:59:51+00:00","author":{"@id":"https:\/\/www.intoscana.it\/it\/#\/schema\/person\/9223810753230f20bd670fdd322661f8"},"description":"Arriva a Pisa la app che mappa le barriere architettoniche nelle citt\u00e0 ideata a Lucca: i dati saranno raccolti da volontari e studenti.","breadcrumb":{"@id":"https:\/\/www.intoscana.it\/it\/app-barriere-architettoniche\/#breadcrumb"},"inLanguage":"it-IT","potentialAction":[{"@type":"ReadAction","target":["https:\/\/www.intoscana.it\/it\/app-barriere-architettoniche\/"]}]},{"@type":"ImageObject","inLanguage":"it-IT","@id":"https:\/\/www.intoscana.it\/it\/app-barriere-architettoniche\/#primaryimage","url":"https:\/\/www.intoscana.it\/wp-content\/uploads\/Mediateca-Ledha-6.jpg","contentUrl":"https:\/\/www.intoscana.it\/wp-content\/uploads\/Mediateca-Ledha-6.jpg","width":1000,"height":586,"caption":"Disabilt\u00e0"},{"@type":"BreadcrumbList","@id":"https:\/\/www.intoscana.it\/it\/app-barriere-architettoniche\/#breadcrumb","itemListElement":[{"@type":"ListItem","position":1,"name":"Home","item":"https:\/\/www.intoscana.it\/it\/"},{"@type":"ListItem","position":2,"name":"Da Lucca arriva a Pisa la App contro le barriere architettoniche"}]},{"@type":"WebSite","@id":"https:\/\/www.intoscana.it\/it\/#website","url":"https:\/\/www.intoscana.it\/it\/","name":"intoscana","description":"","potentialAction":[{"@type":"SearchAction","target":{"@type":"EntryPoint","urlTemplate":"https:\/\/www.intoscana.it\/it\/?s={search_term_string}"},"query-input":{"@type":"PropertyValueSpecification","valueRequired":true,"valueName":"search_term_string"}}],"inLanguage":"it-IT"},{"@type":"Person","@id":"https:\/\/www.intoscana.it\/it\/#\/schema\/person\/9223810753230f20bd670fdd322661f8","name":"Redazione","url":"https:\/\/www.intoscana.it\/it\/author\/redazione\/"}]}},"_links":{"self":[{"href":"https:\/\/www.intoscana.it\/it\/wp-json\/wp\/v2\/posts\/286358","targetHints":{"allow":["GET"]}}],"collection":[{"href":"https:\/\/www.intoscana.it\/it\/wp-json\/wp\/v2\/posts"}],"about":[{"href":"https:\/\/www.intoscana.it\/it\/wp-json\/wp\/v2\/types\/post"}],"author":[{"embeddable":true,"href":"https:\/\/www.intoscana.it\/it\/wp-json\/wp\/v2\/users\/525"}],"replies":[{"embeddable":true,"href":"https:\/\/www.intoscana.it\/it\/wp-json\/wp\/v2\/comments?post=286358"}],"version-history":[{"count":0,"href":"https:\/\/www.intoscana.it\/it\/wp-json\/wp\/v2\/posts\/286358\/revisions"}],"wp:featuredmedia":[{"embeddable":true,"href":"https:\/\/www.intoscana.it\/it\/wp-json\/wp\/v2\/media\/102276"}],"wp:attachment":[{"href":"https:\/\/www.intoscana.it\/it\/wp-json\/wp\/v2\/media?parent=286358"}],"wp:term":[{"taxonomy":"category","embeddable":true,"href":"https:\/\/www.intoscana.it\/it\/wp-json\/wp\/v2\/categories?post=286358"},{"taxonomy":"post_tag","embeddable":true,"href":"https:\/\/www.intoscana.it\/it\/wp-json\/wp\/v2\/tags?post=286358"}],"curies":[{"name":"wp","href":"https:\/\/api.w.org\/{rel}","templated":true}]}}