{"id":286487,"date":"2023-05-11T16:21:30","date_gmt":"2023-05-11T14:21:30","guid":{"rendered":"https:\/\/www.intoscana.it\/it\/?p=286487"},"modified":"2023-05-11T17:39:57","modified_gmt":"2023-05-11T15:39:57","slug":"cambia-menti-bagno-a-ripoli","status":"publish","type":"post","link":"https:\/\/www.intoscana.it\/it\/cambia-menti-bagno-a-ripoli\/","title":{"rendered":"Cambia-Menti: a Bagno a Ripoli torna il festival dedicato ai giovani"},"content":{"rendered":"<p>Due giornate in cui i <strong>giovani<\/strong>, interpreti e voci dello sviluppo territoriale, saranno i protagonisti, affiancati da esperti, volontari e professionisti. \u00c8 questo il programma del <strong>festival Cambia-Menti,<\/strong> in programma a Bagno a Ripoli. L\u2019appuntamento \u00e8 per <strong>gioved\u00ec 18<\/strong> al Teatro comunale di Antella e per <strong>sabato 20 maggio<\/strong> all&#8217;antico Spedale del Bigallo, dove le ragazze e i ragazzi saranno coinvolti <strong>in talk e laboratori<\/strong> su tematiche dell\u2019attualit\u00e0 come sostenibilit\u00e0, lavoro, diritti, transizione digitale ed energetica, economia civile, sviluppo locale, gaming, sport e benessere psicosociale.<\/p>\n<p>Il format \u00e8 organizzato dal <strong>Comune di Bagno a Ripoli<\/strong> e <strong>dalla Consulta dei giovani<\/strong>, in collaborazione con la cooperativa sociale Coop.21, e realizzato grazie al contributo del <strong>Consiglio regionale della Toscana.<\/strong><\/p>\n<h3>Capire il presente per costruire il futuro<\/h3>\n<p><em>\u201cAbbiamo scelto di investire sulle giovani generazioni<\/em> \u2013 ha dichiarato il presidente del Consiglio regionale <strong>Antonio Mazzeo<\/strong> &#8211; <em>e questo progetto nasce proprio dall&#8217;idea di cercare di restituire alle ragazze e ai ragazzi ci\u00f2 che durante la pandemia non hanno avuto, come la possibilit\u00e0 di creare socialit\u00e0 e di co-progettare insieme a noi il futuro. Questa due giorni sar\u00e0 un modo per approfondire <mark>parole come \u2018diritti\u2019, \u2018ambiente\u2019, \u2018transizione digitale\u2019. Sono queste, insieme a \u2018socialit\u00e0\u2019, le parole chiave per costruire la Toscana del 2050\u201d.<\/mark><\/em><\/p>\n<p>Obiettivo del format, come ha spiegato il sindaco di Bagno a Ripoli, <strong>Francesco Casini<\/strong>, \u201c<em>\u00e8 quello di favorire la partecipazione delle nuove generazioni allo sviluppo della comunit\u00e0 locale. <\/em>U<em>na palestra del fare su tanti temi di attualit\u00e0. Un luogo dove ragazze e ragazzi possono farsi largo diventando protagonisti dello sviluppo sociale dei territori\u201d.<\/em><\/p>\n<p>Le mattine del 18 e del 20\u00a0maggio\u00a0saranno dedicate <strong>agli studenti\u00a0<\/strong>dell\u2019Istituto superiore Gobetti-Volta di Bagno a Ripoli e alle Consulte \u201cgemelle\u201d dell&#8217;area fiorentina, mentre\u00a0i panel del pomeriggio del 20\u00a0maggio\u00a0saranno aperti a tutta<strong> la cittadinanza.<\/strong>\u00a0Al termine delle sessioni si svolgeranno workshop e laboratori finalizzati a sviluppare una riflessione e un pensiero critico con attivit\u00e0 interattive e laboratori di progettualit\u00e0 da attuare nella vita di tutti i giorni e nel proprio territorio. Sabato 20 seguir\u00e0 una serata con cena e musica con Djset.<\/p>\n<h3>Gli ospiti di Cambia-Menti<\/h3>\n<p>Tra gli ospiti<strong>\u00a0<\/strong>l\u2019ex vicepresidente del Consiglio Superiore della Magistratura\u00a0<strong>David Ermini<\/strong>, il portavoce del presidente della Regione Toscana e consigliere speciale a Innovazione e politiche giovanili\u00a0<strong>Bernard Dika<\/strong>, l\u2019ecologista, gi\u00e0 vincitore del \u201cGoldman Environmental Prize\u201d, il \u201cNobel\u201d per l\u2019ambiente,\u00a0<strong>Rossano Ercolini<\/strong>, presidente di Zero Waste Europe, la scrittrice e attivista\u00a0<strong>Giulia Blasi<\/strong>, i volontari di\u00a0<strong>Sos Mediterranee, Dynamo Camp<\/strong>\u00a0e\u00a0<strong>Psicologi On the Road<\/strong>, il filosofo\u00a0<strong>Nicola Donti<\/strong>, la scrittrice\u00a0<strong>Allegra Salvini<\/strong>\u00a0e i referenti della societ\u00e0 sportiva\u00a0<strong>Centro storico Lebowski.<\/strong><\/p>\n<p><em>\u201cPer la seconda edizione del festival abbiamo pensato in grande<\/em> \u2013 aggiunge il presidente della Consulta dei Giovani di Bagno a Ripoli, <strong>Niccol\u00f2 Meucci\u00a0<\/strong>&#8211; <em>realt\u00e0 virtuose del territorio, relatori ed esperti da tutta Italia sono pronti a dibattere e raccontare le proprie esperienze, mettendo a disposizione dei partecipanti i propri punti di vista, esaltando l\u2019energia giovanile e la voglia di mettersi in gioco per creare un cambiamento reale all\u2019interno della propria comunit\u00e0 e nella vita quotidiana. Alimentando infine la consapevolezza che per essere futuro dobbiamo capire il presente ed esserne protagonisti\u201d.<\/em><\/p>\n<p>&nbsp;<\/p>\n","protected":false},"excerpt":{"rendered":"<p>Il 18 e il 20 maggio in programma l&#8217;evento organizzato dal Comune e dalla Consulta dei giovani col sostegno del Consiglio regionale della Toscana<\/p>\n","protected":false},"author":525,"featured_media":286488,"comment_status":"open","ping_status":"open","sticky":false,"template":"","format":"standard","meta":{"_acf_changed":false,"footnotes":""},"categories":[494],"tags":[4760,4753,221],"class_list":["post-286487","post","type-post","status-publish","format-standard","has-post-thumbnail","hentry","category-attualita","tag-antonio-mazzeo","tag-consiglio-regionale-della-toscana","tag-giovani"],"acf":[],"yoast_head":"<!-- This site is optimized with the Yoast SEO Premium plugin v24.2 (Yoast SEO v25.6) - https:\/\/yoast.com\/wordpress\/plugins\/seo\/ -->\n<title>Cambia-Menti: a Bagno a Ripoli torna il festival dedicato ai giovani - intoscana<\/title>\n<meta name=\"description\" content=\"Il 18 e 20 maggio a Bagno a Ripoli torna il festival &quot;Cambia-Menti&quot; dedicato ai giovani ma aperto a tutta la cittadinanza.\" \/>\n<meta name=\"robots\" content=\"index, follow, max-snippet:-1, max-image-preview:large, max-video-preview:-1\" \/>\n<link rel=\"canonical\" href=\"https:\/\/www.intoscana.it\/it\/cambia-menti-bagno-a-ripoli\/\" \/>\n<meta property=\"og:locale\" content=\"it_IT\" \/>\n<meta property=\"og:type\" content=\"article\" \/>\n<meta property=\"og:title\" content=\"Cambia-Menti: a Bagno a Ripoli torna il festival dedicato ai giovani\" \/>\n<meta property=\"og:description\" content=\"Il 18 e 20 maggio a Bagno a Ripoli torna il festival &quot;Cambia-Menti&quot; dedicato ai giovani ma aperto a tutta la cittadinanza.\" \/>\n<meta property=\"og:url\" content=\"https:\/\/www.intoscana.it\/it\/cambia-menti-bagno-a-ripoli\/\" \/>\n<meta property=\"og:site_name\" content=\"intoscana\" \/>\n<meta property=\"article:publisher\" content=\"https:\/\/www.facebook.com\/intoscana.it\" \/>\n<meta property=\"article:published_time\" content=\"2023-05-11T14:21:30+00:00\" \/>\n<meta property=\"article:modified_time\" content=\"2023-05-11T15:39:57+00:00\" \/>\n<meta property=\"og:image\" content=\"https:\/\/www.intoscana.it\/wp-content\/uploads\/Cambiamenti2-2000x1500-1.jpeg\" \/>\n\t<meta property=\"og:image:width\" content=\"2000\" \/>\n\t<meta property=\"og:image:height\" content=\"1500\" \/>\n\t<meta property=\"og:image:type\" content=\"image\/jpeg\" \/>\n<meta name=\"author\" content=\"Redazione\" \/>\n<meta name=\"twitter:card\" content=\"summary_large_image\" \/>\n<meta name=\"twitter:creator\" content=\"@intoscana\" \/>\n<meta name=\"twitter:site\" content=\"@intoscana\" \/>\n<meta name=\"twitter:label1\" content=\"Written by\" \/>\n\t<meta name=\"twitter:data1\" content=\"Redazione\" \/>\n\t<meta name=\"twitter:label2\" content=\"Est. reading time\" \/>\n\t<meta name=\"twitter:data2\" content=\"3 minuti\" \/>\n<script type=\"application\/ld+json\" class=\"yoast-schema-graph\">{\"@context\":\"https:\/\/schema.org\",\"@graph\":[{\"@type\":\"WebPage\",\"@id\":\"https:\/\/www.intoscana.it\/it\/cambia-menti-bagno-a-ripoli\/\",\"url\":\"https:\/\/www.intoscana.it\/it\/cambia-menti-bagno-a-ripoli\/\",\"name\":\"Cambia-Menti: a Bagno a Ripoli torna il festival dedicato ai giovani - intoscana\",\"isPartOf\":{\"@id\":\"https:\/\/www.intoscana.it\/it\/#website\"},\"primaryImageOfPage\":{\"@id\":\"https:\/\/www.intoscana.it\/it\/cambia-menti-bagno-a-ripoli\/#primaryimage\"},\"image\":{\"@id\":\"https:\/\/www.intoscana.it\/it\/cambia-menti-bagno-a-ripoli\/#primaryimage\"},\"thumbnailUrl\":\"https:\/\/www.intoscana.it\/wp-content\/uploads\/Cambiamenti2-2000x1500-1.jpeg\",\"datePublished\":\"2023-05-11T14:21:30+00:00\",\"dateModified\":\"2023-05-11T15:39:57+00:00\",\"author\":{\"@id\":\"https:\/\/www.intoscana.it\/it\/#\/schema\/person\/9223810753230f20bd670fdd322661f8\"},\"description\":\"Il 18 e 20 maggio a Bagno a Ripoli torna il festival \\\"Cambia-Menti\\\" dedicato ai giovani ma aperto a tutta la cittadinanza.\",\"breadcrumb\":{\"@id\":\"https:\/\/www.intoscana.it\/it\/cambia-menti-bagno-a-ripoli\/#breadcrumb\"},\"inLanguage\":\"it-IT\",\"potentialAction\":[{\"@type\":\"ReadAction\",\"target\":[\"https:\/\/www.intoscana.it\/it\/cambia-menti-bagno-a-ripoli\/\"]}]},{\"@type\":\"ImageObject\",\"inLanguage\":\"it-IT\",\"@id\":\"https:\/\/www.intoscana.it\/it\/cambia-menti-bagno-a-ripoli\/#primaryimage\",\"url\":\"https:\/\/www.intoscana.it\/wp-content\/uploads\/Cambiamenti2-2000x1500-1.jpeg\",\"contentUrl\":\"https:\/\/www.intoscana.it\/wp-content\/uploads\/Cambiamenti2-2000x1500-1.jpeg\",\"width\":2000,\"height\":1500,\"caption\":\"La presentazione del festival Cambia-Menti in Consiglio regionale\"},{\"@type\":\"BreadcrumbList\",\"@id\":\"https:\/\/www.intoscana.it\/it\/cambia-menti-bagno-a-ripoli\/#breadcrumb\",\"itemListElement\":[{\"@type\":\"ListItem\",\"position\":1,\"name\":\"Home\",\"item\":\"https:\/\/www.intoscana.it\/it\/\"},{\"@type\":\"ListItem\",\"position\":2,\"name\":\"Cambia-Menti: a Bagno a Ripoli torna il festival dedicato ai giovani\"}]},{\"@type\":\"WebSite\",\"@id\":\"https:\/\/www.intoscana.it\/it\/#website\",\"url\":\"https:\/\/www.intoscana.it\/it\/\",\"name\":\"intoscana\",\"description\":\"\",\"potentialAction\":[{\"@type\":\"SearchAction\",\"target\":{\"@type\":\"EntryPoint\",\"urlTemplate\":\"https:\/\/www.intoscana.it\/it\/?s={search_term_string}\"},\"query-input\":{\"@type\":\"PropertyValueSpecification\",\"valueRequired\":true,\"valueName\":\"search_term_string\"}}],\"inLanguage\":\"it-IT\"},{\"@type\":\"Person\",\"@id\":\"https:\/\/www.intoscana.it\/it\/#\/schema\/person\/9223810753230f20bd670fdd322661f8\",\"name\":\"Redazione\",\"url\":\"https:\/\/www.intoscana.it\/it\/author\/redazione\/\"}]}<\/script>\n<!-- \/ Yoast SEO Premium plugin. -->","yoast_head_json":{"title":"Cambia-Menti: a Bagno a Ripoli torna il festival dedicato ai giovani - intoscana","description":"Il 18 e 20 maggio a Bagno a Ripoli torna il festival \"Cambia-Menti\" dedicato ai giovani ma aperto a tutta la cittadinanza.","robots":{"index":"index","follow":"follow","max-snippet":"max-snippet:-1","max-image-preview":"max-image-preview:large","max-video-preview":"max-video-preview:-1"},"canonical":"https:\/\/www.intoscana.it\/it\/cambia-menti-bagno-a-ripoli\/","og_locale":"it_IT","og_type":"article","og_title":"Cambia-Menti: a Bagno a Ripoli torna il festival dedicato ai giovani","og_description":"Il 18 e 20 maggio a Bagno a Ripoli torna il festival \"Cambia-Menti\" dedicato ai giovani ma aperto a tutta la cittadinanza.","og_url":"https:\/\/www.intoscana.it\/it\/cambia-menti-bagno-a-ripoli\/","og_site_name":"intoscana","article_publisher":"https:\/\/www.facebook.com\/intoscana.it","article_published_time":"2023-05-11T14:21:30+00:00","article_modified_time":"2023-05-11T15:39:57+00:00","og_image":[{"width":2000,"height":1500,"url":"https:\/\/www.intoscana.it\/wp-content\/uploads\/Cambiamenti2-2000x1500-1.jpeg","type":"image\/jpeg"}],"author":"Redazione","twitter_card":"summary_large_image","twitter_creator":"@intoscana","twitter_site":"@intoscana","twitter_misc":{"Written by":"Redazione","Est. reading time":"3 minuti"},"schema":{"@context":"https:\/\/schema.org","@graph":[{"@type":"WebPage","@id":"https:\/\/www.intoscana.it\/it\/cambia-menti-bagno-a-ripoli\/","url":"https:\/\/www.intoscana.it\/it\/cambia-menti-bagno-a-ripoli\/","name":"Cambia-Menti: a Bagno a Ripoli torna il festival dedicato ai giovani - intoscana","isPartOf":{"@id":"https:\/\/www.intoscana.it\/it\/#website"},"primaryImageOfPage":{"@id":"https:\/\/www.intoscana.it\/it\/cambia-menti-bagno-a-ripoli\/#primaryimage"},"image":{"@id":"https:\/\/www.intoscana.it\/it\/cambia-menti-bagno-a-ripoli\/#primaryimage"},"thumbnailUrl":"https:\/\/www.intoscana.it\/wp-content\/uploads\/Cambiamenti2-2000x1500-1.jpeg","datePublished":"2023-05-11T14:21:30+00:00","dateModified":"2023-05-11T15:39:57+00:00","author":{"@id":"https:\/\/www.intoscana.it\/it\/#\/schema\/person\/9223810753230f20bd670fdd322661f8"},"description":"Il 18 e 20 maggio a Bagno a Ripoli torna il festival \"Cambia-Menti\" dedicato ai giovani ma aperto a tutta la cittadinanza.","breadcrumb":{"@id":"https:\/\/www.intoscana.it\/it\/cambia-menti-bagno-a-ripoli\/#breadcrumb"},"inLanguage":"it-IT","potentialAction":[{"@type":"ReadAction","target":["https:\/\/www.intoscana.it\/it\/cambia-menti-bagno-a-ripoli\/"]}]},{"@type":"ImageObject","inLanguage":"it-IT","@id":"https:\/\/www.intoscana.it\/it\/cambia-menti-bagno-a-ripoli\/#primaryimage","url":"https:\/\/www.intoscana.it\/wp-content\/uploads\/Cambiamenti2-2000x1500-1.jpeg","contentUrl":"https:\/\/www.intoscana.it\/wp-content\/uploads\/Cambiamenti2-2000x1500-1.jpeg","width":2000,"height":1500,"caption":"La presentazione del festival Cambia-Menti in Consiglio regionale"},{"@type":"BreadcrumbList","@id":"https:\/\/www.intoscana.it\/it\/cambia-menti-bagno-a-ripoli\/#breadcrumb","itemListElement":[{"@type":"ListItem","position":1,"name":"Home","item":"https:\/\/www.intoscana.it\/it\/"},{"@type":"ListItem","position":2,"name":"Cambia-Menti: a Bagno a Ripoli torna il festival dedicato ai giovani"}]},{"@type":"WebSite","@id":"https:\/\/www.intoscana.it\/it\/#website","url":"https:\/\/www.intoscana.it\/it\/","name":"intoscana","description":"","potentialAction":[{"@type":"SearchAction","target":{"@type":"EntryPoint","urlTemplate":"https:\/\/www.intoscana.it\/it\/?s={search_term_string}"},"query-input":{"@type":"PropertyValueSpecification","valueRequired":true,"valueName":"search_term_string"}}],"inLanguage":"it-IT"},{"@type":"Person","@id":"https:\/\/www.intoscana.it\/it\/#\/schema\/person\/9223810753230f20bd670fdd322661f8","name":"Redazione","url":"https:\/\/www.intoscana.it\/it\/author\/redazione\/"}]}},"_links":{"self":[{"href":"https:\/\/www.intoscana.it\/it\/wp-json\/wp\/v2\/posts\/286487","targetHints":{"allow":["GET"]}}],"collection":[{"href":"https:\/\/www.intoscana.it\/it\/wp-json\/wp\/v2\/posts"}],"about":[{"href":"https:\/\/www.intoscana.it\/it\/wp-json\/wp\/v2\/types\/post"}],"author":[{"embeddable":true,"href":"https:\/\/www.intoscana.it\/it\/wp-json\/wp\/v2\/users\/525"}],"replies":[{"embeddable":true,"href":"https:\/\/www.intoscana.it\/it\/wp-json\/wp\/v2\/comments?post=286487"}],"version-history":[{"count":0,"href":"https:\/\/www.intoscana.it\/it\/wp-json\/wp\/v2\/posts\/286487\/revisions"}],"wp:featuredmedia":[{"embeddable":true,"href":"https:\/\/www.intoscana.it\/it\/wp-json\/wp\/v2\/media\/286488"}],"wp:attachment":[{"href":"https:\/\/www.intoscana.it\/it\/wp-json\/wp\/v2\/media?parent=286487"}],"wp:term":[{"taxonomy":"category","embeddable":true,"href":"https:\/\/www.intoscana.it\/it\/wp-json\/wp\/v2\/categories?post=286487"},{"taxonomy":"post_tag","embeddable":true,"href":"https:\/\/www.intoscana.it\/it\/wp-json\/wp\/v2\/tags?post=286487"}],"curies":[{"name":"wp","href":"https:\/\/api.w.org\/{rel}","templated":true}]}}