{"id":286496,"date":"2023-05-11T17:35:31","date_gmt":"2023-05-11T15:35:31","guid":{"rendered":"https:\/\/www.intoscana.it\/it\/?p=286496"},"modified":"2023-05-11T17:35:31","modified_gmt":"2023-05-11T15:35:31","slug":"festival-think-in-valdarno-tre-giorni-dedicati-alla-cultura-digitale","status":"publish","type":"post","link":"https:\/\/www.intoscana.it\/it\/festival-think-in-valdarno-tre-giorni-dedicati-alla-cultura-digitale\/","title":{"rendered":"Festival Think: in Valdarno tre giorni dedicati alla cultura digitale"},"content":{"rendered":"<p>Si intitola <strong>Think<\/strong>, \u00e8 il Festiva dedicato alla cultura digitale: dal 12 al 14 maggio far\u00e0 di <strong>Figline Incisa Valdarno<\/strong> la capitale delle <strong>nuove tecnologie<\/strong> e delle <strong>esperienze digitali<\/strong>. Un festival aperto a tutti per parlare di <mark>social network, Metaverso, gaming e intelligenza artificiale tra laboratori, giochi<\/mark>, esperienze in VR e dimostrazioni per tutti, a cominciare dai bambini alle donne 4.0.<\/p>\n<p>Lo slogan &#8220;<em>Il futuro \u00e8 gi\u00e0 sotto i tuoi occhi<\/em>&#8221; accompagner\u00e0 i visitatori nella tre giorni. Sar\u00e0 possibile provare in prima persona al Palazzo Pretorio <strong>Think Invasion<\/strong>, il videogioco con VR realizzato per il festival. I visitatori potranno cimentarsi in giochi mitici come <strong>Puzzle Bubble, Tetris, Pacman<\/strong> e tanti altri grazie ai cabinati Ottanta e Novanta. Per gli artisti digitali ci sar\u00e0 la possibilit\u00e0 di dipingere <strong>la Gioconda virtuale<\/strong>: un viaggio nella realt\u00e0 virtuale di Leonardo da Vinci.<\/p>\n<figure id=\"post-286505 media-286505\" class=\"align-none\"><img decoding=\"async\" src=\"https:\/\/www.intoscana.it\/wp-content\/uploads\/palazzo-pretorio-think.jpg\" alt=\"\" \/><\/figure>\n<div class=\"titleimg\">Il festival Think a Palazzo Pretorio a Figline Incisa Valdarno<\/div>\n<p>Di <strong>donne e tecnologia<\/strong> si discuter\u00e0 invece nella tavola rotonda domenica 14 maggio (ore 11) presso il Ridotto del Teatro Garibaldi mentre il mondo del lavoro sar\u00e0 protagonista del <strong>laboratorio di coaching <\/strong>rivolto ad aziende, liberi professionisti e studenti sabato 13 maggio a Villa Casagrande (ore 11-12 e 15-17).<\/p>\n<p>Venerd\u00ec 12 maggio (ore 16), ancora al Ridotto del Garibaldi il workshop su <strong>social e mondo dell\u2019intrattenimento, <\/strong>con un focus sull\u2019utilizzo professionale di <strong>TikTok<\/strong>. Infine, sempre a proposito di lavoro, sabato 13 maggio (ore 15) si parler\u00e0, ancora al Ridotto del Teatro Garibaldi, di come sfruttare al meglio <strong>Linkedin<\/strong>.<\/p>\n<p>Ospite d&#8217;onore della manifestazione sar\u00e0 <strong>Sbriser<\/strong>, al secolo Francesco Sanfilippo, classe 2001, uno dei gamer pi\u00f9 famosi su Youtube. Della sua esperienza (oltre un milione e mezzo di iscritti al suo canale e pi\u00f9 di un miliardo di visualizzazioni per i suoi video) parler\u00e0 al pubblico di Think il 14 maggio al Teatro Garibaldi.<\/p>\n<p>&#8220;<em>Siamo di fronte ad un programma di qualit\u00e0, ricco di numerose offerte e suggestioni<\/em> &#8211; commentano il presidente della Regione Toscana <strong>Eugenio Giani<\/strong> e l&#8217;assessore regionale all&#8217;e-governament e alle tecnologie digitali <strong>Stefano Ciuoffo<\/strong> -. <em>Il Festival \u00e8 una sfida appassionante ed un confronto alla pari con le nuove tecnologie. E&#8217; la Toscana capace di innovare e di dialogare con il mondo, utilizzando il meglio della digitalizzazione e al meglio le possibilit\u00e0 che la digitalizzazione offre cos\u00ec da sviluppare non solo il digitale, ma una vera e propria cultura che faccia da bagaglio per vivere il mondo della tecnologia e dell&#8217;innovazione come una risorsa e non una minaccia, come un&#8217;opportunit\u00e0 per compiere passi importanti<\/em>&#8220;.<\/p>\n","protected":false},"excerpt":{"rendered":"<p>Un week-end tra laboratori, giochi, esperienze in VR e dimostrazioni dedicate a social network, Metaverso, gaming e intelligenza artificiale<\/p>\n","protected":false},"author":554,"featured_media":144045,"comment_status":"open","ping_status":"open","sticky":false,"template":"","format":"standard","meta":{"_acf_changed":false,"footnotes":""},"categories":[475],"tags":[4568],"class_list":["post-286496","post","type-post","status-publish","format-standard","has-post-thumbnail","hentry","category-innovazione","tag-digitale"],"acf":[],"yoast_head":"<!-- This site is optimized with the Yoast SEO Premium plugin v24.2 (Yoast SEO v25.6) - https:\/\/yoast.com\/wordpress\/plugins\/seo\/ -->\n<title>Festival Think: in Valdarno tre giorni dedicati alla cultura digitale - intoscana<\/title>\n<meta name=\"description\" content=\"Un week-end tra laboratori, giochi, esperienze in VR e dimostrazioni dedicate a social network, Metaverso, gaming e intelligenza artificiale\" \/>\n<meta name=\"robots\" content=\"index, follow, max-snippet:-1, max-image-preview:large, max-video-preview:-1\" \/>\n<link rel=\"canonical\" href=\"https:\/\/www.intoscana.it\/it\/festival-think-in-valdarno-tre-giorni-dedicati-alla-cultura-digitale\/\" \/>\n<meta property=\"og:locale\" content=\"it_IT\" \/>\n<meta property=\"og:type\" content=\"article\" \/>\n<meta property=\"og:title\" content=\"Festival Think: in Valdarno tre giorni dedicati alla cultura digitale\" \/>\n<meta property=\"og:description\" content=\"Un week-end tra laboratori, giochi, esperienze in VR e dimostrazioni dedicate a social network, Metaverso, gaming e intelligenza artificiale\" \/>\n<meta property=\"og:url\" content=\"https:\/\/www.intoscana.it\/it\/festival-think-in-valdarno-tre-giorni-dedicati-alla-cultura-digitale\/\" \/>\n<meta property=\"og:site_name\" content=\"intoscana\" \/>\n<meta property=\"article:publisher\" content=\"https:\/\/www.facebook.com\/intoscana.it\" \/>\n<meta property=\"article:published_time\" content=\"2023-05-11T15:35:31+00:00\" \/>\n<meta property=\"og:image\" content=\"https:\/\/www.intoscana.it\/wp-content\/uploads\/digitale-29.jpg\" \/>\n\t<meta property=\"og:image:width\" content=\"2000\" \/>\n\t<meta property=\"og:image:height\" content=\"1200\" \/>\n\t<meta property=\"og:image:type\" content=\"image\/jpeg\" \/>\n<meta name=\"author\" content=\"Raffaella Galamini\" \/>\n<meta name=\"twitter:card\" content=\"summary_large_image\" \/>\n<meta name=\"twitter:creator\" content=\"@orio\" \/>\n<meta name=\"twitter:site\" content=\"@intoscana\" \/>\n<meta name=\"twitter:label1\" content=\"Written by\" \/>\n\t<meta name=\"twitter:data1\" content=\"Raffaella Galamini\" \/>\n\t<meta name=\"twitter:label2\" content=\"Est. reading time\" \/>\n\t<meta name=\"twitter:data2\" content=\"2 minuti\" \/>\n<script type=\"application\/ld+json\" class=\"yoast-schema-graph\">{\"@context\":\"https:\/\/schema.org\",\"@graph\":[{\"@type\":\"WebPage\",\"@id\":\"https:\/\/www.intoscana.it\/it\/festival-think-in-valdarno-tre-giorni-dedicati-alla-cultura-digitale\/\",\"url\":\"https:\/\/www.intoscana.it\/it\/festival-think-in-valdarno-tre-giorni-dedicati-alla-cultura-digitale\/\",\"name\":\"Festival Think: in Valdarno tre giorni dedicati alla cultura digitale - intoscana\",\"isPartOf\":{\"@id\":\"https:\/\/www.intoscana.it\/it\/#website\"},\"primaryImageOfPage\":{\"@id\":\"https:\/\/www.intoscana.it\/it\/festival-think-in-valdarno-tre-giorni-dedicati-alla-cultura-digitale\/#primaryimage\"},\"image\":{\"@id\":\"https:\/\/www.intoscana.it\/it\/festival-think-in-valdarno-tre-giorni-dedicati-alla-cultura-digitale\/#primaryimage\"},\"thumbnailUrl\":\"https:\/\/www.intoscana.it\/wp-content\/uploads\/digitale-29.jpg\",\"datePublished\":\"2023-05-11T15:35:31+00:00\",\"author\":{\"@id\":\"https:\/\/www.intoscana.it\/it\/#\/schema\/person\/9eb9daa846a49fe51af39a73d9d1986b\"},\"description\":\"Un week-end tra laboratori, giochi, esperienze in VR e dimostrazioni dedicate a social network, Metaverso, gaming e intelligenza artificiale\",\"breadcrumb\":{\"@id\":\"https:\/\/www.intoscana.it\/it\/festival-think-in-valdarno-tre-giorni-dedicati-alla-cultura-digitale\/#breadcrumb\"},\"inLanguage\":\"it-IT\",\"potentialAction\":[{\"@type\":\"ReadAction\",\"target\":[\"https:\/\/www.intoscana.it\/it\/festival-think-in-valdarno-tre-giorni-dedicati-alla-cultura-digitale\/\"]}]},{\"@type\":\"ImageObject\",\"inLanguage\":\"it-IT\",\"@id\":\"https:\/\/www.intoscana.it\/it\/festival-think-in-valdarno-tre-giorni-dedicati-alla-cultura-digitale\/#primaryimage\",\"url\":\"https:\/\/www.intoscana.it\/wp-content\/uploads\/digitale-29.jpg\",\"contentUrl\":\"https:\/\/www.intoscana.it\/wp-content\/uploads\/digitale-29.jpg\",\"width\":2000,\"height\":1200,\"caption\":\"Innovazione digitale\"},{\"@type\":\"BreadcrumbList\",\"@id\":\"https:\/\/www.intoscana.it\/it\/festival-think-in-valdarno-tre-giorni-dedicati-alla-cultura-digitale\/#breadcrumb\",\"itemListElement\":[{\"@type\":\"ListItem\",\"position\":1,\"name\":\"Home\",\"item\":\"https:\/\/www.intoscana.it\/it\/\"},{\"@type\":\"ListItem\",\"position\":2,\"name\":\"Festival Think: in Valdarno tre giorni dedicati alla cultura digitale\"}]},{\"@type\":\"WebSite\",\"@id\":\"https:\/\/www.intoscana.it\/it\/#website\",\"url\":\"https:\/\/www.intoscana.it\/it\/\",\"name\":\"intoscana\",\"description\":\"\",\"potentialAction\":[{\"@type\":\"SearchAction\",\"target\":{\"@type\":\"EntryPoint\",\"urlTemplate\":\"https:\/\/www.intoscana.it\/it\/?s={search_term_string}\"},\"query-input\":{\"@type\":\"PropertyValueSpecification\",\"valueRequired\":true,\"valueName\":\"search_term_string\"}}],\"inLanguage\":\"it-IT\"},{\"@type\":\"Person\",\"@id\":\"https:\/\/www.intoscana.it\/it\/#\/schema\/person\/9eb9daa846a49fe51af39a73d9d1986b\",\"name\":\"Raffaella Galamini\",\"sameAs\":[\"https:\/\/x.com\/orio\"],\"url\":\"https:\/\/www.intoscana.it\/it\/author\/r-galamini\/\"}]}<\/script>\n<!-- \/ Yoast SEO Premium plugin. -->","yoast_head_json":{"title":"Festival Think: in Valdarno tre giorni dedicati alla cultura digitale - intoscana","description":"Un week-end tra laboratori, giochi, esperienze in VR e dimostrazioni dedicate a social network, Metaverso, gaming e intelligenza artificiale","robots":{"index":"index","follow":"follow","max-snippet":"max-snippet:-1","max-image-preview":"max-image-preview:large","max-video-preview":"max-video-preview:-1"},"canonical":"https:\/\/www.intoscana.it\/it\/festival-think-in-valdarno-tre-giorni-dedicati-alla-cultura-digitale\/","og_locale":"it_IT","og_type":"article","og_title":"Festival Think: in Valdarno tre giorni dedicati alla cultura digitale","og_description":"Un week-end tra laboratori, giochi, esperienze in VR e dimostrazioni dedicate a social network, Metaverso, gaming e intelligenza artificiale","og_url":"https:\/\/www.intoscana.it\/it\/festival-think-in-valdarno-tre-giorni-dedicati-alla-cultura-digitale\/","og_site_name":"intoscana","article_publisher":"https:\/\/www.facebook.com\/intoscana.it","article_published_time":"2023-05-11T15:35:31+00:00","og_image":[{"width":2000,"height":1200,"url":"https:\/\/www.intoscana.it\/wp-content\/uploads\/digitale-29.jpg","type":"image\/jpeg"}],"author":"Raffaella Galamini","twitter_card":"summary_large_image","twitter_creator":"@orio","twitter_site":"@intoscana","twitter_misc":{"Written by":"Raffaella Galamini","Est. reading time":"2 minuti"},"schema":{"@context":"https:\/\/schema.org","@graph":[{"@type":"WebPage","@id":"https:\/\/www.intoscana.it\/it\/festival-think-in-valdarno-tre-giorni-dedicati-alla-cultura-digitale\/","url":"https:\/\/www.intoscana.it\/it\/festival-think-in-valdarno-tre-giorni-dedicati-alla-cultura-digitale\/","name":"Festival Think: in Valdarno tre giorni dedicati alla cultura digitale - intoscana","isPartOf":{"@id":"https:\/\/www.intoscana.it\/it\/#website"},"primaryImageOfPage":{"@id":"https:\/\/www.intoscana.it\/it\/festival-think-in-valdarno-tre-giorni-dedicati-alla-cultura-digitale\/#primaryimage"},"image":{"@id":"https:\/\/www.intoscana.it\/it\/festival-think-in-valdarno-tre-giorni-dedicati-alla-cultura-digitale\/#primaryimage"},"thumbnailUrl":"https:\/\/www.intoscana.it\/wp-content\/uploads\/digitale-29.jpg","datePublished":"2023-05-11T15:35:31+00:00","author":{"@id":"https:\/\/www.intoscana.it\/it\/#\/schema\/person\/9eb9daa846a49fe51af39a73d9d1986b"},"description":"Un week-end tra laboratori, giochi, esperienze in VR e dimostrazioni dedicate a social network, Metaverso, gaming e intelligenza artificiale","breadcrumb":{"@id":"https:\/\/www.intoscana.it\/it\/festival-think-in-valdarno-tre-giorni-dedicati-alla-cultura-digitale\/#breadcrumb"},"inLanguage":"it-IT","potentialAction":[{"@type":"ReadAction","target":["https:\/\/www.intoscana.it\/it\/festival-think-in-valdarno-tre-giorni-dedicati-alla-cultura-digitale\/"]}]},{"@type":"ImageObject","inLanguage":"it-IT","@id":"https:\/\/www.intoscana.it\/it\/festival-think-in-valdarno-tre-giorni-dedicati-alla-cultura-digitale\/#primaryimage","url":"https:\/\/www.intoscana.it\/wp-content\/uploads\/digitale-29.jpg","contentUrl":"https:\/\/www.intoscana.it\/wp-content\/uploads\/digitale-29.jpg","width":2000,"height":1200,"caption":"Innovazione digitale"},{"@type":"BreadcrumbList","@id":"https:\/\/www.intoscana.it\/it\/festival-think-in-valdarno-tre-giorni-dedicati-alla-cultura-digitale\/#breadcrumb","itemListElement":[{"@type":"ListItem","position":1,"name":"Home","item":"https:\/\/www.intoscana.it\/it\/"},{"@type":"ListItem","position":2,"name":"Festival Think: in Valdarno tre giorni dedicati alla cultura digitale"}]},{"@type":"WebSite","@id":"https:\/\/www.intoscana.it\/it\/#website","url":"https:\/\/www.intoscana.it\/it\/","name":"intoscana","description":"","potentialAction":[{"@type":"SearchAction","target":{"@type":"EntryPoint","urlTemplate":"https:\/\/www.intoscana.it\/it\/?s={search_term_string}"},"query-input":{"@type":"PropertyValueSpecification","valueRequired":true,"valueName":"search_term_string"}}],"inLanguage":"it-IT"},{"@type":"Person","@id":"https:\/\/www.intoscana.it\/it\/#\/schema\/person\/9eb9daa846a49fe51af39a73d9d1986b","name":"Raffaella Galamini","sameAs":["https:\/\/x.com\/orio"],"url":"https:\/\/www.intoscana.it\/it\/author\/r-galamini\/"}]}},"_links":{"self":[{"href":"https:\/\/www.intoscana.it\/it\/wp-json\/wp\/v2\/posts\/286496","targetHints":{"allow":["GET"]}}],"collection":[{"href":"https:\/\/www.intoscana.it\/it\/wp-json\/wp\/v2\/posts"}],"about":[{"href":"https:\/\/www.intoscana.it\/it\/wp-json\/wp\/v2\/types\/post"}],"author":[{"embeddable":true,"href":"https:\/\/www.intoscana.it\/it\/wp-json\/wp\/v2\/users\/554"}],"replies":[{"embeddable":true,"href":"https:\/\/www.intoscana.it\/it\/wp-json\/wp\/v2\/comments?post=286496"}],"version-history":[{"count":0,"href":"https:\/\/www.intoscana.it\/it\/wp-json\/wp\/v2\/posts\/286496\/revisions"}],"wp:featuredmedia":[{"embeddable":true,"href":"https:\/\/www.intoscana.it\/it\/wp-json\/wp\/v2\/media\/144045"}],"wp:attachment":[{"href":"https:\/\/www.intoscana.it\/it\/wp-json\/wp\/v2\/media?parent=286496"}],"wp:term":[{"taxonomy":"category","embeddable":true,"href":"https:\/\/www.intoscana.it\/it\/wp-json\/wp\/v2\/categories?post=286496"},{"taxonomy":"post_tag","embeddable":true,"href":"https:\/\/www.intoscana.it\/it\/wp-json\/wp\/v2\/tags?post=286496"}],"curies":[{"name":"wp","href":"https:\/\/api.w.org\/{rel}","templated":true}]}}