{"id":286528,"date":"2023-05-12T10:31:36","date_gmt":"2023-05-12T08:31:36","guid":{"rendered":"https:\/\/www.intoscana.it\/it\/?p=286528"},"modified":"2023-05-12T10:42:14","modified_gmt":"2023-05-12T08:42:14","slug":"musicastrada-festival-concerti-2023-estate","status":"publish","type":"post","link":"https:\/\/www.intoscana.it\/it\/musicastrada-festival-concerti-2023-estate\/","title":{"rendered":"Musicastrada Festival: tornano i concerti al tramonto in 15 borghi toscani"},"content":{"rendered":"<p>Pi\u00f9 di un concerto, pi\u00f9 di un festival, pi\u00f9 di un&#8217;esperienza: torna anche per l&#8217;estate 2023 il<a href=\"https:\/\/www.musicastradafestival.it\" target=\"_blank\" rel=\"noopener\"><strong> Musicastrada Festival.<\/strong><\/a><\/p>\n<p><strong>Dal 13 luglio al 7 agosto<\/strong> prende il via un itinerario di quattro settimane in <strong>15 borghi toscani,<\/strong> con una programmazione di <strong>concerti al tramonto.<\/strong><\/p>\n<p>La line up che fa il giro del mondo, con artisti del calibro di <strong>Emma Nolde, SuRealistas, Bobo Rondelli, Marina Rei, Niccol\u00f2 Fabi<\/strong> e tanti altri.<\/p>\n<p>Quest&#8217;anno potete godervi per intero il viaggio con un abbonamento che include tutti i concerti (esclusi i main events del 13, 16, 22 e 28 luglio) a <strong>50\u20ac invece di 110\u20ac<\/strong>, acquistabile fino al 31 maggio.<\/p>\n<p>Le prevendite, abbonamento compreso, sono disponibili su <strong>DICE<\/strong>:<a href=\"https:\/\/bit.ly\/musicastradafestival2023\" target=\"_blank\" rel=\"noopener\"><strong> https:\/\/bit.ly\/musicastradafestival2023<\/strong><\/a><\/p>\n<figure id=\"post-274551 media-274551\" class=\"align-none\"><img decoding=\"async\" src=\"https:\/\/www.intoscana.it\/wp-content\/uploads\/Surealistas_111_PhSebastianoBongi-Toma-scaled.jpg\" alt=\"\" \/><\/figure>\n<h3>Il programma completo dei concerti<\/h3>\n<p>13 luglio &#8211; Eliades Ochoa &#8211; Buti<br \/>\n14 luglio &#8211; SuRealistas &#8211; Buti<br \/>\n15 luglio &#8211; Hysterrae &#8211; Calcinaia<br \/>\n16 luglio &#8211; Fabio Concato &#8211; Cascina<br \/>\n20 luglio &#8211; Lucas Santtana &#8211; Vicopisano<br \/>\n21 luglio &#8211; Emma Nolde + guests &#8211; Castelfranco di Sotto<br \/>\n22 luglio &#8211; gIANMARIA + guests &#8211; Castelfranco di Sotto<br \/>\n23 luglio &#8211; Ginevra Di Marco &#8211; Montopoli<br \/>\n25 luglio &#8211; J\u00falia Koz\u00e1kov\u00e1 &#8211; Bientina<br \/>\n26 luglio &#8211; Natalia Doco &#8211; Calci<br \/>\n27 luglio &#8211; Kardemimmit &#8211; Treggiaia, Pontedera<br \/>\n28 luglio &#8211; Niccol\u00f2 Fabi &#8211; San Miniato<br \/>\n30 luglio &#8211; Guido Catalano &#8211; Montecastelli Pisano<br \/>\n3 agosto &#8211; Bobo Rondelli &amp; Francesco Bottai &#8211; Monteverdi Marittimo<br \/>\n5 agosto &#8211; Ana Carla Maza &#8211; Rocca Sillana, Pomarance<br \/>\n6 agosto &#8211; Peppe Voltarelli &#8211; Rocca Sillana, Pomarance<br \/>\n7 agosto &#8211; Marina Rei &#8211; Chianni<\/p>\n<figure id=\"post-275404 media-275404\" class=\"align-none\"><img decoding=\"async\" src=\"https:\/\/www.intoscana.it\/wp-content\/uploads\/Bobo-Rondelli_.jpg\" alt=\"\" \/><\/figure>\n<div class=\"titleimg\">Bobo Rondelli<\/div>\n","protected":false},"excerpt":{"rendered":"<p>Dal 13 luglio al 7 agosto un itinerario in 15 borghi toscani, con una programmazione di concerti al tramonto, con artisti del calibro di Emma Nolde, SuRealistas, Bobo Rondelli, Marina Rei, Niccol\u00f2 Fabi e tanti altri<\/p>\n","protected":false},"author":518,"featured_media":259930,"comment_status":"open","ping_status":"open","sticky":false,"template":"","format":"standard","meta":{"_acf_changed":false,"footnotes":""},"categories":[14],"tags":[216,228],"class_list":["post-286528","post","type-post","status-publish","format-standard","has-post-thumbnail","hentry","category-musica","tag-concerti","tag-festival"],"acf":[],"yoast_head":"<!-- This site is optimized with the Yoast SEO Premium plugin v24.2 (Yoast SEO v25.6) - https:\/\/yoast.com\/wordpress\/plugins\/seo\/ -->\n<title>Musicastrada Festival: tornano i concerti al tramonto in 15 borghi toscani - intoscana<\/title>\n<meta name=\"description\" content=\"Dal 13 luglio al 7 agosto un itinerario in 15 borghi toscani, con una programmazione di concerti al tramonto\" \/>\n<meta name=\"robots\" content=\"index, follow, max-snippet:-1, max-image-preview:large, max-video-preview:-1\" \/>\n<link rel=\"canonical\" href=\"https:\/\/www.intoscana.it\/it\/musicastrada-festival-concerti-2023-estate\/\" \/>\n<meta property=\"og:locale\" content=\"it_IT\" \/>\n<meta property=\"og:type\" content=\"article\" \/>\n<meta property=\"og:title\" content=\"Musicastrada Festival: tornano i concerti al tramonto in 15 borghi toscani\" \/>\n<meta property=\"og:description\" content=\"Dal 13 luglio al 7 agosto un itinerario in 15 borghi toscani, con una programmazione di concerti al tramonto\" \/>\n<meta property=\"og:url\" content=\"https:\/\/www.intoscana.it\/it\/musicastrada-festival-concerti-2023-estate\/\" \/>\n<meta property=\"og:site_name\" content=\"intoscana\" \/>\n<meta property=\"article:publisher\" content=\"https:\/\/www.facebook.com\/intoscana.it\" \/>\n<meta property=\"article:published_time\" content=\"2023-05-12T08:31:36+00:00\" \/>\n<meta property=\"article:modified_time\" content=\"2023-05-12T08:42:14+00:00\" \/>\n<meta property=\"og:image\" content=\"https:\/\/www.intoscana.it\/wp-content\/uploads\/EmmaNolde_Balena-Festival_24072022-233-scaled.jpg\" \/>\n\t<meta property=\"og:image:width\" content=\"2048\" \/>\n\t<meta property=\"og:image:height\" content=\"1365\" \/>\n\t<meta property=\"og:image:type\" content=\"image\/jpeg\" \/>\n<meta name=\"author\" content=\"Costanza Baldini\" \/>\n<meta name=\"twitter:card\" content=\"summary_large_image\" \/>\n<meta name=\"twitter:creator\" content=\"@intoscana\" \/>\n<meta name=\"twitter:site\" content=\"@intoscana\" \/>\n<meta name=\"twitter:label1\" content=\"Written by\" \/>\n\t<meta name=\"twitter:data1\" content=\"Costanza Baldini\" \/>\n\t<meta name=\"twitter:label2\" content=\"Est. reading time\" \/>\n\t<meta name=\"twitter:data2\" content=\"1 minuto\" \/>\n<script type=\"application\/ld+json\" class=\"yoast-schema-graph\">{\"@context\":\"https:\/\/schema.org\",\"@graph\":[{\"@type\":\"WebPage\",\"@id\":\"https:\/\/www.intoscana.it\/it\/musicastrada-festival-concerti-2023-estate\/\",\"url\":\"https:\/\/www.intoscana.it\/it\/musicastrada-festival-concerti-2023-estate\/\",\"name\":\"Musicastrada Festival: tornano i concerti al tramonto in 15 borghi toscani - intoscana\",\"isPartOf\":{\"@id\":\"https:\/\/www.intoscana.it\/it\/#website\"},\"primaryImageOfPage\":{\"@id\":\"https:\/\/www.intoscana.it\/it\/musicastrada-festival-concerti-2023-estate\/#primaryimage\"},\"image\":{\"@id\":\"https:\/\/www.intoscana.it\/it\/musicastrada-festival-concerti-2023-estate\/#primaryimage\"},\"thumbnailUrl\":\"https:\/\/www.intoscana.it\/wp-content\/uploads\/EmmaNolde_Balena-Festival_24072022-233-scaled.jpg\",\"datePublished\":\"2023-05-12T08:31:36+00:00\",\"dateModified\":\"2023-05-12T08:42:14+00:00\",\"author\":{\"@id\":\"https:\/\/www.intoscana.it\/it\/#\/schema\/person\/d469f35f09739bdf00bf5dd3f0647a82\"},\"description\":\"Dal 13 luglio al 7 agosto un itinerario in 15 borghi toscani, con una programmazione di concerti al tramonto\",\"breadcrumb\":{\"@id\":\"https:\/\/www.intoscana.it\/it\/musicastrada-festival-concerti-2023-estate\/#breadcrumb\"},\"inLanguage\":\"it-IT\",\"potentialAction\":[{\"@type\":\"ReadAction\",\"target\":[\"https:\/\/www.intoscana.it\/it\/musicastrada-festival-concerti-2023-estate\/\"]}]},{\"@type\":\"ImageObject\",\"inLanguage\":\"it-IT\",\"@id\":\"https:\/\/www.intoscana.it\/it\/musicastrada-festival-concerti-2023-estate\/#primaryimage\",\"url\":\"https:\/\/www.intoscana.it\/wp-content\/uploads\/EmmaNolde_Balena-Festival_24072022-233-scaled.jpg\",\"contentUrl\":\"https:\/\/www.intoscana.it\/wp-content\/uploads\/EmmaNolde_Balena-Festival_24072022-233-scaled.jpg\",\"width\":2048,\"height\":1365,\"caption\":\"Emma Nolde\"},{\"@type\":\"BreadcrumbList\",\"@id\":\"https:\/\/www.intoscana.it\/it\/musicastrada-festival-concerti-2023-estate\/#breadcrumb\",\"itemListElement\":[{\"@type\":\"ListItem\",\"position\":1,\"name\":\"Home\",\"item\":\"https:\/\/www.intoscana.it\/it\/\"},{\"@type\":\"ListItem\",\"position\":2,\"name\":\"Musicastrada Festival: tornano i concerti al tramonto in 15 borghi toscani\"}]},{\"@type\":\"WebSite\",\"@id\":\"https:\/\/www.intoscana.it\/it\/#website\",\"url\":\"https:\/\/www.intoscana.it\/it\/\",\"name\":\"intoscana\",\"description\":\"\",\"potentialAction\":[{\"@type\":\"SearchAction\",\"target\":{\"@type\":\"EntryPoint\",\"urlTemplate\":\"https:\/\/www.intoscana.it\/it\/?s={search_term_string}\"},\"query-input\":{\"@type\":\"PropertyValueSpecification\",\"valueRequired\":true,\"valueName\":\"search_term_string\"}}],\"inLanguage\":\"it-IT\"},{\"@type\":\"Person\",\"@id\":\"https:\/\/www.intoscana.it\/it\/#\/schema\/person\/d469f35f09739bdf00bf5dd3f0647a82\",\"name\":\"Costanza Baldini\",\"url\":\"https:\/\/www.intoscana.it\/it\/author\/costanza-baldini\/\"}]}<\/script>\n<!-- \/ Yoast SEO Premium plugin. -->","yoast_head_json":{"title":"Musicastrada Festival: tornano i concerti al tramonto in 15 borghi toscani - intoscana","description":"Dal 13 luglio al 7 agosto un itinerario in 15 borghi toscani, con una programmazione di concerti al tramonto","robots":{"index":"index","follow":"follow","max-snippet":"max-snippet:-1","max-image-preview":"max-image-preview:large","max-video-preview":"max-video-preview:-1"},"canonical":"https:\/\/www.intoscana.it\/it\/musicastrada-festival-concerti-2023-estate\/","og_locale":"it_IT","og_type":"article","og_title":"Musicastrada Festival: tornano i concerti al tramonto in 15 borghi toscani","og_description":"Dal 13 luglio al 7 agosto un itinerario in 15 borghi toscani, con una programmazione di concerti al tramonto","og_url":"https:\/\/www.intoscana.it\/it\/musicastrada-festival-concerti-2023-estate\/","og_site_name":"intoscana","article_publisher":"https:\/\/www.facebook.com\/intoscana.it","article_published_time":"2023-05-12T08:31:36+00:00","article_modified_time":"2023-05-12T08:42:14+00:00","og_image":[{"width":2048,"height":1365,"url":"https:\/\/www.intoscana.it\/wp-content\/uploads\/EmmaNolde_Balena-Festival_24072022-233-scaled.jpg","type":"image\/jpeg"}],"author":"Costanza Baldini","twitter_card":"summary_large_image","twitter_creator":"@intoscana","twitter_site":"@intoscana","twitter_misc":{"Written by":"Costanza Baldini","Est. reading time":"1 minuto"},"schema":{"@context":"https:\/\/schema.org","@graph":[{"@type":"WebPage","@id":"https:\/\/www.intoscana.it\/it\/musicastrada-festival-concerti-2023-estate\/","url":"https:\/\/www.intoscana.it\/it\/musicastrada-festival-concerti-2023-estate\/","name":"Musicastrada Festival: tornano i concerti al tramonto in 15 borghi toscani - intoscana","isPartOf":{"@id":"https:\/\/www.intoscana.it\/it\/#website"},"primaryImageOfPage":{"@id":"https:\/\/www.intoscana.it\/it\/musicastrada-festival-concerti-2023-estate\/#primaryimage"},"image":{"@id":"https:\/\/www.intoscana.it\/it\/musicastrada-festival-concerti-2023-estate\/#primaryimage"},"thumbnailUrl":"https:\/\/www.intoscana.it\/wp-content\/uploads\/EmmaNolde_Balena-Festival_24072022-233-scaled.jpg","datePublished":"2023-05-12T08:31:36+00:00","dateModified":"2023-05-12T08:42:14+00:00","author":{"@id":"https:\/\/www.intoscana.it\/it\/#\/schema\/person\/d469f35f09739bdf00bf5dd3f0647a82"},"description":"Dal 13 luglio al 7 agosto un itinerario in 15 borghi toscani, con una programmazione di concerti al tramonto","breadcrumb":{"@id":"https:\/\/www.intoscana.it\/it\/musicastrada-festival-concerti-2023-estate\/#breadcrumb"},"inLanguage":"it-IT","potentialAction":[{"@type":"ReadAction","target":["https:\/\/www.intoscana.it\/it\/musicastrada-festival-concerti-2023-estate\/"]}]},{"@type":"ImageObject","inLanguage":"it-IT","@id":"https:\/\/www.intoscana.it\/it\/musicastrada-festival-concerti-2023-estate\/#primaryimage","url":"https:\/\/www.intoscana.it\/wp-content\/uploads\/EmmaNolde_Balena-Festival_24072022-233-scaled.jpg","contentUrl":"https:\/\/www.intoscana.it\/wp-content\/uploads\/EmmaNolde_Balena-Festival_24072022-233-scaled.jpg","width":2048,"height":1365,"caption":"Emma Nolde"},{"@type":"BreadcrumbList","@id":"https:\/\/www.intoscana.it\/it\/musicastrada-festival-concerti-2023-estate\/#breadcrumb","itemListElement":[{"@type":"ListItem","position":1,"name":"Home","item":"https:\/\/www.intoscana.it\/it\/"},{"@type":"ListItem","position":2,"name":"Musicastrada Festival: tornano i concerti al tramonto in 15 borghi toscani"}]},{"@type":"WebSite","@id":"https:\/\/www.intoscana.it\/it\/#website","url":"https:\/\/www.intoscana.it\/it\/","name":"intoscana","description":"","potentialAction":[{"@type":"SearchAction","target":{"@type":"EntryPoint","urlTemplate":"https:\/\/www.intoscana.it\/it\/?s={search_term_string}"},"query-input":{"@type":"PropertyValueSpecification","valueRequired":true,"valueName":"search_term_string"}}],"inLanguage":"it-IT"},{"@type":"Person","@id":"https:\/\/www.intoscana.it\/it\/#\/schema\/person\/d469f35f09739bdf00bf5dd3f0647a82","name":"Costanza Baldini","url":"https:\/\/www.intoscana.it\/it\/author\/costanza-baldini\/"}]}},"_links":{"self":[{"href":"https:\/\/www.intoscana.it\/it\/wp-json\/wp\/v2\/posts\/286528","targetHints":{"allow":["GET"]}}],"collection":[{"href":"https:\/\/www.intoscana.it\/it\/wp-json\/wp\/v2\/posts"}],"about":[{"href":"https:\/\/www.intoscana.it\/it\/wp-json\/wp\/v2\/types\/post"}],"author":[{"embeddable":true,"href":"https:\/\/www.intoscana.it\/it\/wp-json\/wp\/v2\/users\/518"}],"replies":[{"embeddable":true,"href":"https:\/\/www.intoscana.it\/it\/wp-json\/wp\/v2\/comments?post=286528"}],"version-history":[{"count":0,"href":"https:\/\/www.intoscana.it\/it\/wp-json\/wp\/v2\/posts\/286528\/revisions"}],"wp:featuredmedia":[{"embeddable":true,"href":"https:\/\/www.intoscana.it\/it\/wp-json\/wp\/v2\/media\/259930"}],"wp:attachment":[{"href":"https:\/\/www.intoscana.it\/it\/wp-json\/wp\/v2\/media?parent=286528"}],"wp:term":[{"taxonomy":"category","embeddable":true,"href":"https:\/\/www.intoscana.it\/it\/wp-json\/wp\/v2\/categories?post=286528"},{"taxonomy":"post_tag","embeddable":true,"href":"https:\/\/www.intoscana.it\/it\/wp-json\/wp\/v2\/tags?post=286528"}],"curies":[{"name":"wp","href":"https:\/\/api.w.org\/{rel}","templated":true}]}}