{"id":286556,"date":"2023-05-12T11:28:15","date_gmt":"2023-05-12T09:28:15","guid":{"rendered":"https:\/\/www.intoscana.it\/it\/?p=286556"},"modified":"2023-05-16T17:05:50","modified_gmt":"2023-05-16T15:05:50","slug":"presentate-le-bandiere-blu-italiane-del-2023-la-toscana-sale-al-3-posto-con-orbetello","status":"publish","type":"post","link":"https:\/\/www.intoscana.it\/it\/presentate-le-bandiere-blu-italiane-del-2023-la-toscana-sale-al-3-posto-con-orbetello\/","title":{"rendered":"Presentate le Bandiere Blu del 2023: la Toscana sale al 3\u00b0 posto con Orbetello"},"content":{"rendered":"<p>Sono <strong>226 le localit\u00e0 italiane marine e lacustri<\/strong> che hanno ottenuto il riconoscimento di <strong>Bandiera Blu nel 2023<\/strong> per la qualit\u00e0 del loro ambiente,<strong> 16 in pi\u00f9 rispetto alle 210 dello scorso anno<\/strong>: sono 17 i nuovi ingressi.<\/p>\n<p>Per il presidente della Regione <strong>Eugenio Giani<\/strong> il terzo posto della Toscana \u201c<em>\u00e8 il risultato dell\u2019impegno di amministrazioni comunali e operatori nel curare gli spazi litoranei e nel garantire un elevato livello di servizi offerti<\/em>\u201d.<\/p>\n<p>Le 226 localit\u00e0 italiane comprendono<strong> 458 spiagge,<\/strong> l&#8217;11% delle spiagge premiate a livello mondiale. Oltre ai Comuni, hanno ricevuto la Bandiera Blu anche <strong>84 approdi turistici.<\/strong><\/p>\n<p>Il riconoscimento \u00e8 assegnato a localit\u00e0 marine e lacustri sulla base di varie caratteristiche come <strong>la pulizia delle acque, la gestione dei rifiuti, le aree verdi e le piste ciclabili, i servizi sulle spiagge e nel comune, le strutture alberghiere<\/strong> e altro.<\/p>\n<p>\u201c<em>La Toscana<\/em> \u2013 ha detto ancora <strong>Giani<\/strong> &#8211; <em>\u00e8 una delle mete pi\u00f9 ricercate da turisti provenienti da ogni angolo del mondo perch\u00e9 ha un\u2019offerta incomparabile. Non soltanto paesaggio e bellezze naturali, ma anche servizi e accoglienza attente alle esigenze di tutti, professionalit\u00e0 e organizzazione. Ma sa anche che pu\u00f2 contare su una gestione eco-sostenibile del territorio, sull\u2019accessibilit\u00e0 e sulla possibilit\u00e0 di fare un\u2019esperienza indimenticabile. Vorrei infine esprimere soddisfazione<\/em> \u2013 ha concluso &#8211; <em>per la conferma dei Comuni di un anno fa e per la prima Bandiera Blu a Orbetello<\/em>\u201d.<\/p>\n<p><em>\u201cLa Toscana \u2013 <\/em>ha aggiunto l\u2019assessore regionale a economia e turismo<strong> Leonardo Marras \u2013<\/strong><em> continua a mantenere li podio di una classifica che la vede da sempre nelle primissime posizioni. Rispetto allo scorso anno c\u2019\u00e8 un Comune in pi\u00f9 che potr\u00e0 fregiarsi della Bandiera Blu, Orbetello. La FEE premia le localit\u00e0 non soltanto per la qualit\u00e0 delle acque ma anche per altri parametri: gestione dei rifiuti, educazione, certificazione, informazione ed una serie di criteri flessibili legati alla cura ambientale. Certifica di fatto le capacit\u00e0 di un Comune e degli operatori di lavorare di comune accordo per allestire un\u2019offerta di livello in quanto a servizi e cura dei propri spazi. Un versante sul quale la Toscana sta puntando in modo sempre pi\u00f9 deciso\u201d.<\/em><\/p>\n<h3>Le new entry del 2023<\/h3>\n<p><strong>Le new entry di quest&#8217;anno<\/strong> sono Catanzaro (Calabria); Rocca Imperiale (Calabria); San Mauro Cilento (Campania); Gatteo (Emilia Romagna); Laigueglia (Liguria); Sori (Liguria); Sirmione (Lombardia); Toscano Maderno (Lombardia); Porto San Giorgio (Marche); Termoli (Molise); San Maurizio D&#8217;Opaglio (Piemonte); Verbania (Piemonte); Gallipoli (Puglia); Isole Tremiti (Puglia); Leporano (Puglia); Vieste (Puglia); <strong>Orbetello (Toscana)<\/strong>. Non \u00e8 stata confermata quest&#8217;anno la Bandiera Blu a Cattolica (Emilia Romagna).<\/p>\n<h3>La classifica delle Bandiere Blu 2023<\/h3>\n<p>La <strong>Liguria <\/strong>al primo posto segna 2 nuovi ingressi e raggiunge 34 localit\u00e0, la <strong>Puglia al secondo<\/strong> sale a 22 riconoscimenti con 4 nuovi Comuni. <strong>Seguono parimerito al terzo posto con 19 Bandiere: la Campania e la Toscana,<\/strong> entrambe con un nuovo ingresso; la Calabria con due nuove Bandiere Blu. Le Marche salgono a 18, con un nuovo ingresso. La Sardegna conferma le sue 15 localit\u00e0, l&#8217;Abruzzo resta a 14, la Sicilia a 11, il Lazio a 10.<\/p>\n<p><strong>Rimangono invariate<\/strong> anche le 10 bandiere del Trentino Alto Adige. L&#8217;Emilia Romagna vede premiate 9 localit\u00e0 con un&#8217;uscita e un nuovo ingresso; sono riconfermate le 9 Bandiere del Veneto. La Basilicata conferma le sue 5 localit\u00e0; si registrano 2 nuovi ingressi in Piemonte che ottiene 5 Bandiere; il Friuli Venezia Giulia conferma le 2 dell&#8217;anno precedente. La Lombardia sale a 3 Comuni Bandiera Blu, con due nuovi ingressi, il Molise conquista 2 Bandiere con un nuovo Comune. Le Bandiere sui laghi quest&#8217;anno sono 21, con 4 nuovi ingressi.<\/p>\n<div class=\"titleimg\">\n<figure id=\"post-286561 media-286561\" class=\"align-none\"><img decoding=\"async\" src=\"https:\/\/www.intoscana.it\/wp-content\/uploads\/bandiere-blu.jpeg\" alt=\"\" \/><\/figure>\n<div class=\"titleimg\">Bandiere Blu<\/div>\n<\/div>\n<h3>Tutte le Bandiere Blu della Toscana<\/h3>\n<p>In Toscana oltre alla new entry di <strong>Orbetello<\/strong> riconfermano il riconoscimento per il 2023: <strong>Carrara, Massa, Forte dei Marmi, Camaiore, Viareggio, Pietrasanta, Pisa, Livorno, Rosignano Marittimo, Cecina, Bibbona, Castagneto Carducci, San Vincenzo, Piombino, Marciana Marina all\u2019Elba, Follonica, Castiglione della Pescaia e Grosseto<\/strong>.<\/p>\n<p>Per gli approdi con la <strong>Bandiera Blu<\/strong>, in Toscana si segnalano <strong>porto di Pisa (Pisa), Marina Cala de&#8217; Medici (Rosignano Marittimo), porto di Marciana Marina Porto Azzurro, Marina di Punta Ala (Castiglione della Pescaia), porto della Maremma (Grosseto)23. Marina Cala Galera (Monte Argentario).<\/strong><\/p>\n<h3>Cos&#8217;\u00e8 la Bandiera Blu?<\/h3>\n<p>La<strong> Bandiera Blu \u00e8 un riconoscimento internazionale, istituito nel 1987<\/strong> Anno europeo dell\u2019Ambiente, che viene assegnato ogni anno in 49 paesi, inizialmente solo europei, pi\u00f9 recentemente anche extra-europei, con il supporto e la partecipazione delle due agenzie dell&#8217;ONU: UNEP (Programma delle Nazioni Unite per l\u2019ambiente) e UNWTO (Organizzazione Mondiale del Turismo) con cui la FEE ha sottoscritto un Protocollo di partnership globale e riconosciuta dall\u2019UNESCO come leader mondiale nel campo dell\u2019educazione ambientale e dell\u2019educazione allo sviluppo sostenibile.<\/p>\n<p><strong>Bandiera Blu<\/strong> \u00e8 un eco-label volontario assegnato alle localit\u00e0 turistiche balneari che rispettano criteri relativi alla <strong>gestione sostenibile del territorio.<\/strong><\/p>\n<p>Obiettivo principale di questo programma \u00e8 quello di <strong>indirizzare la politica di gestione locale di numerose localit\u00e0 rivierasche,<\/strong> verso un processo di <strong>sostenibilit\u00e0 ambientale.<\/strong><\/p>\n<figure id=\"post-145835 media-145835\" class=\"align-none\"><img decoding=\"async\" src=\"https:\/\/www.intoscana.it\/wp-content\/uploads\/Isola-del-Giglio-Cala-delle-Cannelle-Mare-Spiaggia-Costa-7.jpg\" alt=\"\" \/><\/figure>\n<div class=\"titleimg\">Isola del Giglio Cala delle Cannelle<\/div>\n<p>&nbsp;<\/p>\n","protected":false},"excerpt":{"rendered":"<p>Il prestigioso riconoscimento \u00e8 assegnato a localit\u00e0 marine e lacustri sulla base di varie caratteristiche come la pulizia delle acque, la gestione dei rifiuti, le aree verdi e le piste ciclabili, i servizi sulle spiagge e nel comune e le strutture alberghiere<\/p>\n","protected":false},"author":525,"featured_media":232126,"comment_status":"open","ping_status":"open","sticky":false,"template":"","format":"standard","meta":{"_acf_changed":false,"footnotes":""},"categories":[6],"tags":[4655,359,5853],"class_list":["post-286556","post","type-post","status-publish","format-standard","has-post-thumbnail","hentry","category-viaggi","tag-costa-toscana","tag-mare","tag-spiagge"],"acf":[],"yoast_head":"<!-- This site is optimized with the Yoast SEO Premium plugin v24.2 (Yoast SEO v25.6) - https:\/\/yoast.com\/wordpress\/plugins\/seo\/ -->\n<title>Presentate le Bandiere Blu del 2023: la Toscana sale al 3\u00b0 posto con Orbetello - intoscana<\/title>\n<meta name=\"description\" content=\"Presentate le 226 Bandiere Blu italiane del 2023: la Toscana sale al 3\u00b0 posto con 19 bandiere e la new entry di Orbetello\" \/>\n<meta name=\"robots\" content=\"index, follow, max-snippet:-1, max-image-preview:large, max-video-preview:-1\" \/>\n<link rel=\"canonical\" href=\"https:\/\/www.intoscana.it\/it\/presentate-le-bandiere-blu-italiane-del-2023-la-toscana-sale-al-3-posto-con-orbetello\/\" \/>\n<meta property=\"og:locale\" content=\"it_IT\" \/>\n<meta property=\"og:type\" content=\"article\" \/>\n<meta property=\"og:title\" content=\"Presentate le Bandiere Blu del 2023: la Toscana sale al 3\u00b0 posto con Orbetello\" \/>\n<meta property=\"og:description\" content=\"Presentate le 226 Bandiere Blu italiane del 2023: la Toscana sale al 3\u00b0 posto con 19 bandiere e la new entry di Orbetello\" \/>\n<meta property=\"og:url\" content=\"https:\/\/www.intoscana.it\/it\/presentate-le-bandiere-blu-italiane-del-2023-la-toscana-sale-al-3-posto-con-orbetello\/\" \/>\n<meta property=\"og:site_name\" content=\"intoscana\" \/>\n<meta property=\"article:publisher\" content=\"https:\/\/www.facebook.com\/intoscana.it\" \/>\n<meta property=\"article:published_time\" content=\"2023-05-12T09:28:15+00:00\" \/>\n<meta property=\"article:modified_time\" content=\"2023-05-16T15:05:50+00:00\" \/>\n<meta property=\"og:image\" content=\"https:\/\/www.intoscana.it\/wp-content\/uploads\/09_\u00a9R.Ridi2227.1_Acquavivetta.jpg\" \/>\n\t<meta property=\"og:image:width\" content=\"1600\" \/>\n\t<meta property=\"og:image:height\" content=\"1066\" \/>\n\t<meta property=\"og:image:type\" content=\"image\/jpeg\" \/>\n<meta name=\"author\" content=\"Redazione\" \/>\n<meta name=\"twitter:card\" content=\"summary_large_image\" \/>\n<meta name=\"twitter:creator\" content=\"@intoscana\" \/>\n<meta name=\"twitter:site\" content=\"@intoscana\" \/>\n<meta name=\"twitter:label1\" content=\"Written by\" \/>\n\t<meta name=\"twitter:data1\" content=\"Redazione\" \/>\n\t<meta name=\"twitter:label2\" content=\"Est. reading time\" \/>\n\t<meta name=\"twitter:data2\" content=\"4 minuti\" \/>\n<script type=\"application\/ld+json\" class=\"yoast-schema-graph\">{\"@context\":\"https:\/\/schema.org\",\"@graph\":[{\"@type\":\"WebPage\",\"@id\":\"https:\/\/www.intoscana.it\/it\/presentate-le-bandiere-blu-italiane-del-2023-la-toscana-sale-al-3-posto-con-orbetello\/\",\"url\":\"https:\/\/www.intoscana.it\/it\/presentate-le-bandiere-blu-italiane-del-2023-la-toscana-sale-al-3-posto-con-orbetello\/\",\"name\":\"Presentate le Bandiere Blu del 2023: la Toscana sale al 3\u00b0 posto con Orbetello - intoscana\",\"isPartOf\":{\"@id\":\"https:\/\/www.intoscana.it\/it\/#website\"},\"primaryImageOfPage\":{\"@id\":\"https:\/\/www.intoscana.it\/it\/presentate-le-bandiere-blu-italiane-del-2023-la-toscana-sale-al-3-posto-con-orbetello\/#primaryimage\"},\"image\":{\"@id\":\"https:\/\/www.intoscana.it\/it\/presentate-le-bandiere-blu-italiane-del-2023-la-toscana-sale-al-3-posto-con-orbetello\/#primaryimage\"},\"thumbnailUrl\":\"https:\/\/www.intoscana.it\/wp-content\/uploads\/09_\u00a9R.Ridi2227.1_Acquavivetta.jpg\",\"datePublished\":\"2023-05-12T09:28:15+00:00\",\"dateModified\":\"2023-05-16T15:05:50+00:00\",\"author\":{\"@id\":\"https:\/\/www.intoscana.it\/it\/#\/schema\/person\/9223810753230f20bd670fdd322661f8\"},\"description\":\"Presentate le 226 Bandiere Blu italiane del 2023: la Toscana sale al 3\u00b0 posto con 19 bandiere e la new entry di Orbetello\",\"breadcrumb\":{\"@id\":\"https:\/\/www.intoscana.it\/it\/presentate-le-bandiere-blu-italiane-del-2023-la-toscana-sale-al-3-posto-con-orbetello\/#breadcrumb\"},\"inLanguage\":\"it-IT\",\"potentialAction\":[{\"@type\":\"ReadAction\",\"target\":[\"https:\/\/www.intoscana.it\/it\/presentate-le-bandiere-blu-italiane-del-2023-la-toscana-sale-al-3-posto-con-orbetello\/\"]}]},{\"@type\":\"ImageObject\",\"inLanguage\":\"it-IT\",\"@id\":\"https:\/\/www.intoscana.it\/it\/presentate-le-bandiere-blu-italiane-del-2023-la-toscana-sale-al-3-posto-con-orbetello\/#primaryimage\",\"url\":\"https:\/\/www.intoscana.it\/wp-content\/uploads\/09_\u00a9R.Ridi2227.1_Acquavivetta.jpg\",\"contentUrl\":\"https:\/\/www.intoscana.it\/wp-content\/uploads\/09_\u00a9R.Ridi2227.1_Acquavivetta.jpg\",\"width\":1600,\"height\":1066,\"caption\":\"La spiaggia La Sorgente detta anche Acquavivetta\"},{\"@type\":\"BreadcrumbList\",\"@id\":\"https:\/\/www.intoscana.it\/it\/presentate-le-bandiere-blu-italiane-del-2023-la-toscana-sale-al-3-posto-con-orbetello\/#breadcrumb\",\"itemListElement\":[{\"@type\":\"ListItem\",\"position\":1,\"name\":\"Home\",\"item\":\"https:\/\/www.intoscana.it\/it\/\"},{\"@type\":\"ListItem\",\"position\":2,\"name\":\"Presentate le Bandiere Blu del 2023: la Toscana sale al 3\u00b0 posto con Orbetello\"}]},{\"@type\":\"WebSite\",\"@id\":\"https:\/\/www.intoscana.it\/it\/#website\",\"url\":\"https:\/\/www.intoscana.it\/it\/\",\"name\":\"intoscana\",\"description\":\"\",\"potentialAction\":[{\"@type\":\"SearchAction\",\"target\":{\"@type\":\"EntryPoint\",\"urlTemplate\":\"https:\/\/www.intoscana.it\/it\/?s={search_term_string}\"},\"query-input\":{\"@type\":\"PropertyValueSpecification\",\"valueRequired\":true,\"valueName\":\"search_term_string\"}}],\"inLanguage\":\"it-IT\"},{\"@type\":\"Person\",\"@id\":\"https:\/\/www.intoscana.it\/it\/#\/schema\/person\/9223810753230f20bd670fdd322661f8\",\"name\":\"Redazione\",\"url\":\"https:\/\/www.intoscana.it\/it\/author\/redazione\/\"}]}<\/script>\n<!-- \/ Yoast SEO Premium plugin. -->","yoast_head_json":{"title":"Presentate le Bandiere Blu del 2023: la Toscana sale al 3\u00b0 posto con Orbetello - intoscana","description":"Presentate le 226 Bandiere Blu italiane del 2023: la Toscana sale al 3\u00b0 posto con 19 bandiere e la new entry di Orbetello","robots":{"index":"index","follow":"follow","max-snippet":"max-snippet:-1","max-image-preview":"max-image-preview:large","max-video-preview":"max-video-preview:-1"},"canonical":"https:\/\/www.intoscana.it\/it\/presentate-le-bandiere-blu-italiane-del-2023-la-toscana-sale-al-3-posto-con-orbetello\/","og_locale":"it_IT","og_type":"article","og_title":"Presentate le Bandiere Blu del 2023: la Toscana sale al 3\u00b0 posto con Orbetello","og_description":"Presentate le 226 Bandiere Blu italiane del 2023: la Toscana sale al 3\u00b0 posto con 19 bandiere e la new entry di Orbetello","og_url":"https:\/\/www.intoscana.it\/it\/presentate-le-bandiere-blu-italiane-del-2023-la-toscana-sale-al-3-posto-con-orbetello\/","og_site_name":"intoscana","article_publisher":"https:\/\/www.facebook.com\/intoscana.it","article_published_time":"2023-05-12T09:28:15+00:00","article_modified_time":"2023-05-16T15:05:50+00:00","og_image":[{"width":1600,"height":1066,"url":"https:\/\/www.intoscana.it\/wp-content\/uploads\/09_\u00a9R.Ridi2227.1_Acquavivetta.jpg","type":"image\/jpeg"}],"author":"Redazione","twitter_card":"summary_large_image","twitter_creator":"@intoscana","twitter_site":"@intoscana","twitter_misc":{"Written by":"Redazione","Est. reading time":"4 minuti"},"schema":{"@context":"https:\/\/schema.org","@graph":[{"@type":"WebPage","@id":"https:\/\/www.intoscana.it\/it\/presentate-le-bandiere-blu-italiane-del-2023-la-toscana-sale-al-3-posto-con-orbetello\/","url":"https:\/\/www.intoscana.it\/it\/presentate-le-bandiere-blu-italiane-del-2023-la-toscana-sale-al-3-posto-con-orbetello\/","name":"Presentate le Bandiere Blu del 2023: la Toscana sale al 3\u00b0 posto con Orbetello - intoscana","isPartOf":{"@id":"https:\/\/www.intoscana.it\/it\/#website"},"primaryImageOfPage":{"@id":"https:\/\/www.intoscana.it\/it\/presentate-le-bandiere-blu-italiane-del-2023-la-toscana-sale-al-3-posto-con-orbetello\/#primaryimage"},"image":{"@id":"https:\/\/www.intoscana.it\/it\/presentate-le-bandiere-blu-italiane-del-2023-la-toscana-sale-al-3-posto-con-orbetello\/#primaryimage"},"thumbnailUrl":"https:\/\/www.intoscana.it\/wp-content\/uploads\/09_\u00a9R.Ridi2227.1_Acquavivetta.jpg","datePublished":"2023-05-12T09:28:15+00:00","dateModified":"2023-05-16T15:05:50+00:00","author":{"@id":"https:\/\/www.intoscana.it\/it\/#\/schema\/person\/9223810753230f20bd670fdd322661f8"},"description":"Presentate le 226 Bandiere Blu italiane del 2023: la Toscana sale al 3\u00b0 posto con 19 bandiere e la new entry di Orbetello","breadcrumb":{"@id":"https:\/\/www.intoscana.it\/it\/presentate-le-bandiere-blu-italiane-del-2023-la-toscana-sale-al-3-posto-con-orbetello\/#breadcrumb"},"inLanguage":"it-IT","potentialAction":[{"@type":"ReadAction","target":["https:\/\/www.intoscana.it\/it\/presentate-le-bandiere-blu-italiane-del-2023-la-toscana-sale-al-3-posto-con-orbetello\/"]}]},{"@type":"ImageObject","inLanguage":"it-IT","@id":"https:\/\/www.intoscana.it\/it\/presentate-le-bandiere-blu-italiane-del-2023-la-toscana-sale-al-3-posto-con-orbetello\/#primaryimage","url":"https:\/\/www.intoscana.it\/wp-content\/uploads\/09_\u00a9R.Ridi2227.1_Acquavivetta.jpg","contentUrl":"https:\/\/www.intoscana.it\/wp-content\/uploads\/09_\u00a9R.Ridi2227.1_Acquavivetta.jpg","width":1600,"height":1066,"caption":"La spiaggia La Sorgente detta anche Acquavivetta"},{"@type":"BreadcrumbList","@id":"https:\/\/www.intoscana.it\/it\/presentate-le-bandiere-blu-italiane-del-2023-la-toscana-sale-al-3-posto-con-orbetello\/#breadcrumb","itemListElement":[{"@type":"ListItem","position":1,"name":"Home","item":"https:\/\/www.intoscana.it\/it\/"},{"@type":"ListItem","position":2,"name":"Presentate le Bandiere Blu del 2023: la Toscana sale al 3\u00b0 posto con Orbetello"}]},{"@type":"WebSite","@id":"https:\/\/www.intoscana.it\/it\/#website","url":"https:\/\/www.intoscana.it\/it\/","name":"intoscana","description":"","potentialAction":[{"@type":"SearchAction","target":{"@type":"EntryPoint","urlTemplate":"https:\/\/www.intoscana.it\/it\/?s={search_term_string}"},"query-input":{"@type":"PropertyValueSpecification","valueRequired":true,"valueName":"search_term_string"}}],"inLanguage":"it-IT"},{"@type":"Person","@id":"https:\/\/www.intoscana.it\/it\/#\/schema\/person\/9223810753230f20bd670fdd322661f8","name":"Redazione","url":"https:\/\/www.intoscana.it\/it\/author\/redazione\/"}]}},"_links":{"self":[{"href":"https:\/\/www.intoscana.it\/it\/wp-json\/wp\/v2\/posts\/286556","targetHints":{"allow":["GET"]}}],"collection":[{"href":"https:\/\/www.intoscana.it\/it\/wp-json\/wp\/v2\/posts"}],"about":[{"href":"https:\/\/www.intoscana.it\/it\/wp-json\/wp\/v2\/types\/post"}],"author":[{"embeddable":true,"href":"https:\/\/www.intoscana.it\/it\/wp-json\/wp\/v2\/users\/525"}],"replies":[{"embeddable":true,"href":"https:\/\/www.intoscana.it\/it\/wp-json\/wp\/v2\/comments?post=286556"}],"version-history":[{"count":0,"href":"https:\/\/www.intoscana.it\/it\/wp-json\/wp\/v2\/posts\/286556\/revisions"}],"wp:featuredmedia":[{"embeddable":true,"href":"https:\/\/www.intoscana.it\/it\/wp-json\/wp\/v2\/media\/232126"}],"wp:attachment":[{"href":"https:\/\/www.intoscana.it\/it\/wp-json\/wp\/v2\/media?parent=286556"}],"wp:term":[{"taxonomy":"category","embeddable":true,"href":"https:\/\/www.intoscana.it\/it\/wp-json\/wp\/v2\/categories?post=286556"},{"taxonomy":"post_tag","embeddable":true,"href":"https:\/\/www.intoscana.it\/it\/wp-json\/wp\/v2\/tags?post=286556"}],"curies":[{"name":"wp","href":"https:\/\/api.w.org\/{rel}","templated":true}]}}