{"id":286970,"date":"2023-05-16T11:42:03","date_gmt":"2023-05-16T09:42:03","guid":{"rendered":"https:\/\/www.intoscana.it\/it\/?p=286970"},"modified":"2023-05-16T11:43:00","modified_gmt":"2023-05-16T09:43:00","slug":"ipostudio-architetti-protagonista-del-tavolo-dellarchitetto-al-museo-novecento-di-firenze","status":"publish","type":"post","link":"https:\/\/www.intoscana.it\/it\/ipostudio-architetti-protagonista-del-tavolo-dellarchitetto-al-museo-novecento-di-firenze\/","title":{"rendered":"Ipostudio protagonista del &#8220;Tavolo dell&#8217;architetto&#8221; al Museo Novecento di Firenze"},"content":{"rendered":"<p>L\u2019undicesimo appuntamento de<em><strong> Il Tavolo dell\u2019Architetto<\/strong><\/em>, la rassegna che vede protagonisti celebri architetti e studi di fama internazionale nel loggiato al piano terra del <strong>Museo Novecento di Firenze<\/strong> ospita <strong>fino all&#8217;11 ottobre 2023<\/strong> la mostra <em><strong>Ipostudio Architetti. Era di Maggio.<\/strong><\/em><\/p>\n<p>Il progetto espositivo, a cura di <strong>Laura Andreini<\/strong>, celebra i <strong>quarant\u2019anni di attivit\u00e0 dello studio fiorentino guidato da Carlo Terpolilli<\/strong> e presenta una serie di progetti, frutto di concorsi di architettura a volte vinti a volte persi, che bene esemplificano la visione creativa di questa<strong> bottega artigianale dell\u2019architettura.<\/strong><\/p>\n<p><em>\u201cEra proprio di maggio, quando 40 anni fa fondammo l\u2019Ipostudio architetti\u201d<\/em>, <strong>spiega Carlo Terpolilli, socio fondatore di Ipostudio.<\/strong> <em>\u201cAbbiamo ideato per questa occasione, insieme al Museo Novecento e al Comitato di S. Niccol\u00f2, dove ha sede il nostro studio, una serie di iniziative che includono una mostra antologica, proprio al Museo Novecento, costituita intorno a opere non realizzate ma anche a quelle in corso di realizzazione; la pubblicazione di un libro a mia firma, Architetture mai nate. Progetti di Ipostudio 1983\/2023, edito da Forma edizioni, Firenze. Architetture che non hanno mai visto la luce, una metafora sulla impossibilit\u00e0, quota parte significativa del lavoro dell\u2019architetto e, insieme al Comitato di Quartiere e il Circolo URL e alle Botteghe di S. Niccol\u00f2, abbiamo immaginato di coinvolgere le botteghe artigianali del rione in una installazione urbana \u2018Una bottega tra le botteghe\u2019, perch\u00e9 tale ci riteniamo, in quanto parte del tessuto culturale, economico e sociale di Firenze.\u201d<\/em><\/p>\n<p><em>\u201cQuesta mostra dal titolo Era di Maggio esplora il mondo progettuale di Ipostudio Architetti e lo fa nell\u2019intento di raccontare il raggiungimento di quella idea di bellezza \u2013 e che ne \u00e8 al tempo stesso la loro ossessione \u2013 che perseguono i componenti di questa bottega di architettura\u201d <\/em><strong>afferma Laura Andreini, curatrice della mostra<\/strong><em>. \u201cL\u2019identit\u00e0 e la natura di Ipostudio \u00e8 un divenire costante che ha permesso loro di non arrendersi mai. Essa \u00e8 mutevole e cerca sempre un motivo valido per raccontare vite, storie, sogni \u2013 realizzati o meno \u2013 e architetture!\u201d.<\/em><\/p>\n<figure id=\"post-286974 media-286974\" class=\"align-none\"><img decoding=\"async\" src=\"https:\/\/www.intoscana.it\/wp-content\/uploads\/Stadio-PL-Nervi-e-il-Campo-di-Marte-Ipostudio-architetti-con-Eutropia-architettura-crediti-di-immagine-Quattro-terzi-Lab.jpg\" alt=\"\" \/><\/figure>\n<div class=\"titleimg\">Stadio PL Nervi e il Campo di Marte Ipostudio architetti con Eutropia architettura crediti di immagine Quattro terzi Lab<\/div>\n<p>Come in un racconto, <strong>la mostra raccoglie progetti di architettura prodotti in epoche diverse,<\/strong> ciascuno con la propria storia parte di una visione pi\u00f9 vasta che fa riferimento a un metodo, un modo di approcciare la realt\u00e0, una particolare visione racchiusa spesso nei titoli, evocativi, delle opere che suggeriscono il significato profondo e quasi letterario attribuito loro.<\/p>\n<p>La scelta di includere \u2013 all\u2019interno di questa narrazione quarantennale che coinvolge la pratica di Ipostudio \u2013 larga parte dei <strong>progetti presentati ai concorsi di architettura<\/strong>, <strong>includendo anche quelli non andati a buon fine,<\/strong> deriva dal fatto che essi sono frutto di un lavoro serio, gioioso, doloroso, faticoso ma sempre approfondito e appassionato. Questo a confermare il modus operandi, la pratica dello studio come \u201cmodo di lavorare e di stare assieme\u201d, per citare le parole di Carlo Terpolilli.<\/p>\n<p>Tra i molti progetti esposti in mostra, saranno presenti quello realizzato per il<strong> Micas Malta International Contemporary Art Space,<\/strong> il Centro culturale dedicato all\u2019arte contemporanea all\u2019interno di un bastione fortificato a Malta, parte dell\u2019intervento di ridisegno del complesso storico che include anche alloggi per artisti, atelier e spazi di verde pubblico; e ancora, il progetto per la realizzazione della <strong>Terza torre della Regione Toscana a Firenze,<\/strong> che vede questo elemento come caratteristico dello skyline fiorentino, oltre a trasformare l\u2019intero complesso del Centro Direzionale della Regione rendendolo maggiormente fruibile e accessibile; segue <strong>il progetto dello stadio Artemio Franchi<\/strong>, nato da un approccio di estremo rispetto nei confronti dell\u2019opera di Pier Luigi Nervi come vero e proprio monumento moderno, da restituire alla citt\u00e0 e che presenta il nuovo stadio come sistema duale di \u201cstadio nello stadio\u201d; infine, i progetti per l\u2019ampliamento dell\u2019Ospedale della Carit\u00e0 di Locarno, che mira a realizzare una struttura innovativa caratterizzata dall\u2019equilibrio tra tecnologie avanzate e comfort, e la Citt\u00e0 della scuola Polo scolastico di Sarno, che ruota intorno alla loggia-sto\u00e0 che riconnette il complesso di edifici con diverse destinazioni d\u2019uso.<\/p>\n<p><em>\u201cAl Museo Novecento prosegue l\u2019indagine sui grandi protagonisti dell\u2019architettura, con particolare attenzione alle fasi progettuali che sono il fil rouge del progetto dedicato al Tavolo dell\u2019architetto\u201d <\/em><strong>dichiara Sergio Risaliti, Direttore del Museo Novecento<\/strong><em>. \u201cDopo la grande mostra dedicata ad Adolfo Natalini, un altro importante studio del nostro territorio, apprezzato a livello internazionale \u00e8 accolto nel loggiato interno del museo. Il gruppo Ipostudio \u00e8 impegnato in nuovi progetti e nuove realizzazioni a Firenze, ultima l\u2019assegnazione della nuova sede della Regione Toscana e si distingue per un\u2019attenzione al linguaggio architettonico che non sia scollegato dalle pratiche artigianali e dal virtuoso legame con il contesto sociale e culturale. In questa occasione, importantissimo \u00e8 l\u2019unione con il quartiere di San Niccol\u00f2 dove ha sede lo studio degli architetti, che per celebrare i loro 40 anni di attivit\u00e0, hanno immaginato una festa popolare che trova spazio con questa mostra anche all\u2019interno del museo.\u201d<\/em><\/p>\n<figure id=\"post-286972 media-286972\" class=\"align-none\"><img decoding=\"async\" src=\"https:\/\/www.intoscana.it\/wp-content\/uploads\/ERA-DI-MAGGIO_una-bottega-tra-le-botteghe_02.jpg\" alt=\"\" \/><\/figure>\n<h3>Ipostudio Architetti: la storia<\/h3>\n<p>Ipostudio architetti \u00e8 un gruppo di lavoro nato nel 1983 a Firenze.\u00a0Soci fondatori sono <strong>Lucia Celle, Roberto Di Giulio, Carlo Terpolilli ed Elisabetta Zanasi Gabrielli<\/strong>; fino al 1988 sono soci anche <strong>Emilio Bria e Mario Manfroni;<\/strong> dal 2014 sono associati <strong>Luca Belatti, Mariagiulia Bennicelli Pasqualis, Panfilo Cionci e Beatrice Turillazzi.<\/strong> Attualmente i soci attivi, responsabili della progettazione, sono <strong>Celle, Terpolilli, Zanasi Gabrielli e Cionci.<\/strong><\/p>\n<p>Da sempre il lavoro di<strong> Ipostudio, con sede a Firenze e Lugano,<\/strong> si concentra sull\u2019<strong>architettura civile, qualificata da un carattere sociale e collettivo,<\/strong> in particolare tramite le frequenti opportunit\u00e0 offerte dai concorsi: un approccio, questo, cifra distintiva dello studio.<\/p>\n<p>Numerosi infatti sono i risultati ottenuti nei concorsi di progettazione, che consentono di acquisire i relativi incarichi; i pi\u00f9 recenti sono il <strong>1\u00b0 premio ai Concorsi per una Residenza universitaria nell\u2019ex Convento dei Carmelitani Scalzi, Lecce<\/strong> e per il<strong> restauro urbano di via Grande a Livorno<\/strong>, aggiudicati nel 2022.<\/p>\n<p>Anche il <strong>Museo degli Innocenti di Firenze<\/strong>, opera ampiamente pubblicata e premiata, inaugurata nel 2016, \u00e8 il risultato del 1\u00b0 premio al Concorso vinto nel 2008. Anni prima, il <strong>Concorso per la Citt\u00e0 della scuola<\/strong> &#8211; un Polo scolastico per 3 istituti superiori oltre a mensa, biblioteca, palestra, auditorium -, bandito dalla Provincia di Salerno dopo la tragedia della frana di Sarno del 1998, \u00e8 vinto nel 2000: negli anni successivi Ipostudio prosegue la progettazione fino alla fase esecutiva.<\/p>\n<p>Tra le affermazioni pi\u00f9 recenti si citano: il <strong>1\u00b0 premio nei concorsi per la riqualificazione del Presidio Ospedaliero Le Scotte di Siena<\/strong> (2021) e il recentissimo della Terza <strong>Torre della Regione Toscana<\/strong> per l\u2019ampliamento del Centro Direzionale a Firenze (2023); il 3\u00b0 premio al <strong>Concorso per il restauro dello Stadio P.L. Nervi a Firenze<\/strong> (2022) e il 2\u00b0 premio nei 3 concorsi per le nuove chiese su invito della CEI: a Prato, Viareggio e Carpi.<\/p>\n<p>Degna di nota \u00e8 la selezione di Ipostudio a concorsi esteri come, <strong>in Belgio, per l\u2019Open Oproep del Governo delle Fiandre<\/strong> \u2013 letteralmente, \u201cchiamata aperta\u201d per la qualit\u00e0 architettonica \u2013 dove \u00e8 invitato ai concorsi della <strong>Biblioteca del Campus Mercator di Gent,<\/strong> di una Scuola tecnica a Brasschaat e dell\u2019Internaat di Lommel (realizzato nel 2013); mentre in Svizzera, dopo il 2\u00b0 posto nel <strong>Concorso dell\u2019Ospedale OBV di Mendrisio,<\/strong> \u00e8 invitato dall\u2019Ente Ospedaliero Cantonale EOC ai Concorsi per l\u2019Ospedale La Carit\u00e0 di Locarno e per l\u2019Ospedale Civico di Lugano, entrambi vincitori del 1\u00b0 premio (2022, 2017).<\/p>\n<p>Nel 2021 Ipostudio \u00e8 selezionato da <strong>Fondazione CR Firenze per il progetto del Centro Natatorio di S.Bartolo a Cintoia,<\/strong> nell\u2019ambito di Next Generation UE per il comune di Firenze, in fase di appalto.<\/p>\n<p>Ipostudio \u00e8 vincitore del <strong>Premio Nazionale e Regione Toscana IN\/ARCH 2020 e del Premio FAF Architettura Toscana 2017<\/strong>; \u00e8 finalista al BigMat International Architecture Award 2019 e al Premio Medaglia d\u2019oro per l\u2019architettura italiana 2006 della Triennale di Milano.<\/p>\n<p>Le loro opere sono pi\u00f9 volte pubblicate in Italia e all\u2019estero ed esposte in mostre, come la<strong> Biennale di Venezia e la Triennale di Milano<\/strong>. Molti lavori sono raccolti nella monografia Ipostudio, la concretezza della modernit\u00e0 di M.Mulazzani, prefazione di F.Purini, Electa, 2008, nei Documenti di architettura.<\/p>\n<p>Tra i progetti recenti e i lavori in via di realizzazione i principali sono <strong>l\u2019Ospedale Civico di Lugano, il MICAS Malta International Contemporary Art Space a Malta, l\u2019Ospedale la Carit\u00e0 di Locarno; tra le opere realizzate, il NIC di Careggi e lo Studentato Campus Firenze<\/strong>, a Firenze.<\/p>\n<figure id=\"post-286973 media-286973\" class=\"align-none\"><img decoding=\"async\" src=\"https:\/\/www.intoscana.it\/wp-content\/uploads\/MICAS-Malta-International-Contemporary-Art-Space-Floriana-Malta-crediti-di-immagine-Ipostudio-architetti-scaled.jpg\" alt=\"\" \/><\/figure>\n<div class=\"titleimg\"><em>MICAS Malta International Contemporary Art Space, Floriana Malta, crediti di immagine Ipostudio architetti<\/em><\/div>\n","protected":false},"excerpt":{"rendered":"<p>Il progetto espositivo, a cura di Laura Andreini, celebra i quarant\u2019anni di attivit\u00e0 dello studio fiorentino guidato da Carlo Terpolilli e presenta una serie di progetti, frutto di concorsi di architettura a volte vinti a volte persi, che bene esemplificano la visione creativa di questa bottega artigianale dell\u2019architettura<\/p>\n","protected":false},"author":525,"featured_media":286971,"comment_status":"open","ping_status":"open","sticky":false,"template":"","format":"standard","meta":{"_acf_changed":false,"footnotes":""},"categories":[493],"tags":[202,222,5644],"class_list":["post-286970","post","type-post","status-publish","format-standard","has-post-thumbnail","hentry","category-cultura","tag-firenze","tag-mostre","tag-museo-novecento"],"acf":[],"yoast_head":"<!-- This site is optimized with the Yoast SEO Premium plugin v24.2 (Yoast SEO v25.6) - https:\/\/yoast.com\/wordpress\/plugins\/seo\/ -->\n<title>Ipostudio protagonista del &quot;Tavolo dell&#039;architetto&quot; al Museo Novecento di Firenze - intoscana<\/title>\n<meta name=\"description\" content=\"Il progetto espositivo, a cura di Laura Andreini, celebra i quarant\u2019anni di attivit\u00e0 dello studio fiorentino guidato da Carlo Terpolilli\" \/>\n<meta name=\"robots\" content=\"index, follow, max-snippet:-1, max-image-preview:large, max-video-preview:-1\" \/>\n<link rel=\"canonical\" href=\"https:\/\/www.intoscana.it\/it\/ipostudio-architetti-protagonista-del-tavolo-dellarchitetto-al-museo-novecento-di-firenze\/\" \/>\n<meta property=\"og:locale\" content=\"it_IT\" \/>\n<meta property=\"og:type\" content=\"article\" \/>\n<meta property=\"og:title\" content=\"Ipostudio protagonista del &quot;Tavolo dell&#039;architetto&quot; al Museo Novecento di Firenze\" \/>\n<meta property=\"og:description\" content=\"Il progetto espositivo, a cura di Laura Andreini, celebra i quarant\u2019anni di attivit\u00e0 dello studio fiorentino guidato da Carlo Terpolilli\" \/>\n<meta property=\"og:url\" content=\"https:\/\/www.intoscana.it\/it\/ipostudio-architetti-protagonista-del-tavolo-dellarchitetto-al-museo-novecento-di-firenze\/\" \/>\n<meta property=\"og:site_name\" content=\"intoscana\" \/>\n<meta property=\"article:publisher\" content=\"https:\/\/www.facebook.com\/intoscana.it\" \/>\n<meta property=\"article:published_time\" content=\"2023-05-16T09:42:03+00:00\" \/>\n<meta property=\"article:modified_time\" content=\"2023-05-16T09:43:00+00:00\" \/>\n<meta property=\"og:image\" content=\"https:\/\/www.intoscana.it\/wp-content\/uploads\/Ampliamento-centro-direzionale-Regione-Toscana-Terza-Torre-crediti-di-immagine-Slim-Studio.jpg\" \/>\n\t<meta property=\"og:image:width\" content=\"2000\" \/>\n\t<meta property=\"og:image:height\" content=\"1333\" \/>\n\t<meta property=\"og:image:type\" content=\"image\/jpeg\" \/>\n<meta name=\"author\" content=\"Redazione\" \/>\n<meta name=\"twitter:card\" content=\"summary_large_image\" \/>\n<meta name=\"twitter:creator\" content=\"@intoscana\" \/>\n<meta name=\"twitter:site\" content=\"@intoscana\" \/>\n<meta name=\"twitter:label1\" content=\"Written by\" \/>\n\t<meta name=\"twitter:data1\" content=\"Redazione\" \/>\n\t<meta name=\"twitter:label2\" content=\"Est. reading time\" \/>\n\t<meta name=\"twitter:data2\" content=\"7 minuti\" \/>\n<script type=\"application\/ld+json\" class=\"yoast-schema-graph\">{\"@context\":\"https:\/\/schema.org\",\"@graph\":[{\"@type\":\"WebPage\",\"@id\":\"https:\/\/www.intoscana.it\/it\/ipostudio-architetti-protagonista-del-tavolo-dellarchitetto-al-museo-novecento-di-firenze\/\",\"url\":\"https:\/\/www.intoscana.it\/it\/ipostudio-architetti-protagonista-del-tavolo-dellarchitetto-al-museo-novecento-di-firenze\/\",\"name\":\"Ipostudio protagonista del \\\"Tavolo dell'architetto\\\" al Museo Novecento di Firenze - intoscana\",\"isPartOf\":{\"@id\":\"https:\/\/www.intoscana.it\/it\/#website\"},\"primaryImageOfPage\":{\"@id\":\"https:\/\/www.intoscana.it\/it\/ipostudio-architetti-protagonista-del-tavolo-dellarchitetto-al-museo-novecento-di-firenze\/#primaryimage\"},\"image\":{\"@id\":\"https:\/\/www.intoscana.it\/it\/ipostudio-architetti-protagonista-del-tavolo-dellarchitetto-al-museo-novecento-di-firenze\/#primaryimage\"},\"thumbnailUrl\":\"https:\/\/www.intoscana.it\/wp-content\/uploads\/Ampliamento-centro-direzionale-Regione-Toscana-Terza-Torre-crediti-di-immagine-Slim-Studio.jpg\",\"datePublished\":\"2023-05-16T09:42:03+00:00\",\"dateModified\":\"2023-05-16T09:43:00+00:00\",\"author\":{\"@id\":\"https:\/\/www.intoscana.it\/it\/#\/schema\/person\/9223810753230f20bd670fdd322661f8\"},\"description\":\"Il progetto espositivo, a cura di Laura Andreini, celebra i quarant\u2019anni di attivit\u00e0 dello studio fiorentino guidato da Carlo Terpolilli\",\"breadcrumb\":{\"@id\":\"https:\/\/www.intoscana.it\/it\/ipostudio-architetti-protagonista-del-tavolo-dellarchitetto-al-museo-novecento-di-firenze\/#breadcrumb\"},\"inLanguage\":\"it-IT\",\"potentialAction\":[{\"@type\":\"ReadAction\",\"target\":[\"https:\/\/www.intoscana.it\/it\/ipostudio-architetti-protagonista-del-tavolo-dellarchitetto-al-museo-novecento-di-firenze\/\"]}]},{\"@type\":\"ImageObject\",\"inLanguage\":\"it-IT\",\"@id\":\"https:\/\/www.intoscana.it\/it\/ipostudio-architetti-protagonista-del-tavolo-dellarchitetto-al-museo-novecento-di-firenze\/#primaryimage\",\"url\":\"https:\/\/www.intoscana.it\/wp-content\/uploads\/Ampliamento-centro-direzionale-Regione-Toscana-Terza-Torre-crediti-di-immagine-Slim-Studio.jpg\",\"contentUrl\":\"https:\/\/www.intoscana.it\/wp-content\/uploads\/Ampliamento-centro-direzionale-Regione-Toscana-Terza-Torre-crediti-di-immagine-Slim-Studio.jpg\",\"width\":2000,\"height\":1333},{\"@type\":\"BreadcrumbList\",\"@id\":\"https:\/\/www.intoscana.it\/it\/ipostudio-architetti-protagonista-del-tavolo-dellarchitetto-al-museo-novecento-di-firenze\/#breadcrumb\",\"itemListElement\":[{\"@type\":\"ListItem\",\"position\":1,\"name\":\"Home\",\"item\":\"https:\/\/www.intoscana.it\/it\/\"},{\"@type\":\"ListItem\",\"position\":2,\"name\":\"Ipostudio protagonista del &#8220;Tavolo dell&#8217;architetto&#8221; al Museo Novecento di Firenze\"}]},{\"@type\":\"WebSite\",\"@id\":\"https:\/\/www.intoscana.it\/it\/#website\",\"url\":\"https:\/\/www.intoscana.it\/it\/\",\"name\":\"intoscana\",\"description\":\"\",\"potentialAction\":[{\"@type\":\"SearchAction\",\"target\":{\"@type\":\"EntryPoint\",\"urlTemplate\":\"https:\/\/www.intoscana.it\/it\/?s={search_term_string}\"},\"query-input\":{\"@type\":\"PropertyValueSpecification\",\"valueRequired\":true,\"valueName\":\"search_term_string\"}}],\"inLanguage\":\"it-IT\"},{\"@type\":\"Person\",\"@id\":\"https:\/\/www.intoscana.it\/it\/#\/schema\/person\/9223810753230f20bd670fdd322661f8\",\"name\":\"Redazione\",\"url\":\"https:\/\/www.intoscana.it\/it\/author\/redazione\/\"}]}<\/script>\n<!-- \/ Yoast SEO Premium plugin. -->","yoast_head_json":{"title":"Ipostudio protagonista del \"Tavolo dell'architetto\" al Museo Novecento di Firenze - intoscana","description":"Il progetto espositivo, a cura di Laura Andreini, celebra i quarant\u2019anni di attivit\u00e0 dello studio fiorentino guidato da Carlo Terpolilli","robots":{"index":"index","follow":"follow","max-snippet":"max-snippet:-1","max-image-preview":"max-image-preview:large","max-video-preview":"max-video-preview:-1"},"canonical":"https:\/\/www.intoscana.it\/it\/ipostudio-architetti-protagonista-del-tavolo-dellarchitetto-al-museo-novecento-di-firenze\/","og_locale":"it_IT","og_type":"article","og_title":"Ipostudio protagonista del \"Tavolo dell'architetto\" al Museo Novecento di Firenze","og_description":"Il progetto espositivo, a cura di Laura Andreini, celebra i quarant\u2019anni di attivit\u00e0 dello studio fiorentino guidato da Carlo Terpolilli","og_url":"https:\/\/www.intoscana.it\/it\/ipostudio-architetti-protagonista-del-tavolo-dellarchitetto-al-museo-novecento-di-firenze\/","og_site_name":"intoscana","article_publisher":"https:\/\/www.facebook.com\/intoscana.it","article_published_time":"2023-05-16T09:42:03+00:00","article_modified_time":"2023-05-16T09:43:00+00:00","og_image":[{"width":2000,"height":1333,"url":"https:\/\/www.intoscana.it\/wp-content\/uploads\/Ampliamento-centro-direzionale-Regione-Toscana-Terza-Torre-crediti-di-immagine-Slim-Studio.jpg","type":"image\/jpeg"}],"author":"Redazione","twitter_card":"summary_large_image","twitter_creator":"@intoscana","twitter_site":"@intoscana","twitter_misc":{"Written by":"Redazione","Est. reading time":"7 minuti"},"schema":{"@context":"https:\/\/schema.org","@graph":[{"@type":"WebPage","@id":"https:\/\/www.intoscana.it\/it\/ipostudio-architetti-protagonista-del-tavolo-dellarchitetto-al-museo-novecento-di-firenze\/","url":"https:\/\/www.intoscana.it\/it\/ipostudio-architetti-protagonista-del-tavolo-dellarchitetto-al-museo-novecento-di-firenze\/","name":"Ipostudio protagonista del \"Tavolo dell'architetto\" al Museo Novecento di Firenze - intoscana","isPartOf":{"@id":"https:\/\/www.intoscana.it\/it\/#website"},"primaryImageOfPage":{"@id":"https:\/\/www.intoscana.it\/it\/ipostudio-architetti-protagonista-del-tavolo-dellarchitetto-al-museo-novecento-di-firenze\/#primaryimage"},"image":{"@id":"https:\/\/www.intoscana.it\/it\/ipostudio-architetti-protagonista-del-tavolo-dellarchitetto-al-museo-novecento-di-firenze\/#primaryimage"},"thumbnailUrl":"https:\/\/www.intoscana.it\/wp-content\/uploads\/Ampliamento-centro-direzionale-Regione-Toscana-Terza-Torre-crediti-di-immagine-Slim-Studio.jpg","datePublished":"2023-05-16T09:42:03+00:00","dateModified":"2023-05-16T09:43:00+00:00","author":{"@id":"https:\/\/www.intoscana.it\/it\/#\/schema\/person\/9223810753230f20bd670fdd322661f8"},"description":"Il progetto espositivo, a cura di Laura Andreini, celebra i quarant\u2019anni di attivit\u00e0 dello studio fiorentino guidato da Carlo Terpolilli","breadcrumb":{"@id":"https:\/\/www.intoscana.it\/it\/ipostudio-architetti-protagonista-del-tavolo-dellarchitetto-al-museo-novecento-di-firenze\/#breadcrumb"},"inLanguage":"it-IT","potentialAction":[{"@type":"ReadAction","target":["https:\/\/www.intoscana.it\/it\/ipostudio-architetti-protagonista-del-tavolo-dellarchitetto-al-museo-novecento-di-firenze\/"]}]},{"@type":"ImageObject","inLanguage":"it-IT","@id":"https:\/\/www.intoscana.it\/it\/ipostudio-architetti-protagonista-del-tavolo-dellarchitetto-al-museo-novecento-di-firenze\/#primaryimage","url":"https:\/\/www.intoscana.it\/wp-content\/uploads\/Ampliamento-centro-direzionale-Regione-Toscana-Terza-Torre-crediti-di-immagine-Slim-Studio.jpg","contentUrl":"https:\/\/www.intoscana.it\/wp-content\/uploads\/Ampliamento-centro-direzionale-Regione-Toscana-Terza-Torre-crediti-di-immagine-Slim-Studio.jpg","width":2000,"height":1333},{"@type":"BreadcrumbList","@id":"https:\/\/www.intoscana.it\/it\/ipostudio-architetti-protagonista-del-tavolo-dellarchitetto-al-museo-novecento-di-firenze\/#breadcrumb","itemListElement":[{"@type":"ListItem","position":1,"name":"Home","item":"https:\/\/www.intoscana.it\/it\/"},{"@type":"ListItem","position":2,"name":"Ipostudio protagonista del &#8220;Tavolo dell&#8217;architetto&#8221; al Museo Novecento di Firenze"}]},{"@type":"WebSite","@id":"https:\/\/www.intoscana.it\/it\/#website","url":"https:\/\/www.intoscana.it\/it\/","name":"intoscana","description":"","potentialAction":[{"@type":"SearchAction","target":{"@type":"EntryPoint","urlTemplate":"https:\/\/www.intoscana.it\/it\/?s={search_term_string}"},"query-input":{"@type":"PropertyValueSpecification","valueRequired":true,"valueName":"search_term_string"}}],"inLanguage":"it-IT"},{"@type":"Person","@id":"https:\/\/www.intoscana.it\/it\/#\/schema\/person\/9223810753230f20bd670fdd322661f8","name":"Redazione","url":"https:\/\/www.intoscana.it\/it\/author\/redazione\/"}]}},"_links":{"self":[{"href":"https:\/\/www.intoscana.it\/it\/wp-json\/wp\/v2\/posts\/286970","targetHints":{"allow":["GET"]}}],"collection":[{"href":"https:\/\/www.intoscana.it\/it\/wp-json\/wp\/v2\/posts"}],"about":[{"href":"https:\/\/www.intoscana.it\/it\/wp-json\/wp\/v2\/types\/post"}],"author":[{"embeddable":true,"href":"https:\/\/www.intoscana.it\/it\/wp-json\/wp\/v2\/users\/525"}],"replies":[{"embeddable":true,"href":"https:\/\/www.intoscana.it\/it\/wp-json\/wp\/v2\/comments?post=286970"}],"version-history":[{"count":0,"href":"https:\/\/www.intoscana.it\/it\/wp-json\/wp\/v2\/posts\/286970\/revisions"}],"wp:featuredmedia":[{"embeddable":true,"href":"https:\/\/www.intoscana.it\/it\/wp-json\/wp\/v2\/media\/286971"}],"wp:attachment":[{"href":"https:\/\/www.intoscana.it\/it\/wp-json\/wp\/v2\/media?parent=286970"}],"wp:term":[{"taxonomy":"category","embeddable":true,"href":"https:\/\/www.intoscana.it\/it\/wp-json\/wp\/v2\/categories?post=286970"},{"taxonomy":"post_tag","embeddable":true,"href":"https:\/\/www.intoscana.it\/it\/wp-json\/wp\/v2\/tags?post=286970"}],"curies":[{"name":"wp","href":"https:\/\/api.w.org\/{rel}","templated":true}]}}