{"id":287181,"date":"2023-05-18T13:02:49","date_gmt":"2023-05-18T11:02:49","guid":{"rendered":"https:\/\/www.intoscana.it\/it\/?p=287181"},"modified":"2023-05-18T17:31:01","modified_gmt":"2023-05-18T15:31:01","slug":"il-maltempo-colpisce-lalto-mugello-scuole-chiuse-stop-ai-treni-e-strade-interrotte","status":"publish","type":"post","link":"https:\/\/www.intoscana.it\/it\/il-maltempo-colpisce-lalto-mugello-scuole-chiuse-stop-ai-treni-e-strade-interrotte\/","title":{"rendered":"Maltempo, la conta dei danni in Alto Mugello tra scuole chiuse, stop ai treni e strade interrotte"},"content":{"rendered":"<p>L\u2019ondata di maltempo, dopo le <strong>piogge copiose<\/strong> dei giorni scorsi, oggi ha concesso una pausa. In corso le verifiche per frane, smottamenti, alberi caduti e allagamenti nell\u2019<strong>Alto Mugello<\/strong> e, nello specifico, nel Comune di <strong>Marradi <\/strong>e di<strong> Palazzuolo sul Senio.<\/strong><\/p>\n<p>&#8220;<em>Data la situazione di dissesto idrogeologico nella zona dell\u2019Alto Mugello, e pi\u00f9 precisamente nei Comuni di Marradi, Firenzuola e Palazzuolo sul Senio, causata dalle piogge degli ultimi giorni, ho dato mandato agli uffici di procedere con un\u2019istruttoria per valutare la possibilit\u00e0 di dichiarare lo stato di emergenza regionale<\/em>&#8221; ha annunciato il presidente della Regione Toscana, <strong>Eugenio Giani<\/strong>. &#8220;<em>Ad ora, visti i fatti e dopo essermi confrontato con amministratori e cittadini, sono propenso a dichiarare lo stato di emergenza. Attendo i riscontri delle valutazioni tecniche<\/em>&#8221; ha aggiunto.<\/p>\n<h3>Prorogata l&#8217;allerta meteo<\/h3>\n<p><strong>Prorogata<\/strong>\u00a0fino alle 23.59 di venerd\u00ec 19 maggio <strong>l&#8217;allerta meteo<\/strong> di colore giallo per la Romagna toscana, emessa dalla Sala operativa unificata della Protezione civile regionale per rischio idraulico del reticolo minore e rischio idrogeologico. Previste piogge anche sul resto della regione.<\/p>\n<p>&#8220;<em>Continuano gli interventi del nostro sistema di Protezione Civile, Genio Civile della Regione e operatori per mettere in sicurezza le frane sulle strade nei Comuni di Marradi, Palazzuolo e Firenzuola, alcune frane sono ancora molto fluide<\/em>&#8221; ha scritto sui social il presidente della Regione Toscana <strong>Eugenio Giani<\/strong>, facendo un bilancio sul maltempo. Il governatore ha sottolineato che: &#8220;<em>Per oggi non sono attese precipitazioni sull&#8217;Alto Mugello, da domani previste nuove precipitazioni non intense con cumulati intorno ai 20 mm<\/em>&#8220;.<\/p>\n<h3>Palazzuolo sul Senio isolato<\/h3>\n<p>&#8220;<em>La Protezione civile della Citt\u00e0 metropolitana al momento ha individuato circa 30 movimenti franosi, alcuni pi\u00f9 gravi e altri meno significativi ma comunque da monitorare e infatti molti tratti sono bloccati. Di fatto Palazzuolo sul Senio \u00e8 isolata e vogliamo vedere con attenzione la situazione di tutti i punti<\/em>&#8221; ha sottolineato il sindaco della Citt\u00e0 metropolitana di Firenze <strong>Dario Nardella<\/strong> durante un sopralluogo nell&#8217;Alto Mugello.<\/p>\n<p>&#8220;<em>La strada Sp477 verso Palazzuolo sul Senio \u00e8 interdetta ma transitabile per i mezzi di soccorso, in corso le verifiche per liberarla<\/em>&#8220;, ha chiosato Giani.<\/p>\n<h3>Precipitazioni<\/h3>\n<p>&#8220;<em>Al Monte Faggiola oltre 200 mm di pioggia caduti, 177mm a Palazzuolo sul Senio. Piover\u00e0 ancora su queste zone per le prossime 3 ore perdendo poi di intensit\u00e0<\/em>&#8220;. Questi i dati diffusi dal presidente della Toscana<strong> Eugenio Giani<\/strong> per il maltempo che ha colpito l&#8217;area, per la quale ieri era stata emessa un&#8217;allerta arancione valida fino alle 16 di oggi, 17 maggio.<\/p>\n<h3>Fiumi<\/h3>\n<p>&#8220;<em>Stiamo monitorando i fiumi, il Lamone a Marradi \u00e8 in aumento sopra il primo livello di criticit\u00e0. Date le piogge previste \u00e8 <\/em><em>probabile che raggiunga il secondo livello. Anche sul Santerno i livelli al momento si mantengono sugli stessi valori&#8221; <\/em>aggiunge Giani che ringrazia<em> &#8220;tutti gli operatori e volontari del nostro sistema regionale per questa lunga notte dove non hanno mai smesso di fornire assistenza alle comunit\u00e0<\/em>&#8220;.<\/p>\n<figure id=\"post-287183 media-287183\" class=\"align-none\"><img decoding=\"async\" src=\"https:\/\/www.intoscana.it\/wp-content\/uploads\/WhatsApp-Image-2023-05-17-at-07.25.29.jpeg\" alt=\"\" \/><\/figure>\n<div class=\"titleimg\">Maltempo Marradi &#8211; \u00a9 Vigili del Fuoco<\/div>\n<h3>Circolazione dei treni<\/h3>\n<p>A causa degli effetti del maltempo sull\u2019Emilia-Romagna e su questa parte di Toscana \u00e8 <strong>sospesa la circolazione dei treni<\/strong> regionali fra <strong>Faenza e Borgo San Lorenzo<\/strong>, sulla linea ferroviaria Faenza &#8211; Borgo San Lorenzo \u2013 Firenze. Sempre per i danni causati dal maltempo \u00e8 rallentata la circolazione sulla Firenze-Prato-Bologna.<\/p>\n<h3>Viabilit\u00e0<\/h3>\n<p>Numerose frane stanno interessando l\u2019Alto Mugello, la situazione \u00e8 in continua evoluzione e ci sono alcune criticit\u00e0 che hanno reso necessario la chiusura di alcune strade. <strong>Nardella<\/strong> parla di &#8220;<em>danni pesanti, sono interessate tutte le strade provinciali dell&#8217;Alto Mugello pi\u00f9 una strada regionale che \u00e8 comunque gestita dalla Citt\u00e0 metropolitana<\/em>&#8220;.<\/p>\n<p>Le principali <strong>viabilit\u00e0 interrotte<\/strong> sono la SP610 Montanara Imolese (Firenzuola), SP 58 Piancaldoli (Firenzuola), la SP306 Casolana Riolese (Palazzuolo sul Senio), la SP 29 Traversa di Lutirano (Marradi) e la SP 20 Modiglianese (Marradi). Visto l\u2019elevato rischio, i sindaci dei comuni colpiti consigliano di <strong>evitare gli spostamenti<\/strong> nell\u2019Alto Mugello.<\/p>\n<p>Nella giornata di marted\u00ec 16 maggio, proprio a causa di due frane, una a monte e una a valle, che si sono riversate sulla carreggiata della strada provinciale 20 tra Modigliana e Marradi, 5 autovetture sono rimaste bloccate, fortunatamente senza conseguenze per le persone alla guida.<\/p>\n<p>E&#8217; stata riaperta al traffico nella serata di mercoled\u00ec 17 maggio la statale 258 &#8220;<em>Marecchia<\/em>&#8221; a Badia Tedalda, provincia di Arezzo, in seguito alla frana che ha interessato la carreggiata.<\/p>\n<p>Nella serata di mercoled\u00ec 17 maggio la strada statale 67 &#8220;<em>Tosco Romagnola<\/em>&#8221; \u00e8 stata temporaneamente chiusa in entrambe le direzioni a San Godenzo al km 136 a causa di una frana. Il personale Anas \u00e8 intervenuto per &#8220;<em>valutare gli interventi necessari per ripristinare la circolazione nel pi\u00f9 breve tempo possibile<\/em>&#8220;.<\/p>\n<figure id=\"post-287182 media-287182\" class=\"align-none\"><img decoding=\"async\" src=\"https:\/\/www.intoscana.it\/wp-content\/uploads\/WhatsApp-Image-2023-05-17-at-07.25.29-1.jpeg\" alt=\"\" \/><\/figure>\n<div class=\"titleimg\">Maltempo Marradi &#8211; \u00a9 Vigili del Fuoco<\/div>\n<h3>Scuole chiuse<\/h3>\n<p>Per il secondo giorno consecutivo i sindaci dei comuni di Marradi, Firenzuola e Palazzuolo sul Senio hanno disposto la chiusura delle scuole anche per gioved\u00ec 18 maggio.<\/p>\n<h3>Abitati isolati<\/h3>\n<p>In seguito alle frane e alle condizioni meteo ancora complicate e che rendono difficili gli interventi di ripristino risultano isolate alcune frazioni, oltre a <strong>Lutirano<\/strong> (gi\u00e0 da ieri) anche <strong>Abeto<\/strong> e <strong>Coniale<\/strong>, nei territori di Marradi e Firenzuola, a cui si aggiungono Bordignano, e Piancaldoli (parzialmente raggiungibile, dove \u00e8 stato operato un soccorso sanitario). &#8220;<em>La situazione<\/em> &#8211; spiegano dalla protezione civile della Citt\u00e0 Metropolitana &#8211; <em>\u00e8 in continua evoluzione ed i lavori per i primi interventi sono gi\u00e0 stati disposti pur in presenza di alcune situazioni sono molto complesse. <strong>Tutte le strutture operative stanno operando<\/strong>&#8220;.\u00a0<\/em><br \/>\n&#8220;<em>Difficili<\/em>, aggiungono i vigili del fuoco, l<em>e operazioni per la messa in sicurezza e il ripristino della viabilit\u00e0 anche per i mezzi di movimento terra, a causa del <strong>persistere del maltempo<\/strong>: al momento sono in corso le precipitazioni ed \u00e8 presente la <strong>nebbia<\/strong> che impedisce, si spiega, la visibilit\u00e0 dagli elicotteri&#8221;<\/em>.<\/p>\n<p>A Firenzuola nella frazione di Coniale ci sono 80 persone isolate completamente per frane importanti, con difficolt\u00e0 di intervento per materiale in movimento su SP 610 e SP 20. Nella frazione di Piancaldoli circa 120 persone risultano difficilmente raggiungibili per viabilit\u00e0 compromessa e solo con mezzi 4&#215;4. Una persona con problemi cardio\/respiratori \u00e8 stata soccorsa anche grazie al soccorso alpino. Altre 12 persone isolate nella frazione di Bordignano, 6 in quella di \u00a0Giugnola. Sempre a causa di strade interrotte, nel comune di Marradi risultano isolate 140 persone a Lutirano, 30 in localit\u00e0 Albero e 10 in quella di Abeto.<\/p>\n<p>A Marradi, in frazione Lutirano, viabilit\u00e0 provinciale fortemente compromessa. La SP 29 presenta un tratto lato romagnolo completamente inesistente per frana. Altre frane rendono difficile il collegamento con la frazione di fatto isolata (circa 100 persone). Nella frazione di Gamberaldi, dove ci sono pochissime abitazioni sparse, il comune sta valutando l\u2019evacuazione della popolazione causa della strada di accesso fortemente compromessa e la viabilit\u00e0 alternativa inesistente.<\/p>\n<p>Infine a Palazzuolo la SP 477 \u00e8 chiusa. Cinquanta ragazzi, due classi della scuola media Dino Compagni di Firenze, bloccate a Palazzuolo sul Senio a causa del maltempo sono tornate a casa dopo aver trascorso la notte nella palestra del paese dormendo su alcune brandine.<\/p>\n<h3>Sospesa la 100 km del Passatore<\/h3>\n<p>\u00c8 stata <strong>sospesa<\/strong>, causa alluvione, la 49\/a edizione della gara di ultramaratona <strong>100 km del Passatore<\/strong>, prevista a Faenza prevista per il 27-28 maggio con partenza da Firenze e arrivo a Faenza. La decisione, oltre a rispondere a una logica di buon senso vuole anche essere &#8220;<em>un segno di rispetto verso le popolazioni flagellate dall&#8217;alluvione in tutto il territorio romagnolo<\/em>&#8220;. &#8220;<em>Quando lo stato di emergenza lo permetter\u00e0<\/em> &#8211; specifica il comunicato dell&#8217;organizzazione &#8211; <em>saranno prese ulteriori decisioni e inviate nuove comunicazioni&#8221;<\/em>.<\/p>\n","protected":false},"excerpt":{"rendered":"<p>Giani: &#8220;Avviata istruttoria per valutare lo stato di emergenza&#8221;, prorogata l&#8217;allerta meteo<\/p>\n","protected":false},"author":507,"featured_media":287193,"comment_status":"open","ping_status":"open","sticky":false,"template":"","format":"standard","meta":{"_acf_changed":false,"footnotes":""},"categories":[494],"tags":[348,6619,375],"class_list":["post-287181","post","type-post","status-publish","format-standard","has-post-thumbnail","hentry","category-attualita","tag-maltempo","tag-marradi","tag-mugello"],"acf":[],"yoast_head":"<!-- This site is optimized with the Yoast SEO Premium plugin v24.2 (Yoast SEO v25.6) - https:\/\/yoast.com\/wordpress\/plugins\/seo\/ -->\n<title>Maltempo, la conta dei danni in Alto Mugello tra scuole chiuse, stop ai treni e strade interrotte - intoscana<\/title>\n<meta name=\"description\" content=\"Giani: &quot;Avviata istruttoria per valutare lo stato di emergenza&quot;, viabilit\u00e0 in tilt: Palazzuolo sul Senio isolato\" \/>\n<meta name=\"robots\" content=\"index, follow, max-snippet:-1, max-image-preview:large, max-video-preview:-1\" \/>\n<link rel=\"canonical\" href=\"https:\/\/www.intoscana.it\/it\/il-maltempo-colpisce-lalto-mugello-scuole-chiuse-stop-ai-treni-e-strade-interrotte\/\" \/>\n<meta property=\"og:locale\" content=\"it_IT\" \/>\n<meta property=\"og:type\" content=\"article\" \/>\n<meta property=\"og:title\" content=\"Maltempo, la conta dei danni in Alto Mugello tra scuole chiuse, stop ai treni e strade interrotte\" \/>\n<meta property=\"og:description\" content=\"Giani: &quot;Avviata istruttoria per valutare lo stato di emergenza&quot;, viabilit\u00e0 in tilt: Palazzuolo sul Senio isolato\" \/>\n<meta property=\"og:url\" content=\"https:\/\/www.intoscana.it\/it\/il-maltempo-colpisce-lalto-mugello-scuole-chiuse-stop-ai-treni-e-strade-interrotte\/\" \/>\n<meta property=\"og:site_name\" content=\"intoscana\" \/>\n<meta property=\"article:publisher\" content=\"https:\/\/www.facebook.com\/intoscana.it\" \/>\n<meta property=\"article:published_time\" content=\"2023-05-18T11:02:49+00:00\" \/>\n<meta property=\"article:modified_time\" content=\"2023-05-18T15:31:01+00:00\" \/>\n<meta property=\"og:image\" content=\"https:\/\/www.intoscana.it\/wp-content\/uploads\/WhatsApp-Image-2023-05-17-at-10.02.37-e1684315463930.jpeg\" \/>\n\t<meta property=\"og:image:width\" content=\"1500\" \/>\n\t<meta property=\"og:image:height\" content=\"750\" \/>\n\t<meta property=\"og:image:type\" content=\"image\/jpeg\" \/>\n<meta name=\"author\" content=\"Chiara Bianchini\" \/>\n<meta name=\"twitter:card\" content=\"summary_large_image\" \/>\n<meta name=\"twitter:creator\" content=\"@intoscana\" \/>\n<meta name=\"twitter:site\" content=\"@intoscana\" \/>\n<meta name=\"twitter:label1\" content=\"Written by\" \/>\n\t<meta name=\"twitter:data1\" content=\"Chiara Bianchini\" \/>\n\t<meta name=\"twitter:label2\" content=\"Est. reading time\" \/>\n\t<meta name=\"twitter:data2\" content=\"6 minuti\" \/>\n<script type=\"application\/ld+json\" class=\"yoast-schema-graph\">{\"@context\":\"https:\/\/schema.org\",\"@graph\":[{\"@type\":\"WebPage\",\"@id\":\"https:\/\/www.intoscana.it\/it\/il-maltempo-colpisce-lalto-mugello-scuole-chiuse-stop-ai-treni-e-strade-interrotte\/\",\"url\":\"https:\/\/www.intoscana.it\/it\/il-maltempo-colpisce-lalto-mugello-scuole-chiuse-stop-ai-treni-e-strade-interrotte\/\",\"name\":\"Maltempo, la conta dei danni in Alto Mugello tra scuole chiuse, stop ai treni e strade interrotte - intoscana\",\"isPartOf\":{\"@id\":\"https:\/\/www.intoscana.it\/it\/#website\"},\"primaryImageOfPage\":{\"@id\":\"https:\/\/www.intoscana.it\/it\/il-maltempo-colpisce-lalto-mugello-scuole-chiuse-stop-ai-treni-e-strade-interrotte\/#primaryimage\"},\"image\":{\"@id\":\"https:\/\/www.intoscana.it\/it\/il-maltempo-colpisce-lalto-mugello-scuole-chiuse-stop-ai-treni-e-strade-interrotte\/#primaryimage\"},\"thumbnailUrl\":\"https:\/\/www.intoscana.it\/wp-content\/uploads\/WhatsApp-Image-2023-05-17-at-10.02.37-e1684315463930.jpeg\",\"datePublished\":\"2023-05-18T11:02:49+00:00\",\"dateModified\":\"2023-05-18T15:31:01+00:00\",\"author\":{\"@id\":\"https:\/\/www.intoscana.it\/it\/#\/schema\/person\/010af92117f50561886339ad5b873a41\"},\"description\":\"Giani: \\\"Avviata istruttoria per valutare lo stato di emergenza\\\", viabilit\u00e0 in tilt: Palazzuolo sul Senio isolato\",\"breadcrumb\":{\"@id\":\"https:\/\/www.intoscana.it\/it\/il-maltempo-colpisce-lalto-mugello-scuole-chiuse-stop-ai-treni-e-strade-interrotte\/#breadcrumb\"},\"inLanguage\":\"it-IT\",\"potentialAction\":[{\"@type\":\"ReadAction\",\"target\":[\"https:\/\/www.intoscana.it\/it\/il-maltempo-colpisce-lalto-mugello-scuole-chiuse-stop-ai-treni-e-strade-interrotte\/\"]}]},{\"@type\":\"ImageObject\",\"inLanguage\":\"it-IT\",\"@id\":\"https:\/\/www.intoscana.it\/it\/il-maltempo-colpisce-lalto-mugello-scuole-chiuse-stop-ai-treni-e-strade-interrotte\/#primaryimage\",\"url\":\"https:\/\/www.intoscana.it\/wp-content\/uploads\/WhatsApp-Image-2023-05-17-at-10.02.37-e1684315463930.jpeg\",\"contentUrl\":\"https:\/\/www.intoscana.it\/wp-content\/uploads\/WhatsApp-Image-2023-05-17-at-10.02.37-e1684315463930.jpeg\",\"width\":1500,\"height\":750,\"caption\":\"Maltempo Marradi\"},{\"@type\":\"BreadcrumbList\",\"@id\":\"https:\/\/www.intoscana.it\/it\/il-maltempo-colpisce-lalto-mugello-scuole-chiuse-stop-ai-treni-e-strade-interrotte\/#breadcrumb\",\"itemListElement\":[{\"@type\":\"ListItem\",\"position\":1,\"name\":\"Home\",\"item\":\"https:\/\/www.intoscana.it\/it\/\"},{\"@type\":\"ListItem\",\"position\":2,\"name\":\"Maltempo, la conta dei danni in Alto Mugello tra scuole chiuse, stop ai treni e strade interrotte\"}]},{\"@type\":\"WebSite\",\"@id\":\"https:\/\/www.intoscana.it\/it\/#website\",\"url\":\"https:\/\/www.intoscana.it\/it\/\",\"name\":\"intoscana\",\"description\":\"\",\"potentialAction\":[{\"@type\":\"SearchAction\",\"target\":{\"@type\":\"EntryPoint\",\"urlTemplate\":\"https:\/\/www.intoscana.it\/it\/?s={search_term_string}\"},\"query-input\":{\"@type\":\"PropertyValueSpecification\",\"valueRequired\":true,\"valueName\":\"search_term_string\"}}],\"inLanguage\":\"it-IT\"},{\"@type\":\"Person\",\"@id\":\"https:\/\/www.intoscana.it\/it\/#\/schema\/person\/010af92117f50561886339ad5b873a41\",\"name\":\"Chiara Bianchini\",\"sameAs\":[\"c.bianchini@fst.it\"],\"url\":\"https:\/\/www.intoscana.it\/it\/author\/chiara-bianchini\/\"}]}<\/script>\n<!-- \/ Yoast SEO Premium plugin. -->","yoast_head_json":{"title":"Maltempo, la conta dei danni in Alto Mugello tra scuole chiuse, stop ai treni e strade interrotte - intoscana","description":"Giani: \"Avviata istruttoria per valutare lo stato di emergenza\", viabilit\u00e0 in tilt: Palazzuolo sul Senio isolato","robots":{"index":"index","follow":"follow","max-snippet":"max-snippet:-1","max-image-preview":"max-image-preview:large","max-video-preview":"max-video-preview:-1"},"canonical":"https:\/\/www.intoscana.it\/it\/il-maltempo-colpisce-lalto-mugello-scuole-chiuse-stop-ai-treni-e-strade-interrotte\/","og_locale":"it_IT","og_type":"article","og_title":"Maltempo, la conta dei danni in Alto Mugello tra scuole chiuse, stop ai treni e strade interrotte","og_description":"Giani: \"Avviata istruttoria per valutare lo stato di emergenza\", viabilit\u00e0 in tilt: Palazzuolo sul Senio isolato","og_url":"https:\/\/www.intoscana.it\/it\/il-maltempo-colpisce-lalto-mugello-scuole-chiuse-stop-ai-treni-e-strade-interrotte\/","og_site_name":"intoscana","article_publisher":"https:\/\/www.facebook.com\/intoscana.it","article_published_time":"2023-05-18T11:02:49+00:00","article_modified_time":"2023-05-18T15:31:01+00:00","og_image":[{"width":1500,"height":750,"url":"https:\/\/www.intoscana.it\/wp-content\/uploads\/WhatsApp-Image-2023-05-17-at-10.02.37-e1684315463930.jpeg","type":"image\/jpeg"}],"author":"Chiara Bianchini","twitter_card":"summary_large_image","twitter_creator":"@intoscana","twitter_site":"@intoscana","twitter_misc":{"Written by":"Chiara Bianchini","Est. reading time":"6 minuti"},"schema":{"@context":"https:\/\/schema.org","@graph":[{"@type":"WebPage","@id":"https:\/\/www.intoscana.it\/it\/il-maltempo-colpisce-lalto-mugello-scuole-chiuse-stop-ai-treni-e-strade-interrotte\/","url":"https:\/\/www.intoscana.it\/it\/il-maltempo-colpisce-lalto-mugello-scuole-chiuse-stop-ai-treni-e-strade-interrotte\/","name":"Maltempo, la conta dei danni in Alto Mugello tra scuole chiuse, stop ai treni e strade interrotte - intoscana","isPartOf":{"@id":"https:\/\/www.intoscana.it\/it\/#website"},"primaryImageOfPage":{"@id":"https:\/\/www.intoscana.it\/it\/il-maltempo-colpisce-lalto-mugello-scuole-chiuse-stop-ai-treni-e-strade-interrotte\/#primaryimage"},"image":{"@id":"https:\/\/www.intoscana.it\/it\/il-maltempo-colpisce-lalto-mugello-scuole-chiuse-stop-ai-treni-e-strade-interrotte\/#primaryimage"},"thumbnailUrl":"https:\/\/www.intoscana.it\/wp-content\/uploads\/WhatsApp-Image-2023-05-17-at-10.02.37-e1684315463930.jpeg","datePublished":"2023-05-18T11:02:49+00:00","dateModified":"2023-05-18T15:31:01+00:00","author":{"@id":"https:\/\/www.intoscana.it\/it\/#\/schema\/person\/010af92117f50561886339ad5b873a41"},"description":"Giani: \"Avviata istruttoria per valutare lo stato di emergenza\", viabilit\u00e0 in tilt: Palazzuolo sul Senio isolato","breadcrumb":{"@id":"https:\/\/www.intoscana.it\/it\/il-maltempo-colpisce-lalto-mugello-scuole-chiuse-stop-ai-treni-e-strade-interrotte\/#breadcrumb"},"inLanguage":"it-IT","potentialAction":[{"@type":"ReadAction","target":["https:\/\/www.intoscana.it\/it\/il-maltempo-colpisce-lalto-mugello-scuole-chiuse-stop-ai-treni-e-strade-interrotte\/"]}]},{"@type":"ImageObject","inLanguage":"it-IT","@id":"https:\/\/www.intoscana.it\/it\/il-maltempo-colpisce-lalto-mugello-scuole-chiuse-stop-ai-treni-e-strade-interrotte\/#primaryimage","url":"https:\/\/www.intoscana.it\/wp-content\/uploads\/WhatsApp-Image-2023-05-17-at-10.02.37-e1684315463930.jpeg","contentUrl":"https:\/\/www.intoscana.it\/wp-content\/uploads\/WhatsApp-Image-2023-05-17-at-10.02.37-e1684315463930.jpeg","width":1500,"height":750,"caption":"Maltempo Marradi"},{"@type":"BreadcrumbList","@id":"https:\/\/www.intoscana.it\/it\/il-maltempo-colpisce-lalto-mugello-scuole-chiuse-stop-ai-treni-e-strade-interrotte\/#breadcrumb","itemListElement":[{"@type":"ListItem","position":1,"name":"Home","item":"https:\/\/www.intoscana.it\/it\/"},{"@type":"ListItem","position":2,"name":"Maltempo, la conta dei danni in Alto Mugello tra scuole chiuse, stop ai treni e strade interrotte"}]},{"@type":"WebSite","@id":"https:\/\/www.intoscana.it\/it\/#website","url":"https:\/\/www.intoscana.it\/it\/","name":"intoscana","description":"","potentialAction":[{"@type":"SearchAction","target":{"@type":"EntryPoint","urlTemplate":"https:\/\/www.intoscana.it\/it\/?s={search_term_string}"},"query-input":{"@type":"PropertyValueSpecification","valueRequired":true,"valueName":"search_term_string"}}],"inLanguage":"it-IT"},{"@type":"Person","@id":"https:\/\/www.intoscana.it\/it\/#\/schema\/person\/010af92117f50561886339ad5b873a41","name":"Chiara Bianchini","sameAs":["c.bianchini@fst.it"],"url":"https:\/\/www.intoscana.it\/it\/author\/chiara-bianchini\/"}]}},"_links":{"self":[{"href":"https:\/\/www.intoscana.it\/it\/wp-json\/wp\/v2\/posts\/287181","targetHints":{"allow":["GET"]}}],"collection":[{"href":"https:\/\/www.intoscana.it\/it\/wp-json\/wp\/v2\/posts"}],"about":[{"href":"https:\/\/www.intoscana.it\/it\/wp-json\/wp\/v2\/types\/post"}],"author":[{"embeddable":true,"href":"https:\/\/www.intoscana.it\/it\/wp-json\/wp\/v2\/users\/507"}],"replies":[{"embeddable":true,"href":"https:\/\/www.intoscana.it\/it\/wp-json\/wp\/v2\/comments?post=287181"}],"version-history":[{"count":0,"href":"https:\/\/www.intoscana.it\/it\/wp-json\/wp\/v2\/posts\/287181\/revisions"}],"wp:featuredmedia":[{"embeddable":true,"href":"https:\/\/www.intoscana.it\/it\/wp-json\/wp\/v2\/media\/287193"}],"wp:attachment":[{"href":"https:\/\/www.intoscana.it\/it\/wp-json\/wp\/v2\/media?parent=287181"}],"wp:term":[{"taxonomy":"category","embeddable":true,"href":"https:\/\/www.intoscana.it\/it\/wp-json\/wp\/v2\/categories?post=287181"},{"taxonomy":"post_tag","embeddable":true,"href":"https:\/\/www.intoscana.it\/it\/wp-json\/wp\/v2\/tags?post=287181"}],"curies":[{"name":"wp","href":"https:\/\/api.w.org\/{rel}","templated":true}]}}