{"id":287311,"date":"2023-05-17T17:51:43","date_gmt":"2023-05-17T15:51:43","guid":{"rendered":"https:\/\/www.intoscana.it\/it\/?p=287311"},"modified":"2023-05-18T07:15:48","modified_gmt":"2023-05-18T05:15:48","slug":"fotografia-steve-mccurry-racconta-linfanzia-in-100-scatti","status":"publish","type":"post","link":"https:\/\/www.intoscana.it\/it\/fotografia-steve-mccurry-racconta-linfanzia-in-100-scatti\/","title":{"rendered":"Fotografia, Steve McCurry racconta l&#8217;infanzia in 100 scatti"},"content":{"rendered":"<p>Bambini che giocano arrampicati al cannone di un carro armato o che si divertono nel fango, in classe alle prese con la matematica ma anche al lavoro. Insomma il mondo dell&#8217;infanzia visto con gli occhi di un grande fotografo. Gli sguardi e i sorrisi dei piccoli protagonisti della mostra &#8216;<em>Steve McCurry Children<\/em>&#8216;, scaldano le sale del <strong>Museo degli Innocenti di Firenze<\/strong>. L&#8217;esposizione si tiene dal 19 maggio all&#8217;8 ottobre.<\/p>\n<p>La rassegna, <mark>la prima mostra tematica in Italia dedicata all&#8217;infanzia di McCurry<\/mark>, propone <strong>cento fotografie<\/strong>. Alcune delle immagini non sono mai state esposte prima in Europa e sono state realizzate dal fotografo in quasi <strong>cinquant&#8217;anni di attivit\u00e0<\/strong>. Steve McCurry ha ritratto bambini impegnati in attivit\u00e0 di <strong>vita quotidiana<\/strong> nelle realt\u00e0 pi\u00f9 lontane.<\/p>\n<p>\u201c<em>Ho avuto il grande privilegio di fotografare i bambini di tutto il mondo e ora che ho una figlia anch\u2019io apprezzo ancora di pi\u00f9 la loro energia, la loro curiosit\u00e0, le loro potenzialit\u00e0. Nonostante il contesto difficile in cui molti di loro nascono, i bimbi hanno la capacit\u00e0 di giocare, sorridere, ridere e condividere piccoli momenti di gioia. C\u2019\u00e8 sempre la speranza che un bambino possa crescere e cambiare il mondo<\/em>&#8221; ha raccontato <strong>Steve McCurry<\/strong>.<\/p>\n<h3>La condizione dell&#8217;infanzia nel mondo<\/h3>\n<p>La mostra al Museo degli Innocenti assume un significato particolare: gli scatti che descrivono la vita dei bambini di tutto il mondo, spesso vittime di <strong>sfruttamento minorile<\/strong>, ben si inseriscono nel contesto di un&#8217;istituzione che da oltre 6 secoli si occupa dei pi\u00f9 piccoli. <strong>L\u2019Istituto degli Innocenti<\/strong> \u00e8 nato nel 1419 per <mark>accogliere, accudire e tutelare i bambini meno fortunati<\/mark>.<\/p>\n<p>Il visitatore seguir\u00e0 idealmente <strong>McCurry nei suoi viaggi<\/strong> attraversando India, Birmania, Giappone, Africa fino al Brasile, entrando in contatto con le etnie pi\u00f9 lontane e le condizioni sociali pi\u00f9 disparate. <mark>Una galleria di ritratti che racconta l&#8217;infanzia in tutte le sue sfaccettature<\/mark> e con una caratteristica comune a tutti, lo sguardo dell&#8217;innocenza.<\/p>\n<h3>Un viaggio ideale nell&#8217;infanzia<\/h3>\n<p>Un <strong>viaggio ideale<\/strong> che sar\u00e0 accompagnato anche da approfondimenti di attualit\u00e0 curati dall&#8217;Istituto degli Innocenti, ente per il quale, commenta la sua presidente <strong>Maria Grazia Giuffrida<\/strong>, &#8220;<em>\u00e8 un onore ospitare la prima mostra tematica dedicata all&#8217;infanzia di uno dei fotografi pi\u00f9 conosciuti e amati di sempre. Da tempo il Museo degli Innocenti propone mostre e attivit\u00e0 culturali, ma la mostra Children di Steve McCurry \u00e8 particolarmente pregnante per il soggetto scelto che coincide perfettamente con la ragione d&#8217;essere dell&#8217;Istituto, nato nel 1419 per accogliere, accudire e tutelare i bambini meno fortunati&#8221;.<\/em><\/p>\n<figure id=\"post-287246 media-287246\" class=\"align-none\"><img decoding=\"async\" src=\"https:\/\/www.intoscana.it\/wp-content\/uploads\/06-4.jpg\" alt=\"\" \/><\/figure>\n<div class=\"titleimg\">Bambini che giocano su un carro armato a Beirut, Libano, 1982 \u2013 \u00a9 Steve McCurry<\/div>\n<p>Per il vicesindaco e assessore alla cultura <strong>Alessia Bettini<\/strong> &#8220;<em>la mostra non rappresenter\u00e0 solo l&#8217;occasione di ammirare fotografie straordinarie ma anche di tenere accesi i riflettori sui diritti dei bambini in ogni parte del mondo&#8221;.<\/em><\/p>\n<p>La mostra curata da <strong>Biba Giacchetti<\/strong> con <strong>Melissa Camilli<\/strong> del team di SudEst57, con il patrocino del Comune di Firenze , in collaborazione con l\u2019Istituto dell\u2019Istituto degli Innocenti, prodotta e organizzata da Civita Mostre e Musei con In Your Event by Cristoforo SCS, e realizzata con il supporto di Unicoop Firenze, I Gigli e Mercato Centrale, sar\u00e0 aperta <strong>dal 19 maggio sino all\u2019 8 ottobre<\/strong> negli spazi del <strong>Museo degli Innocenti.<\/strong><\/p>\n","protected":false},"excerpt":{"rendered":"<p>La prima mostra tematica in Italia dedicata ai bambini con le immagini del celebre artista allestita al Museo degli Innocenti a Firenze<\/p>\n","protected":false},"author":554,"featured_media":287241,"comment_status":"open","ping_status":"open","sticky":false,"template":"","format":"standard","meta":{"_acf_changed":false,"footnotes":""},"categories":[493],"tags":[242,4964,6256],"class_list":["post-287311","post","type-post","status-publish","format-standard","has-post-thumbnail","hentry","category-cultura","tag-fotografia","tag-infanzia","tag-museo-degli-innocenti"],"acf":[],"yoast_head":"<!-- This site is optimized with the Yoast SEO Premium plugin v24.2 (Yoast SEO v25.6) - https:\/\/yoast.com\/wordpress\/plugins\/seo\/ -->\n<title>Fotografia, Steve McCurry racconta l&#039;infanzia in 100 scatti - intoscana<\/title>\n<meta name=\"description\" content=\"La prima mostra tematica in Italia dedicata ai bambini con le immagini del celebre artista allestita al Museo degli Innocenti a Firenze\" \/>\n<meta name=\"robots\" content=\"index, follow, max-snippet:-1, max-image-preview:large, max-video-preview:-1\" \/>\n<link rel=\"canonical\" href=\"https:\/\/www.intoscana.it\/it\/fotografia-steve-mccurry-racconta-linfanzia-in-100-scatti\/\" \/>\n<meta property=\"og:locale\" content=\"it_IT\" \/>\n<meta property=\"og:type\" content=\"article\" \/>\n<meta property=\"og:title\" content=\"Fotografia, Steve McCurry racconta l&#039;infanzia in 100 scatti\" \/>\n<meta property=\"og:description\" content=\"La prima mostra tematica in Italia dedicata ai bambini con le immagini del celebre artista allestita al Museo degli Innocenti a Firenze\" \/>\n<meta property=\"og:url\" content=\"https:\/\/www.intoscana.it\/it\/fotografia-steve-mccurry-racconta-linfanzia-in-100-scatti\/\" \/>\n<meta property=\"og:site_name\" content=\"intoscana\" \/>\n<meta property=\"article:publisher\" content=\"https:\/\/www.facebook.com\/intoscana.it\" \/>\n<meta property=\"article:published_time\" content=\"2023-05-17T15:51:43+00:00\" \/>\n<meta property=\"article:modified_time\" content=\"2023-05-18T05:15:48+00:00\" \/>\n<meta property=\"og:image\" content=\"https:\/\/www.intoscana.it\/wp-content\/uploads\/01-2-1.jpg\" \/>\n\t<meta property=\"og:image:width\" content=\"640\" \/>\n\t<meta property=\"og:image:height\" content=\"425\" \/>\n\t<meta property=\"og:image:type\" content=\"image\/jpeg\" \/>\n<meta name=\"author\" content=\"Raffaella Galamini\" \/>\n<meta name=\"twitter:card\" content=\"summary_large_image\" \/>\n<meta name=\"twitter:creator\" content=\"@orio\" \/>\n<meta name=\"twitter:site\" content=\"@intoscana\" \/>\n<meta name=\"twitter:label1\" content=\"Written by\" \/>\n\t<meta name=\"twitter:data1\" content=\"Raffaella Galamini\" \/>\n\t<meta name=\"twitter:label2\" content=\"Est. reading time\" \/>\n\t<meta name=\"twitter:data2\" content=\"3 minuti\" \/>\n<script type=\"application\/ld+json\" class=\"yoast-schema-graph\">{\"@context\":\"https:\/\/schema.org\",\"@graph\":[{\"@type\":\"WebPage\",\"@id\":\"https:\/\/www.intoscana.it\/it\/fotografia-steve-mccurry-racconta-linfanzia-in-100-scatti\/\",\"url\":\"https:\/\/www.intoscana.it\/it\/fotografia-steve-mccurry-racconta-linfanzia-in-100-scatti\/\",\"name\":\"Fotografia, Steve McCurry racconta l'infanzia in 100 scatti - intoscana\",\"isPartOf\":{\"@id\":\"https:\/\/www.intoscana.it\/it\/#website\"},\"primaryImageOfPage\":{\"@id\":\"https:\/\/www.intoscana.it\/it\/fotografia-steve-mccurry-racconta-linfanzia-in-100-scatti\/#primaryimage\"},\"image\":{\"@id\":\"https:\/\/www.intoscana.it\/it\/fotografia-steve-mccurry-racconta-linfanzia-in-100-scatti\/#primaryimage\"},\"thumbnailUrl\":\"https:\/\/www.intoscana.it\/wp-content\/uploads\/01-2-1.jpg\",\"datePublished\":\"2023-05-17T15:51:43+00:00\",\"dateModified\":\"2023-05-18T05:15:48+00:00\",\"author\":{\"@id\":\"https:\/\/www.intoscana.it\/it\/#\/schema\/person\/9eb9daa846a49fe51af39a73d9d1986b\"},\"description\":\"La prima mostra tematica in Italia dedicata ai bambini con le immagini del celebre artista allestita al Museo degli Innocenti a Firenze\",\"breadcrumb\":{\"@id\":\"https:\/\/www.intoscana.it\/it\/fotografia-steve-mccurry-racconta-linfanzia-in-100-scatti\/#breadcrumb\"},\"inLanguage\":\"it-IT\",\"potentialAction\":[{\"@type\":\"ReadAction\",\"target\":[\"https:\/\/www.intoscana.it\/it\/fotografia-steve-mccurry-racconta-linfanzia-in-100-scatti\/\"]}]},{\"@type\":\"ImageObject\",\"inLanguage\":\"it-IT\",\"@id\":\"https:\/\/www.intoscana.it\/it\/fotografia-steve-mccurry-racconta-linfanzia-in-100-scatti\/#primaryimage\",\"url\":\"https:\/\/www.intoscana.it\/wp-content\/uploads\/01-2-1.jpg\",\"contentUrl\":\"https:\/\/www.intoscana.it\/wp-content\/uploads\/01-2-1.jpg\",\"width\":640,\"height\":425,\"caption\":\"Bamiyan, Afghanistan, 2007, AFGHN-12772. CAPTION: Hazara Schoolchildren. Bamiyan, Afghanistan, 2007. MAX PRINT SIZE: 30x40 IG: I photographed these boys in Bamiyan, Afghanistan. They were fifth graders who were engaged and excited by what they were learning. 07\/01\/2015 10\/05\/2016 NYC80918, MCS2007005 G12772, final print_milan Teaching the young has paid off in Hazara society, where literacy is above the national average. Boys- like these fifth graders at an all-boys school in Bamian -still fill the majority of classrooms. But at least 40 percent of Hazara students taking college entrance exams are now women. -National Geographic, February 2008, Vol. 213, No. 2 Hazara schoolboys, Bamiyan, Afghanistan, 2007. Pg 230, Untold: The Stories Behind the Photographs. Unguarded Moment_Book Untold_book Afghanistan_book final print_MACRO final print_Sao Paulo Fine Art Print retouched_Sonny Fabbri 01\/07\/2017, Scott Mclane, Emily Rogers 03\/18\/2020\"},{\"@type\":\"BreadcrumbList\",\"@id\":\"https:\/\/www.intoscana.it\/it\/fotografia-steve-mccurry-racconta-linfanzia-in-100-scatti\/#breadcrumb\",\"itemListElement\":[{\"@type\":\"ListItem\",\"position\":1,\"name\":\"Home\",\"item\":\"https:\/\/www.intoscana.it\/it\/\"},{\"@type\":\"ListItem\",\"position\":2,\"name\":\"Fotografia, Steve McCurry racconta l&#8217;infanzia in 100 scatti\"}]},{\"@type\":\"WebSite\",\"@id\":\"https:\/\/www.intoscana.it\/it\/#website\",\"url\":\"https:\/\/www.intoscana.it\/it\/\",\"name\":\"intoscana\",\"description\":\"\",\"potentialAction\":[{\"@type\":\"SearchAction\",\"target\":{\"@type\":\"EntryPoint\",\"urlTemplate\":\"https:\/\/www.intoscana.it\/it\/?s={search_term_string}\"},\"query-input\":{\"@type\":\"PropertyValueSpecification\",\"valueRequired\":true,\"valueName\":\"search_term_string\"}}],\"inLanguage\":\"it-IT\"},{\"@type\":\"Person\",\"@id\":\"https:\/\/www.intoscana.it\/it\/#\/schema\/person\/9eb9daa846a49fe51af39a73d9d1986b\",\"name\":\"Raffaella Galamini\",\"sameAs\":[\"https:\/\/x.com\/orio\"],\"url\":\"https:\/\/www.intoscana.it\/it\/author\/r-galamini\/\"}]}<\/script>\n<!-- \/ Yoast SEO Premium plugin. -->","yoast_head_json":{"title":"Fotografia, Steve McCurry racconta l'infanzia in 100 scatti - intoscana","description":"La prima mostra tematica in Italia dedicata ai bambini con le immagini del celebre artista allestita al Museo degli Innocenti a Firenze","robots":{"index":"index","follow":"follow","max-snippet":"max-snippet:-1","max-image-preview":"max-image-preview:large","max-video-preview":"max-video-preview:-1"},"canonical":"https:\/\/www.intoscana.it\/it\/fotografia-steve-mccurry-racconta-linfanzia-in-100-scatti\/","og_locale":"it_IT","og_type":"article","og_title":"Fotografia, Steve McCurry racconta l'infanzia in 100 scatti","og_description":"La prima mostra tematica in Italia dedicata ai bambini con le immagini del celebre artista allestita al Museo degli Innocenti a Firenze","og_url":"https:\/\/www.intoscana.it\/it\/fotografia-steve-mccurry-racconta-linfanzia-in-100-scatti\/","og_site_name":"intoscana","article_publisher":"https:\/\/www.facebook.com\/intoscana.it","article_published_time":"2023-05-17T15:51:43+00:00","article_modified_time":"2023-05-18T05:15:48+00:00","og_image":[{"width":640,"height":425,"url":"https:\/\/www.intoscana.it\/wp-content\/uploads\/01-2-1.jpg","type":"image\/jpeg"}],"author":"Raffaella Galamini","twitter_card":"summary_large_image","twitter_creator":"@orio","twitter_site":"@intoscana","twitter_misc":{"Written by":"Raffaella Galamini","Est. reading time":"3 minuti"},"schema":{"@context":"https:\/\/schema.org","@graph":[{"@type":"WebPage","@id":"https:\/\/www.intoscana.it\/it\/fotografia-steve-mccurry-racconta-linfanzia-in-100-scatti\/","url":"https:\/\/www.intoscana.it\/it\/fotografia-steve-mccurry-racconta-linfanzia-in-100-scatti\/","name":"Fotografia, Steve McCurry racconta l'infanzia in 100 scatti - intoscana","isPartOf":{"@id":"https:\/\/www.intoscana.it\/it\/#website"},"primaryImageOfPage":{"@id":"https:\/\/www.intoscana.it\/it\/fotografia-steve-mccurry-racconta-linfanzia-in-100-scatti\/#primaryimage"},"image":{"@id":"https:\/\/www.intoscana.it\/it\/fotografia-steve-mccurry-racconta-linfanzia-in-100-scatti\/#primaryimage"},"thumbnailUrl":"https:\/\/www.intoscana.it\/wp-content\/uploads\/01-2-1.jpg","datePublished":"2023-05-17T15:51:43+00:00","dateModified":"2023-05-18T05:15:48+00:00","author":{"@id":"https:\/\/www.intoscana.it\/it\/#\/schema\/person\/9eb9daa846a49fe51af39a73d9d1986b"},"description":"La prima mostra tematica in Italia dedicata ai bambini con le immagini del celebre artista allestita al Museo degli Innocenti a Firenze","breadcrumb":{"@id":"https:\/\/www.intoscana.it\/it\/fotografia-steve-mccurry-racconta-linfanzia-in-100-scatti\/#breadcrumb"},"inLanguage":"it-IT","potentialAction":[{"@type":"ReadAction","target":["https:\/\/www.intoscana.it\/it\/fotografia-steve-mccurry-racconta-linfanzia-in-100-scatti\/"]}]},{"@type":"ImageObject","inLanguage":"it-IT","@id":"https:\/\/www.intoscana.it\/it\/fotografia-steve-mccurry-racconta-linfanzia-in-100-scatti\/#primaryimage","url":"https:\/\/www.intoscana.it\/wp-content\/uploads\/01-2-1.jpg","contentUrl":"https:\/\/www.intoscana.it\/wp-content\/uploads\/01-2-1.jpg","width":640,"height":425,"caption":"Bamiyan, Afghanistan, 2007, AFGHN-12772. CAPTION: Hazara Schoolchildren. Bamiyan, Afghanistan, 2007. MAX PRINT SIZE: 30x40 IG: I photographed these boys in Bamiyan, Afghanistan. They were fifth graders who were engaged and excited by what they were learning. 07\/01\/2015 10\/05\/2016 NYC80918, MCS2007005 G12772, final print_milan Teaching the young has paid off in Hazara society, where literacy is above the national average. Boys- like these fifth graders at an all-boys school in Bamian -still fill the majority of classrooms. But at least 40 percent of Hazara students taking college entrance exams are now women. -National Geographic, February 2008, Vol. 213, No. 2 Hazara schoolboys, Bamiyan, Afghanistan, 2007. Pg 230, Untold: The Stories Behind the Photographs. Unguarded Moment_Book Untold_book Afghanistan_book final print_MACRO final print_Sao Paulo Fine Art Print retouched_Sonny Fabbri 01\/07\/2017, Scott Mclane, Emily Rogers 03\/18\/2020"},{"@type":"BreadcrumbList","@id":"https:\/\/www.intoscana.it\/it\/fotografia-steve-mccurry-racconta-linfanzia-in-100-scatti\/#breadcrumb","itemListElement":[{"@type":"ListItem","position":1,"name":"Home","item":"https:\/\/www.intoscana.it\/it\/"},{"@type":"ListItem","position":2,"name":"Fotografia, Steve McCurry racconta l&#8217;infanzia in 100 scatti"}]},{"@type":"WebSite","@id":"https:\/\/www.intoscana.it\/it\/#website","url":"https:\/\/www.intoscana.it\/it\/","name":"intoscana","description":"","potentialAction":[{"@type":"SearchAction","target":{"@type":"EntryPoint","urlTemplate":"https:\/\/www.intoscana.it\/it\/?s={search_term_string}"},"query-input":{"@type":"PropertyValueSpecification","valueRequired":true,"valueName":"search_term_string"}}],"inLanguage":"it-IT"},{"@type":"Person","@id":"https:\/\/www.intoscana.it\/it\/#\/schema\/person\/9eb9daa846a49fe51af39a73d9d1986b","name":"Raffaella Galamini","sameAs":["https:\/\/x.com\/orio"],"url":"https:\/\/www.intoscana.it\/it\/author\/r-galamini\/"}]}},"_links":{"self":[{"href":"https:\/\/www.intoscana.it\/it\/wp-json\/wp\/v2\/posts\/287311","targetHints":{"allow":["GET"]}}],"collection":[{"href":"https:\/\/www.intoscana.it\/it\/wp-json\/wp\/v2\/posts"}],"about":[{"href":"https:\/\/www.intoscana.it\/it\/wp-json\/wp\/v2\/types\/post"}],"author":[{"embeddable":true,"href":"https:\/\/www.intoscana.it\/it\/wp-json\/wp\/v2\/users\/554"}],"replies":[{"embeddable":true,"href":"https:\/\/www.intoscana.it\/it\/wp-json\/wp\/v2\/comments?post=287311"}],"version-history":[{"count":0,"href":"https:\/\/www.intoscana.it\/it\/wp-json\/wp\/v2\/posts\/287311\/revisions"}],"wp:featuredmedia":[{"embeddable":true,"href":"https:\/\/www.intoscana.it\/it\/wp-json\/wp\/v2\/media\/287241"}],"wp:attachment":[{"href":"https:\/\/www.intoscana.it\/it\/wp-json\/wp\/v2\/media?parent=287311"}],"wp:term":[{"taxonomy":"category","embeddable":true,"href":"https:\/\/www.intoscana.it\/it\/wp-json\/wp\/v2\/categories?post=287311"},{"taxonomy":"post_tag","embeddable":true,"href":"https:\/\/www.intoscana.it\/it\/wp-json\/wp\/v2\/tags?post=287311"}],"curies":[{"name":"wp","href":"https:\/\/api.w.org\/{rel}","templated":true}]}}