{"id":287386,"date":"2023-05-18T15:58:13","date_gmt":"2023-05-18T13:58:13","guid":{"rendered":"https:\/\/www.intoscana.it\/it\/?p=287386"},"modified":"2023-05-18T16:05:56","modified_gmt":"2023-05-18T14:05:56","slug":"igort-mostra-palazzo-blu-pisa-2023","status":"publish","type":"post","link":"https:\/\/www.intoscana.it\/it\/igort-mostra-palazzo-blu-pisa-2023\/","title":{"rendered":"Una mostra a Palazzo Blu a Pisa celebra Igort il &#8220;creatore di mondi&#8221;"},"content":{"rendered":"<p><strong>Illustratore, fumettista, grafico, regista, musicista sperimentale,<\/strong> fondatore di una casa editrice la <strong>Coconino Press<\/strong> (e poi Oblomov Edizioni) e direttore di<strong> Linus<\/strong> il pi\u00f9 importante mensile italiano dedicato al fumetto.<\/p>\n<p><strong>Igor Tuberi in arte IGORT<\/strong> \u00e8 un <strong>talento poliedrico e cosmopolita<\/strong>, un<strong> creatore di mondi<\/strong>, quando prende il pennello in mano e inizia a tracciare disegni lo fa <strong>senza limiti e senza confini.<\/strong><\/p>\n<p>Le sue storie sono state tradotte in tutto il mondo e <strong>Igort <\/strong>che ama definirsi<em><strong> &#8220;un architetto che traccia ponti&#8221;<\/strong> <\/em>\u00e8 stato <strong>il primo occidentale a lavorare nell&#8217;industria del manga giapponese.<\/strong><\/p>\n<p><strong>Il curatore Giorgio Bacci<\/strong> ha dichiarato <em>&#8220;Igort \u00e8 sicuramente tra gli intellettuali e artisti pi\u00f9 interessanti della scena contemporanea, in grado di contaminare e unire con racconti fantastici e fumetti realistici mondi e generi letterari apparentemente lontani tra loro nello spazio e nel tempo, passando dal Giappone all\u2019Ucraina, da Napoli a Bombay, dagli Stati Uniti alla Russia. <strong>Il fumetto diventa il filtro poetico attraverso cui passa un\u2019acuta riflessione sui mezzi artistici e sul senso della Storia<\/strong>, coinvolgendo il lettore in un serrato dialogo visivo e letterario.&#8221;<\/em><\/p>\n<figure id=\"post-287391 media-287391\" class=\"align-none\"><img decoding=\"async\" src=\"https:\/\/www.intoscana.it\/wp-content\/uploads\/QUADERNI-GIAPPONESI-3122.jpg\" alt=\"\" \/><\/figure>\n<h3>La mostra<\/h3>\n<p>L&#8217;esposizione <em><strong>&#8220;Igort. Attraversare le forme&#8221;<\/strong><\/em> aperta<strong> fino al 10 settembre a Palazzo Blu a Pisa, <\/strong>tenta di raccontare<strong> 45 anni di attivit\u00e0 e creativit\u00e0<\/strong> di <strong>un artista<\/strong> che \u00e8 riuscito a spaziare sia geograficamente che stilisticamente attraversando, appunto, <strong>molteplici generi letterari.<\/strong><\/p>\n<p>Si va dal reportage dei <strong>Quaderni (Giapponesi, Ucraini, Russi)<\/strong>, il giallo-poliziesco dell\u2019<em><strong>Alligatore<\/strong><\/em> e di<em><strong> Sinfonia a Bombay<\/strong><\/em>, il noir di <em><strong>5 \u00e8 il numero perfetto<\/strong><\/em>, il biografico di <em><strong>Fats Waller<\/strong><\/em> e <em><strong>Parole di Chandler.<\/strong><\/em><\/p>\n<p>L&#8217;esposizione prende il via con una sala dedicata a <em><strong>&#8220;5 \u00e8 il numero perfetto&#8221;<\/strong><\/em> il noir che \u00e8 riuscito a trasformare in <strong>film,<\/strong> dirigendo nel 2019 lui stesso <strong>Toni Servillo e Valeria Golino.<\/strong><\/p>\n<p><strong>Fats Waller<\/strong> immerge il lettore in un\u2019affascinante <strong>atmosfera jazz<\/strong>, ricordando una delle passioni di Igort, la musica appunto, che determina la struttura sintattica del volume.<\/p>\n<figure id=\"post-287407 media-287407\" class=\"align-none\"><img decoding=\"async\" src=\"https:\/\/www.intoscana.it\/wp-content\/uploads\/IGORT_-scaled.jpg\" alt=\"\" \/><\/figure>\n<div class=\"titleimg\">IGORT<\/div>\n<p><em><strong>Brillo. La guerra degli ovetti<\/strong> <\/em>funziona da cerniera di <strong>collegamento tra universi lontani,<\/strong> trasportando e rivisitando il personaggio di <strong>Yuri<\/strong> nel mondo occidentale dominato da una guerra insensata, vista attraverso la<strong> lente distopica della Nuova oggettivit\u00e0 tedesca.<\/strong><\/p>\n<p>La mostra si chiude con due sale dedicate ai meravigliosi <em><strong>Quaderni giapponesi<\/strong> <\/em>che invitano a riflettere sull\u2019incontro di culture e sul linguaggio logo-iconico del fumetto, frutto dell\u2019unione inscindibile tra immagine e scrittura.<\/p>\n<p>Il criterio di fondo seguito nella scelta del materiale \u00e8 stato dunque quello di restituire allo spettatore, nei limiti del possibile, la variet\u00e0 e molteplicit\u00e0 di <strong>tecniche, generi e stili adottati da Igort nel corso degli anni.<\/strong><\/p>\n<p><strong>Come spiega l&#8217;artista:<\/strong><em> &#8220;se mi guardo indietro vedo che ho disegnato con tutte le tecniche: olio, acrilico, matite colorate, grafite, carboncini, gessetti, acquerelli, ecoline, acquerelli Radiant, colori a cera, smalti. E su tutti i supporti, dal vetro alla carta, liscia, porosa, porosissima, carta da lucido, carta millimetrata, ai fogli di nylon per arrivare allo spazio luminoso di uno schermo di computer&#8221;.<\/em><\/p>\n<figure id=\"post-287412 media-287412\" class=\"align-none\"><img decoding=\"async\" src=\"https:\/\/www.intoscana.it\/wp-content\/uploads\/04-6-scaled.jpg\" alt=\"\" \/><\/figure>\n","protected":false},"excerpt":{"rendered":"<p>L&#8217;esposizione &#8220;Igort. Attraversare le forme&#8221; aperta fino al 10 settembre a Palazzo Blu a Pisa, tenta di raccontare 45 anni di attivit\u00e0 e creativit\u00e0 di un artista poliedrico e cosmopolita<\/p>\n","protected":false},"author":518,"featured_media":287420,"comment_status":"open","ping_status":"open","sticky":false,"template":"","format":"standard","meta":{"_acf_changed":false,"footnotes":""},"categories":[493],"tags":[4474,222,5382,203],"class_list":["post-287386","post","type-post","status-publish","format-standard","has-post-thumbnail","hentry","category-cultura","tag-eventi","tag-mostre","tag-palazzo-blu","tag-pisa"],"acf":[],"yoast_head":"<!-- This site is optimized with the Yoast SEO Premium plugin v24.2 (Yoast SEO v25.6) - https:\/\/yoast.com\/wordpress\/plugins\/seo\/ -->\n<title>Una mostra a Palazzo Blu a Pisa celebra Igort il &quot;creatore di mondi&quot; - intoscana<\/title>\n<meta name=\"description\" content=\"L&#039;esposizione &quot;Igort. Attraversare le forme&quot; aperta fino al 10 settembre a Palazzo Blu a Pisa, racconta 45 anni di attivit\u00e0 dell&#039;artista\" \/>\n<meta name=\"robots\" content=\"index, follow, max-snippet:-1, max-image-preview:large, max-video-preview:-1\" \/>\n<link rel=\"canonical\" href=\"https:\/\/www.intoscana.it\/it\/igort-mostra-palazzo-blu-pisa-2023\/\" \/>\n<meta property=\"og:locale\" content=\"it_IT\" \/>\n<meta property=\"og:type\" content=\"article\" \/>\n<meta property=\"og:title\" content=\"Una mostra a Palazzo Blu a Pisa celebra Igort il &quot;creatore di mondi&quot;\" \/>\n<meta property=\"og:description\" content=\"L&#039;esposizione &quot;Igort. Attraversare le forme&quot; aperta fino al 10 settembre a Palazzo Blu a Pisa, racconta 45 anni di attivit\u00e0 dell&#039;artista\" \/>\n<meta property=\"og:url\" content=\"https:\/\/www.intoscana.it\/it\/igort-mostra-palazzo-blu-pisa-2023\/\" \/>\n<meta property=\"og:site_name\" content=\"intoscana\" \/>\n<meta property=\"article:publisher\" content=\"https:\/\/www.facebook.com\/intoscana.it\" \/>\n<meta property=\"article:published_time\" content=\"2023-05-18T13:58:13+00:00\" \/>\n<meta property=\"article:modified_time\" content=\"2023-05-18T14:05:56+00:00\" \/>\n<meta property=\"og:image\" content=\"https:\/\/www.intoscana.it\/wp-content\/uploads\/QUADERNI-GIAPPONESI-360-copia-1.jpg\" \/>\n\t<meta property=\"og:image:width\" content=\"1178\" \/>\n\t<meta property=\"og:image:height\" content=\"782\" \/>\n\t<meta property=\"og:image:type\" content=\"image\/jpeg\" \/>\n<meta name=\"author\" content=\"Costanza Baldini\" \/>\n<meta name=\"twitter:card\" content=\"summary_large_image\" \/>\n<meta name=\"twitter:creator\" content=\"@intoscana\" \/>\n<meta name=\"twitter:site\" content=\"@intoscana\" \/>\n<meta name=\"twitter:label1\" content=\"Written by\" \/>\n\t<meta name=\"twitter:data1\" content=\"Costanza Baldini\" \/>\n\t<meta name=\"twitter:label2\" content=\"Est. reading time\" \/>\n\t<meta name=\"twitter:data2\" content=\"2 minuti\" \/>\n<script type=\"application\/ld+json\" class=\"yoast-schema-graph\">{\"@context\":\"https:\/\/schema.org\",\"@graph\":[{\"@type\":\"WebPage\",\"@id\":\"https:\/\/www.intoscana.it\/it\/igort-mostra-palazzo-blu-pisa-2023\/\",\"url\":\"https:\/\/www.intoscana.it\/it\/igort-mostra-palazzo-blu-pisa-2023\/\",\"name\":\"Una mostra a Palazzo Blu a Pisa celebra Igort il \\\"creatore di mondi\\\" - intoscana\",\"isPartOf\":{\"@id\":\"https:\/\/www.intoscana.it\/it\/#website\"},\"primaryImageOfPage\":{\"@id\":\"https:\/\/www.intoscana.it\/it\/igort-mostra-palazzo-blu-pisa-2023\/#primaryimage\"},\"image\":{\"@id\":\"https:\/\/www.intoscana.it\/it\/igort-mostra-palazzo-blu-pisa-2023\/#primaryimage\"},\"thumbnailUrl\":\"https:\/\/www.intoscana.it\/wp-content\/uploads\/QUADERNI-GIAPPONESI-360-copia-1.jpg\",\"datePublished\":\"2023-05-18T13:58:13+00:00\",\"dateModified\":\"2023-05-18T14:05:56+00:00\",\"author\":{\"@id\":\"https:\/\/www.intoscana.it\/it\/#\/schema\/person\/d469f35f09739bdf00bf5dd3f0647a82\"},\"description\":\"L'esposizione \\\"Igort. Attraversare le forme\\\" aperta fino al 10 settembre a Palazzo Blu a Pisa, racconta 45 anni di attivit\u00e0 dell'artista\",\"breadcrumb\":{\"@id\":\"https:\/\/www.intoscana.it\/it\/igort-mostra-palazzo-blu-pisa-2023\/#breadcrumb\"},\"inLanguage\":\"it-IT\",\"potentialAction\":[{\"@type\":\"ReadAction\",\"target\":[\"https:\/\/www.intoscana.it\/it\/igort-mostra-palazzo-blu-pisa-2023\/\"]}]},{\"@type\":\"ImageObject\",\"inLanguage\":\"it-IT\",\"@id\":\"https:\/\/www.intoscana.it\/it\/igort-mostra-palazzo-blu-pisa-2023\/#primaryimage\",\"url\":\"https:\/\/www.intoscana.it\/wp-content\/uploads\/QUADERNI-GIAPPONESI-360-copia-1.jpg\",\"contentUrl\":\"https:\/\/www.intoscana.it\/wp-content\/uploads\/QUADERNI-GIAPPONESI-360-copia-1.jpg\",\"width\":1178,\"height\":782},{\"@type\":\"BreadcrumbList\",\"@id\":\"https:\/\/www.intoscana.it\/it\/igort-mostra-palazzo-blu-pisa-2023\/#breadcrumb\",\"itemListElement\":[{\"@type\":\"ListItem\",\"position\":1,\"name\":\"Home\",\"item\":\"https:\/\/www.intoscana.it\/it\/\"},{\"@type\":\"ListItem\",\"position\":2,\"name\":\"Una mostra a Palazzo Blu a Pisa celebra Igort il &#8220;creatore di mondi&#8221;\"}]},{\"@type\":\"WebSite\",\"@id\":\"https:\/\/www.intoscana.it\/it\/#website\",\"url\":\"https:\/\/www.intoscana.it\/it\/\",\"name\":\"intoscana\",\"description\":\"\",\"potentialAction\":[{\"@type\":\"SearchAction\",\"target\":{\"@type\":\"EntryPoint\",\"urlTemplate\":\"https:\/\/www.intoscana.it\/it\/?s={search_term_string}\"},\"query-input\":{\"@type\":\"PropertyValueSpecification\",\"valueRequired\":true,\"valueName\":\"search_term_string\"}}],\"inLanguage\":\"it-IT\"},{\"@type\":\"Person\",\"@id\":\"https:\/\/www.intoscana.it\/it\/#\/schema\/person\/d469f35f09739bdf00bf5dd3f0647a82\",\"name\":\"Costanza Baldini\",\"url\":\"https:\/\/www.intoscana.it\/it\/author\/costanza-baldini\/\"}]}<\/script>\n<!-- \/ Yoast SEO Premium plugin. -->","yoast_head_json":{"title":"Una mostra a Palazzo Blu a Pisa celebra Igort il \"creatore di mondi\" - intoscana","description":"L'esposizione \"Igort. Attraversare le forme\" aperta fino al 10 settembre a Palazzo Blu a Pisa, racconta 45 anni di attivit\u00e0 dell'artista","robots":{"index":"index","follow":"follow","max-snippet":"max-snippet:-1","max-image-preview":"max-image-preview:large","max-video-preview":"max-video-preview:-1"},"canonical":"https:\/\/www.intoscana.it\/it\/igort-mostra-palazzo-blu-pisa-2023\/","og_locale":"it_IT","og_type":"article","og_title":"Una mostra a Palazzo Blu a Pisa celebra Igort il \"creatore di mondi\"","og_description":"L'esposizione \"Igort. Attraversare le forme\" aperta fino al 10 settembre a Palazzo Blu a Pisa, racconta 45 anni di attivit\u00e0 dell'artista","og_url":"https:\/\/www.intoscana.it\/it\/igort-mostra-palazzo-blu-pisa-2023\/","og_site_name":"intoscana","article_publisher":"https:\/\/www.facebook.com\/intoscana.it","article_published_time":"2023-05-18T13:58:13+00:00","article_modified_time":"2023-05-18T14:05:56+00:00","og_image":[{"width":1178,"height":782,"url":"https:\/\/www.intoscana.it\/wp-content\/uploads\/QUADERNI-GIAPPONESI-360-copia-1.jpg","type":"image\/jpeg"}],"author":"Costanza Baldini","twitter_card":"summary_large_image","twitter_creator":"@intoscana","twitter_site":"@intoscana","twitter_misc":{"Written by":"Costanza Baldini","Est. reading time":"2 minuti"},"schema":{"@context":"https:\/\/schema.org","@graph":[{"@type":"WebPage","@id":"https:\/\/www.intoscana.it\/it\/igort-mostra-palazzo-blu-pisa-2023\/","url":"https:\/\/www.intoscana.it\/it\/igort-mostra-palazzo-blu-pisa-2023\/","name":"Una mostra a Palazzo Blu a Pisa celebra Igort il \"creatore di mondi\" - intoscana","isPartOf":{"@id":"https:\/\/www.intoscana.it\/it\/#website"},"primaryImageOfPage":{"@id":"https:\/\/www.intoscana.it\/it\/igort-mostra-palazzo-blu-pisa-2023\/#primaryimage"},"image":{"@id":"https:\/\/www.intoscana.it\/it\/igort-mostra-palazzo-blu-pisa-2023\/#primaryimage"},"thumbnailUrl":"https:\/\/www.intoscana.it\/wp-content\/uploads\/QUADERNI-GIAPPONESI-360-copia-1.jpg","datePublished":"2023-05-18T13:58:13+00:00","dateModified":"2023-05-18T14:05:56+00:00","author":{"@id":"https:\/\/www.intoscana.it\/it\/#\/schema\/person\/d469f35f09739bdf00bf5dd3f0647a82"},"description":"L'esposizione \"Igort. Attraversare le forme\" aperta fino al 10 settembre a Palazzo Blu a Pisa, racconta 45 anni di attivit\u00e0 dell'artista","breadcrumb":{"@id":"https:\/\/www.intoscana.it\/it\/igort-mostra-palazzo-blu-pisa-2023\/#breadcrumb"},"inLanguage":"it-IT","potentialAction":[{"@type":"ReadAction","target":["https:\/\/www.intoscana.it\/it\/igort-mostra-palazzo-blu-pisa-2023\/"]}]},{"@type":"ImageObject","inLanguage":"it-IT","@id":"https:\/\/www.intoscana.it\/it\/igort-mostra-palazzo-blu-pisa-2023\/#primaryimage","url":"https:\/\/www.intoscana.it\/wp-content\/uploads\/QUADERNI-GIAPPONESI-360-copia-1.jpg","contentUrl":"https:\/\/www.intoscana.it\/wp-content\/uploads\/QUADERNI-GIAPPONESI-360-copia-1.jpg","width":1178,"height":782},{"@type":"BreadcrumbList","@id":"https:\/\/www.intoscana.it\/it\/igort-mostra-palazzo-blu-pisa-2023\/#breadcrumb","itemListElement":[{"@type":"ListItem","position":1,"name":"Home","item":"https:\/\/www.intoscana.it\/it\/"},{"@type":"ListItem","position":2,"name":"Una mostra a Palazzo Blu a Pisa celebra Igort il &#8220;creatore di mondi&#8221;"}]},{"@type":"WebSite","@id":"https:\/\/www.intoscana.it\/it\/#website","url":"https:\/\/www.intoscana.it\/it\/","name":"intoscana","description":"","potentialAction":[{"@type":"SearchAction","target":{"@type":"EntryPoint","urlTemplate":"https:\/\/www.intoscana.it\/it\/?s={search_term_string}"},"query-input":{"@type":"PropertyValueSpecification","valueRequired":true,"valueName":"search_term_string"}}],"inLanguage":"it-IT"},{"@type":"Person","@id":"https:\/\/www.intoscana.it\/it\/#\/schema\/person\/d469f35f09739bdf00bf5dd3f0647a82","name":"Costanza Baldini","url":"https:\/\/www.intoscana.it\/it\/author\/costanza-baldini\/"}]}},"_links":{"self":[{"href":"https:\/\/www.intoscana.it\/it\/wp-json\/wp\/v2\/posts\/287386","targetHints":{"allow":["GET"]}}],"collection":[{"href":"https:\/\/www.intoscana.it\/it\/wp-json\/wp\/v2\/posts"}],"about":[{"href":"https:\/\/www.intoscana.it\/it\/wp-json\/wp\/v2\/types\/post"}],"author":[{"embeddable":true,"href":"https:\/\/www.intoscana.it\/it\/wp-json\/wp\/v2\/users\/518"}],"replies":[{"embeddable":true,"href":"https:\/\/www.intoscana.it\/it\/wp-json\/wp\/v2\/comments?post=287386"}],"version-history":[{"count":0,"href":"https:\/\/www.intoscana.it\/it\/wp-json\/wp\/v2\/posts\/287386\/revisions"}],"wp:featuredmedia":[{"embeddable":true,"href":"https:\/\/www.intoscana.it\/it\/wp-json\/wp\/v2\/media\/287420"}],"wp:attachment":[{"href":"https:\/\/www.intoscana.it\/it\/wp-json\/wp\/v2\/media?parent=287386"}],"wp:term":[{"taxonomy":"category","embeddable":true,"href":"https:\/\/www.intoscana.it\/it\/wp-json\/wp\/v2\/categories?post=287386"},{"taxonomy":"post_tag","embeddable":true,"href":"https:\/\/www.intoscana.it\/it\/wp-json\/wp\/v2\/tags?post=287386"}],"curies":[{"name":"wp","href":"https:\/\/api.w.org\/{rel}","templated":true}]}}