{"id":287465,"date":"2023-05-19T09:39:20","date_gmt":"2023-05-19T07:39:20","guid":{"rendered":"https:\/\/www.intoscana.it\/it\/?p=287465"},"modified":"2023-05-23T15:52:41","modified_gmt":"2023-05-23T13:52:41","slug":"prende-il-via-da-prato-il-gran-tour-delle-donne-della-regione-toscana-al-centro-valori-e-diritti","status":"publish","type":"post","link":"https:\/\/www.intoscana.it\/it\/prende-il-via-da-prato-il-gran-tour-delle-donne-della-regione-toscana-al-centro-valori-e-diritti\/","title":{"rendered":"Prende il via da Prato il &#8220;Gran Tour delle Donne&#8221; della Regione Toscana: al centro valori e diritti"},"content":{"rendered":"<p>\u00c8 partito dal <strong>Teatro Politeama di Prato<\/strong> gioved\u00ec 18 maggio il<em><strong> &#8220;Gran Tour delle donne&#8221;<\/strong><\/em> della <strong>Regione Toscana,\u00a0<\/strong>un viaggio <strong>nella creativit\u00e0 al femminil<\/strong>e che coinvolger\u00e0 via via tutte le province toscane e le <strong>donne imprenditrici<\/strong> che racconteranno la loro storia.<\/p>\n<p>Saranno protagoniste <strong>donne, impegnate, moderne, creative, accoglienti<\/strong> che vivono e raccontano la Toscana a chi ci vive e soprattutto a chi la viene a visitare, alle donne, migliaia di viaggiatrici che ogni anno sono attratte dalla sua forza magnetica.<\/p>\n<p><em>\u201cQuesto Gran Tour \u2013<\/em><strong> ha detto il presidente Eugenio Giani <\/strong><em>&#8211; nato in seno a La Toscana delle Donne, vuole sottolineare ancora una volta il contributo intellettuale che le donne portano alla crescita della societ\u00e0, un contributo che \u00e8 essenziale e che le istituzioni devono favorire. Vanno in questo senso i tanti progetti regionali come quello dei nidi gratuiti, oppure la nostra attenzione per la sanit\u00e0 di genere, che costruisce un programma di tutela della salute partendo dalle specificit\u00e0 femminili, oltre naturalmente agli interventi per un trattamento pi\u00f9 equo sul lavoro, al supporto per l\u2019imprenditorialit\u00e0 femminile, al sostegno alla cultura e alla creativit\u00e0 espressa dalle donne. E le donne giocano un ruolo sempre pi\u00f9 importante anche nel turismo. In particolare, il turismo responsabile che offre l\u2019opportunit\u00e0 di creare impresa e contribuire al cambiamento\u201d.<\/em><\/p>\n<p>L&#8217;iniziativa si inserisce all&#8217;interno del progetto <em><strong>\u201cLa Toscana delle Donne&#8221;<\/strong><\/em> della <strong>Regione Toscana<\/strong>, realizzata in collaborazione con <strong>Toscana Promozione Turistica<\/strong> nell\u2019ambito del progetto <strong>\u201cBenvenute in Toscana\u201d<\/strong> e con la rivista <strong>DOVE,<\/strong> che d\u00e0 il via a un tour narrativo che ruota attorno a tante donne di successo del mondo della cultura, dell\u2019ospitalit\u00e0, dell\u2019artigianato e della gastronomia e raccontando il volto, i volti e l\u2019anima della Toscana.<\/p>\n<p><em>\u201cOggi da Prato parte un Gran tour delle donne \u2013<\/em><strong> ha detto Cristina Manetti <\/strong><em>&#8211; legato al tema del viaggio, perch\u00e9 racconteremo tante storie di donne attorno al tema dell\u2019imprenditoria dell\u2019accoglienza, dell\u2019artigianato e far\u00e0 diverse tappe in Toscana. Le parole chiave di questo tour sono due, \u201cvalori\u201d e \u201ccondivisione\u201d, cio\u00e8 vogliamo condividere valori che ci rendono cittadini della Toscana e ci rappresentano per tutte le viaggiatrici che arriveranno qua. Valori e condivisione sono al centro anche di un altro progetto della Regione, \u201cLa Toscana delle Donne\u201d , che mi piace chiamare una \u201ccasa ideale\u201d per tutte le donne, che ha dato il l\u00e0 a questo Gran tour e che \u00e8 nato pochi mesi fa ma che ha gi\u00e0 fatto molta strada, condividendo tante storie con tante persone in questi mesi. Sono stati momenti di incontro e anche momenti per raccontare quello che la Regione Toscana fa sulle politiche di genere. Molti impegni che fanno della Toscana un\u2019eccellenza a livello italiano, cito solo una misura per tutte, gli asili nido gratis, siamo gli unici in Italia, un progetto che coinvolger\u00e0 migliaia di cittadini toscani e aiuter\u00e0 tante donne a conciliare la vita privata con quella lavorativa.&#8221;<\/em><\/p>\n<figure id=\"post-287467 media-287467\" class=\"align-none\"><img decoding=\"async\" src=\"https:\/\/www.intoscana.it\/wp-content\/uploads\/Schermata-2023-05-19-alle-09.12.38.jpg\" alt=\"\" \/><\/figure>\n<div class=\"titleimg\">Tour delle donne<\/div>\n<h3>La Carta dei Valori del turismo femminile<\/h3>\n<p><strong>Autenticit\u00e0, sicurezza, accoglienza ed empatia, benessere, incontro e collaborazione, sostenibilit\u00e0 e buone pratiche<\/strong>: sono questi i sei valori de <strong>La Carta dei Valori\u00a0<\/strong>promossa da <strong>Toscana Promozione<\/strong> nell\u2019ambito di <strong>Benvenute in Toscana<\/strong> che \u00e8 stata presentata a Prato.<\/p>\n<p>Sono i valori che racchiudono <strong>il Dna della Toscana<\/strong> e che si trasformano in impegni per <strong>far sentire a casa le viaggiatrici di tutto il mondo.<\/strong><\/p>\n<p><strong>Le donne occupate nel turismo in Toscana sono il 54% degli attivi nel settore<\/strong>: un dato che conferma la spiccata sensibilit\u00e0 femminile verso il mondo del viaggio.<\/p>\n<p>Donne che il territorio lo vivono e lo promuovono ogni giorno, grazie alle loro<strong> strutture ricettive, i ristoranti, i luoghi della cultura e dell\u2019artigianato.<\/strong><\/p>\n<p>Il progetto <em><strong>\u201cBenvenute in Toscana\u201d<\/strong><\/em> si propone di valorizzare non solo l\u2019imprenditoria femminile nel settore del turismo, ma di favorire anche <strong>l\u2019incontro tra le viaggiatrici del mondo e le donne del nostro territorio<\/strong> che da sempre esprimono straordinarie eccellenze.<\/p>\n<p><em>\u201cAbbiamo ripreso un grande progetto nato alcuni anni fa e lo abbiamo reso contemporaneo \u2013 <\/em><strong>ha spiegato il direttore di Toscana Promozione Toscana Francesco Tapinassi <\/strong><em>&#8211; un progetto finalizzato a confermare quanta attenzione mettiamo con i nostri ospiti, in questo caso lo vogliamo fare con tutto il mondo femminile con un progetto corale che ha individuato 6 principi in una Carta dei Valori che ispirano tutta l\u2019offerta pubblica e privata regionale con l\u2019obiettivo di far stare bene le donne in Toscana. Toscana Promozione accompagna il processo e abbiamo aperto collaborazioni di narrazione con Cairo Editore, cio\u00e8 con la rivista Dove e Corriere della Sera Viaggi, perch\u00e9 in questo modo abbiamo raccontato un altro aspetto bellissimo di Benvenute in Toscana, ed \u00e8 il mondo dell\u2019imprenditoria nel turismo. Grandi storie di donne che accolgono i nostri ospiti in tutte le sfaccettature, dalla ristorazione, alle strutture ricettive, dall\u2019artigianato artistico, alla cultura, e quindi tante puntate con interviste. Siamo gi\u00e0 a quaranta bellissime storie che raccontano questa grande diversit\u00e0 dell\u2019offerta toscana e questa grande sensibilit\u00e0 ed empatia verso le viaggiatrici\u201d.<\/em><\/p>\n<figure id=\"post-287481 media-287481\" class=\"align-none\"><img decoding=\"async\" src=\"https:\/\/www.intoscana.it\/wp-content\/uploads\/5ca1aac9-0308-493e-a090-8fbb9746ba13.jpg\" alt=\"\" \/><\/figure>\n<div class=\"titleimg\">Gran Tour delle Donne<\/div>\n<p>&nbsp;<\/p>\n<p>&nbsp;<\/p>\n","protected":false},"excerpt":{"rendered":"<p>Al teatro Politeama \u00e8 stata presentata La Carta dei Valori promossa da Toscana Promozione Turistica nell\u2019ambito di &#8220;Benvenute in Toscana&#8221; per far sentire a casa le viaggiatrici di tutto il mondo che scelgono al nostra regione<\/p>\n","protected":false},"author":518,"featured_media":287486,"comment_status":"open","ping_status":"open","sticky":false,"template":"","format":"standard","meta":{"_acf_changed":false,"footnotes":""},"categories":[6],"tags":[411,158,6557,151],"class_list":["post-287465","post","type-post","status-publish","format-standard","has-post-thumbnail","hentry","category-viaggi","tag-donne","tag-eugenio-giani","tag-la-toscana-delle-donne","tag-regione-toscana"],"acf":[],"yoast_head":"<!-- This site is optimized with the Yoast SEO Premium plugin v24.2 (Yoast SEO v25.6) - https:\/\/yoast.com\/wordpress\/plugins\/seo\/ -->\n<title>Prende il via da Prato il &quot;Gran Tour delle Donne&quot; della Regione Toscana: al centro valori e diritti - intoscana<\/title>\n<meta name=\"description\" content=\"Gioved\u00ec 18 maggio al teatro Politeama di Prato \u00e8 stata presentata La Carta dei Valori\u00a0promossa da Toscana Promozione Turistica\" \/>\n<meta name=\"robots\" content=\"index, follow, max-snippet:-1, max-image-preview:large, max-video-preview:-1\" \/>\n<link rel=\"canonical\" href=\"https:\/\/www.intoscana.it\/it\/prende-il-via-da-prato-il-gran-tour-delle-donne-della-regione-toscana-al-centro-valori-e-diritti\/\" \/>\n<meta property=\"og:locale\" content=\"it_IT\" \/>\n<meta property=\"og:type\" content=\"article\" \/>\n<meta property=\"og:title\" content=\"Prende il via da Prato il &quot;Gran Tour delle Donne&quot; della Regione Toscana: al centro valori e diritti\" \/>\n<meta property=\"og:description\" content=\"Gioved\u00ec 18 maggio al teatro Politeama di Prato \u00e8 stata presentata La Carta dei Valori\u00a0promossa da Toscana Promozione Turistica\" \/>\n<meta property=\"og:url\" content=\"https:\/\/www.intoscana.it\/it\/prende-il-via-da-prato-il-gran-tour-delle-donne-della-regione-toscana-al-centro-valori-e-diritti\/\" \/>\n<meta property=\"og:site_name\" content=\"intoscana\" \/>\n<meta property=\"article:publisher\" content=\"https:\/\/www.facebook.com\/intoscana.it\" \/>\n<meta property=\"article:published_time\" content=\"2023-05-19T07:39:20+00:00\" \/>\n<meta property=\"article:modified_time\" content=\"2023-05-23T13:52:41+00:00\" \/>\n<meta property=\"og:image\" content=\"https:\/\/www.intoscana.it\/wp-content\/uploads\/b5d5d1cb-500d-4df9-a03f-28f13b9c5cf9-2.jpg\" \/>\n\t<meta property=\"og:image:width\" content=\"1472\" \/>\n\t<meta property=\"og:image:height\" content=\"844\" \/>\n\t<meta property=\"og:image:type\" content=\"image\/jpeg\" \/>\n<meta name=\"author\" content=\"Costanza Baldini\" \/>\n<meta name=\"twitter:card\" content=\"summary_large_image\" \/>\n<meta name=\"twitter:creator\" content=\"@intoscana\" \/>\n<meta name=\"twitter:site\" content=\"@intoscana\" \/>\n<meta name=\"twitter:label1\" content=\"Written by\" \/>\n\t<meta name=\"twitter:data1\" content=\"Costanza Baldini\" \/>\n\t<meta name=\"twitter:label2\" content=\"Est. reading time\" \/>\n\t<meta name=\"twitter:data2\" content=\"4 minuti\" \/>\n<script type=\"application\/ld+json\" class=\"yoast-schema-graph\">{\"@context\":\"https:\/\/schema.org\",\"@graph\":[{\"@type\":\"WebPage\",\"@id\":\"https:\/\/www.intoscana.it\/it\/prende-il-via-da-prato-il-gran-tour-delle-donne-della-regione-toscana-al-centro-valori-e-diritti\/\",\"url\":\"https:\/\/www.intoscana.it\/it\/prende-il-via-da-prato-il-gran-tour-delle-donne-della-regione-toscana-al-centro-valori-e-diritti\/\",\"name\":\"Prende il via da Prato il \\\"Gran Tour delle Donne\\\" della Regione Toscana: al centro valori e diritti - intoscana\",\"isPartOf\":{\"@id\":\"https:\/\/www.intoscana.it\/it\/#website\"},\"primaryImageOfPage\":{\"@id\":\"https:\/\/www.intoscana.it\/it\/prende-il-via-da-prato-il-gran-tour-delle-donne-della-regione-toscana-al-centro-valori-e-diritti\/#primaryimage\"},\"image\":{\"@id\":\"https:\/\/www.intoscana.it\/it\/prende-il-via-da-prato-il-gran-tour-delle-donne-della-regione-toscana-al-centro-valori-e-diritti\/#primaryimage\"},\"thumbnailUrl\":\"https:\/\/www.intoscana.it\/wp-content\/uploads\/b5d5d1cb-500d-4df9-a03f-28f13b9c5cf9-2.jpg\",\"datePublished\":\"2023-05-19T07:39:20+00:00\",\"dateModified\":\"2023-05-23T13:52:41+00:00\",\"author\":{\"@id\":\"https:\/\/www.intoscana.it\/it\/#\/schema\/person\/d469f35f09739bdf00bf5dd3f0647a82\"},\"description\":\"Gioved\u00ec 18 maggio al teatro Politeama di Prato \u00e8 stata presentata La Carta dei Valori\u00a0promossa da Toscana Promozione Turistica\",\"breadcrumb\":{\"@id\":\"https:\/\/www.intoscana.it\/it\/prende-il-via-da-prato-il-gran-tour-delle-donne-della-regione-toscana-al-centro-valori-e-diritti\/#breadcrumb\"},\"inLanguage\":\"it-IT\",\"potentialAction\":[{\"@type\":\"ReadAction\",\"target\":[\"https:\/\/www.intoscana.it\/it\/prende-il-via-da-prato-il-gran-tour-delle-donne-della-regione-toscana-al-centro-valori-e-diritti\/\"]}]},{\"@type\":\"ImageObject\",\"inLanguage\":\"it-IT\",\"@id\":\"https:\/\/www.intoscana.it\/it\/prende-il-via-da-prato-il-gran-tour-delle-donne-della-regione-toscana-al-centro-valori-e-diritti\/#primaryimage\",\"url\":\"https:\/\/www.intoscana.it\/wp-content\/uploads\/b5d5d1cb-500d-4df9-a03f-28f13b9c5cf9-2.jpg\",\"contentUrl\":\"https:\/\/www.intoscana.it\/wp-content\/uploads\/b5d5d1cb-500d-4df9-a03f-28f13b9c5cf9-2.jpg\",\"width\":1472,\"height\":844,\"caption\":\"Gran Tour delle Donne\"},{\"@type\":\"BreadcrumbList\",\"@id\":\"https:\/\/www.intoscana.it\/it\/prende-il-via-da-prato-il-gran-tour-delle-donne-della-regione-toscana-al-centro-valori-e-diritti\/#breadcrumb\",\"itemListElement\":[{\"@type\":\"ListItem\",\"position\":1,\"name\":\"Home\",\"item\":\"https:\/\/www.intoscana.it\/it\/\"},{\"@type\":\"ListItem\",\"position\":2,\"name\":\"Prende il via da Prato il &#8220;Gran Tour delle Donne&#8221; della Regione Toscana: al centro valori e diritti\"}]},{\"@type\":\"WebSite\",\"@id\":\"https:\/\/www.intoscana.it\/it\/#website\",\"url\":\"https:\/\/www.intoscana.it\/it\/\",\"name\":\"intoscana\",\"description\":\"\",\"potentialAction\":[{\"@type\":\"SearchAction\",\"target\":{\"@type\":\"EntryPoint\",\"urlTemplate\":\"https:\/\/www.intoscana.it\/it\/?s={search_term_string}\"},\"query-input\":{\"@type\":\"PropertyValueSpecification\",\"valueRequired\":true,\"valueName\":\"search_term_string\"}}],\"inLanguage\":\"it-IT\"},{\"@type\":\"Person\",\"@id\":\"https:\/\/www.intoscana.it\/it\/#\/schema\/person\/d469f35f09739bdf00bf5dd3f0647a82\",\"name\":\"Costanza Baldini\",\"url\":\"https:\/\/www.intoscana.it\/it\/author\/costanza-baldini\/\"}]}<\/script>\n<!-- \/ Yoast SEO Premium plugin. -->","yoast_head_json":{"title":"Prende il via da Prato il \"Gran Tour delle Donne\" della Regione Toscana: al centro valori e diritti - intoscana","description":"Gioved\u00ec 18 maggio al teatro Politeama di Prato \u00e8 stata presentata La Carta dei Valori\u00a0promossa da Toscana Promozione Turistica","robots":{"index":"index","follow":"follow","max-snippet":"max-snippet:-1","max-image-preview":"max-image-preview:large","max-video-preview":"max-video-preview:-1"},"canonical":"https:\/\/www.intoscana.it\/it\/prende-il-via-da-prato-il-gran-tour-delle-donne-della-regione-toscana-al-centro-valori-e-diritti\/","og_locale":"it_IT","og_type":"article","og_title":"Prende il via da Prato il \"Gran Tour delle Donne\" della Regione Toscana: al centro valori e diritti","og_description":"Gioved\u00ec 18 maggio al teatro Politeama di Prato \u00e8 stata presentata La Carta dei Valori\u00a0promossa da Toscana Promozione Turistica","og_url":"https:\/\/www.intoscana.it\/it\/prende-il-via-da-prato-il-gran-tour-delle-donne-della-regione-toscana-al-centro-valori-e-diritti\/","og_site_name":"intoscana","article_publisher":"https:\/\/www.facebook.com\/intoscana.it","article_published_time":"2023-05-19T07:39:20+00:00","article_modified_time":"2023-05-23T13:52:41+00:00","og_image":[{"width":1472,"height":844,"url":"https:\/\/www.intoscana.it\/wp-content\/uploads\/b5d5d1cb-500d-4df9-a03f-28f13b9c5cf9-2.jpg","type":"image\/jpeg"}],"author":"Costanza Baldini","twitter_card":"summary_large_image","twitter_creator":"@intoscana","twitter_site":"@intoscana","twitter_misc":{"Written by":"Costanza Baldini","Est. reading time":"4 minuti"},"schema":{"@context":"https:\/\/schema.org","@graph":[{"@type":"WebPage","@id":"https:\/\/www.intoscana.it\/it\/prende-il-via-da-prato-il-gran-tour-delle-donne-della-regione-toscana-al-centro-valori-e-diritti\/","url":"https:\/\/www.intoscana.it\/it\/prende-il-via-da-prato-il-gran-tour-delle-donne-della-regione-toscana-al-centro-valori-e-diritti\/","name":"Prende il via da Prato il \"Gran Tour delle Donne\" della Regione Toscana: al centro valori e diritti - intoscana","isPartOf":{"@id":"https:\/\/www.intoscana.it\/it\/#website"},"primaryImageOfPage":{"@id":"https:\/\/www.intoscana.it\/it\/prende-il-via-da-prato-il-gran-tour-delle-donne-della-regione-toscana-al-centro-valori-e-diritti\/#primaryimage"},"image":{"@id":"https:\/\/www.intoscana.it\/it\/prende-il-via-da-prato-il-gran-tour-delle-donne-della-regione-toscana-al-centro-valori-e-diritti\/#primaryimage"},"thumbnailUrl":"https:\/\/www.intoscana.it\/wp-content\/uploads\/b5d5d1cb-500d-4df9-a03f-28f13b9c5cf9-2.jpg","datePublished":"2023-05-19T07:39:20+00:00","dateModified":"2023-05-23T13:52:41+00:00","author":{"@id":"https:\/\/www.intoscana.it\/it\/#\/schema\/person\/d469f35f09739bdf00bf5dd3f0647a82"},"description":"Gioved\u00ec 18 maggio al teatro Politeama di Prato \u00e8 stata presentata La Carta dei Valori\u00a0promossa da Toscana Promozione Turistica","breadcrumb":{"@id":"https:\/\/www.intoscana.it\/it\/prende-il-via-da-prato-il-gran-tour-delle-donne-della-regione-toscana-al-centro-valori-e-diritti\/#breadcrumb"},"inLanguage":"it-IT","potentialAction":[{"@type":"ReadAction","target":["https:\/\/www.intoscana.it\/it\/prende-il-via-da-prato-il-gran-tour-delle-donne-della-regione-toscana-al-centro-valori-e-diritti\/"]}]},{"@type":"ImageObject","inLanguage":"it-IT","@id":"https:\/\/www.intoscana.it\/it\/prende-il-via-da-prato-il-gran-tour-delle-donne-della-regione-toscana-al-centro-valori-e-diritti\/#primaryimage","url":"https:\/\/www.intoscana.it\/wp-content\/uploads\/b5d5d1cb-500d-4df9-a03f-28f13b9c5cf9-2.jpg","contentUrl":"https:\/\/www.intoscana.it\/wp-content\/uploads\/b5d5d1cb-500d-4df9-a03f-28f13b9c5cf9-2.jpg","width":1472,"height":844,"caption":"Gran Tour delle Donne"},{"@type":"BreadcrumbList","@id":"https:\/\/www.intoscana.it\/it\/prende-il-via-da-prato-il-gran-tour-delle-donne-della-regione-toscana-al-centro-valori-e-diritti\/#breadcrumb","itemListElement":[{"@type":"ListItem","position":1,"name":"Home","item":"https:\/\/www.intoscana.it\/it\/"},{"@type":"ListItem","position":2,"name":"Prende il via da Prato il &#8220;Gran Tour delle Donne&#8221; della Regione Toscana: al centro valori e diritti"}]},{"@type":"WebSite","@id":"https:\/\/www.intoscana.it\/it\/#website","url":"https:\/\/www.intoscana.it\/it\/","name":"intoscana","description":"","potentialAction":[{"@type":"SearchAction","target":{"@type":"EntryPoint","urlTemplate":"https:\/\/www.intoscana.it\/it\/?s={search_term_string}"},"query-input":{"@type":"PropertyValueSpecification","valueRequired":true,"valueName":"search_term_string"}}],"inLanguage":"it-IT"},{"@type":"Person","@id":"https:\/\/www.intoscana.it\/it\/#\/schema\/person\/d469f35f09739bdf00bf5dd3f0647a82","name":"Costanza Baldini","url":"https:\/\/www.intoscana.it\/it\/author\/costanza-baldini\/"}]}},"_links":{"self":[{"href":"https:\/\/www.intoscana.it\/it\/wp-json\/wp\/v2\/posts\/287465","targetHints":{"allow":["GET"]}}],"collection":[{"href":"https:\/\/www.intoscana.it\/it\/wp-json\/wp\/v2\/posts"}],"about":[{"href":"https:\/\/www.intoscana.it\/it\/wp-json\/wp\/v2\/types\/post"}],"author":[{"embeddable":true,"href":"https:\/\/www.intoscana.it\/it\/wp-json\/wp\/v2\/users\/518"}],"replies":[{"embeddable":true,"href":"https:\/\/www.intoscana.it\/it\/wp-json\/wp\/v2\/comments?post=287465"}],"version-history":[{"count":0,"href":"https:\/\/www.intoscana.it\/it\/wp-json\/wp\/v2\/posts\/287465\/revisions"}],"wp:featuredmedia":[{"embeddable":true,"href":"https:\/\/www.intoscana.it\/it\/wp-json\/wp\/v2\/media\/287486"}],"wp:attachment":[{"href":"https:\/\/www.intoscana.it\/it\/wp-json\/wp\/v2\/media?parent=287465"}],"wp:term":[{"taxonomy":"category","embeddable":true,"href":"https:\/\/www.intoscana.it\/it\/wp-json\/wp\/v2\/categories?post=287465"},{"taxonomy":"post_tag","embeddable":true,"href":"https:\/\/www.intoscana.it\/it\/wp-json\/wp\/v2\/tags?post=287465"}],"curies":[{"name":"wp","href":"https:\/\/api.w.org\/{rel}","templated":true}]}}