{"id":287532,"date":"2023-05-19T14:31:13","date_gmt":"2023-05-19T12:31:13","guid":{"rendered":"https:\/\/www.intoscana.it\/it\/?p=287532"},"modified":"2023-05-19T14:31:13","modified_gmt":"2023-05-19T12:31:13","slug":"foiano-della-chiana-presenta-lanno-robbiano-in-collaborazione-col-museo-mann-di-napoli","status":"publish","type":"post","link":"https:\/\/www.intoscana.it\/it\/foiano-della-chiana-presenta-lanno-robbiano-in-collaborazione-col-museo-mann-di-napoli\/","title":{"rendered":"Foiano della Chiana presenta l&#8217;Anno Robbiano in collaborazione col museo Mann di Napoli"},"content":{"rendered":"<p><strong>Foiano della Chiana conserva nelle sue chiese un tesoro ricchissimo<\/strong>: i <strong>capolavori bianchi e azzurri<\/strong> realizzati dalla famiglia dei <strong>Della Robbia\u00a0<\/strong>nel corso del Quattrocento e dei primi decenni del Cinquecento.<\/p>\n<p><strong>Il 2023 sar\u00e0 l&#8217;anno dedicato alla\u00a0riscoperta delle robbiane<\/strong> che diventeranno veicolo di <strong>promozione culturale e turistica<\/strong> non solo per il borgo di <strong>Foiano della Chiana<\/strong> ma anche per la Valdichiana e l\u2019intera Provincia di Arezzo.<\/p>\n<p><strong>Dal 3 giugno\u00a0al 30 settembre 2023<\/strong> la citt\u00e0 si immerger\u00e0 in <strong>una mostra diffusa<\/strong> nata per\u00a0raccontare i segreti e la bellezza della <strong>stupefacente terracotta invetriata,\u00a0<\/strong>che si muover\u00e0 tra i tanti luoghi robbiani in citt\u00e0 ed opere che arrivano da lontano e che raccontano<strong> la magia e lo stupore dell\u2019arte della famiglia Della Robbia<\/strong> e metteranno in relazione l<strong>\u2019arte antica con il Rinascimento.<\/strong><\/p>\n<p>Oltre alla mostra saranno organizzati anche una serie di <em><strong>\u201cItinerari Robbiani&#8221;<\/strong><\/em> che ci accompagneranno tra le strade, le piazze e le chiese di Foiano della Chiana; e ancora <strong>convegni, incontri ed eventi<\/strong> che metteranno in relazione la storia centenaria della citt\u00e0 e la contemporaneit\u00e0, come la mostra d&#8217;arte<em><strong> \u201cNobilis Materia\u201d<\/strong> <\/em>di Gian Luca Bianco a cura di Massimo Magurano presso Sala Carbonaia, o anche il progetto <em><strong>&#8220;Al Museo.. con classe&#8221;<\/strong><\/em> dell&#8217;Istituto Omnicomprensivo di Foiano in cui il museo di Foiano diventer\u00e0 una classe multimediale dove i ragazzi faranno lezione.<\/p>\n<p>L&#8217; <strong>\u201cAnno Robbiano\u201d<\/strong> \u00e8 stato costruito assieme al <strong>Ministero della Cultura, alla Regione Toscana, alla Provincia di Arezzo con la collaborazione del MANN (Museo Archeologico Nazionale di Napoli)<\/strong> e dell\u2019Archivio di Stato di Siena.<\/p>\n<p><em>\u201cQuesta mostra, <\/em><strong>ha dichiarato il Sindaco di Foiano della Chiana Francesco Sonnati,<\/strong><em> rappresenta una straordinaria opportunit\u00e0 per la nostra citt\u00e0 e il suo territorio, ma credo anche per l\u2019intera Valdichiana. La famiglia dei Della Robbia ha lasciato tante bellissime opere in varie citt\u00e0 della nostra vallata, soprattutto a Foiano. Rilanciare questo patrimonio sono certo che dar\u00e0 frutti importanti per tutti, sia sotto il profilo culturale che economico e di sviluppo. In questi anni il nostro comune si sta sempre pi\u00f9 imponendo come centro vitale dell\u2019intera Valdichiana. Il nostro obiettivo \u00e8 quello di restituire a Foiano il proprio posto nella storia e nella geografica toscana. Un ruolo di citt\u00e0 operosa, vivibile e ricca di gioielli, spesso nascosti, tra le proprie mura, con una vivacit\u00e0 economica e produttiva che ne fanno un vero snodo per i turisti che vengono in Toscana.\u201d<\/em><\/p>\n<p>Un ruolo molto importante nell&#8217;<strong>Anno Robbiano<\/strong> lo ha giocato il <strong>MANN (Museo Archeologico Nazionale di Napoli)<\/strong> che ha concesso una serie di straordinarie opere di et\u00e0 classica.<\/p>\n<p><em>\u201cIl Mann,<\/em> <strong>ha affermato il direttore Paolo Giulierini,<\/strong> <em>\u00e8 onorato di contribuire alla valorizzazione del patrimonio artistico di Foiano della Chiana. In particolare concedendo il prestito di opere classiche che dialogheranno con la Madonna della neve di Della Robbia. A Foiano porteremo una serie di opere che parlano di maternit\u00e0 e del rapporto madre e figlio fin dall\u2019epoca egizia. Un parallelo che spinge a riflettere e ad analizzare come il tema della maternit\u00e0 ed il ruolo della donna si sia evoluto attraverso i secoli. Dagli egizi, agli etruschi, dai greci ai romani fino alle altezze raggiunte nel rinascimento con i Della Robbia.\u201d<\/em><\/p>\n<figure id=\"post-287551 media-287551\" class=\"align-none\"><img decoding=\"async\" src=\"https:\/\/www.intoscana.it\/wp-content\/uploads\/Schermata-2023-05-19-alle-14.04.07.jpg\" alt=\"\" \/><\/figure>\n<h3>I tesori del \u201cMuseo Robbiano\u201d di Foiano della Chiana<\/h3>\n<p>Un esempio di grande pregio \u00e8 la <strong>Madonna della Cintola,<\/strong> tutt\u2019oggi nella <strong>Collegiata di San Martino,<\/strong> esemplata sulla pala omologa conservata al Santuario della Verna. In questa pala cos\u00ec come nella produzione cinquecentesca si legge un forte influsso savonariolano, soprattutto nelle figure rigide avvolte in vesti castigate e dalle fisionomie convenzionali.<\/p>\n<p>Un\u2019attenzione particolare merita poi la <strong>Madonna col bambino detta anche Madonna della Neve<\/strong> nella <strong>chiesa di Santa Maria della Fraternita.<\/strong> Un\u2019opera giovanile di Andrea, realizzata sulla base di un\u2019idea di Luca Della Robbia che va interpretata come una splendida variante di un tema pi\u00f9 volte proposto dalla bottega robbiana (come ad esempio nella cosiddetta Madonna \u201cAltman\u201d, conservata a New York, o in quella della collezione Wittmann a Budapest). Se ne pu\u00f2 proporre la datazione intorno al 1460 e segna non solo l\u2019esordio di Andrea nella bottega dello zio, ma anche l\u2019inizio della proficua produzione robbiana nell\u2019intera Valdichiana.<\/p>\n<p>Tra i molti capolavori foianesi, si deve necessariamente evidenziare uno <strong>stemma gentilizio di bottega robbiana<\/strong>, conservato anch\u2019esso nella <strong>chiesa della Fraternita,<\/strong> di cui \u00e8 stata proposta la paternit\u00e0 a Giovanni Della Robbia.<\/p>\n<p>L\u2019opera di gran lunga pi\u00f9 significativa \u00e8 per\u00f2 senza dubbio <strong>il gruppo scultoreo denominato della Vergine dello Spasimo<\/strong> (composto dalla stessa Vergine sorretta dalle Pie Donne, un Cristo ligneo, San Giovanni e Santa Maria Maddalena dolenti e Francesco e Santa Chiara oranti), recentemente riunito dopo molte peripezie nella<strong> chiesa di San Francesco,<\/strong> ritenuta a tutti gli effetti la sede originaria.<\/p>\n<p>Nel corso del tempo si sono registrate attribuzioni disomogenee, ma oggi la critica prevalente indirizza la paternit\u00e0 dell\u2019opera a<strong> Francesco della Robbia<\/strong> (detto fra\u2019 Ambrogio) per le statue in ceramica invetriata e ad <strong>Andrea della Robbia per il Cristo ligneo.<\/strong><\/p>\n<p><img decoding=\"async\" src=\"https:\/\/www.intoscana.it\/wp-content\/uploads\/Schermata-2023-05-19-alle-14.02.34.jpg\" alt=\"\" \/><br \/>\n<em><em>Anno Robbiano, Foiano della Chiana<\/em><\/em><\/p>\n<h3>I Della Robbia: una famiglia di artisti<\/h3>\n<p><strong>I Della Robbia<\/strong> sono\u00a0<strong>una delle pi\u00f9 importanti famiglie di artisti della storia italiana,<\/strong> che tra il XV e il XVI secolo \u00e8 stata protagonista della <strong>scena fiorentina,<\/strong> all\u2019epoca la pi\u00f9 vivace ed influente d\u2019Europa.<\/p>\n<p>Scultori e artisti specializzati nella tecnica della<strong> terracotta invetriata,<\/strong> i componenti della famiglia sono diventati il simbolo delle <strong>maioliche colorate,<\/strong> chiamate oggi proprio robbiane.<\/p>\n<p>Si tratta di <strong>una particolare tecnica scultorea a rilievo<\/strong> che permette di lavorare la terracotta invetriando la superficie di copertura, ci\u00f2 permette di realizzare le robbiane, sulla cui superficie si applica una copertura a smalto lucido e colorato.<\/p>\n<p><strong>L&#8217;operosa attivit\u00e0 dei Della Robbia copr\u00ec un lungo arco di tempo,<\/strong> dai primi decenni del Quattrocento secolo fin ben oltre la seconda met\u00e0 del secolo successivo. Pi\u00f9 di cento anni che <strong>hanno segnato in modo indelebile tutta la moderna cultura occidentale.<\/strong><\/p>\n","protected":false},"excerpt":{"rendered":"<p>Presentata \u00a0la mostra diffusa nata per valorizzare i capolavori dei Della Robbia a Foiano della Chiana in collaborazione con il Mann di Napoli. L\u2019appuntamento \u00e8 per il 3 giugno<\/p>\n","protected":false},"author":518,"featured_media":287547,"comment_status":"open","ping_status":"open","sticky":false,"template":"","format":"standard","meta":{"_acf_changed":false,"footnotes":""},"categories":[493],"tags":[4474,222],"class_list":["post-287532","post","type-post","status-publish","format-standard","has-post-thumbnail","hentry","category-cultura","tag-eventi","tag-mostre"],"acf":[],"yoast_head":"<!-- This site is optimized with the Yoast SEO Premium plugin v24.2 (Yoast SEO v25.6) - https:\/\/yoast.com\/wordpress\/plugins\/seo\/ -->\n<title>Foiano della Chiana presenta l&#039;Anno Robbiano in collaborazione col museo Mann di Napoli - intoscana<\/title>\n<meta name=\"description\" content=\"Presentata \u00a0la mostra diffusa nata per valorizzare i capolavori dei Della Robbia a Foiano della Chiana in collaborazione con il Mann di Napoli\" \/>\n<meta name=\"robots\" content=\"index, follow, max-snippet:-1, max-image-preview:large, max-video-preview:-1\" \/>\n<link rel=\"canonical\" href=\"https:\/\/www.intoscana.it\/it\/foiano-della-chiana-presenta-lanno-robbiano-in-collaborazione-col-museo-mann-di-napoli\/\" \/>\n<meta property=\"og:locale\" content=\"it_IT\" \/>\n<meta property=\"og:type\" content=\"article\" \/>\n<meta property=\"og:title\" content=\"Foiano della Chiana presenta l&#039;Anno Robbiano in collaborazione col museo Mann di Napoli\" \/>\n<meta property=\"og:description\" content=\"Presentata \u00a0la mostra diffusa nata per valorizzare i capolavori dei Della Robbia a Foiano della Chiana in collaborazione con il Mann di Napoli\" \/>\n<meta property=\"og:url\" content=\"https:\/\/www.intoscana.it\/it\/foiano-della-chiana-presenta-lanno-robbiano-in-collaborazione-col-museo-mann-di-napoli\/\" \/>\n<meta property=\"og:site_name\" content=\"intoscana\" \/>\n<meta property=\"article:publisher\" content=\"https:\/\/www.facebook.com\/intoscana.it\" \/>\n<meta property=\"article:published_time\" content=\"2023-05-19T12:31:13+00:00\" \/>\n<meta property=\"og:image\" content=\"https:\/\/www.intoscana.it\/wp-content\/uploads\/Schermata-2023-05-19-alle-14.02.28.jpg\" \/>\n\t<meta property=\"og:image:width\" content=\"1002\" \/>\n\t<meta property=\"og:image:height\" content=\"702\" \/>\n\t<meta property=\"og:image:type\" content=\"image\/jpeg\" \/>\n<meta name=\"author\" content=\"Costanza Baldini\" \/>\n<meta name=\"twitter:card\" content=\"summary_large_image\" \/>\n<meta name=\"twitter:creator\" content=\"@intoscana\" \/>\n<meta name=\"twitter:site\" content=\"@intoscana\" \/>\n<meta name=\"twitter:label1\" content=\"Written by\" \/>\n\t<meta name=\"twitter:data1\" content=\"Costanza Baldini\" \/>\n\t<meta name=\"twitter:label2\" content=\"Est. reading time\" \/>\n\t<meta name=\"twitter:data2\" content=\"5 minuti\" \/>\n<script type=\"application\/ld+json\" class=\"yoast-schema-graph\">{\"@context\":\"https:\/\/schema.org\",\"@graph\":[{\"@type\":\"WebPage\",\"@id\":\"https:\/\/www.intoscana.it\/it\/foiano-della-chiana-presenta-lanno-robbiano-in-collaborazione-col-museo-mann-di-napoli\/\",\"url\":\"https:\/\/www.intoscana.it\/it\/foiano-della-chiana-presenta-lanno-robbiano-in-collaborazione-col-museo-mann-di-napoli\/\",\"name\":\"Foiano della Chiana presenta l'Anno Robbiano in collaborazione col museo Mann di Napoli - intoscana\",\"isPartOf\":{\"@id\":\"https:\/\/www.intoscana.it\/it\/#website\"},\"primaryImageOfPage\":{\"@id\":\"https:\/\/www.intoscana.it\/it\/foiano-della-chiana-presenta-lanno-robbiano-in-collaborazione-col-museo-mann-di-napoli\/#primaryimage\"},\"image\":{\"@id\":\"https:\/\/www.intoscana.it\/it\/foiano-della-chiana-presenta-lanno-robbiano-in-collaborazione-col-museo-mann-di-napoli\/#primaryimage\"},\"thumbnailUrl\":\"https:\/\/www.intoscana.it\/wp-content\/uploads\/Schermata-2023-05-19-alle-14.02.28.jpg\",\"datePublished\":\"2023-05-19T12:31:13+00:00\",\"author\":{\"@id\":\"https:\/\/www.intoscana.it\/it\/#\/schema\/person\/d469f35f09739bdf00bf5dd3f0647a82\"},\"description\":\"Presentata \u00a0la mostra diffusa nata per valorizzare i capolavori dei Della Robbia a Foiano della Chiana in collaborazione con il Mann di Napoli\",\"breadcrumb\":{\"@id\":\"https:\/\/www.intoscana.it\/it\/foiano-della-chiana-presenta-lanno-robbiano-in-collaborazione-col-museo-mann-di-napoli\/#breadcrumb\"},\"inLanguage\":\"it-IT\",\"potentialAction\":[{\"@type\":\"ReadAction\",\"target\":[\"https:\/\/www.intoscana.it\/it\/foiano-della-chiana-presenta-lanno-robbiano-in-collaborazione-col-museo-mann-di-napoli\/\"]}]},{\"@type\":\"ImageObject\",\"inLanguage\":\"it-IT\",\"@id\":\"https:\/\/www.intoscana.it\/it\/foiano-della-chiana-presenta-lanno-robbiano-in-collaborazione-col-museo-mann-di-napoli\/#primaryimage\",\"url\":\"https:\/\/www.intoscana.it\/wp-content\/uploads\/Schermata-2023-05-19-alle-14.02.28.jpg\",\"contentUrl\":\"https:\/\/www.intoscana.it\/wp-content\/uploads\/Schermata-2023-05-19-alle-14.02.28.jpg\",\"width\":1002,\"height\":702,\"caption\":\"Anno Robbiano, Foiano della Chiana\"},{\"@type\":\"BreadcrumbList\",\"@id\":\"https:\/\/www.intoscana.it\/it\/foiano-della-chiana-presenta-lanno-robbiano-in-collaborazione-col-museo-mann-di-napoli\/#breadcrumb\",\"itemListElement\":[{\"@type\":\"ListItem\",\"position\":1,\"name\":\"Home\",\"item\":\"https:\/\/www.intoscana.it\/it\/\"},{\"@type\":\"ListItem\",\"position\":2,\"name\":\"Foiano della Chiana presenta l&#8217;Anno Robbiano in collaborazione col museo Mann di Napoli\"}]},{\"@type\":\"WebSite\",\"@id\":\"https:\/\/www.intoscana.it\/it\/#website\",\"url\":\"https:\/\/www.intoscana.it\/it\/\",\"name\":\"intoscana\",\"description\":\"\",\"potentialAction\":[{\"@type\":\"SearchAction\",\"target\":{\"@type\":\"EntryPoint\",\"urlTemplate\":\"https:\/\/www.intoscana.it\/it\/?s={search_term_string}\"},\"query-input\":{\"@type\":\"PropertyValueSpecification\",\"valueRequired\":true,\"valueName\":\"search_term_string\"}}],\"inLanguage\":\"it-IT\"},{\"@type\":\"Person\",\"@id\":\"https:\/\/www.intoscana.it\/it\/#\/schema\/person\/d469f35f09739bdf00bf5dd3f0647a82\",\"name\":\"Costanza Baldini\",\"url\":\"https:\/\/www.intoscana.it\/it\/author\/costanza-baldini\/\"}]}<\/script>\n<!-- \/ Yoast SEO Premium plugin. -->","yoast_head_json":{"title":"Foiano della Chiana presenta l'Anno Robbiano in collaborazione col museo Mann di Napoli - intoscana","description":"Presentata \u00a0la mostra diffusa nata per valorizzare i capolavori dei Della Robbia a Foiano della Chiana in collaborazione con il Mann di Napoli","robots":{"index":"index","follow":"follow","max-snippet":"max-snippet:-1","max-image-preview":"max-image-preview:large","max-video-preview":"max-video-preview:-1"},"canonical":"https:\/\/www.intoscana.it\/it\/foiano-della-chiana-presenta-lanno-robbiano-in-collaborazione-col-museo-mann-di-napoli\/","og_locale":"it_IT","og_type":"article","og_title":"Foiano della Chiana presenta l'Anno Robbiano in collaborazione col museo Mann di Napoli","og_description":"Presentata \u00a0la mostra diffusa nata per valorizzare i capolavori dei Della Robbia a Foiano della Chiana in collaborazione con il Mann di Napoli","og_url":"https:\/\/www.intoscana.it\/it\/foiano-della-chiana-presenta-lanno-robbiano-in-collaborazione-col-museo-mann-di-napoli\/","og_site_name":"intoscana","article_publisher":"https:\/\/www.facebook.com\/intoscana.it","article_published_time":"2023-05-19T12:31:13+00:00","og_image":[{"width":1002,"height":702,"url":"https:\/\/www.intoscana.it\/wp-content\/uploads\/Schermata-2023-05-19-alle-14.02.28.jpg","type":"image\/jpeg"}],"author":"Costanza Baldini","twitter_card":"summary_large_image","twitter_creator":"@intoscana","twitter_site":"@intoscana","twitter_misc":{"Written by":"Costanza Baldini","Est. reading time":"5 minuti"},"schema":{"@context":"https:\/\/schema.org","@graph":[{"@type":"WebPage","@id":"https:\/\/www.intoscana.it\/it\/foiano-della-chiana-presenta-lanno-robbiano-in-collaborazione-col-museo-mann-di-napoli\/","url":"https:\/\/www.intoscana.it\/it\/foiano-della-chiana-presenta-lanno-robbiano-in-collaborazione-col-museo-mann-di-napoli\/","name":"Foiano della Chiana presenta l'Anno Robbiano in collaborazione col museo Mann di Napoli - intoscana","isPartOf":{"@id":"https:\/\/www.intoscana.it\/it\/#website"},"primaryImageOfPage":{"@id":"https:\/\/www.intoscana.it\/it\/foiano-della-chiana-presenta-lanno-robbiano-in-collaborazione-col-museo-mann-di-napoli\/#primaryimage"},"image":{"@id":"https:\/\/www.intoscana.it\/it\/foiano-della-chiana-presenta-lanno-robbiano-in-collaborazione-col-museo-mann-di-napoli\/#primaryimage"},"thumbnailUrl":"https:\/\/www.intoscana.it\/wp-content\/uploads\/Schermata-2023-05-19-alle-14.02.28.jpg","datePublished":"2023-05-19T12:31:13+00:00","author":{"@id":"https:\/\/www.intoscana.it\/it\/#\/schema\/person\/d469f35f09739bdf00bf5dd3f0647a82"},"description":"Presentata \u00a0la mostra diffusa nata per valorizzare i capolavori dei Della Robbia a Foiano della Chiana in collaborazione con il Mann di Napoli","breadcrumb":{"@id":"https:\/\/www.intoscana.it\/it\/foiano-della-chiana-presenta-lanno-robbiano-in-collaborazione-col-museo-mann-di-napoli\/#breadcrumb"},"inLanguage":"it-IT","potentialAction":[{"@type":"ReadAction","target":["https:\/\/www.intoscana.it\/it\/foiano-della-chiana-presenta-lanno-robbiano-in-collaborazione-col-museo-mann-di-napoli\/"]}]},{"@type":"ImageObject","inLanguage":"it-IT","@id":"https:\/\/www.intoscana.it\/it\/foiano-della-chiana-presenta-lanno-robbiano-in-collaborazione-col-museo-mann-di-napoli\/#primaryimage","url":"https:\/\/www.intoscana.it\/wp-content\/uploads\/Schermata-2023-05-19-alle-14.02.28.jpg","contentUrl":"https:\/\/www.intoscana.it\/wp-content\/uploads\/Schermata-2023-05-19-alle-14.02.28.jpg","width":1002,"height":702,"caption":"Anno Robbiano, Foiano della Chiana"},{"@type":"BreadcrumbList","@id":"https:\/\/www.intoscana.it\/it\/foiano-della-chiana-presenta-lanno-robbiano-in-collaborazione-col-museo-mann-di-napoli\/#breadcrumb","itemListElement":[{"@type":"ListItem","position":1,"name":"Home","item":"https:\/\/www.intoscana.it\/it\/"},{"@type":"ListItem","position":2,"name":"Foiano della Chiana presenta l&#8217;Anno Robbiano in collaborazione col museo Mann di Napoli"}]},{"@type":"WebSite","@id":"https:\/\/www.intoscana.it\/it\/#website","url":"https:\/\/www.intoscana.it\/it\/","name":"intoscana","description":"","potentialAction":[{"@type":"SearchAction","target":{"@type":"EntryPoint","urlTemplate":"https:\/\/www.intoscana.it\/it\/?s={search_term_string}"},"query-input":{"@type":"PropertyValueSpecification","valueRequired":true,"valueName":"search_term_string"}}],"inLanguage":"it-IT"},{"@type":"Person","@id":"https:\/\/www.intoscana.it\/it\/#\/schema\/person\/d469f35f09739bdf00bf5dd3f0647a82","name":"Costanza Baldini","url":"https:\/\/www.intoscana.it\/it\/author\/costanza-baldini\/"}]}},"_links":{"self":[{"href":"https:\/\/www.intoscana.it\/it\/wp-json\/wp\/v2\/posts\/287532","targetHints":{"allow":["GET"]}}],"collection":[{"href":"https:\/\/www.intoscana.it\/it\/wp-json\/wp\/v2\/posts"}],"about":[{"href":"https:\/\/www.intoscana.it\/it\/wp-json\/wp\/v2\/types\/post"}],"author":[{"embeddable":true,"href":"https:\/\/www.intoscana.it\/it\/wp-json\/wp\/v2\/users\/518"}],"replies":[{"embeddable":true,"href":"https:\/\/www.intoscana.it\/it\/wp-json\/wp\/v2\/comments?post=287532"}],"version-history":[{"count":0,"href":"https:\/\/www.intoscana.it\/it\/wp-json\/wp\/v2\/posts\/287532\/revisions"}],"wp:featuredmedia":[{"embeddable":true,"href":"https:\/\/www.intoscana.it\/it\/wp-json\/wp\/v2\/media\/287547"}],"wp:attachment":[{"href":"https:\/\/www.intoscana.it\/it\/wp-json\/wp\/v2\/media?parent=287532"}],"wp:term":[{"taxonomy":"category","embeddable":true,"href":"https:\/\/www.intoscana.it\/it\/wp-json\/wp\/v2\/categories?post=287532"},{"taxonomy":"post_tag","embeddable":true,"href":"https:\/\/www.intoscana.it\/it\/wp-json\/wp\/v2\/tags?post=287532"}],"curies":[{"name":"wp","href":"https:\/\/api.w.org\/{rel}","templated":true}]}}