{"id":288042,"date":"2023-05-31T14:36:25","date_gmt":"2023-05-31T12:36:25","guid":{"rendered":"https:\/\/www.intoscana.it\/it\/?p=288042"},"modified":"2023-05-31T15:00:05","modified_gmt":"2023-05-31T13:00:05","slug":"oltre-le-mura-di-santorsola-larte-contemporanea-invade-lex-monastero-fiorentino","status":"publish","type":"post","link":"https:\/\/www.intoscana.it\/it\/oltre-le-mura-di-santorsola-larte-contemporanea-invade-lex-monastero-fiorentino\/","title":{"rendered":"&#8220;Oltre le mura di Sant&#8217;Orsola&#8221;: l&#8217;arte contemporanea invade l&#8217;ex monastero fiorentino"},"content":{"rendered":"<p><strong>L&#8217;ex monastero di Sant&#8217;Orsola<\/strong> situato nel cuore di Firenze apre per la prima volta le sue porte al pubblico con un<em><strong> &#8220;museo effimero&#8221;.<\/strong><\/em><\/p>\n<p><strong>Dal 1\u00b0 giugno al 2 luglio 2023<\/strong> con la mostra<strong><em>\u00a0&#8220;Oltre le mura di Sant\u2019Orsola&#8221;<\/em><\/strong> l\u2019antico convento sar\u00e0 accessibile al pubblico per un mese, con <strong>ingresso libero e visite guidate.<\/strong><\/p>\n<p>Il complesso \u00e8 protagonista di <strong>un imponente piano di recupero<\/strong> a cura di<strong> Storia, filiale di Artea,<\/strong> la societ\u00e0 francese scelta nel 2020 dalla Citt\u00e0 Metropolitana di Firenze per la riqualificazione.<\/p>\n<p>Al termine dei lavori <strong>Sant\u2019Orsola<\/strong> ospiter\u00e0 <strong>una scuola d\u2019arte e di design, ristoranti e caff\u00e8, botteghe di artigiani e atelier d\u2019artisti, una foresteria, spazi di coworking e un Museo<\/strong>.<\/p>\n<p>Obiettivo del progetto \u00e8 <strong>preservare la memoria di un luogo unico e ricco di storia<\/strong>, ma anche di promuovere la creazione artistica contemporanea, invitando artisti affermati ed emergenti a dialogare con le tracce del suo passato.<\/p>\n<p>La mostra <em><strong>&#8220;Oltre le mura di Sant&#8217;Orsola&#8221;<\/strong> <\/em>patrocinata dalla Citt\u00e0 Metropolitana di Firenze \u00e8 a cura di <strong>Morgane Lucquet Laforgue,<\/strong> responsabile del futuro Museo Sant\u2019Orsola, la cui <strong>apertura ufficiale \u00e8 prevista per il 2025.<\/strong><\/p>\n<p>L&#8217;evento segna <strong>l\u2019inizio di una serie di mostre effimere e incontri con il pubblico<\/strong>, alla scoperta di <strong>uno spazio in continua evoluzione.<\/strong><\/p>\n<p><strong>Un museo effimero, destinato a durare solo un mese<\/strong> per poi cambiare ancora, ma in grado di consentire ai visitatori di accedere a Sant\u2019Orsola prima dell\u2019apertura ufficiale del museo stesso e dell\u2019intero complesso, rendendoli testimoni e partecipi del processo di riqualificazione in corso, oltre quelle mura che <strong>per decenni sono state inaccessibili.<\/strong><\/p>\n<div class=\"titleimg\">\n<figure id=\"post-289518 media-289518\" class=\"align-none\"><img decoding=\"async\" src=\"https:\/\/www.intoscana.it\/wp-content\/uploads\/Sophia-Kisielewska-Dunbar-a-SantOrsola.jpg\" alt=\"\" \/><\/figure>\n<div class=\"titleimg\"><em>Sophia Kisielewska-Dunbar a Sant\u2019Orsola<\/em><\/div>\n<\/div>\n<h3>Le opere<\/h3>\n<p>L\u2019esposizione si snoda negli spazi recentemente restaurati- <strong>le due chiese interne, la spezieria e il chiostro<\/strong> &#8211; e presenta i risultati della ricerca di due diversi artisti contemporanei:<strong> Sophia Kisielewska-Dunbar<\/strong>, londinese classe 1990 nonch\u00e9 prima artista del programma di residenza del museo Sant\u2019Orsola, e <strong>Alberto Ruce<\/strong>, artista urbano siciliano di nascita e residente a Marsiglia.<\/p>\n<p>Entrambi gli artisti hanno realizzato <strong>opere d\u2019arte originali, ispirandosi alla storia del luogo<\/strong> e ad elementi del suo passato, cercando un dialogo con il presente.<\/p>\n<p>L&#8217;opera creata dalla giovane artista <strong>Sophia Kisielewska-Dunbar<\/strong> si intitola <em><strong>Noli ma tangere\u00a0<\/strong><\/em>e prende spunto dalla vita delle monache della rappresentazione della donna nel canone dell&#8217;arte occidentale per operare una contro-narrazione e rivendicare lo sguardo femminile.<\/p>\n<p><strong>Sophia Kisielewska-Dunbar ha dichiarato: <\/strong><i>&#8220;Ho pensato alla vita delle donne che vivevano qui, volevo capire cosa pensavano delle opere d&#8217;arte che erano conservate nel monastero. Facendo ricerche ho scoperto che i quadri rappresentavano spesso o la Madonna col bambino oppure il martirio di\u00a0una santa, quindi o una mamma oppure una donna uccisa. In tutti i martiri di una santa c&#8217;\u00e8 una donna al\u00a0centro circondata da uomini minacciosi,\u00a0personalmente mi fa molto paura questa scena. Cos\u00ec ho voluto rappresentare una donna indipendente che va via, che prende un libro in mano che simboleggia un&#8217;altra vita&#8221;.<\/i><\/p>\n<p>Le opere di <strong>Alberto Ruce<\/strong> <em><strong>&#8220;Al di l\u00e0 di tutto&#8221;<\/strong> <\/em>sono impalpabili\u00a0disegni realizzati direttamente sulle pareti e su veli che si muovono lentamente con il vento, veri e propri tesori da scoprire camminando tra i corridoi dove secoli\u00a0prima di noi hanno camminato le <strong>monache di Sant&#8217;Orsola.<\/strong><\/p>\n<p><strong>Ha dichiarato Alberto Ruce<\/strong>: <i>&#8220;Mi sono ispirato come faccio sempre alla storia del posto. In questo caso avevo moltissimo materiale, un grande carnet di scelta. Qui c&#8217;era una spezieria dove appunto si lavoravano le piante per farne una medicina, pratica antica ormai in disuso. Ho voluto dipingere queste opere come se stessero scomparendo perch\u00e8 sono tradizioni che stanno appunto sparendo. Ho intitolato queste opere &#8220;Al di l\u00e0 di tutto&#8221; perch\u00e8 \u00e8 un prendersi cura degli altri al di l\u00e0 del suo\u00a0orientamento, della sua religione. Le mani che vedrete nelle mie opere sono le mani di donne di San Lorenzo, che ho convolto per\u00a0farmi da modelle per le foto da cui parto per creare le mie opere. I volti che vedrete sui teli sono una madre e una figlia che hanno un banco di ortofrutta al mercato&#8221;.<\/i><\/p>\n<figure id=\"post-289515 media-289515\" class=\"align-none\"><img decoding=\"async\" src=\"https:\/\/www.intoscana.it\/wp-content\/uploads\/SantOrsola_Opera-Ruce-in-ex-chiesa-di-fuori.jpg\" alt=\"\" \/><\/figure>\n<div class=\"titleimg\">Sant\u2019Orsola_Opera Ruce in ex chiesa di fuori<\/div>\n<figure id=\"post-288034 media-288034\" class=\"align-none\"><\/figure>\n<div class=\"titleimg\"><\/div>\n","protected":false},"excerpt":{"rendered":"<p>Dal 1\u00b0 giugno al 2 luglio il complesso al centro di un imponente piano di rigenerazione ospita due giovani artisti contemporanei Sophia Kisielewska-Dunbar e Alberto Ruce, \u00e8 il primo progetto espositivo del futuro Museo Sant&#8217;Orsola la cui riapertura \u00e8 prevista per il 2025<\/p>\n","protected":false},"author":518,"featured_media":289519,"comment_status":"open","ping_status":"open","sticky":false,"template":"","format":"standard","meta":{"_acf_changed":false,"footnotes":""},"categories":[493],"tags":[227,4474,202,222],"class_list":["post-288042","post","type-post","status-publish","format-standard","has-post-thumbnail","hentry","category-cultura","tag-arte-contemporanea","tag-eventi","tag-firenze","tag-mostre"],"acf":[],"yoast_head":"<!-- This site is optimized with the Yoast SEO Premium plugin v24.2 (Yoast SEO v25.6) - https:\/\/yoast.com\/wordpress\/plugins\/seo\/ -->\n<title>&quot;Oltre le mura di Sant&#039;Orsola&quot;: l&#039;arte contemporanea invade l&#039;ex monastero fiorentino - intoscana<\/title>\n<meta name=\"description\" content=\"Dal 1\u00b0 giugno al 2 luglio il complesso al centro di un imponente piano di rigenerazione ospita due giovani artisti\" \/>\n<meta name=\"robots\" content=\"index, follow, max-snippet:-1, max-image-preview:large, max-video-preview:-1\" \/>\n<link rel=\"canonical\" href=\"https:\/\/www.intoscana.it\/it\/oltre-le-mura-di-santorsola-larte-contemporanea-invade-lex-monastero-fiorentino\/\" \/>\n<meta property=\"og:locale\" content=\"it_IT\" \/>\n<meta property=\"og:type\" content=\"article\" \/>\n<meta property=\"og:title\" content=\"&quot;Oltre le mura di Sant&#039;Orsola&quot;: l&#039;arte contemporanea invade l&#039;ex monastero fiorentino\" \/>\n<meta property=\"og:description\" content=\"Dal 1\u00b0 giugno al 2 luglio il complesso al centro di un imponente piano di rigenerazione ospita due giovani artisti\" \/>\n<meta property=\"og:url\" content=\"https:\/\/www.intoscana.it\/it\/oltre-le-mura-di-santorsola-larte-contemporanea-invade-lex-monastero-fiorentino\/\" \/>\n<meta property=\"og:site_name\" content=\"intoscana\" \/>\n<meta property=\"article:publisher\" content=\"https:\/\/www.facebook.com\/intoscana.it\" \/>\n<meta property=\"article:published_time\" content=\"2023-05-31T12:36:25+00:00\" \/>\n<meta property=\"article:modified_time\" content=\"2023-05-31T13:00:05+00:00\" \/>\n<meta property=\"og:image\" content=\"https:\/\/www.intoscana.it\/wp-content\/uploads\/Sophia-Kisielewska-Dunbar_trittico.jpg\" \/>\n\t<meta property=\"og:image:width\" content=\"1920\" \/>\n\t<meta property=\"og:image:height\" content=\"1281\" \/>\n\t<meta property=\"og:image:type\" content=\"image\/jpeg\" \/>\n<meta name=\"author\" content=\"Costanza Baldini\" \/>\n<meta name=\"twitter:card\" content=\"summary_large_image\" \/>\n<meta name=\"twitter:creator\" content=\"@intoscana\" \/>\n<meta name=\"twitter:site\" content=\"@intoscana\" \/>\n<meta name=\"twitter:label1\" content=\"Written by\" \/>\n\t<meta name=\"twitter:data1\" content=\"Costanza Baldini\" \/>\n\t<meta name=\"twitter:label2\" content=\"Est. reading time\" \/>\n\t<meta name=\"twitter:data2\" content=\"3 minuti\" \/>\n<script type=\"application\/ld+json\" class=\"yoast-schema-graph\">{\"@context\":\"https:\/\/schema.org\",\"@graph\":[{\"@type\":\"WebPage\",\"@id\":\"https:\/\/www.intoscana.it\/it\/oltre-le-mura-di-santorsola-larte-contemporanea-invade-lex-monastero-fiorentino\/\",\"url\":\"https:\/\/www.intoscana.it\/it\/oltre-le-mura-di-santorsola-larte-contemporanea-invade-lex-monastero-fiorentino\/\",\"name\":\"\\\"Oltre le mura di Sant'Orsola\\\": l'arte contemporanea invade l'ex monastero fiorentino - intoscana\",\"isPartOf\":{\"@id\":\"https:\/\/www.intoscana.it\/it\/#website\"},\"primaryImageOfPage\":{\"@id\":\"https:\/\/www.intoscana.it\/it\/oltre-le-mura-di-santorsola-larte-contemporanea-invade-lex-monastero-fiorentino\/#primaryimage\"},\"image\":{\"@id\":\"https:\/\/www.intoscana.it\/it\/oltre-le-mura-di-santorsola-larte-contemporanea-invade-lex-monastero-fiorentino\/#primaryimage\"},\"thumbnailUrl\":\"https:\/\/www.intoscana.it\/wp-content\/uploads\/Sophia-Kisielewska-Dunbar_trittico.jpg\",\"datePublished\":\"2023-05-31T12:36:25+00:00\",\"dateModified\":\"2023-05-31T13:00:05+00:00\",\"author\":{\"@id\":\"https:\/\/www.intoscana.it\/it\/#\/schema\/person\/d469f35f09739bdf00bf5dd3f0647a82\"},\"description\":\"Dal 1\u00b0 giugno al 2 luglio il complesso al centro di un imponente piano di rigenerazione ospita due giovani artisti\",\"breadcrumb\":{\"@id\":\"https:\/\/www.intoscana.it\/it\/oltre-le-mura-di-santorsola-larte-contemporanea-invade-lex-monastero-fiorentino\/#breadcrumb\"},\"inLanguage\":\"it-IT\",\"potentialAction\":[{\"@type\":\"ReadAction\",\"target\":[\"https:\/\/www.intoscana.it\/it\/oltre-le-mura-di-santorsola-larte-contemporanea-invade-lex-monastero-fiorentino\/\"]}]},{\"@type\":\"ImageObject\",\"inLanguage\":\"it-IT\",\"@id\":\"https:\/\/www.intoscana.it\/it\/oltre-le-mura-di-santorsola-larte-contemporanea-invade-lex-monastero-fiorentino\/#primaryimage\",\"url\":\"https:\/\/www.intoscana.it\/wp-content\/uploads\/Sophia-Kisielewska-Dunbar_trittico.jpg\",\"contentUrl\":\"https:\/\/www.intoscana.it\/wp-content\/uploads\/Sophia-Kisielewska-Dunbar_trittico.jpg\",\"width\":1920,\"height\":1281},{\"@type\":\"BreadcrumbList\",\"@id\":\"https:\/\/www.intoscana.it\/it\/oltre-le-mura-di-santorsola-larte-contemporanea-invade-lex-monastero-fiorentino\/#breadcrumb\",\"itemListElement\":[{\"@type\":\"ListItem\",\"position\":1,\"name\":\"Home\",\"item\":\"https:\/\/www.intoscana.it\/it\/\"},{\"@type\":\"ListItem\",\"position\":2,\"name\":\"&#8220;Oltre le mura di Sant&#8217;Orsola&#8221;: l&#8217;arte contemporanea invade l&#8217;ex monastero fiorentino\"}]},{\"@type\":\"WebSite\",\"@id\":\"https:\/\/www.intoscana.it\/it\/#website\",\"url\":\"https:\/\/www.intoscana.it\/it\/\",\"name\":\"intoscana\",\"description\":\"\",\"potentialAction\":[{\"@type\":\"SearchAction\",\"target\":{\"@type\":\"EntryPoint\",\"urlTemplate\":\"https:\/\/www.intoscana.it\/it\/?s={search_term_string}\"},\"query-input\":{\"@type\":\"PropertyValueSpecification\",\"valueRequired\":true,\"valueName\":\"search_term_string\"}}],\"inLanguage\":\"it-IT\"},{\"@type\":\"Person\",\"@id\":\"https:\/\/www.intoscana.it\/it\/#\/schema\/person\/d469f35f09739bdf00bf5dd3f0647a82\",\"name\":\"Costanza Baldini\",\"url\":\"https:\/\/www.intoscana.it\/it\/author\/costanza-baldini\/\"}]}<\/script>\n<!-- \/ Yoast SEO Premium plugin. -->","yoast_head_json":{"title":"\"Oltre le mura di Sant'Orsola\": l'arte contemporanea invade l'ex monastero fiorentino - intoscana","description":"Dal 1\u00b0 giugno al 2 luglio il complesso al centro di un imponente piano di rigenerazione ospita due giovani artisti","robots":{"index":"index","follow":"follow","max-snippet":"max-snippet:-1","max-image-preview":"max-image-preview:large","max-video-preview":"max-video-preview:-1"},"canonical":"https:\/\/www.intoscana.it\/it\/oltre-le-mura-di-santorsola-larte-contemporanea-invade-lex-monastero-fiorentino\/","og_locale":"it_IT","og_type":"article","og_title":"\"Oltre le mura di Sant'Orsola\": l'arte contemporanea invade l'ex monastero fiorentino","og_description":"Dal 1\u00b0 giugno al 2 luglio il complesso al centro di un imponente piano di rigenerazione ospita due giovani artisti","og_url":"https:\/\/www.intoscana.it\/it\/oltre-le-mura-di-santorsola-larte-contemporanea-invade-lex-monastero-fiorentino\/","og_site_name":"intoscana","article_publisher":"https:\/\/www.facebook.com\/intoscana.it","article_published_time":"2023-05-31T12:36:25+00:00","article_modified_time":"2023-05-31T13:00:05+00:00","og_image":[{"width":1920,"height":1281,"url":"https:\/\/www.intoscana.it\/wp-content\/uploads\/Sophia-Kisielewska-Dunbar_trittico.jpg","type":"image\/jpeg"}],"author":"Costanza Baldini","twitter_card":"summary_large_image","twitter_creator":"@intoscana","twitter_site":"@intoscana","twitter_misc":{"Written by":"Costanza Baldini","Est. reading time":"3 minuti"},"schema":{"@context":"https:\/\/schema.org","@graph":[{"@type":"WebPage","@id":"https:\/\/www.intoscana.it\/it\/oltre-le-mura-di-santorsola-larte-contemporanea-invade-lex-monastero-fiorentino\/","url":"https:\/\/www.intoscana.it\/it\/oltre-le-mura-di-santorsola-larte-contemporanea-invade-lex-monastero-fiorentino\/","name":"\"Oltre le mura di Sant'Orsola\": l'arte contemporanea invade l'ex monastero fiorentino - intoscana","isPartOf":{"@id":"https:\/\/www.intoscana.it\/it\/#website"},"primaryImageOfPage":{"@id":"https:\/\/www.intoscana.it\/it\/oltre-le-mura-di-santorsola-larte-contemporanea-invade-lex-monastero-fiorentino\/#primaryimage"},"image":{"@id":"https:\/\/www.intoscana.it\/it\/oltre-le-mura-di-santorsola-larte-contemporanea-invade-lex-monastero-fiorentino\/#primaryimage"},"thumbnailUrl":"https:\/\/www.intoscana.it\/wp-content\/uploads\/Sophia-Kisielewska-Dunbar_trittico.jpg","datePublished":"2023-05-31T12:36:25+00:00","dateModified":"2023-05-31T13:00:05+00:00","author":{"@id":"https:\/\/www.intoscana.it\/it\/#\/schema\/person\/d469f35f09739bdf00bf5dd3f0647a82"},"description":"Dal 1\u00b0 giugno al 2 luglio il complesso al centro di un imponente piano di rigenerazione ospita due giovani artisti","breadcrumb":{"@id":"https:\/\/www.intoscana.it\/it\/oltre-le-mura-di-santorsola-larte-contemporanea-invade-lex-monastero-fiorentino\/#breadcrumb"},"inLanguage":"it-IT","potentialAction":[{"@type":"ReadAction","target":["https:\/\/www.intoscana.it\/it\/oltre-le-mura-di-santorsola-larte-contemporanea-invade-lex-monastero-fiorentino\/"]}]},{"@type":"ImageObject","inLanguage":"it-IT","@id":"https:\/\/www.intoscana.it\/it\/oltre-le-mura-di-santorsola-larte-contemporanea-invade-lex-monastero-fiorentino\/#primaryimage","url":"https:\/\/www.intoscana.it\/wp-content\/uploads\/Sophia-Kisielewska-Dunbar_trittico.jpg","contentUrl":"https:\/\/www.intoscana.it\/wp-content\/uploads\/Sophia-Kisielewska-Dunbar_trittico.jpg","width":1920,"height":1281},{"@type":"BreadcrumbList","@id":"https:\/\/www.intoscana.it\/it\/oltre-le-mura-di-santorsola-larte-contemporanea-invade-lex-monastero-fiorentino\/#breadcrumb","itemListElement":[{"@type":"ListItem","position":1,"name":"Home","item":"https:\/\/www.intoscana.it\/it\/"},{"@type":"ListItem","position":2,"name":"&#8220;Oltre le mura di Sant&#8217;Orsola&#8221;: l&#8217;arte contemporanea invade l&#8217;ex monastero fiorentino"}]},{"@type":"WebSite","@id":"https:\/\/www.intoscana.it\/it\/#website","url":"https:\/\/www.intoscana.it\/it\/","name":"intoscana","description":"","potentialAction":[{"@type":"SearchAction","target":{"@type":"EntryPoint","urlTemplate":"https:\/\/www.intoscana.it\/it\/?s={search_term_string}"},"query-input":{"@type":"PropertyValueSpecification","valueRequired":true,"valueName":"search_term_string"}}],"inLanguage":"it-IT"},{"@type":"Person","@id":"https:\/\/www.intoscana.it\/it\/#\/schema\/person\/d469f35f09739bdf00bf5dd3f0647a82","name":"Costanza Baldini","url":"https:\/\/www.intoscana.it\/it\/author\/costanza-baldini\/"}]}},"_links":{"self":[{"href":"https:\/\/www.intoscana.it\/it\/wp-json\/wp\/v2\/posts\/288042","targetHints":{"allow":["GET"]}}],"collection":[{"href":"https:\/\/www.intoscana.it\/it\/wp-json\/wp\/v2\/posts"}],"about":[{"href":"https:\/\/www.intoscana.it\/it\/wp-json\/wp\/v2\/types\/post"}],"author":[{"embeddable":true,"href":"https:\/\/www.intoscana.it\/it\/wp-json\/wp\/v2\/users\/518"}],"replies":[{"embeddable":true,"href":"https:\/\/www.intoscana.it\/it\/wp-json\/wp\/v2\/comments?post=288042"}],"version-history":[{"count":0,"href":"https:\/\/www.intoscana.it\/it\/wp-json\/wp\/v2\/posts\/288042\/revisions"}],"wp:featuredmedia":[{"embeddable":true,"href":"https:\/\/www.intoscana.it\/it\/wp-json\/wp\/v2\/media\/289519"}],"wp:attachment":[{"href":"https:\/\/www.intoscana.it\/it\/wp-json\/wp\/v2\/media?parent=288042"}],"wp:term":[{"taxonomy":"category","embeddable":true,"href":"https:\/\/www.intoscana.it\/it\/wp-json\/wp\/v2\/categories?post=288042"},{"taxonomy":"post_tag","embeddable":true,"href":"https:\/\/www.intoscana.it\/it\/wp-json\/wp\/v2\/tags?post=288042"}],"curies":[{"name":"wp","href":"https:\/\/api.w.org\/{rel}","templated":true}]}}