{"id":288119,"date":"2023-05-23T14:37:47","date_gmt":"2023-05-23T12:37:47","guid":{"rendered":"https:\/\/www.intoscana.it\/it\/?p=288119"},"modified":"2023-05-23T14:37:47","modified_gmt":"2023-05-23T12:37:47","slug":"eatprato-il-gusto-raddoppia-alla-corte-dellimperatore","status":"publish","type":"post","link":"https:\/\/www.intoscana.it\/it\/eatprato-il-gusto-raddoppia-alla-corte-dellimperatore\/","title":{"rendered":"EatPrato, il gusto raddoppia alla corte dell&#8217;Imperatore"},"content":{"rendered":"<p>Il gusto raddoppia con <a href=\"https:\/\/www.eatprato.it\">EatPrato<\/a>: l&#8217;edizione 2023 cambia formula. Due gli appuntamenti per l&#8217;estate: da una parte <strong>Alla corte dell&#8217;Imperatore<\/strong> in piazza Santa Maria delle Carceri il 7, 8 e 9 giugno, poi <strong>Da chiostro a chiostro<\/strong>, a San Domenico e in Duomo, il 3 e il 4 luglio.<\/p>\n<p>Prato si conferma <strong>destinazione enogastronomica<\/strong> di qualit\u00e0, aumentano gli appuntamenti e le occasioni per apprezzare le potenzialit\u00e0 della citt\u00e0 toscana: di volta in volta <mark>l\u2019alta pasticceria e l\u2019arte culinaria multietnica, le ricette della tradizione e le proposte contemporanee<\/mark> trovano spazio in calendario.<\/p>\n<p>Un doppio evento estivo dedicato al gusto, quindi, per una realt\u00e0 che \u00e8 ormai riconosciuto in tutta Italia. Quest\u2019anno si rinnova la collaborazione del <strong>Comune<\/strong>, storico ente promotore, con <strong>Confcommercio Pistoia e Prato, Confesercenti Prato, Confartigianato Prato e CNA Toscana Centro<\/strong> insieme a produttori e operatori locali del settore.<\/p>\n<h3>In viaggio con EatPrato<\/h3>\n<p>Il viaggio tra sapori delle terre pratesi e golose destinazioni parte con la firma di <mark>un accordo di valorizzazione delle eccellenze della tavola raccolte sotto il marchio EatPrato<\/mark>. <strong>Da giugno a ottobre<\/strong> i residenti e i viaggiatori potranno conoscere e provare i prodotti tipici con <strong>eventi e attivit\u00e0<\/strong>. In vetrina il meglio della produzione e della tradizione culinaria accanto alle pregiate etichette locali: <mark>la mortadella di Prato, il pane, i biscotti e le pesche di Prato, la pasticceria, i fichi secchi di Carmignano, i vini di Carmignano<\/mark>\u00a0e tutto ci\u00f2 che di buono offre il territorio.<\/p>\n<figure id=\"post-288123 media-288123\" class=\"align-none\"><img decoding=\"async\" src=\"https:\/\/www.intoscana.it\/wp-content\/uploads\/EatPrato-2023.jpg\" alt=\"\" \/><\/figure>\n<div class=\"titleimg\">La presentazione di EatPrato 2023<\/div>\n<h3>Alla corte dell&#8217;Imperatore<\/h3>\n<p>Tornano ai due appuntamenti dell\u2019estate <strong>La Toscana in Bocca &#8211; Alla corte dell\u2019Imperatore<\/strong><em>\u00a0<\/em>\u00e8 l\u2019evento organizzato da Confcommercio Pistoia e Prato. La manifestazione promuove percorsi di degustazione grazie alle proposte preparate dai migliori chef e pasticceri del territorio.<\/p>\n<p>Inediti cocktail a base di <strong>liquori toscani<\/strong>, uniti ai vini che sanno trasmettere al meglio l\u2019essenza di questi luoghi, arricchiranno l\u2019evento di ulteriori suggestioni. Ospiti speciali e accompagnamenti musicali. Per la prima serata, il 7 giugno (dalle 20), un evento di gala su prenotazione a favore dell\u2019<strong>associazione ANT<\/strong>. L\u20198 e il 9 giugno l\u2019ingresso sar\u00e0 invece libero (dalle 19) per il pubblico.<\/p>\n<h3>Da chiostro a chiostro<\/h3>\n<p><strong>Da chiostro a chiostro. Assapora le eccellenze di Prato<\/strong> \u00e8 invece l\u2019evento a cura di Confesercenti Prato. Luned\u00ec 3 e marted\u00ec 4 luglio gli chef e i maestri pasticceri presenteranno piatti della tradizione e nuove creazioni dolciarie. La rassegna, alla seconda edizione, fa parte del progetto regionale <strong>Vetrina Toscana <\/strong>(in collaborazione con Unioncamere Toscana).<\/p>\n<p>Dopo l\u2019estate, tra settembre, ottobre e novembre, ci saranno nuovi appuntamenti a marchio EatPrato Walking dedicati a cibo ed escursioni.<\/p>\n<p>\u201c<em>Insieme \u2013\u00a0<\/em>sottolinea\u00a0<strong>Gabriele Bosi<\/strong>, assessore al turismo del Comune di Prato<em>\u00a0&#8211; lavoreremo per offrire al pubblico un&#8217;esperienza gastronomica unica, arricchita dalla variet\u00e0 e dalla qualit\u00e0 dei prodotti tipici del territorio pratese. Questa apertura alla collaborazione permetter\u00e0 di ampliare il ventaglio di iniziative, eventi e proposte culinarie, rendendo EatPrato ancora pi\u00f9 coinvolgente e interessante per i turisti e i visitatori in generale\u201d<\/em>.<\/p>\n","protected":false},"excerpt":{"rendered":"<p>Due eventi estivi e nuova formula per promuovere il meglio della produzione e della tradizione culinaria in luoghi suggestivi<\/p>\n","protected":false},"author":554,"featured_media":231457,"comment_status":"open","ping_status":"open","sticky":false,"template":"","format":"standard","meta":{"_acf_changed":false,"footnotes":""},"categories":[8],"tags":[5886,142],"class_list":["post-288119","post","type-post","status-publish","format-standard","has-post-thumbnail","hentry","category-enogastronomia","tag-eatprato","tag-enogastronomia"],"acf":[],"yoast_head":"<!-- This site is optimized with the Yoast SEO Premium plugin v24.2 (Yoast SEO v25.6) - https:\/\/yoast.com\/wordpress\/plugins\/seo\/ -->\n<title>EatPrato, il gusto raddoppia alla corte dell&#039;Imperatore - intoscana<\/title>\n<meta name=\"description\" content=\"Due eventi estivi e nuova formula per promuovere il meglio della produzione e della tradizione culinaria in luoghi suggestivi\" \/>\n<meta name=\"robots\" content=\"index, follow, max-snippet:-1, max-image-preview:large, max-video-preview:-1\" \/>\n<link rel=\"canonical\" href=\"https:\/\/www.intoscana.it\/it\/eatprato-il-gusto-raddoppia-alla-corte-dellimperatore\/\" \/>\n<meta property=\"og:locale\" content=\"it_IT\" \/>\n<meta property=\"og:type\" content=\"article\" \/>\n<meta property=\"og:title\" content=\"EatPrato, il gusto raddoppia alla corte dell&#039;Imperatore\" \/>\n<meta property=\"og:description\" content=\"Due eventi estivi e nuova formula per promuovere il meglio della produzione e della tradizione culinaria in luoghi suggestivi\" \/>\n<meta property=\"og:url\" content=\"https:\/\/www.intoscana.it\/it\/eatprato-il-gusto-raddoppia-alla-corte-dellimperatore\/\" \/>\n<meta property=\"og:site_name\" content=\"intoscana\" \/>\n<meta property=\"article:publisher\" content=\"https:\/\/www.facebook.com\/intoscana.it\" \/>\n<meta property=\"article:published_time\" content=\"2023-05-23T12:37:47+00:00\" \/>\n<meta property=\"og:image\" content=\"https:\/\/www.intoscana.it\/wp-content\/uploads\/rid-EatPRATO-Duomo-copia-scaled.jpg\" \/>\n\t<meta property=\"og:image:width\" content=\"2048\" \/>\n\t<meta property=\"og:image:height\" content=\"1367\" \/>\n\t<meta property=\"og:image:type\" content=\"image\/jpeg\" \/>\n<meta name=\"author\" content=\"Raffaella Galamini\" \/>\n<meta name=\"twitter:card\" content=\"summary_large_image\" \/>\n<meta name=\"twitter:creator\" content=\"@orio\" \/>\n<meta name=\"twitter:site\" content=\"@intoscana\" \/>\n<meta name=\"twitter:label1\" content=\"Written by\" \/>\n\t<meta name=\"twitter:data1\" content=\"Raffaella Galamini\" \/>\n\t<meta name=\"twitter:label2\" content=\"Est. reading time\" \/>\n\t<meta name=\"twitter:data2\" content=\"2 minuti\" \/>\n<script type=\"application\/ld+json\" class=\"yoast-schema-graph\">{\"@context\":\"https:\/\/schema.org\",\"@graph\":[{\"@type\":\"WebPage\",\"@id\":\"https:\/\/www.intoscana.it\/it\/eatprato-il-gusto-raddoppia-alla-corte-dellimperatore\/\",\"url\":\"https:\/\/www.intoscana.it\/it\/eatprato-il-gusto-raddoppia-alla-corte-dellimperatore\/\",\"name\":\"EatPrato, il gusto raddoppia alla corte dell'Imperatore - intoscana\",\"isPartOf\":{\"@id\":\"https:\/\/www.intoscana.it\/it\/#website\"},\"primaryImageOfPage\":{\"@id\":\"https:\/\/www.intoscana.it\/it\/eatprato-il-gusto-raddoppia-alla-corte-dellimperatore\/#primaryimage\"},\"image\":{\"@id\":\"https:\/\/www.intoscana.it\/it\/eatprato-il-gusto-raddoppia-alla-corte-dellimperatore\/#primaryimage\"},\"thumbnailUrl\":\"https:\/\/www.intoscana.it\/wp-content\/uploads\/rid-EatPRATO-Duomo-copia-scaled.jpg\",\"datePublished\":\"2023-05-23T12:37:47+00:00\",\"author\":{\"@id\":\"https:\/\/www.intoscana.it\/it\/#\/schema\/person\/9eb9daa846a49fe51af39a73d9d1986b\"},\"description\":\"Due eventi estivi e nuova formula per promuovere il meglio della produzione e della tradizione culinaria in luoghi suggestivi\",\"breadcrumb\":{\"@id\":\"https:\/\/www.intoscana.it\/it\/eatprato-il-gusto-raddoppia-alla-corte-dellimperatore\/#breadcrumb\"},\"inLanguage\":\"it-IT\",\"potentialAction\":[{\"@type\":\"ReadAction\",\"target\":[\"https:\/\/www.intoscana.it\/it\/eatprato-il-gusto-raddoppia-alla-corte-dellimperatore\/\"]}]},{\"@type\":\"ImageObject\",\"inLanguage\":\"it-IT\",\"@id\":\"https:\/\/www.intoscana.it\/it\/eatprato-il-gusto-raddoppia-alla-corte-dellimperatore\/#primaryimage\",\"url\":\"https:\/\/www.intoscana.it\/wp-content\/uploads\/rid-EatPRATO-Duomo-copia-scaled.jpg\",\"contentUrl\":\"https:\/\/www.intoscana.it\/wp-content\/uploads\/rid-EatPRATO-Duomo-copia-scaled.jpg\",\"width\":2048,\"height\":1367},{\"@type\":\"BreadcrumbList\",\"@id\":\"https:\/\/www.intoscana.it\/it\/eatprato-il-gusto-raddoppia-alla-corte-dellimperatore\/#breadcrumb\",\"itemListElement\":[{\"@type\":\"ListItem\",\"position\":1,\"name\":\"Home\",\"item\":\"https:\/\/www.intoscana.it\/it\/\"},{\"@type\":\"ListItem\",\"position\":2,\"name\":\"EatPrato, il gusto raddoppia alla corte dell&#8217;Imperatore\"}]},{\"@type\":\"WebSite\",\"@id\":\"https:\/\/www.intoscana.it\/it\/#website\",\"url\":\"https:\/\/www.intoscana.it\/it\/\",\"name\":\"intoscana\",\"description\":\"\",\"potentialAction\":[{\"@type\":\"SearchAction\",\"target\":{\"@type\":\"EntryPoint\",\"urlTemplate\":\"https:\/\/www.intoscana.it\/it\/?s={search_term_string}\"},\"query-input\":{\"@type\":\"PropertyValueSpecification\",\"valueRequired\":true,\"valueName\":\"search_term_string\"}}],\"inLanguage\":\"it-IT\"},{\"@type\":\"Person\",\"@id\":\"https:\/\/www.intoscana.it\/it\/#\/schema\/person\/9eb9daa846a49fe51af39a73d9d1986b\",\"name\":\"Raffaella Galamini\",\"sameAs\":[\"https:\/\/x.com\/orio\"],\"url\":\"https:\/\/www.intoscana.it\/it\/author\/r-galamini\/\"}]}<\/script>\n<!-- \/ Yoast SEO Premium plugin. -->","yoast_head_json":{"title":"EatPrato, il gusto raddoppia alla corte dell'Imperatore - intoscana","description":"Due eventi estivi e nuova formula per promuovere il meglio della produzione e della tradizione culinaria in luoghi suggestivi","robots":{"index":"index","follow":"follow","max-snippet":"max-snippet:-1","max-image-preview":"max-image-preview:large","max-video-preview":"max-video-preview:-1"},"canonical":"https:\/\/www.intoscana.it\/it\/eatprato-il-gusto-raddoppia-alla-corte-dellimperatore\/","og_locale":"it_IT","og_type":"article","og_title":"EatPrato, il gusto raddoppia alla corte dell'Imperatore","og_description":"Due eventi estivi e nuova formula per promuovere il meglio della produzione e della tradizione culinaria in luoghi suggestivi","og_url":"https:\/\/www.intoscana.it\/it\/eatprato-il-gusto-raddoppia-alla-corte-dellimperatore\/","og_site_name":"intoscana","article_publisher":"https:\/\/www.facebook.com\/intoscana.it","article_published_time":"2023-05-23T12:37:47+00:00","og_image":[{"width":2048,"height":1367,"url":"https:\/\/www.intoscana.it\/wp-content\/uploads\/rid-EatPRATO-Duomo-copia-scaled.jpg","type":"image\/jpeg"}],"author":"Raffaella Galamini","twitter_card":"summary_large_image","twitter_creator":"@orio","twitter_site":"@intoscana","twitter_misc":{"Written by":"Raffaella Galamini","Est. reading time":"2 minuti"},"schema":{"@context":"https:\/\/schema.org","@graph":[{"@type":"WebPage","@id":"https:\/\/www.intoscana.it\/it\/eatprato-il-gusto-raddoppia-alla-corte-dellimperatore\/","url":"https:\/\/www.intoscana.it\/it\/eatprato-il-gusto-raddoppia-alla-corte-dellimperatore\/","name":"EatPrato, il gusto raddoppia alla corte dell'Imperatore - intoscana","isPartOf":{"@id":"https:\/\/www.intoscana.it\/it\/#website"},"primaryImageOfPage":{"@id":"https:\/\/www.intoscana.it\/it\/eatprato-il-gusto-raddoppia-alla-corte-dellimperatore\/#primaryimage"},"image":{"@id":"https:\/\/www.intoscana.it\/it\/eatprato-il-gusto-raddoppia-alla-corte-dellimperatore\/#primaryimage"},"thumbnailUrl":"https:\/\/www.intoscana.it\/wp-content\/uploads\/rid-EatPRATO-Duomo-copia-scaled.jpg","datePublished":"2023-05-23T12:37:47+00:00","author":{"@id":"https:\/\/www.intoscana.it\/it\/#\/schema\/person\/9eb9daa846a49fe51af39a73d9d1986b"},"description":"Due eventi estivi e nuova formula per promuovere il meglio della produzione e della tradizione culinaria in luoghi suggestivi","breadcrumb":{"@id":"https:\/\/www.intoscana.it\/it\/eatprato-il-gusto-raddoppia-alla-corte-dellimperatore\/#breadcrumb"},"inLanguage":"it-IT","potentialAction":[{"@type":"ReadAction","target":["https:\/\/www.intoscana.it\/it\/eatprato-il-gusto-raddoppia-alla-corte-dellimperatore\/"]}]},{"@type":"ImageObject","inLanguage":"it-IT","@id":"https:\/\/www.intoscana.it\/it\/eatprato-il-gusto-raddoppia-alla-corte-dellimperatore\/#primaryimage","url":"https:\/\/www.intoscana.it\/wp-content\/uploads\/rid-EatPRATO-Duomo-copia-scaled.jpg","contentUrl":"https:\/\/www.intoscana.it\/wp-content\/uploads\/rid-EatPRATO-Duomo-copia-scaled.jpg","width":2048,"height":1367},{"@type":"BreadcrumbList","@id":"https:\/\/www.intoscana.it\/it\/eatprato-il-gusto-raddoppia-alla-corte-dellimperatore\/#breadcrumb","itemListElement":[{"@type":"ListItem","position":1,"name":"Home","item":"https:\/\/www.intoscana.it\/it\/"},{"@type":"ListItem","position":2,"name":"EatPrato, il gusto raddoppia alla corte dell&#8217;Imperatore"}]},{"@type":"WebSite","@id":"https:\/\/www.intoscana.it\/it\/#website","url":"https:\/\/www.intoscana.it\/it\/","name":"intoscana","description":"","potentialAction":[{"@type":"SearchAction","target":{"@type":"EntryPoint","urlTemplate":"https:\/\/www.intoscana.it\/it\/?s={search_term_string}"},"query-input":{"@type":"PropertyValueSpecification","valueRequired":true,"valueName":"search_term_string"}}],"inLanguage":"it-IT"},{"@type":"Person","@id":"https:\/\/www.intoscana.it\/it\/#\/schema\/person\/9eb9daa846a49fe51af39a73d9d1986b","name":"Raffaella Galamini","sameAs":["https:\/\/x.com\/orio"],"url":"https:\/\/www.intoscana.it\/it\/author\/r-galamini\/"}]}},"_links":{"self":[{"href":"https:\/\/www.intoscana.it\/it\/wp-json\/wp\/v2\/posts\/288119","targetHints":{"allow":["GET"]}}],"collection":[{"href":"https:\/\/www.intoscana.it\/it\/wp-json\/wp\/v2\/posts"}],"about":[{"href":"https:\/\/www.intoscana.it\/it\/wp-json\/wp\/v2\/types\/post"}],"author":[{"embeddable":true,"href":"https:\/\/www.intoscana.it\/it\/wp-json\/wp\/v2\/users\/554"}],"replies":[{"embeddable":true,"href":"https:\/\/www.intoscana.it\/it\/wp-json\/wp\/v2\/comments?post=288119"}],"version-history":[{"count":0,"href":"https:\/\/www.intoscana.it\/it\/wp-json\/wp\/v2\/posts\/288119\/revisions"}],"wp:featuredmedia":[{"embeddable":true,"href":"https:\/\/www.intoscana.it\/it\/wp-json\/wp\/v2\/media\/231457"}],"wp:attachment":[{"href":"https:\/\/www.intoscana.it\/it\/wp-json\/wp\/v2\/media?parent=288119"}],"wp:term":[{"taxonomy":"category","embeddable":true,"href":"https:\/\/www.intoscana.it\/it\/wp-json\/wp\/v2\/categories?post=288119"},{"taxonomy":"post_tag","embeddable":true,"href":"https:\/\/www.intoscana.it\/it\/wp-json\/wp\/v2\/tags?post=288119"}],"curies":[{"name":"wp","href":"https:\/\/api.w.org\/{rel}","templated":true}]}}