{"id":288303,"date":"2023-05-24T13:54:27","date_gmt":"2023-05-24T11:54:27","guid":{"rendered":"https:\/\/www.intoscana.it\/it\/?p=288303"},"modified":"2023-05-24T14:45:03","modified_gmt":"2023-05-24T12:45:03","slug":"i-custodi-dellagrobiodiversita-un-itinerario-virtuale-che-parte-dalla-garfagnana","status":"publish","type":"post","link":"https:\/\/www.intoscana.it\/it\/i-custodi-dellagrobiodiversita-un-itinerario-virtuale-che-parte-dalla-garfagnana\/","title":{"rendered":"I custodi dell\u2019agrobiodiversit\u00e0: parte dalla Garfagnana l&#8217;itinerario virtuale"},"content":{"rendered":"<p><strong>La Garfagnana \u00e8 una zona ricca di biodiversit\u00e0 agraria e alimentare, di cultura rurale e gastronomica<\/strong>,\u00a0situata\u00a0nella provincia di Lucca, corrisponde al bacino superiore del fiume Serchio, sul versante meridionale dell\u2019Appennino Tosco-Emiliano e su quello interno delle Alpi Apuane.<\/p>\n<p>Il <strong>24 maggio<\/strong> in occasione della <strong>Giornata nazionale della biodiversit\u00e0<\/strong>\u00a0del 2023 \u00e8\u00a0stato presentato in un convegno presso la Sala del Consiglio dell\u2019Unione dei Comuni a Castelnuovo di Garfagnana,<strong> l&#8217;<a href=\"https:\/\/agrobiodiversita.regione.toscana.it\" target=\"_blank\" rel=\"noopener\">Itinerario dell\u2019agrobiodiversit\u00e0 della Garfagnana<\/a><\/strong><strong>.<\/strong><\/p>\n<p>Si tratta di<strong> un itinerario virtuale nell\u2019eccellenza agroalimentare della regione,<\/strong> che partir\u00e0 dalla <strong>Garfagnana,<\/strong> come progetto pilota.<\/p>\n<p>Finanziato dal <strong>MASAF<\/strong> con il fondo della L. 194\/2015 su proposta della <strong>Regione Toscana,<\/strong> si tratta di uno degli Itinerari della biodiversit\u00e0 di interesse agricolo e alimentare istituiti dall\u2019art. 12.<\/p>\n<p>Ambito locale di originaria selezione e conservazione da parte degli agricoltori e degli allevatori, di:\u00a0<strong>64 variet\u00e0 vegetali a rischio di estinzione<\/strong>, tra specie frutticole, orticole, frumenti, mais, ecc. recuperate in Garfagnana dal 1998 ad oggi, iscritte al Repertorio regionale e <strong>4 razze animali autoctone<\/strong> e a rischio di estinzione: <strong>bovino Garfagnina, bovino Pontremolese, capra della Garfagnana, pecora Garfagnina Bianca.<\/strong><\/p>\n<p>Il territorio \u00e8 attraversato dalle <strong>antiche vie quali la Via Matildica del Volto Santo<\/strong>\u00a0e la<strong> Linea Gotica<\/strong>.<\/p>\n<p>Nella realizzazione dell\u2019Itinerario virtuale dell\u2019agrobiodiversit\u00e0 della Garfagnana, fondamentale \u00e8 stato il ruolo della <strong>\u201cBanca del germoplasma\u201d<\/strong> di specie vegetali di interesse agricolo e alimentare del territorio, gestita dall\u2019Unione dei Comuni della Garfagnana presso il <strong>Vivaio forestale del Centro \u201cLa Piana\u201d di Camporgiano<\/strong> (LU), che conserva <strong>176 variet\u00e0 legnose di 5 specie diverse e 43 variet\u00e0 di specie erbacee<\/strong>.<\/p>\n<figure id=\"post-249276 media-249276\" class=\"align-none\"><img decoding=\"async\" src=\"https:\/\/www.intoscana.it\/wp-content\/uploads\/Mucche-allevamento-pascolo-scaled.jpg\" alt=\"\" \/><\/figure>\n<h3>Cosa contiene l&#8217;itinerario<\/h3>\n<p><strong>22 Coltivatori Custodi di eccellenza<\/strong> del sistema regionale di tutela e valorizzazione delle variet\u00e0 vegetali locali e a rischio di estinzione della Toscana<\/p>\n<p><strong>3 allevatori di razze animali autoctone a rischio di estinzione<\/strong> della Toscana<\/p>\n<p><strong>2 associazioni e consorzi<\/strong> di tutela dei <strong>marchi DOP e IGP<\/strong> presenti in Garfagnana<\/p>\n<p>2 produttori di <strong>Prodotti Tradizionali Agroalimentari<\/strong> della Garfagnana<\/p>\n<p><strong>La banca del germoplasma di specie vegetali della Garfagnana,<\/strong> parte del sistema regionale istituito dalla LR 64\/04 e gestito da Terre Regionali Toscane.<\/p>\n<h3>Come iscriversi<\/h3>\n<p>Le adesioni all\u2019<strong>Itinerario dell\u2019agrobiodiversit\u00e0 della Garfagnana<\/strong> sono sempre aperte ai Coltivatori Custodi, agli Allevatori custodi, ai produttori di PAT della Garfagnana.<\/p>\n<p><strong>Per iscriversi<\/strong> \u00e8 sufficiente inviare una posta elettronica all\u2019indirizzo agrobiodiversita@regione.toscana.it<\/p>\n<p>Questo il link per scoprire l&#8217;itinerario della Garfagnana:<a href=\"https:\/\/agrobiodiversita.regione.toscana.it\" target=\"_blank\" rel=\"noopener\"><strong> https:\/\/agrobiodiversita.regione.toscana.it<\/strong><\/a><\/p>\n<figure id=\"post-288304 media-288304\" class=\"align-none\"><img decoding=\"async\" src=\"https:\/\/www.intoscana.it\/wp-content\/uploads\/i-custodi.jpg\" alt=\"\" \/><\/figure>\n<div class=\"titleimg\">i custodi<\/div>\n","protected":false},"excerpt":{"rendered":"<p>In occasione della Giornata nazionale della biodiversit\u00e0 del 2023 \u00e8 stato presentato l&#8217;Itinerario dell\u2019agrobiodiversit\u00e0 della Garfagnana<\/p>\n","protected":false},"author":525,"featured_media":193838,"comment_status":"open","ping_status":"open","sticky":false,"template":"","format":"standard","meta":{"_acf_changed":false,"footnotes":""},"categories":[19],"tags":[5041,4437,151],"class_list":["post-288303","post","type-post","status-publish","format-standard","has-post-thumbnail","hentry","category-ambiente","tag-biodiversita","tag-garfagnana","tag-regione-toscana"],"acf":[],"yoast_head":"<!-- This site is optimized with the Yoast SEO Premium plugin v24.2 (Yoast SEO v25.6) - https:\/\/yoast.com\/wordpress\/plugins\/seo\/ -->\n<title>I custodi dell\u2019agrobiodiversit\u00e0: parte dalla Garfagnana l&#039;itinerario virtuale - intoscana<\/title>\n<meta name=\"description\" content=\"Il 24 maggio in occasione della Giornata nazionale della biodiversit\u00e0\u00a0del 2023 \u00e8\u00a0stato presentato l&#039;Itinerario dell\u2019agrobiodiversit\u00e0\" \/>\n<meta name=\"robots\" content=\"index, follow, max-snippet:-1, max-image-preview:large, max-video-preview:-1\" \/>\n<link rel=\"canonical\" href=\"https:\/\/www.intoscana.it\/it\/i-custodi-dellagrobiodiversita-un-itinerario-virtuale-che-parte-dalla-garfagnana\/\" \/>\n<meta property=\"og:locale\" content=\"it_IT\" \/>\n<meta property=\"og:type\" content=\"article\" \/>\n<meta property=\"og:title\" content=\"I custodi dell\u2019agrobiodiversit\u00e0: parte dalla Garfagnana l&#039;itinerario virtuale\" \/>\n<meta property=\"og:description\" content=\"Il 24 maggio in occasione della Giornata nazionale della biodiversit\u00e0\u00a0del 2023 \u00e8\u00a0stato presentato l&#039;Itinerario dell\u2019agrobiodiversit\u00e0\" \/>\n<meta property=\"og:url\" content=\"https:\/\/www.intoscana.it\/it\/i-custodi-dellagrobiodiversita-un-itinerario-virtuale-che-parte-dalla-garfagnana\/\" \/>\n<meta property=\"og:site_name\" content=\"intoscana\" \/>\n<meta property=\"article:publisher\" content=\"https:\/\/www.facebook.com\/intoscana.it\" \/>\n<meta property=\"article:published_time\" content=\"2023-05-24T11:54:27+00:00\" \/>\n<meta property=\"article:modified_time\" content=\"2023-05-24T12:45:03+00:00\" \/>\n<meta property=\"og:image\" content=\"https:\/\/www.intoscana.it\/wp-content\/uploads\/biodiversita\u0300-ape-garfagnana-toscana-scaled.jpg\" \/>\n\t<meta property=\"og:image:width\" content=\"2048\" \/>\n\t<meta property=\"og:image:height\" content=\"1152\" \/>\n\t<meta property=\"og:image:type\" content=\"image\/jpeg\" \/>\n<meta name=\"author\" content=\"Redazione\" \/>\n<meta name=\"twitter:card\" content=\"summary_large_image\" \/>\n<meta name=\"twitter:creator\" content=\"@intoscana\" \/>\n<meta name=\"twitter:site\" content=\"@intoscana\" \/>\n<meta name=\"twitter:label1\" content=\"Written by\" \/>\n\t<meta name=\"twitter:data1\" content=\"Redazione\" \/>\n\t<meta name=\"twitter:label2\" content=\"Est. reading time\" \/>\n\t<meta name=\"twitter:data2\" content=\"2 minuti\" \/>\n<script type=\"application\/ld+json\" class=\"yoast-schema-graph\">{\"@context\":\"https:\/\/schema.org\",\"@graph\":[{\"@type\":\"WebPage\",\"@id\":\"https:\/\/www.intoscana.it\/it\/i-custodi-dellagrobiodiversita-un-itinerario-virtuale-che-parte-dalla-garfagnana\/\",\"url\":\"https:\/\/www.intoscana.it\/it\/i-custodi-dellagrobiodiversita-un-itinerario-virtuale-che-parte-dalla-garfagnana\/\",\"name\":\"I custodi dell\u2019agrobiodiversit\u00e0: parte dalla Garfagnana l'itinerario virtuale - intoscana\",\"isPartOf\":{\"@id\":\"https:\/\/www.intoscana.it\/it\/#website\"},\"primaryImageOfPage\":{\"@id\":\"https:\/\/www.intoscana.it\/it\/i-custodi-dellagrobiodiversita-un-itinerario-virtuale-che-parte-dalla-garfagnana\/#primaryimage\"},\"image\":{\"@id\":\"https:\/\/www.intoscana.it\/it\/i-custodi-dellagrobiodiversita-un-itinerario-virtuale-che-parte-dalla-garfagnana\/#primaryimage\"},\"thumbnailUrl\":\"https:\/\/www.intoscana.it\/wp-content\/uploads\/biodiversita\u0300-ape-garfagnana-toscana-scaled.jpg\",\"datePublished\":\"2023-05-24T11:54:27+00:00\",\"dateModified\":\"2023-05-24T12:45:03+00:00\",\"author\":{\"@id\":\"https:\/\/www.intoscana.it\/it\/#\/schema\/person\/9223810753230f20bd670fdd322661f8\"},\"description\":\"Il 24 maggio in occasione della Giornata nazionale della biodiversit\u00e0\u00a0del 2023 \u00e8\u00a0stato presentato l'Itinerario dell\u2019agrobiodiversit\u00e0\",\"breadcrumb\":{\"@id\":\"https:\/\/www.intoscana.it\/it\/i-custodi-dellagrobiodiversita-un-itinerario-virtuale-che-parte-dalla-garfagnana\/#breadcrumb\"},\"inLanguage\":\"it-IT\",\"potentialAction\":[{\"@type\":\"ReadAction\",\"target\":[\"https:\/\/www.intoscana.it\/it\/i-custodi-dellagrobiodiversita-un-itinerario-virtuale-che-parte-dalla-garfagnana\/\"]}]},{\"@type\":\"ImageObject\",\"inLanguage\":\"it-IT\",\"@id\":\"https:\/\/www.intoscana.it\/it\/i-custodi-dellagrobiodiversita-un-itinerario-virtuale-che-parte-dalla-garfagnana\/#primaryimage\",\"url\":\"https:\/\/www.intoscana.it\/wp-content\/uploads\/biodiversita\u0300-ape-garfagnana-toscana-scaled.jpg\",\"contentUrl\":\"https:\/\/www.intoscana.it\/wp-content\/uploads\/biodiversita\u0300-ape-garfagnana-toscana-scaled.jpg\",\"width\":2048,\"height\":1152,\"caption\":\"Le api al centro della biodiversit\u00e0 del nostro pianeta\"},{\"@type\":\"BreadcrumbList\",\"@id\":\"https:\/\/www.intoscana.it\/it\/i-custodi-dellagrobiodiversita-un-itinerario-virtuale-che-parte-dalla-garfagnana\/#breadcrumb\",\"itemListElement\":[{\"@type\":\"ListItem\",\"position\":1,\"name\":\"Home\",\"item\":\"https:\/\/www.intoscana.it\/it\/\"},{\"@type\":\"ListItem\",\"position\":2,\"name\":\"I custodi dell\u2019agrobiodiversit\u00e0: parte dalla Garfagnana l&#8217;itinerario virtuale\"}]},{\"@type\":\"WebSite\",\"@id\":\"https:\/\/www.intoscana.it\/it\/#website\",\"url\":\"https:\/\/www.intoscana.it\/it\/\",\"name\":\"intoscana\",\"description\":\"\",\"potentialAction\":[{\"@type\":\"SearchAction\",\"target\":{\"@type\":\"EntryPoint\",\"urlTemplate\":\"https:\/\/www.intoscana.it\/it\/?s={search_term_string}\"},\"query-input\":{\"@type\":\"PropertyValueSpecification\",\"valueRequired\":true,\"valueName\":\"search_term_string\"}}],\"inLanguage\":\"it-IT\"},{\"@type\":\"Person\",\"@id\":\"https:\/\/www.intoscana.it\/it\/#\/schema\/person\/9223810753230f20bd670fdd322661f8\",\"name\":\"Redazione\",\"url\":\"https:\/\/www.intoscana.it\/it\/author\/redazione\/\"}]}<\/script>\n<!-- \/ Yoast SEO Premium plugin. -->","yoast_head_json":{"title":"I custodi dell\u2019agrobiodiversit\u00e0: parte dalla Garfagnana l'itinerario virtuale - intoscana","description":"Il 24 maggio in occasione della Giornata nazionale della biodiversit\u00e0\u00a0del 2023 \u00e8\u00a0stato presentato l'Itinerario dell\u2019agrobiodiversit\u00e0","robots":{"index":"index","follow":"follow","max-snippet":"max-snippet:-1","max-image-preview":"max-image-preview:large","max-video-preview":"max-video-preview:-1"},"canonical":"https:\/\/www.intoscana.it\/it\/i-custodi-dellagrobiodiversita-un-itinerario-virtuale-che-parte-dalla-garfagnana\/","og_locale":"it_IT","og_type":"article","og_title":"I custodi dell\u2019agrobiodiversit\u00e0: parte dalla Garfagnana l'itinerario virtuale","og_description":"Il 24 maggio in occasione della Giornata nazionale della biodiversit\u00e0\u00a0del 2023 \u00e8\u00a0stato presentato l'Itinerario dell\u2019agrobiodiversit\u00e0","og_url":"https:\/\/www.intoscana.it\/it\/i-custodi-dellagrobiodiversita-un-itinerario-virtuale-che-parte-dalla-garfagnana\/","og_site_name":"intoscana","article_publisher":"https:\/\/www.facebook.com\/intoscana.it","article_published_time":"2023-05-24T11:54:27+00:00","article_modified_time":"2023-05-24T12:45:03+00:00","og_image":[{"width":2048,"height":1152,"url":"https:\/\/www.intoscana.it\/wp-content\/uploads\/biodiversita\u0300-ape-garfagnana-toscana-scaled.jpg","type":"image\/jpeg"}],"author":"Redazione","twitter_card":"summary_large_image","twitter_creator":"@intoscana","twitter_site":"@intoscana","twitter_misc":{"Written by":"Redazione","Est. reading time":"2 minuti"},"schema":{"@context":"https:\/\/schema.org","@graph":[{"@type":"WebPage","@id":"https:\/\/www.intoscana.it\/it\/i-custodi-dellagrobiodiversita-un-itinerario-virtuale-che-parte-dalla-garfagnana\/","url":"https:\/\/www.intoscana.it\/it\/i-custodi-dellagrobiodiversita-un-itinerario-virtuale-che-parte-dalla-garfagnana\/","name":"I custodi dell\u2019agrobiodiversit\u00e0: parte dalla Garfagnana l'itinerario virtuale - intoscana","isPartOf":{"@id":"https:\/\/www.intoscana.it\/it\/#website"},"primaryImageOfPage":{"@id":"https:\/\/www.intoscana.it\/it\/i-custodi-dellagrobiodiversita-un-itinerario-virtuale-che-parte-dalla-garfagnana\/#primaryimage"},"image":{"@id":"https:\/\/www.intoscana.it\/it\/i-custodi-dellagrobiodiversita-un-itinerario-virtuale-che-parte-dalla-garfagnana\/#primaryimage"},"thumbnailUrl":"https:\/\/www.intoscana.it\/wp-content\/uploads\/biodiversita\u0300-ape-garfagnana-toscana-scaled.jpg","datePublished":"2023-05-24T11:54:27+00:00","dateModified":"2023-05-24T12:45:03+00:00","author":{"@id":"https:\/\/www.intoscana.it\/it\/#\/schema\/person\/9223810753230f20bd670fdd322661f8"},"description":"Il 24 maggio in occasione della Giornata nazionale della biodiversit\u00e0\u00a0del 2023 \u00e8\u00a0stato presentato l'Itinerario dell\u2019agrobiodiversit\u00e0","breadcrumb":{"@id":"https:\/\/www.intoscana.it\/it\/i-custodi-dellagrobiodiversita-un-itinerario-virtuale-che-parte-dalla-garfagnana\/#breadcrumb"},"inLanguage":"it-IT","potentialAction":[{"@type":"ReadAction","target":["https:\/\/www.intoscana.it\/it\/i-custodi-dellagrobiodiversita-un-itinerario-virtuale-che-parte-dalla-garfagnana\/"]}]},{"@type":"ImageObject","inLanguage":"it-IT","@id":"https:\/\/www.intoscana.it\/it\/i-custodi-dellagrobiodiversita-un-itinerario-virtuale-che-parte-dalla-garfagnana\/#primaryimage","url":"https:\/\/www.intoscana.it\/wp-content\/uploads\/biodiversita\u0300-ape-garfagnana-toscana-scaled.jpg","contentUrl":"https:\/\/www.intoscana.it\/wp-content\/uploads\/biodiversita\u0300-ape-garfagnana-toscana-scaled.jpg","width":2048,"height":1152,"caption":"Le api al centro della biodiversit\u00e0 del nostro pianeta"},{"@type":"BreadcrumbList","@id":"https:\/\/www.intoscana.it\/it\/i-custodi-dellagrobiodiversita-un-itinerario-virtuale-che-parte-dalla-garfagnana\/#breadcrumb","itemListElement":[{"@type":"ListItem","position":1,"name":"Home","item":"https:\/\/www.intoscana.it\/it\/"},{"@type":"ListItem","position":2,"name":"I custodi dell\u2019agrobiodiversit\u00e0: parte dalla Garfagnana l&#8217;itinerario virtuale"}]},{"@type":"WebSite","@id":"https:\/\/www.intoscana.it\/it\/#website","url":"https:\/\/www.intoscana.it\/it\/","name":"intoscana","description":"","potentialAction":[{"@type":"SearchAction","target":{"@type":"EntryPoint","urlTemplate":"https:\/\/www.intoscana.it\/it\/?s={search_term_string}"},"query-input":{"@type":"PropertyValueSpecification","valueRequired":true,"valueName":"search_term_string"}}],"inLanguage":"it-IT"},{"@type":"Person","@id":"https:\/\/www.intoscana.it\/it\/#\/schema\/person\/9223810753230f20bd670fdd322661f8","name":"Redazione","url":"https:\/\/www.intoscana.it\/it\/author\/redazione\/"}]}},"_links":{"self":[{"href":"https:\/\/www.intoscana.it\/it\/wp-json\/wp\/v2\/posts\/288303","targetHints":{"allow":["GET"]}}],"collection":[{"href":"https:\/\/www.intoscana.it\/it\/wp-json\/wp\/v2\/posts"}],"about":[{"href":"https:\/\/www.intoscana.it\/it\/wp-json\/wp\/v2\/types\/post"}],"author":[{"embeddable":true,"href":"https:\/\/www.intoscana.it\/it\/wp-json\/wp\/v2\/users\/525"}],"replies":[{"embeddable":true,"href":"https:\/\/www.intoscana.it\/it\/wp-json\/wp\/v2\/comments?post=288303"}],"version-history":[{"count":0,"href":"https:\/\/www.intoscana.it\/it\/wp-json\/wp\/v2\/posts\/288303\/revisions"}],"wp:featuredmedia":[{"embeddable":true,"href":"https:\/\/www.intoscana.it\/it\/wp-json\/wp\/v2\/media\/193838"}],"wp:attachment":[{"href":"https:\/\/www.intoscana.it\/it\/wp-json\/wp\/v2\/media?parent=288303"}],"wp:term":[{"taxonomy":"category","embeddable":true,"href":"https:\/\/www.intoscana.it\/it\/wp-json\/wp\/v2\/categories?post=288303"},{"taxonomy":"post_tag","embeddable":true,"href":"https:\/\/www.intoscana.it\/it\/wp-json\/wp\/v2\/tags?post=288303"}],"curies":[{"name":"wp","href":"https:\/\/api.w.org\/{rel}","templated":true}]}}