{"id":288381,"date":"2023-05-24T15:07:45","date_gmt":"2023-05-24T13:07:45","guid":{"rendered":"https:\/\/www.intoscana.it\/it\/?p=288381"},"modified":"2023-05-25T11:37:17","modified_gmt":"2023-05-25T09:37:17","slug":"gli-ispettori-del-ministero-nellalto-mugello-per-valutare-i-danni-giani-in-montagna-danni-peggiori-che-in-pianura","status":"publish","type":"post","link":"https:\/\/www.intoscana.it\/it\/gli-ispettori-del-ministero-nellalto-mugello-per-valutare-i-danni-giani-in-montagna-danni-peggiori-che-in-pianura\/","title":{"rendered":"Gli ispettori del Ministero nell&#8217;Alto Mugello per valutare le problematiche, Giani: &#8220;In montagna danni peggiori che in pianura&#8221;"},"content":{"rendered":"<p>Sono attesi in Toscana gli <strong>ispettori incaricati di effettuare una prima stima dei danni<\/strong> dell\u2019alluvione in <strong>Alto Mugello.<\/strong> Il loro compito sar\u00e0 quello di fare le schede tecniche e quindi consentire al prossimo <strong>Consiglio dei ministri<\/strong> di inserire anche i <strong>Comuni della Toscana<\/strong> nella decretazione di urgenza per calamit\u00e0.<\/p>\n<p>La notizia \u00e8 stata data dal <strong>presidente della Toscana, Eugenio Giani,<\/strong> a margine di un evento a Firenze. Giani ha poi spiegato che \u201c<em>oggi vediamo il danno su una strada e appare che sono crollati 50 metri, ma in realt\u00e0 quando ci troveremo a verificare la situazione vedremo che \u00e8 talmente smottato il terreno che probabilmente anzich\u00e9 50 metri di strada ne dovremmo rifare 500 metri\u201d.<\/em><\/p>\n<p>Nelle montagne, ha poi aggiunto Giani, <em>\u201c<strong>vi sono stati danni forse peggiori di quelli avvenuti in pianura<\/strong> perch\u00e9 l\u00ec stanno avvenendo veramente dei movimenti nelle montagne che rischiano di obbligarci e rifare in modo diverso anche i tracciati delle strade. Sono pi\u00f9 di 200 le frane e quantificare significa non solo verificare il danno contingente ma pensare a quanto spenderemo per qualcosa che non \u00e8 solo risanare il danno ma di sagomare in modo diverso le strade che sono molto compromesse da questa calamit\u00e0\u201d. <\/em><strong>Giani ha infine auspicato che i tecnici del ministero<\/strong><em> \u201cpossano tenere conto di questa visione\u201d.<\/em><\/p>\n<p>Del tema ha parlato anche <strong>il sindaco di Firenze, Dario Nardella<\/strong>. <em>\u201cLa cosa per noi fondamentale \u00e8 che la zona dell\u2019Alto Mugello, in virt\u00f9 dei danni, sia inserita nel decreto decreto nazionale sullo stato di emergenza nazionale che riguarda l\u2019Emilia Romagna e che a nostro avviso deve estendersi anche alle popolazioni di Marradi, Palazzuolo sul Senio e Firenzuola. Occorreranno molte risorse economiche, la citt\u00e0 metropolitana \u00e8 pronta a metterle ma non basteranno per cui \u00e8 fondamentale avere un supporto del livello regionale e di quello nazionale\u201d.<\/em><\/p>\n<p><strong>Prosegue Nardella<\/strong>\u00a0<em>\u201cGli aggiornamenti sono negativi nel senso che il conto delle frane \u00e8 salito a pi\u00f9 di 200, di cui circa 70 interessano le strade provinciali di tutta la zona dell\u2019Alto Mugello. Siamo gi\u00e0 pronti a intervenire in somma urgenza su alcune strade, in particolare la strada regionale 302 che \u00e8 l\u2019arteria principale di collegamento del capoluogo con la zona del Mugello. C\u2019\u00e8 un monitoraggio costante sapendo che peraltro non siamo ancora usciti definitivamente dalla situazione del maltempo \u2013 <\/em><strong>ha aggiunto &#8211;<\/strong><em>. La cosa positiva \u00e8 che non ci sono pi\u00f9 persone isolate perch\u00e9 sono stati liberati tutti i varchi ma ci sono ancora varie strade provinciali chiuse e altre che sono aperte a mezze di soccorso\u201d.<\/em><\/p>\n<h3>Codice giallo per tutta la Toscana gioved\u00ec 25 maggio<\/h3>\n<p>Malgrado il consolidarsi dell&#8217;alta pressione <strong>persistono sulla Toscana condizioni di locale instabilit\u00e0<\/strong> pomeridiana con temporali forti in particolare nelle aree interne del centro-sud.<\/p>\n<p><strong>La Sala operativa della Protezione civile regionale<\/strong> ha emesso un <strong>codice giallo per rischio idrogeologico e temporali forti<\/strong> esteso a tutta la regione con validit\u00e0 dalle 12 alle 22 di domani<strong>, gioved\u00ec 25 maggio<\/strong>. Inoltre permane ed \u00e8 prolungato a tutta la giornata di domani il codice giallo per rischio idrogeologico nell\u2019alto Mugello.<\/p>\n<p>Per mercoled\u00ec instabilit\u00e0 pomeridiana con rovesci e temporali sparsi, pi\u00f9 probabili sulle province di <strong>Siena, Arezzo e Firenze.<\/strong><\/p>\n<p>Gioved\u00ec prosegue l\u2019instabilit\u00e0 pomeridiana con <strong>rovesci e temporali sparsi localmente forti<\/strong>, pi\u00f9 probabili e frequenti sulle zone centro-meridionali. Possibili colpi di vento e grandinate.<\/p>\n<p>Ulteriori dettagli e consigli sui comportamenti da adottare, a seconda del rischio, si trovano all&#8217;interno della sezione <strong>Allerta meteo del sito della Regione Toscana<\/strong>, accessibile all&#8217;indirizzo <a href=\"http:\/\/www.regione.toscana.it\/allertameteo\" target=\"_blank\" rel=\"noopener\"><strong>http:\/\/www.regione.toscana.it\/allertameteo<\/strong><\/a><\/p>\n","protected":false},"excerpt":{"rendered":"<p>Intanto sono attese nuove piogge e prosegue l&#8217;allerta meteo con codice giallo anche per gioved\u00ec 25 maggio in tutta la Toscana<\/p>\n","protected":false},"author":525,"featured_media":287567,"comment_status":"open","ping_status":"open","sticky":false,"template":"","format":"standard","meta":{"_acf_changed":false,"footnotes":""},"categories":[494],"tags":[348,375,151],"class_list":["post-288381","post","type-post","status-publish","format-standard","has-post-thumbnail","hentry","category-attualita","tag-maltempo","tag-mugello","tag-regione-toscana"],"acf":[],"yoast_head":"<!-- This site is optimized with the Yoast SEO Premium plugin v24.2 (Yoast SEO v25.6) - https:\/\/yoast.com\/wordpress\/plugins\/seo\/ -->\n<title>Gli ispettori del Ministero nell&#039;Alto Mugello per valutare le problematiche, Giani: &quot;In montagna danni peggiori che in pianura&quot; - intoscana<\/title>\n<meta name=\"description\" content=\"Intanto sono attese nuove piogge e prosegue l&#039;allerta meteo con codice giallo anche per gioved\u00ec 25 maggio in tutta la Toscana\" \/>\n<meta name=\"robots\" content=\"index, follow, max-snippet:-1, max-image-preview:large, max-video-preview:-1\" \/>\n<link rel=\"canonical\" href=\"https:\/\/www.intoscana.it\/it\/gli-ispettori-del-ministero-nellalto-mugello-per-valutare-i-danni-giani-in-montagna-danni-peggiori-che-in-pianura\/\" \/>\n<meta property=\"og:locale\" content=\"it_IT\" \/>\n<meta property=\"og:type\" content=\"article\" \/>\n<meta property=\"og:title\" content=\"Gli ispettori del Ministero nell&#039;Alto Mugello per valutare le problematiche, Giani: &quot;In montagna danni peggiori che in pianura&quot;\" \/>\n<meta property=\"og:description\" content=\"Intanto sono attese nuove piogge e prosegue l&#039;allerta meteo con codice giallo anche per gioved\u00ec 25 maggio in tutta la Toscana\" \/>\n<meta property=\"og:url\" content=\"https:\/\/www.intoscana.it\/it\/gli-ispettori-del-ministero-nellalto-mugello-per-valutare-i-danni-giani-in-montagna-danni-peggiori-che-in-pianura\/\" \/>\n<meta property=\"og:site_name\" content=\"intoscana\" \/>\n<meta property=\"article:publisher\" content=\"https:\/\/www.facebook.com\/intoscana.it\" \/>\n<meta property=\"article:published_time\" content=\"2023-05-24T13:07:45+00:00\" \/>\n<meta property=\"article:modified_time\" content=\"2023-05-25T09:37:17+00:00\" \/>\n<meta property=\"og:image\" content=\"https:\/\/www.intoscana.it\/wp-content\/uploads\/WhatsApp-Image-2023-05-19-at-08.43.04.jpeg\" \/>\n\t<meta property=\"og:image:width\" content=\"1260\" \/>\n\t<meta property=\"og:image:height\" content=\"742\" \/>\n\t<meta property=\"og:image:type\" content=\"image\/jpeg\" \/>\n<meta name=\"author\" content=\"Redazione\" \/>\n<meta name=\"twitter:card\" content=\"summary_large_image\" \/>\n<meta name=\"twitter:creator\" content=\"@intoscana\" \/>\n<meta name=\"twitter:site\" content=\"@intoscana\" \/>\n<meta name=\"twitter:label1\" content=\"Written by\" \/>\n\t<meta name=\"twitter:data1\" content=\"Redazione\" \/>\n\t<meta name=\"twitter:label2\" content=\"Est. reading time\" \/>\n\t<meta name=\"twitter:data2\" content=\"3 minuti\" \/>\n<script type=\"application\/ld+json\" class=\"yoast-schema-graph\">{\"@context\":\"https:\/\/schema.org\",\"@graph\":[{\"@type\":\"WebPage\",\"@id\":\"https:\/\/www.intoscana.it\/it\/gli-ispettori-del-ministero-nellalto-mugello-per-valutare-i-danni-giani-in-montagna-danni-peggiori-che-in-pianura\/\",\"url\":\"https:\/\/www.intoscana.it\/it\/gli-ispettori-del-ministero-nellalto-mugello-per-valutare-i-danni-giani-in-montagna-danni-peggiori-che-in-pianura\/\",\"name\":\"Gli ispettori del Ministero nell'Alto Mugello per valutare le problematiche, Giani: \\\"In montagna danni peggiori che in pianura\\\" - intoscana\",\"isPartOf\":{\"@id\":\"https:\/\/www.intoscana.it\/it\/#website\"},\"primaryImageOfPage\":{\"@id\":\"https:\/\/www.intoscana.it\/it\/gli-ispettori-del-ministero-nellalto-mugello-per-valutare-i-danni-giani-in-montagna-danni-peggiori-che-in-pianura\/#primaryimage\"},\"image\":{\"@id\":\"https:\/\/www.intoscana.it\/it\/gli-ispettori-del-ministero-nellalto-mugello-per-valutare-i-danni-giani-in-montagna-danni-peggiori-che-in-pianura\/#primaryimage\"},\"thumbnailUrl\":\"https:\/\/www.intoscana.it\/wp-content\/uploads\/WhatsApp-Image-2023-05-19-at-08.43.04.jpeg\",\"datePublished\":\"2023-05-24T13:07:45+00:00\",\"dateModified\":\"2023-05-25T09:37:17+00:00\",\"author\":{\"@id\":\"https:\/\/www.intoscana.it\/it\/#\/schema\/person\/9223810753230f20bd670fdd322661f8\"},\"description\":\"Intanto sono attese nuove piogge e prosegue l'allerta meteo con codice giallo anche per gioved\u00ec 25 maggio in tutta la Toscana\",\"breadcrumb\":{\"@id\":\"https:\/\/www.intoscana.it\/it\/gli-ispettori-del-ministero-nellalto-mugello-per-valutare-i-danni-giani-in-montagna-danni-peggiori-che-in-pianura\/#breadcrumb\"},\"inLanguage\":\"it-IT\",\"potentialAction\":[{\"@type\":\"ReadAction\",\"target\":[\"https:\/\/www.intoscana.it\/it\/gli-ispettori-del-ministero-nellalto-mugello-per-valutare-i-danni-giani-in-montagna-danni-peggiori-che-in-pianura\/\"]}]},{\"@type\":\"ImageObject\",\"inLanguage\":\"it-IT\",\"@id\":\"https:\/\/www.intoscana.it\/it\/gli-ispettori-del-ministero-nellalto-mugello-per-valutare-i-danni-giani-in-montagna-danni-peggiori-che-in-pianura\/#primaryimage\",\"url\":\"https:\/\/www.intoscana.it\/wp-content\/uploads\/WhatsApp-Image-2023-05-19-at-08.43.04.jpeg\",\"contentUrl\":\"https:\/\/www.intoscana.it\/wp-content\/uploads\/WhatsApp-Image-2023-05-19-at-08.43.04.jpeg\",\"width\":1260,\"height\":742,\"caption\":\"L'alluvione in Alto Mugello\"},{\"@type\":\"BreadcrumbList\",\"@id\":\"https:\/\/www.intoscana.it\/it\/gli-ispettori-del-ministero-nellalto-mugello-per-valutare-i-danni-giani-in-montagna-danni-peggiori-che-in-pianura\/#breadcrumb\",\"itemListElement\":[{\"@type\":\"ListItem\",\"position\":1,\"name\":\"Home\",\"item\":\"https:\/\/www.intoscana.it\/it\/\"},{\"@type\":\"ListItem\",\"position\":2,\"name\":\"Gli ispettori del Ministero nell&#8217;Alto Mugello per valutare le problematiche, Giani: &#8220;In montagna danni peggiori che in pianura&#8221;\"}]},{\"@type\":\"WebSite\",\"@id\":\"https:\/\/www.intoscana.it\/it\/#website\",\"url\":\"https:\/\/www.intoscana.it\/it\/\",\"name\":\"intoscana\",\"description\":\"\",\"potentialAction\":[{\"@type\":\"SearchAction\",\"target\":{\"@type\":\"EntryPoint\",\"urlTemplate\":\"https:\/\/www.intoscana.it\/it\/?s={search_term_string}\"},\"query-input\":{\"@type\":\"PropertyValueSpecification\",\"valueRequired\":true,\"valueName\":\"search_term_string\"}}],\"inLanguage\":\"it-IT\"},{\"@type\":\"Person\",\"@id\":\"https:\/\/www.intoscana.it\/it\/#\/schema\/person\/9223810753230f20bd670fdd322661f8\",\"name\":\"Redazione\",\"url\":\"https:\/\/www.intoscana.it\/it\/author\/redazione\/\"}]}<\/script>\n<!-- \/ Yoast SEO Premium plugin. -->","yoast_head_json":{"title":"Gli ispettori del Ministero nell'Alto Mugello per valutare le problematiche, Giani: \"In montagna danni peggiori che in pianura\" - intoscana","description":"Intanto sono attese nuove piogge e prosegue l'allerta meteo con codice giallo anche per gioved\u00ec 25 maggio in tutta la Toscana","robots":{"index":"index","follow":"follow","max-snippet":"max-snippet:-1","max-image-preview":"max-image-preview:large","max-video-preview":"max-video-preview:-1"},"canonical":"https:\/\/www.intoscana.it\/it\/gli-ispettori-del-ministero-nellalto-mugello-per-valutare-i-danni-giani-in-montagna-danni-peggiori-che-in-pianura\/","og_locale":"it_IT","og_type":"article","og_title":"Gli ispettori del Ministero nell'Alto Mugello per valutare le problematiche, Giani: \"In montagna danni peggiori che in pianura\"","og_description":"Intanto sono attese nuove piogge e prosegue l'allerta meteo con codice giallo anche per gioved\u00ec 25 maggio in tutta la Toscana","og_url":"https:\/\/www.intoscana.it\/it\/gli-ispettori-del-ministero-nellalto-mugello-per-valutare-i-danni-giani-in-montagna-danni-peggiori-che-in-pianura\/","og_site_name":"intoscana","article_publisher":"https:\/\/www.facebook.com\/intoscana.it","article_published_time":"2023-05-24T13:07:45+00:00","article_modified_time":"2023-05-25T09:37:17+00:00","og_image":[{"width":1260,"height":742,"url":"https:\/\/www.intoscana.it\/wp-content\/uploads\/WhatsApp-Image-2023-05-19-at-08.43.04.jpeg","type":"image\/jpeg"}],"author":"Redazione","twitter_card":"summary_large_image","twitter_creator":"@intoscana","twitter_site":"@intoscana","twitter_misc":{"Written by":"Redazione","Est. reading time":"3 minuti"},"schema":{"@context":"https:\/\/schema.org","@graph":[{"@type":"WebPage","@id":"https:\/\/www.intoscana.it\/it\/gli-ispettori-del-ministero-nellalto-mugello-per-valutare-i-danni-giani-in-montagna-danni-peggiori-che-in-pianura\/","url":"https:\/\/www.intoscana.it\/it\/gli-ispettori-del-ministero-nellalto-mugello-per-valutare-i-danni-giani-in-montagna-danni-peggiori-che-in-pianura\/","name":"Gli ispettori del Ministero nell'Alto Mugello per valutare le problematiche, Giani: \"In montagna danni peggiori che in pianura\" - intoscana","isPartOf":{"@id":"https:\/\/www.intoscana.it\/it\/#website"},"primaryImageOfPage":{"@id":"https:\/\/www.intoscana.it\/it\/gli-ispettori-del-ministero-nellalto-mugello-per-valutare-i-danni-giani-in-montagna-danni-peggiori-che-in-pianura\/#primaryimage"},"image":{"@id":"https:\/\/www.intoscana.it\/it\/gli-ispettori-del-ministero-nellalto-mugello-per-valutare-i-danni-giani-in-montagna-danni-peggiori-che-in-pianura\/#primaryimage"},"thumbnailUrl":"https:\/\/www.intoscana.it\/wp-content\/uploads\/WhatsApp-Image-2023-05-19-at-08.43.04.jpeg","datePublished":"2023-05-24T13:07:45+00:00","dateModified":"2023-05-25T09:37:17+00:00","author":{"@id":"https:\/\/www.intoscana.it\/it\/#\/schema\/person\/9223810753230f20bd670fdd322661f8"},"description":"Intanto sono attese nuove piogge e prosegue l'allerta meteo con codice giallo anche per gioved\u00ec 25 maggio in tutta la Toscana","breadcrumb":{"@id":"https:\/\/www.intoscana.it\/it\/gli-ispettori-del-ministero-nellalto-mugello-per-valutare-i-danni-giani-in-montagna-danni-peggiori-che-in-pianura\/#breadcrumb"},"inLanguage":"it-IT","potentialAction":[{"@type":"ReadAction","target":["https:\/\/www.intoscana.it\/it\/gli-ispettori-del-ministero-nellalto-mugello-per-valutare-i-danni-giani-in-montagna-danni-peggiori-che-in-pianura\/"]}]},{"@type":"ImageObject","inLanguage":"it-IT","@id":"https:\/\/www.intoscana.it\/it\/gli-ispettori-del-ministero-nellalto-mugello-per-valutare-i-danni-giani-in-montagna-danni-peggiori-che-in-pianura\/#primaryimage","url":"https:\/\/www.intoscana.it\/wp-content\/uploads\/WhatsApp-Image-2023-05-19-at-08.43.04.jpeg","contentUrl":"https:\/\/www.intoscana.it\/wp-content\/uploads\/WhatsApp-Image-2023-05-19-at-08.43.04.jpeg","width":1260,"height":742,"caption":"L'alluvione in Alto Mugello"},{"@type":"BreadcrumbList","@id":"https:\/\/www.intoscana.it\/it\/gli-ispettori-del-ministero-nellalto-mugello-per-valutare-i-danni-giani-in-montagna-danni-peggiori-che-in-pianura\/#breadcrumb","itemListElement":[{"@type":"ListItem","position":1,"name":"Home","item":"https:\/\/www.intoscana.it\/it\/"},{"@type":"ListItem","position":2,"name":"Gli ispettori del Ministero nell&#8217;Alto Mugello per valutare le problematiche, Giani: &#8220;In montagna danni peggiori che in pianura&#8221;"}]},{"@type":"WebSite","@id":"https:\/\/www.intoscana.it\/it\/#website","url":"https:\/\/www.intoscana.it\/it\/","name":"intoscana","description":"","potentialAction":[{"@type":"SearchAction","target":{"@type":"EntryPoint","urlTemplate":"https:\/\/www.intoscana.it\/it\/?s={search_term_string}"},"query-input":{"@type":"PropertyValueSpecification","valueRequired":true,"valueName":"search_term_string"}}],"inLanguage":"it-IT"},{"@type":"Person","@id":"https:\/\/www.intoscana.it\/it\/#\/schema\/person\/9223810753230f20bd670fdd322661f8","name":"Redazione","url":"https:\/\/www.intoscana.it\/it\/author\/redazione\/"}]}},"_links":{"self":[{"href":"https:\/\/www.intoscana.it\/it\/wp-json\/wp\/v2\/posts\/288381","targetHints":{"allow":["GET"]}}],"collection":[{"href":"https:\/\/www.intoscana.it\/it\/wp-json\/wp\/v2\/posts"}],"about":[{"href":"https:\/\/www.intoscana.it\/it\/wp-json\/wp\/v2\/types\/post"}],"author":[{"embeddable":true,"href":"https:\/\/www.intoscana.it\/it\/wp-json\/wp\/v2\/users\/525"}],"replies":[{"embeddable":true,"href":"https:\/\/www.intoscana.it\/it\/wp-json\/wp\/v2\/comments?post=288381"}],"version-history":[{"count":0,"href":"https:\/\/www.intoscana.it\/it\/wp-json\/wp\/v2\/posts\/288381\/revisions"}],"wp:featuredmedia":[{"embeddable":true,"href":"https:\/\/www.intoscana.it\/it\/wp-json\/wp\/v2\/media\/287567"}],"wp:attachment":[{"href":"https:\/\/www.intoscana.it\/it\/wp-json\/wp\/v2\/media?parent=288381"}],"wp:term":[{"taxonomy":"category","embeddable":true,"href":"https:\/\/www.intoscana.it\/it\/wp-json\/wp\/v2\/categories?post=288381"},{"taxonomy":"post_tag","embeddable":true,"href":"https:\/\/www.intoscana.it\/it\/wp-json\/wp\/v2\/tags?post=288381"}],"curies":[{"name":"wp","href":"https:\/\/api.w.org\/{rel}","templated":true}]}}