{"id":288438,"date":"2023-05-25T10:23:22","date_gmt":"2023-05-25T08:23:22","guid":{"rendered":"https:\/\/www.intoscana.it\/it\/?p=288438"},"modified":"2023-05-25T10:25:21","modified_gmt":"2023-05-25T08:25:21","slug":"sentipensare-con-larno-due-artisti-e-attivisti-rappresentano-il-fiume-con-uninstalalzione-immersiva","status":"publish","type":"post","link":"https:\/\/www.intoscana.it\/it\/sentipensare-con-larno-due-artisti-e-attivisti-rappresentano-il-fiume-con-uninstalalzione-immersiva\/","title":{"rendered":"&#8220;Sentipensare&#8221; con l&#8217;Arno: due artisti e attivisti rappresentano il fiume con un&#8217;installazione immersiva"},"content":{"rendered":"<p>Arriva a <strong>Firenze<\/strong> il collettivo<strong> A4C-ArtsForTheCommons<\/strong>\u00a0composto<strong> Rosa Jijion<\/strong> artista, attivista, mediatrice culturale, con all\u2019attivo anche una partecipazione alla Biennale di Venezia e <strong>Francesco Martone<\/strong> attivista, fondatore di <strong>Greenpeace Italia<\/strong> e gi\u00e0 senatore della Repubblica che porter\u00e0 negli spazi di <strong>MAD Murate Art District:\u00a0<\/strong><em><strong>\u201cSentipensare con l\u2019Arno\u201d<\/strong><\/em>, a cura di Valentina Gensini e Renata Summo O\u2019Connell.<\/p>\n<p>Il progetto \u00e8 nato a conclusione di <strong>una residenza realizzata su invito di MAD<\/strong>\u00a0con il contributo di Fondazione CR Firenze nell\u2019ambito del progetto <em><strong>Mapping the community\u00a0<\/strong><\/em>durante la quale <strong>gli artisti hanno raccolto tracce e materiali presso il fiume Arno<\/strong>, e hanno svolto<strong> ricerche documentali e d\u2019archivio<\/strong><\/p>\n<p>Nella mostra <strong>dal 25 maggio al 23 luglio<\/strong> il <strong>MAD Murate Art District<\/strong> si trasformer\u00e0 in <strong>uno spazio immersivo in grado di coinvolgere il visitatore<\/strong> sensorialmente ed emotivamente restituendo il flusso di <strong>un\u2019esperienza collettiva tra installazioni e dispositivi.<\/strong><\/p>\n<p><em>\u201cDa anni il nostro lavoro sull\u2019importanza del fiume quale riserva di terzo paesaggio in area urbana ci portano a relazionarci non solo con artisti, ma anche con scienziati, biologi, architetti e progettisti \u2013<\/em><strong> spiega Valentina Gensini, direttrice di MAD Murate Art District e curatrice della mostra <\/strong><em>-. Con A4C la riflessione si sposta in ambito giuridico e pertiene ad un\u2019arte attiva e militante, capace di unirsi con le popolazioni indigene nella difesa dei territori. Ancora una volta lo sguardo e le azioni transnazionali conducono visioni e pratiche dal mondo a Firenze, per stimolare la cittadinanza verso una consapevolezza sempre pi\u00f9 complessa e strutturata nello sguardo sul proprio territorio e sui fiumi, portatori del bene pi\u00f9 prezioso e di interesse comune, quale \u00e8 l\u2019acqua\u201d<\/em><\/p>\n<p>La residenza di <a href=\"https:\/\/www.facebook.com\/ARTSFORTHECOMMONS\/?locale=it_IT\" target=\"_blank\" rel=\"noopener\"><strong>A4C-ArtsForTheCommons<\/strong><\/a> ha previsto la formazione di <strong>un gruppo di lavoro di giovani artisti, curatori e mediatori culturali<\/strong> che ha affiancato la ricerca di Rosa Jijion e Francesco Martone sul territorio toscano improntata su tre tematiche principali: <em><strong>\u201cSentipensare con l\u2019Arno\u201d<\/strong><\/em> come modalit\u00e0 di connessione \u201csentimentale\u201d e sensoriale con l\u2019ecosistema fluviale, <em><strong>\u201cio sono il fiume, il fiume \u00e8 me\u201d<\/strong><\/em> ispirato alla cultura ancestrale Maori, e <em><strong>\u201cfiume come soggetto agente\u201d<\/strong><\/em>, premessa essenziale per poter immaginare un percorso che riconosca i diritti dell\u2019Arno come fiume e come ecosistema.<\/p>\n<p>Chiuder\u00e0 la residenza <strong>una conferenza internazionale sui diritti dei fiumi e della natura<\/strong> con le due attiviste <strong>L\u00e9a Corbi\u00e8re dalla Francia e Zoe Lujic dalla Serbia,<\/strong> coordinatrici della sezione europea della GARN (Global Alliance on the Rights of Nature), che sostiene il progetto presentato a MAD.<\/p>\n<p><strong>Il 25 maggio<\/strong> alle 17.30 <strong>Rosa Jij\u00f3n e Francesco Martone dialogano sui diritti dei fiumi<\/strong> con le attiviste Zoe Lujic e L\u00e9a Corbi\u00e8re.\u00a0Alle ore 18.30 \u00e8 previsto l\u2019opening della Project Room con esposizione del processo artistico adottato nei workshop.<\/p>\n<figure id=\"post-288443 media-288443\" class=\"align-none\"><img decoding=\"async\" src=\"https:\/\/www.intoscana.it\/wp-content\/uploads\/Sentipensare-con-lArno_MAD-Murate-Art-District_da-sx_-Zoe-Lujic_Francesco-Martone_Rosa-Jijion_Valentina-Gensini_Andrea-Giorgio-scaled.jpg\" alt=\"\" \/><\/figure>\n<div class=\"titleimg\">Zoe Lujic, Francesco Martone, Rosa Jijion, Valentina Gensini, Andrea Giorgio<\/div>\n<h3>Gli artisti<\/h3>\n<p><strong>Rosa Jij\u00f3n Quito<\/strong>\u00a0\u00e8 un artista, attivista e mediatrice culturale, ex direttore del CAC (Centro de Arte Contempor\u00e1neo de Quito). Ha partecipato a varie mostre internazionali (Biennale di Venezia, Biennale dell&#8217;Avana, Biennale di Cuenca, Bienal Poligr\u00e1fica de San Juan, Porto Rico) e residenze artistiche internazionali tra cui ARTEA, Residencia Sur Antarctica e Q21 Vienna. Si occupa di mobilit\u00e0 umana e migrazione, cittadinanza, giustizia sociale e ambiente, e si \u00e8 impegnata nella produzione artistica partecipativa con organizzazioni e comunit\u00e0 di base, dalle donne migranti, alle comunit\u00e0 Rom, alle popolazioni indigene e alle bande di strada. Gi\u00e0 Segretaria Culturale dell&#8217;Organizzazione Internazionale Italo Latino-americana (IILA).<\/p>\n<p><strong>Francesco Martone<\/strong> \u00e8\u00a0membro del Tribunale internazionale sui diritti della natura e \u201cassociato\u201d del Transnational In-stitute. Gi\u00e0 Senatore della Repubblica Italiana, dal 1988 si occupa di questioni relative a foreste, cambiamenti climatici, diritti della Natura, diritti delle popolazioni indigene, difensori dell&#8217;am-biente e giustizia ambientale. Membro fondatore di Greenpeace Italia, \u00e8 giurato e membro del Tribunale Permanente dei Popoli ed \u00e8 stato consulente politico per ONG internazionali sui diritti dei popoli indigeni.<\/p>\n<p><strong>Arts for The Commons (A4C)<\/strong> \u00e8 un esercizio collettivo inteso a fornire una piattaforma per artisti e attivisti che esplorano le connessioni e le sinergie tra la produzione visiva e le lotte di rivendica-zione dei commons, per affrontare temi relativi alla migrazione umana, ai confini, alla giustizia sociale e ambientale. Hanno partecipato alla<strong> 23ma Biennale di Sydney e alla Biennale BAM di Palermo<\/strong> nel 2022.<\/p>\n<figure id=\"post-288444 media-288444\" class=\"align-none\"><img decoding=\"async\" src=\"https:\/\/www.intoscana.it\/wp-content\/uploads\/Sentipensare-con-lArno_MAD-Murate-Art-District-scaled.jpg\" alt=\"\" \/><\/figure>\n<div class=\"titleimg\">Sentipensare con l\u2019Arno_MAD Murate Art District<\/div>\n","protected":false},"excerpt":{"rendered":"<p>Dal 25 maggio al 23 luglio il MAD Murate Art District si trasformer\u00e0 in uno spazio immersivo in grado di coinvolgere il visitatore sensorialmente ed emotivamente grazie all&#8217;installazione di Rosa Jij\u00f2n Quito e Francesco Martone<\/p>\n","protected":false},"author":525,"featured_media":288439,"comment_status":"open","ping_status":"open","sticky":false,"template":"","format":"standard","meta":{"_acf_changed":false,"footnotes":""},"categories":[493],"tags":[245,227,202,222],"class_list":["post-288438","post","type-post","status-publish","format-standard","has-post-thumbnail","hentry","category-cultura","tag-arno","tag-arte-contemporanea","tag-firenze","tag-mostre"],"acf":[],"yoast_head":"<!-- This site is optimized with the Yoast SEO Premium plugin v24.2 (Yoast SEO v25.6) - https:\/\/yoast.com\/wordpress\/plugins\/seo\/ -->\n<title>&quot;Sentipensare&quot; con l&#039;Arno: due artisti e attivisti rappresentano il fiume con un&#039;installazione immersiva - intoscana<\/title>\n<meta name=\"description\" content=\"Dal 25 maggio al 23 luglio il MAD Murate Art District si trasformer\u00e0 in uno spazio immersivo in grado di coinvolgere il visitatore\" \/>\n<meta name=\"robots\" content=\"index, follow, max-snippet:-1, max-image-preview:large, max-video-preview:-1\" \/>\n<link rel=\"canonical\" href=\"https:\/\/www.intoscana.it\/it\/sentipensare-con-larno-due-artisti-e-attivisti-rappresentano-il-fiume-con-uninstalalzione-immersiva\/\" \/>\n<meta property=\"og:locale\" content=\"it_IT\" \/>\n<meta property=\"og:type\" content=\"article\" \/>\n<meta property=\"og:title\" content=\"&quot;Sentipensare&quot; con l&#039;Arno: due artisti e attivisti rappresentano il fiume con un&#039;installazione immersiva\" \/>\n<meta property=\"og:description\" content=\"Dal 25 maggio al 23 luglio il MAD Murate Art District si trasformer\u00e0 in uno spazio immersivo in grado di coinvolgere il visitatore\" \/>\n<meta property=\"og:url\" content=\"https:\/\/www.intoscana.it\/it\/sentipensare-con-larno-due-artisti-e-attivisti-rappresentano-il-fiume-con-uninstalalzione-immersiva\/\" \/>\n<meta property=\"og:site_name\" content=\"intoscana\" \/>\n<meta property=\"article:publisher\" content=\"https:\/\/www.facebook.com\/intoscana.it\" \/>\n<meta property=\"article:published_time\" content=\"2023-05-25T08:23:22+00:00\" \/>\n<meta property=\"article:modified_time\" content=\"2023-05-25T08:25:21+00:00\" \/>\n<meta property=\"og:image\" content=\"https:\/\/www.intoscana.it\/wp-content\/uploads\/Sentipensare-con-lArno_MAD-Murate-Art-District_2-scaled.jpg\" \/>\n\t<meta property=\"og:image:width\" content=\"2048\" \/>\n\t<meta property=\"og:image:height\" content=\"1363\" \/>\n\t<meta property=\"og:image:type\" content=\"image\/jpeg\" \/>\n<meta name=\"author\" content=\"Redazione\" \/>\n<meta name=\"twitter:card\" content=\"summary_large_image\" \/>\n<meta name=\"twitter:creator\" content=\"@intoscana\" \/>\n<meta name=\"twitter:site\" content=\"@intoscana\" \/>\n<meta name=\"twitter:label1\" content=\"Written by\" \/>\n\t<meta name=\"twitter:data1\" content=\"Redazione\" \/>\n\t<meta name=\"twitter:label2\" content=\"Est. reading time\" \/>\n\t<meta name=\"twitter:data2\" content=\"4 minuti\" \/>\n<script type=\"application\/ld+json\" class=\"yoast-schema-graph\">{\"@context\":\"https:\/\/schema.org\",\"@graph\":[{\"@type\":\"WebPage\",\"@id\":\"https:\/\/www.intoscana.it\/it\/sentipensare-con-larno-due-artisti-e-attivisti-rappresentano-il-fiume-con-uninstalalzione-immersiva\/\",\"url\":\"https:\/\/www.intoscana.it\/it\/sentipensare-con-larno-due-artisti-e-attivisti-rappresentano-il-fiume-con-uninstalalzione-immersiva\/\",\"name\":\"\\\"Sentipensare\\\" con l'Arno: due artisti e attivisti rappresentano il fiume con un'installazione immersiva - intoscana\",\"isPartOf\":{\"@id\":\"https:\/\/www.intoscana.it\/it\/#website\"},\"primaryImageOfPage\":{\"@id\":\"https:\/\/www.intoscana.it\/it\/sentipensare-con-larno-due-artisti-e-attivisti-rappresentano-il-fiume-con-uninstalalzione-immersiva\/#primaryimage\"},\"image\":{\"@id\":\"https:\/\/www.intoscana.it\/it\/sentipensare-con-larno-due-artisti-e-attivisti-rappresentano-il-fiume-con-uninstalalzione-immersiva\/#primaryimage\"},\"thumbnailUrl\":\"https:\/\/www.intoscana.it\/wp-content\/uploads\/Sentipensare-con-lArno_MAD-Murate-Art-District_2-scaled.jpg\",\"datePublished\":\"2023-05-25T08:23:22+00:00\",\"dateModified\":\"2023-05-25T08:25:21+00:00\",\"author\":{\"@id\":\"https:\/\/www.intoscana.it\/it\/#\/schema\/person\/9223810753230f20bd670fdd322661f8\"},\"description\":\"Dal 25 maggio al 23 luglio il MAD Murate Art District si trasformer\u00e0 in uno spazio immersivo in grado di coinvolgere il visitatore\",\"breadcrumb\":{\"@id\":\"https:\/\/www.intoscana.it\/it\/sentipensare-con-larno-due-artisti-e-attivisti-rappresentano-il-fiume-con-uninstalalzione-immersiva\/#breadcrumb\"},\"inLanguage\":\"it-IT\",\"potentialAction\":[{\"@type\":\"ReadAction\",\"target\":[\"https:\/\/www.intoscana.it\/it\/sentipensare-con-larno-due-artisti-e-attivisti-rappresentano-il-fiume-con-uninstalalzione-immersiva\/\"]}]},{\"@type\":\"ImageObject\",\"inLanguage\":\"it-IT\",\"@id\":\"https:\/\/www.intoscana.it\/it\/sentipensare-con-larno-due-artisti-e-attivisti-rappresentano-il-fiume-con-uninstalalzione-immersiva\/#primaryimage\",\"url\":\"https:\/\/www.intoscana.it\/wp-content\/uploads\/Sentipensare-con-lArno_MAD-Murate-Art-District_2-scaled.jpg\",\"contentUrl\":\"https:\/\/www.intoscana.it\/wp-content\/uploads\/Sentipensare-con-lArno_MAD-Murate-Art-District_2-scaled.jpg\",\"width\":2048,\"height\":1363},{\"@type\":\"BreadcrumbList\",\"@id\":\"https:\/\/www.intoscana.it\/it\/sentipensare-con-larno-due-artisti-e-attivisti-rappresentano-il-fiume-con-uninstalalzione-immersiva\/#breadcrumb\",\"itemListElement\":[{\"@type\":\"ListItem\",\"position\":1,\"name\":\"Home\",\"item\":\"https:\/\/www.intoscana.it\/it\/\"},{\"@type\":\"ListItem\",\"position\":2,\"name\":\"&#8220;Sentipensare&#8221; con l&#8217;Arno: due artisti e attivisti rappresentano il fiume con un&#8217;installazione immersiva\"}]},{\"@type\":\"WebSite\",\"@id\":\"https:\/\/www.intoscana.it\/it\/#website\",\"url\":\"https:\/\/www.intoscana.it\/it\/\",\"name\":\"intoscana\",\"description\":\"\",\"potentialAction\":[{\"@type\":\"SearchAction\",\"target\":{\"@type\":\"EntryPoint\",\"urlTemplate\":\"https:\/\/www.intoscana.it\/it\/?s={search_term_string}\"},\"query-input\":{\"@type\":\"PropertyValueSpecification\",\"valueRequired\":true,\"valueName\":\"search_term_string\"}}],\"inLanguage\":\"it-IT\"},{\"@type\":\"Person\",\"@id\":\"https:\/\/www.intoscana.it\/it\/#\/schema\/person\/9223810753230f20bd670fdd322661f8\",\"name\":\"Redazione\",\"url\":\"https:\/\/www.intoscana.it\/it\/author\/redazione\/\"}]}<\/script>\n<!-- \/ Yoast SEO Premium plugin. -->","yoast_head_json":{"title":"\"Sentipensare\" con l'Arno: due artisti e attivisti rappresentano il fiume con un'installazione immersiva - intoscana","description":"Dal 25 maggio al 23 luglio il MAD Murate Art District si trasformer\u00e0 in uno spazio immersivo in grado di coinvolgere il visitatore","robots":{"index":"index","follow":"follow","max-snippet":"max-snippet:-1","max-image-preview":"max-image-preview:large","max-video-preview":"max-video-preview:-1"},"canonical":"https:\/\/www.intoscana.it\/it\/sentipensare-con-larno-due-artisti-e-attivisti-rappresentano-il-fiume-con-uninstalalzione-immersiva\/","og_locale":"it_IT","og_type":"article","og_title":"\"Sentipensare\" con l'Arno: due artisti e attivisti rappresentano il fiume con un'installazione immersiva","og_description":"Dal 25 maggio al 23 luglio il MAD Murate Art District si trasformer\u00e0 in uno spazio immersivo in grado di coinvolgere il visitatore","og_url":"https:\/\/www.intoscana.it\/it\/sentipensare-con-larno-due-artisti-e-attivisti-rappresentano-il-fiume-con-uninstalalzione-immersiva\/","og_site_name":"intoscana","article_publisher":"https:\/\/www.facebook.com\/intoscana.it","article_published_time":"2023-05-25T08:23:22+00:00","article_modified_time":"2023-05-25T08:25:21+00:00","og_image":[{"width":2048,"height":1363,"url":"https:\/\/www.intoscana.it\/wp-content\/uploads\/Sentipensare-con-lArno_MAD-Murate-Art-District_2-scaled.jpg","type":"image\/jpeg"}],"author":"Redazione","twitter_card":"summary_large_image","twitter_creator":"@intoscana","twitter_site":"@intoscana","twitter_misc":{"Written by":"Redazione","Est. reading time":"4 minuti"},"schema":{"@context":"https:\/\/schema.org","@graph":[{"@type":"WebPage","@id":"https:\/\/www.intoscana.it\/it\/sentipensare-con-larno-due-artisti-e-attivisti-rappresentano-il-fiume-con-uninstalalzione-immersiva\/","url":"https:\/\/www.intoscana.it\/it\/sentipensare-con-larno-due-artisti-e-attivisti-rappresentano-il-fiume-con-uninstalalzione-immersiva\/","name":"\"Sentipensare\" con l'Arno: due artisti e attivisti rappresentano il fiume con un'installazione immersiva - intoscana","isPartOf":{"@id":"https:\/\/www.intoscana.it\/it\/#website"},"primaryImageOfPage":{"@id":"https:\/\/www.intoscana.it\/it\/sentipensare-con-larno-due-artisti-e-attivisti-rappresentano-il-fiume-con-uninstalalzione-immersiva\/#primaryimage"},"image":{"@id":"https:\/\/www.intoscana.it\/it\/sentipensare-con-larno-due-artisti-e-attivisti-rappresentano-il-fiume-con-uninstalalzione-immersiva\/#primaryimage"},"thumbnailUrl":"https:\/\/www.intoscana.it\/wp-content\/uploads\/Sentipensare-con-lArno_MAD-Murate-Art-District_2-scaled.jpg","datePublished":"2023-05-25T08:23:22+00:00","dateModified":"2023-05-25T08:25:21+00:00","author":{"@id":"https:\/\/www.intoscana.it\/it\/#\/schema\/person\/9223810753230f20bd670fdd322661f8"},"description":"Dal 25 maggio al 23 luglio il MAD Murate Art District si trasformer\u00e0 in uno spazio immersivo in grado di coinvolgere il visitatore","breadcrumb":{"@id":"https:\/\/www.intoscana.it\/it\/sentipensare-con-larno-due-artisti-e-attivisti-rappresentano-il-fiume-con-uninstalalzione-immersiva\/#breadcrumb"},"inLanguage":"it-IT","potentialAction":[{"@type":"ReadAction","target":["https:\/\/www.intoscana.it\/it\/sentipensare-con-larno-due-artisti-e-attivisti-rappresentano-il-fiume-con-uninstalalzione-immersiva\/"]}]},{"@type":"ImageObject","inLanguage":"it-IT","@id":"https:\/\/www.intoscana.it\/it\/sentipensare-con-larno-due-artisti-e-attivisti-rappresentano-il-fiume-con-uninstalalzione-immersiva\/#primaryimage","url":"https:\/\/www.intoscana.it\/wp-content\/uploads\/Sentipensare-con-lArno_MAD-Murate-Art-District_2-scaled.jpg","contentUrl":"https:\/\/www.intoscana.it\/wp-content\/uploads\/Sentipensare-con-lArno_MAD-Murate-Art-District_2-scaled.jpg","width":2048,"height":1363},{"@type":"BreadcrumbList","@id":"https:\/\/www.intoscana.it\/it\/sentipensare-con-larno-due-artisti-e-attivisti-rappresentano-il-fiume-con-uninstalalzione-immersiva\/#breadcrumb","itemListElement":[{"@type":"ListItem","position":1,"name":"Home","item":"https:\/\/www.intoscana.it\/it\/"},{"@type":"ListItem","position":2,"name":"&#8220;Sentipensare&#8221; con l&#8217;Arno: due artisti e attivisti rappresentano il fiume con un&#8217;installazione immersiva"}]},{"@type":"WebSite","@id":"https:\/\/www.intoscana.it\/it\/#website","url":"https:\/\/www.intoscana.it\/it\/","name":"intoscana","description":"","potentialAction":[{"@type":"SearchAction","target":{"@type":"EntryPoint","urlTemplate":"https:\/\/www.intoscana.it\/it\/?s={search_term_string}"},"query-input":{"@type":"PropertyValueSpecification","valueRequired":true,"valueName":"search_term_string"}}],"inLanguage":"it-IT"},{"@type":"Person","@id":"https:\/\/www.intoscana.it\/it\/#\/schema\/person\/9223810753230f20bd670fdd322661f8","name":"Redazione","url":"https:\/\/www.intoscana.it\/it\/author\/redazione\/"}]}},"_links":{"self":[{"href":"https:\/\/www.intoscana.it\/it\/wp-json\/wp\/v2\/posts\/288438","targetHints":{"allow":["GET"]}}],"collection":[{"href":"https:\/\/www.intoscana.it\/it\/wp-json\/wp\/v2\/posts"}],"about":[{"href":"https:\/\/www.intoscana.it\/it\/wp-json\/wp\/v2\/types\/post"}],"author":[{"embeddable":true,"href":"https:\/\/www.intoscana.it\/it\/wp-json\/wp\/v2\/users\/525"}],"replies":[{"embeddable":true,"href":"https:\/\/www.intoscana.it\/it\/wp-json\/wp\/v2\/comments?post=288438"}],"version-history":[{"count":0,"href":"https:\/\/www.intoscana.it\/it\/wp-json\/wp\/v2\/posts\/288438\/revisions"}],"wp:featuredmedia":[{"embeddable":true,"href":"https:\/\/www.intoscana.it\/it\/wp-json\/wp\/v2\/media\/288439"}],"wp:attachment":[{"href":"https:\/\/www.intoscana.it\/it\/wp-json\/wp\/v2\/media?parent=288438"}],"wp:term":[{"taxonomy":"category","embeddable":true,"href":"https:\/\/www.intoscana.it\/it\/wp-json\/wp\/v2\/categories?post=288438"},{"taxonomy":"post_tag","embeddable":true,"href":"https:\/\/www.intoscana.it\/it\/wp-json\/wp\/v2\/tags?post=288438"}],"curies":[{"name":"wp","href":"https:\/\/api.w.org\/{rel}","templated":true}]}}