{"id":288597,"date":"2023-05-25T15:24:53","date_gmt":"2023-05-25T13:24:53","guid":{"rendered":"https:\/\/www.intoscana.it\/it\/?p=288597"},"modified":"2023-05-25T16:43:28","modified_gmt":"2023-05-25T14:43:28","slug":"autolinee-toscane-parte-da-prato-la-riorganizzazione-dei-nomi-delle-linee","status":"publish","type":"post","link":"https:\/\/www.intoscana.it\/it\/autolinee-toscane-parte-da-prato-la-riorganizzazione-dei-nomi-delle-linee\/","title":{"rendered":"Autolinee Toscane, parte da Prato la riorganizzazione dei nomi delle linee"},"content":{"rendered":"<p style=\"font-weight: 400;\">Dal <strong>1\u00b0 giugno<\/strong> tutte le linee e le fermate del bacino pratese cambieranno nome e veste grafica e saranno identificate con un numero. Si tratta di \u201cPrato Conta\u201d l&#8217;iniziativa con cui <strong>Autolinee Toscane<\/strong> d\u00e0 il via al progetto di riorganizzazione delle informazioni dedicate all\u2019utenza, con l&#8217;obiettivo di rendere il trasporto pubblico della nostra regione pi\u00f9 comprensibile, accessibile e fruibile.<\/p>\n<figure id=\"post-288602 media-288602\" class=\"align-none\"><img decoding=\"async\" src=\"https:\/\/www.intoscana.it\/wp-content\/uploads\/Campagna-Prato-Conta-IT-page-001-scaled.jpg\" alt=\"\" \/><\/figure>\n<div class=\"titleimg\"><\/div>\n<p style=\"font-weight: 400;\"><em>\u201cPrato \u00e8 la citt\u00e0 modello su cui \u00e8 stato studiato e partir\u00e0 un <strong>grande rinnovamento<\/strong>, sia estetico che funzionale, che sar\u00e0 poi esteso a tutto il resto della Toscana\u00a0<\/em>\u2013 commenta il Presidente dii Autolinee Toscane, <strong>Gianni Bechelli<\/strong> \u2013<em>\u00a0Un progetto di semplificazione che contribuir\u00e0 a rendere pi\u00f9 comprensibile e accessibile il trasporto pubblico\u201d.<\/em><\/p>\n<p style=\"font-weight: 400;\">Dal 1\u00b0 giugno 2023 tutte le linee urbane ed extraurbane di Prato attualmente identificate con lettere e\/o colori <strong>diventano numeri<\/strong>. Questo \u00e8 uno dei primi step verso una pi\u00f9 ampia accessibilit\u00e0 del servizio. I numeri infatti sono riconoscibili e comprensibili da tutti, di pi\u00f9 facile lettura per chi \u00e8 affetto da disabilit\u00e0 cognitiva e da chi ha problemi nell\u2019orientarsi in base ai colori (secondo i dati dell\u2019Unione Europea, sono circa il 10% i maschi adulti affetti da daltonismo). I numeri sono un codice condiviso internazionale, utile per i tanti cittadini stranieri che sempre di pi\u00f9 scelgono Prato come meta turistica, ma anche per chi \u00e8 appena arrivato e sceglie la citt\u00e0 grazie alla sua profonda vocazione multiculturale. Questo cambiamento interessa le linee urbane, extraurbane e regionali del bacino pratese ma, attenzione cambia solo il nome delle linee ma <strong>i percorsi e gli orari restano gli stessi.<\/strong><\/p>\n<figure id=\"post-288603 media-288603\" class=\"align-none\"><img decoding=\"async\" src=\"https:\/\/www.intoscana.it\/wp-content\/uploads\/Mappa-Prato-Conta-IT-page-001-scaled.jpg\" alt=\"\" \/><\/figure>\n<div class=\"titleimg\">Mappa Prato Conta<\/div>\n<p style=\"font-weight: 400;\">Le <strong>fermate<\/strong> avranno i colori e il logo di Autolinee Toscane e riporteranno le linee urbane ed extraurbane in transito, oltre che le informazioni utili per viaggiare sugli autobus at. Ad ogni fermata ci sar\u00e0 un\u2019informativa approfondita che spiegher\u00e0 il dettaglio di come cambiano i nomi delle linee. La campagna potr\u00e0 contare sul supporto di comunicazione dei canali del Comune di Prato.<\/p>\n<figure id=\"post-288601 media-288601\" class=\"align-none\"><img decoding=\"async\" src=\"https:\/\/www.intoscana.it\/wp-content\/uploads\/Avviso-alla-fermata.jpg\" alt=\"\" \/><\/figure>\n<div class=\"titleimg\"><\/div>\n","protected":false},"excerpt":{"rendered":"<p>Dal 1\u00b0 giugno 2023 tutte le linee urbane ed extraurbane di Prato attualmente identificate con lettere o colori diventano numeri, una semplificazione che render\u00e0 pi\u00f9 accessibile il trasporto pubblico toscano<\/p>\n","protected":false},"author":525,"featured_media":211939,"comment_status":"open","ping_status":"open","sticky":false,"template":"","format":"standard","meta":{"_acf_changed":false,"footnotes":""},"categories":[494],"tags":[4296,1577,259],"class_list":["post-288597","post","type-post","status-publish","format-standard","has-post-thumbnail","hentry","category-attualita","tag-autolinee-toscane","tag-muoversi-in-toscana","tag-prato"],"acf":[],"yoast_head":"<!-- This site is optimized with the Yoast SEO Premium plugin v24.2 (Yoast SEO v25.6) - https:\/\/yoast.com\/wordpress\/plugins\/seo\/ -->\n<title>Autolinee Toscane, parte da Prato la riorganizzazione dei nomi delle linee - intoscana<\/title>\n<meta name=\"robots\" content=\"index, follow, max-snippet:-1, max-image-preview:large, max-video-preview:-1\" \/>\n<link rel=\"canonical\" href=\"https:\/\/www.intoscana.it\/it\/autolinee-toscane-parte-da-prato-la-riorganizzazione-dei-nomi-delle-linee\/\" \/>\n<meta property=\"og:locale\" content=\"it_IT\" \/>\n<meta property=\"og:type\" content=\"article\" \/>\n<meta property=\"og:title\" content=\"Autolinee Toscane, parte da Prato la riorganizzazione dei nomi delle linee\" \/>\n<meta property=\"og:description\" content=\"Dal 1\u00b0 giugno 2023 tutte le linee urbane ed extraurbane di Prato attualmente identificate con lettere o colori diventano numeri, una semplificazione che render\u00e0 pi\u00f9 accessibile il trasporto pubblico toscano\" \/>\n<meta property=\"og:url\" content=\"https:\/\/www.intoscana.it\/it\/autolinee-toscane-parte-da-prato-la-riorganizzazione-dei-nomi-delle-linee\/\" \/>\n<meta property=\"og:site_name\" content=\"intoscana\" \/>\n<meta property=\"article:publisher\" content=\"https:\/\/www.facebook.com\/intoscana.it\" \/>\n<meta property=\"article:published_time\" content=\"2023-05-25T13:24:53+00:00\" \/>\n<meta property=\"article:modified_time\" content=\"2023-05-25T14:43:28+00:00\" \/>\n<meta property=\"og:image\" content=\"https:\/\/www.intoscana.it\/wp-content\/uploads\/bus-autolinee-Toscane_1.jpg\" \/>\n\t<meta property=\"og:image:width\" content=\"1024\" \/>\n\t<meta property=\"og:image:height\" content=\"682\" \/>\n\t<meta property=\"og:image:type\" content=\"image\/jpeg\" \/>\n<meta name=\"author\" content=\"Redazione\" \/>\n<meta name=\"twitter:card\" content=\"summary_large_image\" \/>\n<meta name=\"twitter:creator\" content=\"@intoscana\" \/>\n<meta name=\"twitter:site\" content=\"@intoscana\" \/>\n<meta name=\"twitter:label1\" content=\"Written by\" \/>\n\t<meta name=\"twitter:data1\" content=\"Redazione\" \/>\n\t<meta name=\"twitter:label2\" content=\"Est. reading time\" \/>\n\t<meta name=\"twitter:data2\" content=\"2 minuti\" \/>\n<script type=\"application\/ld+json\" class=\"yoast-schema-graph\">{\"@context\":\"https:\/\/schema.org\",\"@graph\":[{\"@type\":\"WebPage\",\"@id\":\"https:\/\/www.intoscana.it\/it\/autolinee-toscane-parte-da-prato-la-riorganizzazione-dei-nomi-delle-linee\/\",\"url\":\"https:\/\/www.intoscana.it\/it\/autolinee-toscane-parte-da-prato-la-riorganizzazione-dei-nomi-delle-linee\/\",\"name\":\"Autolinee Toscane, parte da Prato la riorganizzazione dei nomi delle linee - intoscana\",\"isPartOf\":{\"@id\":\"https:\/\/www.intoscana.it\/it\/#website\"},\"primaryImageOfPage\":{\"@id\":\"https:\/\/www.intoscana.it\/it\/autolinee-toscane-parte-da-prato-la-riorganizzazione-dei-nomi-delle-linee\/#primaryimage\"},\"image\":{\"@id\":\"https:\/\/www.intoscana.it\/it\/autolinee-toscane-parte-da-prato-la-riorganizzazione-dei-nomi-delle-linee\/#primaryimage\"},\"thumbnailUrl\":\"https:\/\/www.intoscana.it\/wp-content\/uploads\/bus-autolinee-Toscane_1.jpg\",\"datePublished\":\"2023-05-25T13:24:53+00:00\",\"dateModified\":\"2023-05-25T14:43:28+00:00\",\"author\":{\"@id\":\"https:\/\/www.intoscana.it\/it\/#\/schema\/person\/9223810753230f20bd670fdd322661f8\"},\"breadcrumb\":{\"@id\":\"https:\/\/www.intoscana.it\/it\/autolinee-toscane-parte-da-prato-la-riorganizzazione-dei-nomi-delle-linee\/#breadcrumb\"},\"inLanguage\":\"it-IT\",\"potentialAction\":[{\"@type\":\"ReadAction\",\"target\":[\"https:\/\/www.intoscana.it\/it\/autolinee-toscane-parte-da-prato-la-riorganizzazione-dei-nomi-delle-linee\/\"]}]},{\"@type\":\"ImageObject\",\"inLanguage\":\"it-IT\",\"@id\":\"https:\/\/www.intoscana.it\/it\/autolinee-toscane-parte-da-prato-la-riorganizzazione-dei-nomi-delle-linee\/#primaryimage\",\"url\":\"https:\/\/www.intoscana.it\/wp-content\/uploads\/bus-autolinee-Toscane_1.jpg\",\"contentUrl\":\"https:\/\/www.intoscana.it\/wp-content\/uploads\/bus-autolinee-Toscane_1.jpg\",\"width\":1024,\"height\":682,\"caption\":\"bus Autolinee Toscane\"},{\"@type\":\"BreadcrumbList\",\"@id\":\"https:\/\/www.intoscana.it\/it\/autolinee-toscane-parte-da-prato-la-riorganizzazione-dei-nomi-delle-linee\/#breadcrumb\",\"itemListElement\":[{\"@type\":\"ListItem\",\"position\":1,\"name\":\"Home\",\"item\":\"https:\/\/www.intoscana.it\/it\/\"},{\"@type\":\"ListItem\",\"position\":2,\"name\":\"Autolinee Toscane, parte da Prato la riorganizzazione dei nomi delle linee\"}]},{\"@type\":\"WebSite\",\"@id\":\"https:\/\/www.intoscana.it\/it\/#website\",\"url\":\"https:\/\/www.intoscana.it\/it\/\",\"name\":\"intoscana\",\"description\":\"\",\"potentialAction\":[{\"@type\":\"SearchAction\",\"target\":{\"@type\":\"EntryPoint\",\"urlTemplate\":\"https:\/\/www.intoscana.it\/it\/?s={search_term_string}\"},\"query-input\":{\"@type\":\"PropertyValueSpecification\",\"valueRequired\":true,\"valueName\":\"search_term_string\"}}],\"inLanguage\":\"it-IT\"},{\"@type\":\"Person\",\"@id\":\"https:\/\/www.intoscana.it\/it\/#\/schema\/person\/9223810753230f20bd670fdd322661f8\",\"name\":\"Redazione\",\"url\":\"https:\/\/www.intoscana.it\/it\/author\/redazione\/\"}]}<\/script>\n<!-- \/ Yoast SEO Premium plugin. -->","yoast_head_json":{"title":"Autolinee Toscane, parte da Prato la riorganizzazione dei nomi delle linee - intoscana","robots":{"index":"index","follow":"follow","max-snippet":"max-snippet:-1","max-image-preview":"max-image-preview:large","max-video-preview":"max-video-preview:-1"},"canonical":"https:\/\/www.intoscana.it\/it\/autolinee-toscane-parte-da-prato-la-riorganizzazione-dei-nomi-delle-linee\/","og_locale":"it_IT","og_type":"article","og_title":"Autolinee Toscane, parte da Prato la riorganizzazione dei nomi delle linee","og_description":"Dal 1\u00b0 giugno 2023 tutte le linee urbane ed extraurbane di Prato attualmente identificate con lettere o colori diventano numeri, una semplificazione che render\u00e0 pi\u00f9 accessibile il trasporto pubblico toscano","og_url":"https:\/\/www.intoscana.it\/it\/autolinee-toscane-parte-da-prato-la-riorganizzazione-dei-nomi-delle-linee\/","og_site_name":"intoscana","article_publisher":"https:\/\/www.facebook.com\/intoscana.it","article_published_time":"2023-05-25T13:24:53+00:00","article_modified_time":"2023-05-25T14:43:28+00:00","og_image":[{"width":1024,"height":682,"url":"https:\/\/www.intoscana.it\/wp-content\/uploads\/bus-autolinee-Toscane_1.jpg","type":"image\/jpeg"}],"author":"Redazione","twitter_card":"summary_large_image","twitter_creator":"@intoscana","twitter_site":"@intoscana","twitter_misc":{"Written by":"Redazione","Est. reading time":"2 minuti"},"schema":{"@context":"https:\/\/schema.org","@graph":[{"@type":"WebPage","@id":"https:\/\/www.intoscana.it\/it\/autolinee-toscane-parte-da-prato-la-riorganizzazione-dei-nomi-delle-linee\/","url":"https:\/\/www.intoscana.it\/it\/autolinee-toscane-parte-da-prato-la-riorganizzazione-dei-nomi-delle-linee\/","name":"Autolinee Toscane, parte da Prato la riorganizzazione dei nomi delle linee - intoscana","isPartOf":{"@id":"https:\/\/www.intoscana.it\/it\/#website"},"primaryImageOfPage":{"@id":"https:\/\/www.intoscana.it\/it\/autolinee-toscane-parte-da-prato-la-riorganizzazione-dei-nomi-delle-linee\/#primaryimage"},"image":{"@id":"https:\/\/www.intoscana.it\/it\/autolinee-toscane-parte-da-prato-la-riorganizzazione-dei-nomi-delle-linee\/#primaryimage"},"thumbnailUrl":"https:\/\/www.intoscana.it\/wp-content\/uploads\/bus-autolinee-Toscane_1.jpg","datePublished":"2023-05-25T13:24:53+00:00","dateModified":"2023-05-25T14:43:28+00:00","author":{"@id":"https:\/\/www.intoscana.it\/it\/#\/schema\/person\/9223810753230f20bd670fdd322661f8"},"breadcrumb":{"@id":"https:\/\/www.intoscana.it\/it\/autolinee-toscane-parte-da-prato-la-riorganizzazione-dei-nomi-delle-linee\/#breadcrumb"},"inLanguage":"it-IT","potentialAction":[{"@type":"ReadAction","target":["https:\/\/www.intoscana.it\/it\/autolinee-toscane-parte-da-prato-la-riorganizzazione-dei-nomi-delle-linee\/"]}]},{"@type":"ImageObject","inLanguage":"it-IT","@id":"https:\/\/www.intoscana.it\/it\/autolinee-toscane-parte-da-prato-la-riorganizzazione-dei-nomi-delle-linee\/#primaryimage","url":"https:\/\/www.intoscana.it\/wp-content\/uploads\/bus-autolinee-Toscane_1.jpg","contentUrl":"https:\/\/www.intoscana.it\/wp-content\/uploads\/bus-autolinee-Toscane_1.jpg","width":1024,"height":682,"caption":"bus Autolinee Toscane"},{"@type":"BreadcrumbList","@id":"https:\/\/www.intoscana.it\/it\/autolinee-toscane-parte-da-prato-la-riorganizzazione-dei-nomi-delle-linee\/#breadcrumb","itemListElement":[{"@type":"ListItem","position":1,"name":"Home","item":"https:\/\/www.intoscana.it\/it\/"},{"@type":"ListItem","position":2,"name":"Autolinee Toscane, parte da Prato la riorganizzazione dei nomi delle linee"}]},{"@type":"WebSite","@id":"https:\/\/www.intoscana.it\/it\/#website","url":"https:\/\/www.intoscana.it\/it\/","name":"intoscana","description":"","potentialAction":[{"@type":"SearchAction","target":{"@type":"EntryPoint","urlTemplate":"https:\/\/www.intoscana.it\/it\/?s={search_term_string}"},"query-input":{"@type":"PropertyValueSpecification","valueRequired":true,"valueName":"search_term_string"}}],"inLanguage":"it-IT"},{"@type":"Person","@id":"https:\/\/www.intoscana.it\/it\/#\/schema\/person\/9223810753230f20bd670fdd322661f8","name":"Redazione","url":"https:\/\/www.intoscana.it\/it\/author\/redazione\/"}]}},"_links":{"self":[{"href":"https:\/\/www.intoscana.it\/it\/wp-json\/wp\/v2\/posts\/288597","targetHints":{"allow":["GET"]}}],"collection":[{"href":"https:\/\/www.intoscana.it\/it\/wp-json\/wp\/v2\/posts"}],"about":[{"href":"https:\/\/www.intoscana.it\/it\/wp-json\/wp\/v2\/types\/post"}],"author":[{"embeddable":true,"href":"https:\/\/www.intoscana.it\/it\/wp-json\/wp\/v2\/users\/525"}],"replies":[{"embeddable":true,"href":"https:\/\/www.intoscana.it\/it\/wp-json\/wp\/v2\/comments?post=288597"}],"version-history":[{"count":0,"href":"https:\/\/www.intoscana.it\/it\/wp-json\/wp\/v2\/posts\/288597\/revisions"}],"wp:featuredmedia":[{"embeddable":true,"href":"https:\/\/www.intoscana.it\/it\/wp-json\/wp\/v2\/media\/211939"}],"wp:attachment":[{"href":"https:\/\/www.intoscana.it\/it\/wp-json\/wp\/v2\/media?parent=288597"}],"wp:term":[{"taxonomy":"category","embeddable":true,"href":"https:\/\/www.intoscana.it\/it\/wp-json\/wp\/v2\/categories?post=288597"},{"taxonomy":"post_tag","embeddable":true,"href":"https:\/\/www.intoscana.it\/it\/wp-json\/wp\/v2\/tags?post=288597"}],"curies":[{"name":"wp","href":"https:\/\/api.w.org\/{rel}","templated":true}]}}