{"id":288607,"date":"2023-05-25T15:45:59","date_gmt":"2023-05-25T13:45:59","guid":{"rendered":"https:\/\/www.intoscana.it\/it\/?p=288607"},"modified":"2023-05-25T15:45:59","modified_gmt":"2023-05-25T13:45:59","slug":"capitale-della-cultura-2026-lucca-avanza-la-sua-candidatura","status":"publish","type":"post","link":"https:\/\/www.intoscana.it\/it\/capitale-della-cultura-2026-lucca-avanza-la-sua-candidatura\/","title":{"rendered":"Capitale della cultura 2026, Lucca avanza la sua candidatura"},"content":{"rendered":"<p>Lucca si candida a <strong>Capitale italiana della cultura 2026<\/strong>: la giunta comunale ha approvato la delibera relativa, il prossimo passaggio sar\u00e0 l&#8217;invio, <strong>entro il 4 luglio<\/strong>, della manifestazione di interesse al ministero. Partir\u00e0 poi l&#8217;iter consueto che si concluder\u00e0 il 29 marzo 2024, con l&#8217;annuncio della citt\u00e0 vincitrice.<\/p>\n<p>&#8220;I<em>niziamo oggi un percorso forte e ambizioso, con tutte le carte in regola per conquistare il titolo<\/em> &#8211; dichiara il sindaco <strong>Mario Pardini<\/strong> -. <em>Lucca e i suoi territori si sono espressi non solo con i monumenti e con i paesaggi che ancora oggi ammiriamo, ma con una vitalit\u00e0 e produttivit\u00e0 che hanno le loro radici in un tessuto sociale, culturale ed economico che ha sempre avuto una dimensione fortemente internazionale&#8221;. <\/em><\/p>\n<p>Il sindaco anticipa che il progetto avr\u00e0 un forte elemento concorrenziale, costituito da una solida rete.<em> &#8220;Mi sono gi\u00e0 attivato per incontrare gli amministratori delle altre realt\u00e0 della provincia<\/em> &#8211; continua il sindaco &#8211; <em>e chiedo la collaborazione di tutti, perch\u00e9 la conquista di questo ambizioso titolo \u00e8 l&#8217;occasione per dotare tutto il nostro territorio di una struttura stabile di collaborazione, produzione e promozione culturale i cui risultati potranno essere molto importanti e duraturi. Oggi accendiamo i motori di Lucca Capitale italiana della cultura 2026, con lo sguardo completamente rivolto al futuro, ma usando come combustibile tutta la forza del passato e del presente<\/em>&#8220;.<\/p>\n","protected":false},"excerpt":{"rendered":"<p>Il sindaco Pardini: &#8220;Abbiamo tutte le carte in regola per vincere&#8221;. Il progetto punter\u00e0 su una solida rete di collaborazioni istituzionali<\/p>\n","protected":false},"author":525,"featured_media":266614,"comment_status":"open","ping_status":"open","sticky":false,"template":"","format":"standard","meta":{"_acf_changed":false,"footnotes":""},"categories":[493],"tags":[5598,170],"class_list":["post-288607","post","type-post","status-publish","format-standard","has-post-thumbnail","hentry","category-cultura","tag-capitale-cultura","tag-lucca"],"acf":[],"yoast_head":"<!-- This site is optimized with the Yoast SEO Premium plugin v24.2 (Yoast SEO v25.6) - https:\/\/yoast.com\/wordpress\/plugins\/seo\/ -->\n<title>Capitale della cultura 2026, Lucca avanza la sua candidatura - intoscana<\/title>\n<meta name=\"description\" content=\"Il sindaco Pardini: &quot;Abbiamo tutte le carte in regola per vincere&quot;. Il progetto punter\u00e0 su una solida rete di collaborazioni istituzionali\" \/>\n<meta name=\"robots\" content=\"index, follow, max-snippet:-1, max-image-preview:large, max-video-preview:-1\" \/>\n<link rel=\"canonical\" href=\"https:\/\/www.intoscana.it\/it\/capitale-della-cultura-2026-lucca-avanza-la-sua-candidatura\/\" \/>\n<meta property=\"og:locale\" content=\"it_IT\" \/>\n<meta property=\"og:type\" content=\"article\" \/>\n<meta property=\"og:title\" content=\"Capitale della cultura 2026, Lucca avanza la sua candidatura\" \/>\n<meta property=\"og:description\" content=\"Il sindaco Pardini: &quot;Abbiamo tutte le carte in regola per vincere&quot;. Il progetto punter\u00e0 su una solida rete di collaborazioni istituzionali\" \/>\n<meta property=\"og:url\" content=\"https:\/\/www.intoscana.it\/it\/capitale-della-cultura-2026-lucca-avanza-la-sua-candidatura\/\" \/>\n<meta property=\"og:site_name\" content=\"intoscana\" \/>\n<meta property=\"article:publisher\" content=\"https:\/\/www.facebook.com\/intoscana.it\" \/>\n<meta property=\"article:published_time\" content=\"2023-05-25T13:45:59+00:00\" \/>\n<meta property=\"og:image\" content=\"https:\/\/www.intoscana.it\/wp-content\/uploads\/lucca-vista-da-torrre-guinigi-scaled.jpg\" \/>\n\t<meta property=\"og:image:width\" content=\"2048\" \/>\n\t<meta property=\"og:image:height\" content=\"1152\" \/>\n\t<meta property=\"og:image:type\" content=\"image\/jpeg\" \/>\n<meta name=\"author\" content=\"Redazione\" \/>\n<meta name=\"twitter:card\" content=\"summary_large_image\" \/>\n<meta name=\"twitter:creator\" content=\"@intoscana\" \/>\n<meta name=\"twitter:site\" content=\"@intoscana\" \/>\n<meta name=\"twitter:label1\" content=\"Written by\" \/>\n\t<meta name=\"twitter:data1\" content=\"Redazione\" \/>\n\t<meta name=\"twitter:label2\" content=\"Est. reading time\" \/>\n\t<meta name=\"twitter:data2\" content=\"1 minuto\" \/>\n<script type=\"application\/ld+json\" class=\"yoast-schema-graph\">{\"@context\":\"https:\/\/schema.org\",\"@graph\":[{\"@type\":\"WebPage\",\"@id\":\"https:\/\/www.intoscana.it\/it\/capitale-della-cultura-2026-lucca-avanza-la-sua-candidatura\/\",\"url\":\"https:\/\/www.intoscana.it\/it\/capitale-della-cultura-2026-lucca-avanza-la-sua-candidatura\/\",\"name\":\"Capitale della cultura 2026, Lucca avanza la sua candidatura - intoscana\",\"isPartOf\":{\"@id\":\"https:\/\/www.intoscana.it\/it\/#website\"},\"primaryImageOfPage\":{\"@id\":\"https:\/\/www.intoscana.it\/it\/capitale-della-cultura-2026-lucca-avanza-la-sua-candidatura\/#primaryimage\"},\"image\":{\"@id\":\"https:\/\/www.intoscana.it\/it\/capitale-della-cultura-2026-lucca-avanza-la-sua-candidatura\/#primaryimage\"},\"thumbnailUrl\":\"https:\/\/www.intoscana.it\/wp-content\/uploads\/lucca-vista-da-torrre-guinigi-scaled.jpg\",\"datePublished\":\"2023-05-25T13:45:59+00:00\",\"author\":{\"@id\":\"https:\/\/www.intoscana.it\/it\/#\/schema\/person\/9223810753230f20bd670fdd322661f8\"},\"description\":\"Il sindaco Pardini: \\\"Abbiamo tutte le carte in regola per vincere\\\". Il progetto punter\u00e0 su una solida rete di collaborazioni istituzionali\",\"breadcrumb\":{\"@id\":\"https:\/\/www.intoscana.it\/it\/capitale-della-cultura-2026-lucca-avanza-la-sua-candidatura\/#breadcrumb\"},\"inLanguage\":\"it-IT\",\"potentialAction\":[{\"@type\":\"ReadAction\",\"target\":[\"https:\/\/www.intoscana.it\/it\/capitale-della-cultura-2026-lucca-avanza-la-sua-candidatura\/\"]}]},{\"@type\":\"ImageObject\",\"inLanguage\":\"it-IT\",\"@id\":\"https:\/\/www.intoscana.it\/it\/capitale-della-cultura-2026-lucca-avanza-la-sua-candidatura\/#primaryimage\",\"url\":\"https:\/\/www.intoscana.it\/wp-content\/uploads\/lucca-vista-da-torrre-guinigi-scaled.jpg\",\"contentUrl\":\"https:\/\/www.intoscana.it\/wp-content\/uploads\/lucca-vista-da-torrre-guinigi-scaled.jpg\",\"width\":2048,\"height\":1152,\"caption\":\"Lucca vista dall'alto della Torre Guinigi\"},{\"@type\":\"BreadcrumbList\",\"@id\":\"https:\/\/www.intoscana.it\/it\/capitale-della-cultura-2026-lucca-avanza-la-sua-candidatura\/#breadcrumb\",\"itemListElement\":[{\"@type\":\"ListItem\",\"position\":1,\"name\":\"Home\",\"item\":\"https:\/\/www.intoscana.it\/it\/\"},{\"@type\":\"ListItem\",\"position\":2,\"name\":\"Capitale della cultura 2026, Lucca avanza la sua candidatura\"}]},{\"@type\":\"WebSite\",\"@id\":\"https:\/\/www.intoscana.it\/it\/#website\",\"url\":\"https:\/\/www.intoscana.it\/it\/\",\"name\":\"intoscana\",\"description\":\"\",\"potentialAction\":[{\"@type\":\"SearchAction\",\"target\":{\"@type\":\"EntryPoint\",\"urlTemplate\":\"https:\/\/www.intoscana.it\/it\/?s={search_term_string}\"},\"query-input\":{\"@type\":\"PropertyValueSpecification\",\"valueRequired\":true,\"valueName\":\"search_term_string\"}}],\"inLanguage\":\"it-IT\"},{\"@type\":\"Person\",\"@id\":\"https:\/\/www.intoscana.it\/it\/#\/schema\/person\/9223810753230f20bd670fdd322661f8\",\"name\":\"Redazione\",\"url\":\"https:\/\/www.intoscana.it\/it\/author\/redazione\/\"}]}<\/script>\n<!-- \/ Yoast SEO Premium plugin. -->","yoast_head_json":{"title":"Capitale della cultura 2026, Lucca avanza la sua candidatura - intoscana","description":"Il sindaco Pardini: \"Abbiamo tutte le carte in regola per vincere\". Il progetto punter\u00e0 su una solida rete di collaborazioni istituzionali","robots":{"index":"index","follow":"follow","max-snippet":"max-snippet:-1","max-image-preview":"max-image-preview:large","max-video-preview":"max-video-preview:-1"},"canonical":"https:\/\/www.intoscana.it\/it\/capitale-della-cultura-2026-lucca-avanza-la-sua-candidatura\/","og_locale":"it_IT","og_type":"article","og_title":"Capitale della cultura 2026, Lucca avanza la sua candidatura","og_description":"Il sindaco Pardini: \"Abbiamo tutte le carte in regola per vincere\". Il progetto punter\u00e0 su una solida rete di collaborazioni istituzionali","og_url":"https:\/\/www.intoscana.it\/it\/capitale-della-cultura-2026-lucca-avanza-la-sua-candidatura\/","og_site_name":"intoscana","article_publisher":"https:\/\/www.facebook.com\/intoscana.it","article_published_time":"2023-05-25T13:45:59+00:00","og_image":[{"width":2048,"height":1152,"url":"https:\/\/www.intoscana.it\/wp-content\/uploads\/lucca-vista-da-torrre-guinigi-scaled.jpg","type":"image\/jpeg"}],"author":"Redazione","twitter_card":"summary_large_image","twitter_creator":"@intoscana","twitter_site":"@intoscana","twitter_misc":{"Written by":"Redazione","Est. reading time":"1 minuto"},"schema":{"@context":"https:\/\/schema.org","@graph":[{"@type":"WebPage","@id":"https:\/\/www.intoscana.it\/it\/capitale-della-cultura-2026-lucca-avanza-la-sua-candidatura\/","url":"https:\/\/www.intoscana.it\/it\/capitale-della-cultura-2026-lucca-avanza-la-sua-candidatura\/","name":"Capitale della cultura 2026, Lucca avanza la sua candidatura - intoscana","isPartOf":{"@id":"https:\/\/www.intoscana.it\/it\/#website"},"primaryImageOfPage":{"@id":"https:\/\/www.intoscana.it\/it\/capitale-della-cultura-2026-lucca-avanza-la-sua-candidatura\/#primaryimage"},"image":{"@id":"https:\/\/www.intoscana.it\/it\/capitale-della-cultura-2026-lucca-avanza-la-sua-candidatura\/#primaryimage"},"thumbnailUrl":"https:\/\/www.intoscana.it\/wp-content\/uploads\/lucca-vista-da-torrre-guinigi-scaled.jpg","datePublished":"2023-05-25T13:45:59+00:00","author":{"@id":"https:\/\/www.intoscana.it\/it\/#\/schema\/person\/9223810753230f20bd670fdd322661f8"},"description":"Il sindaco Pardini: \"Abbiamo tutte le carte in regola per vincere\". Il progetto punter\u00e0 su una solida rete di collaborazioni istituzionali","breadcrumb":{"@id":"https:\/\/www.intoscana.it\/it\/capitale-della-cultura-2026-lucca-avanza-la-sua-candidatura\/#breadcrumb"},"inLanguage":"it-IT","potentialAction":[{"@type":"ReadAction","target":["https:\/\/www.intoscana.it\/it\/capitale-della-cultura-2026-lucca-avanza-la-sua-candidatura\/"]}]},{"@type":"ImageObject","inLanguage":"it-IT","@id":"https:\/\/www.intoscana.it\/it\/capitale-della-cultura-2026-lucca-avanza-la-sua-candidatura\/#primaryimage","url":"https:\/\/www.intoscana.it\/wp-content\/uploads\/lucca-vista-da-torrre-guinigi-scaled.jpg","contentUrl":"https:\/\/www.intoscana.it\/wp-content\/uploads\/lucca-vista-da-torrre-guinigi-scaled.jpg","width":2048,"height":1152,"caption":"Lucca vista dall'alto della Torre Guinigi"},{"@type":"BreadcrumbList","@id":"https:\/\/www.intoscana.it\/it\/capitale-della-cultura-2026-lucca-avanza-la-sua-candidatura\/#breadcrumb","itemListElement":[{"@type":"ListItem","position":1,"name":"Home","item":"https:\/\/www.intoscana.it\/it\/"},{"@type":"ListItem","position":2,"name":"Capitale della cultura 2026, Lucca avanza la sua candidatura"}]},{"@type":"WebSite","@id":"https:\/\/www.intoscana.it\/it\/#website","url":"https:\/\/www.intoscana.it\/it\/","name":"intoscana","description":"","potentialAction":[{"@type":"SearchAction","target":{"@type":"EntryPoint","urlTemplate":"https:\/\/www.intoscana.it\/it\/?s={search_term_string}"},"query-input":{"@type":"PropertyValueSpecification","valueRequired":true,"valueName":"search_term_string"}}],"inLanguage":"it-IT"},{"@type":"Person","@id":"https:\/\/www.intoscana.it\/it\/#\/schema\/person\/9223810753230f20bd670fdd322661f8","name":"Redazione","url":"https:\/\/www.intoscana.it\/it\/author\/redazione\/"}]}},"_links":{"self":[{"href":"https:\/\/www.intoscana.it\/it\/wp-json\/wp\/v2\/posts\/288607","targetHints":{"allow":["GET"]}}],"collection":[{"href":"https:\/\/www.intoscana.it\/it\/wp-json\/wp\/v2\/posts"}],"about":[{"href":"https:\/\/www.intoscana.it\/it\/wp-json\/wp\/v2\/types\/post"}],"author":[{"embeddable":true,"href":"https:\/\/www.intoscana.it\/it\/wp-json\/wp\/v2\/users\/525"}],"replies":[{"embeddable":true,"href":"https:\/\/www.intoscana.it\/it\/wp-json\/wp\/v2\/comments?post=288607"}],"version-history":[{"count":0,"href":"https:\/\/www.intoscana.it\/it\/wp-json\/wp\/v2\/posts\/288607\/revisions"}],"wp:featuredmedia":[{"embeddable":true,"href":"https:\/\/www.intoscana.it\/it\/wp-json\/wp\/v2\/media\/266614"}],"wp:attachment":[{"href":"https:\/\/www.intoscana.it\/it\/wp-json\/wp\/v2\/media?parent=288607"}],"wp:term":[{"taxonomy":"category","embeddable":true,"href":"https:\/\/www.intoscana.it\/it\/wp-json\/wp\/v2\/categories?post=288607"},{"taxonomy":"post_tag","embeddable":true,"href":"https:\/\/www.intoscana.it\/it\/wp-json\/wp\/v2\/tags?post=288607"}],"curies":[{"name":"wp","href":"https:\/\/api.w.org\/{rel}","templated":true}]}}