{"id":288859,"date":"2023-05-27T09:23:25","date_gmt":"2023-05-27T07:23:25","guid":{"rendered":"https:\/\/www.intoscana.it\/it\/?p=288859"},"modified":"2023-05-27T12:09:04","modified_gmt":"2023-05-27T10:09:04","slug":"strage-georgofili-la-teca-con-quarto-savona-15-esposta-agli-uffizi","status":"publish","type":"post","link":"https:\/\/www.intoscana.it\/it\/strage-georgofili-la-teca-con-quarto-savona-15-esposta-agli-uffizi\/","title":{"rendered":"Strage Georgofili: la teca con \u2018Quarto Savona 15\u2019 esposta agli Uffizi"},"content":{"rendered":"<p>I resti della \u2018<strong>Quarto Savona 15\u2019<\/strong>, quel che rimane della Fiat Croma su cui si stava spostando la scorta del giudice Giovanni Falcone nel momento dell\u2019attentato di Capaci, il 23 maggio 1992 \u00e8 esposta davanti agli Uffizi. <strong>Il Consiglio regionale della Toscana<\/strong> si raccoglie per sottolineare <mark>il legame fra le stragi che colpirono l\u2019Italia nell\u2019arco di un anno, tra il 1992 e il 1993<\/mark>.<\/p>\n<p>Nel piazzale degli Uffizi, con il presidente dell\u2019Assemblea legislativa\u00a0<strong>Antonio Mazzeo<\/strong>, c&#8217;\u00e8 <strong>Tina Montinaro<\/strong>, presidente dell\u2019associazione \u2018Quarto Savona 15\u2019: \u00e8 la vedova di <strong>Antonio Montinaro<\/strong>, capo scorta che fu ucciso quel giorno insieme a\u00a0<strong>Giovanni Falcone<\/strong>,\u00a0<strong>Francesca Morvillo<\/strong>\u00a0e agli altri agenti\u00a0<strong>Vito Schifani<\/strong>\u00a0e\u00a0<strong>Rocco Dicillo<\/strong>. Ci sono le autorit\u00e0, il questore della provincia di Firenze, <strong>Maurizio Auriemma<\/strong>, i giovani del\u00a0<strong>Parlamento degli studenti<\/strong> per un momento di raccoglimento. Il trombettiere esegue il silenzio di ordinanza.<\/p>\n<figure id=\"post-288861 media-288861\" class=\"align-none\"><img decoding=\"async\" src=\"https:\/\/www.intoscana.it\/wp-content\/uploads\/Quarto-Savona-Quindici-Uffizi-momento-solenne-21-scaled.jpg\" alt=\"\" \/><\/figure>\n<div class=\"titleimg\">La Quarto Savona Quindici esposta agli Uffizi per i 30 anni della strage dei Georgofili<\/div>\n<p>\u201c<em>La porto in tutta Italia per dimostrare che non hanno vinto loro<\/em> \u2013 dice <strong>Tina Montinaro<\/strong>, che \u00e8 presidente dell\u2019associazione \u2018Quarto Savona 15\u2019 \u2013. <em>La vedo tutti i giorni, ma non posso mai soffermarmi a guardarla attentamente. Per me questa \u00e8 la tomba di mio marito, l\u00ec dentro non ci sono solo i resti di quella macchina, ma ci sono i resti di mio marito, di Vito e di Rocco<\/em>\u201d.<\/p>\n<p>Per il questore <strong>Auriemma<\/strong>, \u201c<em>\u00e8 il sacrario della Polizia di Stato<\/em>\u201d. Il <strong>presidente Mazzeo<\/strong> raccomanda ai ragazzi di \u201c<em>venire a vederla. In questa teca c\u2019\u00e8 un pezzo della libert\u00e0 del nostro Paese<\/em>\u201d.<\/p>\n<h3>L&#8217;omaggio alle vittime dei Georgofili<\/h3>\n<p>La delegazione si \u00e8 poi spostata in via dei Georgofili, davanti all\u2019<strong>albero della pace<\/strong> per la deposizione di una <strong>corona di fiori<\/strong> e un momento di raccoglimento, e poi davanti alla targa con la <strong>poesia di Nadia Nencioni<\/strong> che ricorda le vittime della strage.<\/p>\n<p>In quel momento, hanno preso parte alla commemorazione anche il presidente dell\u2019Accademia dei Georgofili,\u00a0<strong>Massimo Vincenzini<\/strong>, e<strong>\u00a0Leoluca Orlando<\/strong>, che, trovandosi a Firenze e venuto a conoscenza dell\u2019iniziativa, ha voluto essere presente, ha salutato <strong>Tina Montinaro<\/strong> e il presidente Mazzeo.<\/p>\n<figure id=\"post-288864 media-288864\" class=\"align-none\"><img decoding=\"async\" src=\"https:\/\/www.intoscana.it\/wp-content\/uploads\/Lomaggio-alle-vittime-della-strage-dei-Georgofili.jpeg\" alt=\"\" \/><\/figure>\n<div class=\"titleimg\">L\u2019omaggio alle vittime della strage dei Georgofili<\/div>\n<p>Il Consiglio regionale ha organizzato questa iniziativa in collaborazione con la questura di Firenze e l\u2019associazione \u2018Quarto Savona 15\u2019, nell\u2019ambito della programmazione delle celebrazioni del\u00a0<strong>trentennale della strage dei Georgofili<\/strong>.<\/p>\n<p>\u201c<em>Il messaggio forte che vogliamo rilanciare qui, oggi, \u00e8 di non essere mai indifferenti e non avere paura<\/em> \u2013 dice\u00a0<strong>Antonio Mazzeo<\/strong>\u00a0\u2013. <em>Le istituzioni non devono voltarsi dall\u2019altra parte. Inizialmente, abbiamo pensato di mettere la Quarto Savona 15 in Consiglio regionale, poi abbiamo deciso di portarla a pochi metri dal luogo in cui \u00e8 avvenuta la strage dei Georgofili, perch\u00e9 era giusto renderla il pi\u00f9 possibile vicina alla cittadinanza. Ho incontrato un poliziotto che piangeva, fu tra i primi ad accorrere a Capaci il giorno dell\u2019attentato<\/em>\u201d.<\/p>\n<h3>Le iniziative per la legalit\u00e0<\/h3>\n<p>Il presidente ha ricordato le tante iniziative del Consiglio regionale, \u201c<em>abbiamo fatto partire l\u2019<strong>Osservatorio sulla legalit\u00e0<\/strong>, presieduto da don\u00a0<strong>Andrea Bigalli<\/strong>, di Libera. Abbiamo lanciato il\u00a0<strong>progetto \u2018Polis\u2019<\/strong>, dedicato alle generazioni pi\u00f9 giovani per creare cultura della legalit\u00e0. La Toscana \u00e8 questa, terra di diritti, terra di legalit\u00e0\u201d<\/em>. La mafia di oggi, prosegue Mazzeo, \u201c\u00e8 differente, ma c\u2019\u00e8. Si insinua nelle difficolt\u00e0 delle imprese e delle famiglie. Noi dobbiamo tenere alta l\u2019attenzione, lavorare insieme alla magistratura e alle forze dell\u2019ordine per arginarla e sconfiggerla. La Toscana non si \u00e8 mai voltata dall\u2019altra, vuole stare in prima linea, costruire anticorpi\u201d.<\/p>\n<p>Prima del momento di raccoglimento nel piazzale degli Uffizi, si \u00e8 tenuto un incontro nella sala del Gonfalone di palazzo del Pegaso, con il presidente Mazzeo,\u00a0<strong>Tina Montinaro<\/strong>\u00a0e il questore\u00a0<strong>Maurizio Auriemma<\/strong>.<\/p>\n<h3>Tina Montinaro, testimone di legalit\u00e0<\/h3>\n<p><strong>Tina Montinaro<\/strong> \u00e8 stata intervistata da una rappresentanza del Parlamento regionale degli studenti. Il presidente Mazzeo, al termine dell\u2019incontro, ha consegnato\u00a0<strong>una targa del Consiglio regionale <\/strong>\u2018a Tina Montinaro, testimone di Legalit\u00e0\u2019.<\/p>\n<figure id=\"post-288862 media-288862\" class=\"align-none\"><img decoding=\"async\" src=\"https:\/\/www.intoscana.it\/wp-content\/uploads\/Incontro-Tina-Montinaro-24-scaled.jpg\" alt=\"\" \/><\/figure>\n<div class=\"titleimg\">L\u2019incontro con Tina Montinaro in Consiglio regionale in occasione dei 30 anni della strage dei Georgofili<\/div>\n<p>\u201c<em>Mio marito era un ragazzo giovanissimo che aveva deciso di entrare in polizia a diciotto anni<\/em> \u2013 ha raccontato <strong>Tina Montinaro<\/strong> \u2013. <em>Era un poliziotto coraggioso, aveva fatto un giuramento e non aveva fatto un passo indietro. Quando \u00e8 saltato in aria aveva 29 anni. Con le sue scelte<\/em> \u2013 dice con orgoglio \u2013,<em> fa camminare me i suoi figli a testa alta, ancora oggi\u201d. Sulla scelta di continuare a vivere a Palermo, dove ha cresciuto i suoi figli: \u201cBisogna restare sui territori, non siamo noi che dobbiamo andare via, tocca ai mafiosi e alle loro famiglie\u201d. <\/em><\/p>\n<p>Anche perch\u00e9, \u201c<em>da quel momento \u00e8 venuta fuori la coscienza dei siciliani. Bisogna ricordarci sempre che in quell\u2019auto c\u2019erano tre ragazzi, tre sogni, tre famiglie, tre vite spezzate. Mio marito era determinato, innamorato del suo magistrato, ha voluto chiamare uno dei nostri figli col suo nome, Giovanni. \u2018Non ho nessuna intenzione di lasciare, sappi che il giorno che accadr\u00e0 qualcosa, mi verrai a prendere con il cucchiaino\u2019, mi diceva e cos\u00ec \u00e8 andata. Sta l\u00ec la grandezza di questi ragazzi. Mio marito ci ha lasciato un grande orgoglio, onest\u00e0, senso del dovere e responsabilit\u00e0\u201d<\/em>.<\/p>\n<p>\u201c<em>Insieme al Consiglio regionale<\/em> \u2013 dice il questore\u00a0<strong>Maurizio Auriemma<\/strong>\u00a0\u2013 <em>abbiamo voluto ripresentare la Quarto Savona 15 per dire a tutti che abbiamo il dovere di ricordare i nostri caduti, i nostri morti e tutti quelli che si sono sacrificati per affermare la legalit\u00e0 in questo Paese. Ricordandoli, possiamo trasmettere ai nostri figli e ai giovani che \u00e8 grazie a loro se oggi viviamo in un Paese libero e democratico\u201d<\/em>.<\/p>\n","protected":false},"excerpt":{"rendered":"<p>Mazzeo: &#8220;L&#8217;auto della scorta di Falcone simbolo della lotta contro la mafia&#8221;. Riconoscimento consegnato a Tina Montinaro<\/p>\n","protected":false},"author":525,"featured_media":288860,"comment_status":"open","ping_status":"open","sticky":false,"template":"","format":"standard","meta":{"_acf_changed":false,"footnotes":""},"categories":[493],"tags":[4760,6029],"class_list":["post-288859","post","type-post","status-publish","format-standard","has-post-thumbnail","hentry","category-cultura","tag-antonio-mazzeo","tag-strage-dei-georgofili"],"acf":[],"yoast_head":"<!-- This site is optimized with the Yoast SEO Premium plugin v24.2 (Yoast SEO v25.6) - https:\/\/yoast.com\/wordpress\/plugins\/seo\/ -->\n<title>Georgofili: la teca con \u2018Quarto Savona 15\u2019 esposta agli Uffizi - intoscana<\/title>\n<meta name=\"description\" content=\"Mazzeo: &quot;L&#039;auto della scorta di Falcone simbolo della lotta contro la mafia&quot;. Riconoscimento consegnato a Tina Montinaro\" \/>\n<meta name=\"robots\" content=\"index, follow, max-snippet:-1, max-image-preview:large, max-video-preview:-1\" \/>\n<link rel=\"canonical\" href=\"https:\/\/www.intoscana.it\/it\/strage-georgofili-la-teca-con-quarto-savona-15-esposta-agli-uffizi\/\" \/>\n<meta property=\"og:locale\" content=\"it_IT\" \/>\n<meta property=\"og:type\" content=\"article\" \/>\n<meta property=\"og:title\" content=\"Strage Georgofili: la teca con \u2018Quarto Savona 15\u2019 esposta agli Uffizi\" \/>\n<meta property=\"og:description\" content=\"Mazzeo: &quot;L&#039;auto della scorta di Falcone simbolo della lotta contro la mafia&quot;. Riconoscimento consegnato a Tina Montinaro\" \/>\n<meta property=\"og:url\" content=\"https:\/\/www.intoscana.it\/it\/strage-georgofili-la-teca-con-quarto-savona-15-esposta-agli-uffizi\/\" \/>\n<meta property=\"og:site_name\" content=\"intoscana\" \/>\n<meta property=\"article:publisher\" content=\"https:\/\/www.facebook.com\/intoscana.it\" \/>\n<meta property=\"article:published_time\" content=\"2023-05-27T07:23:25+00:00\" \/>\n<meta property=\"article:modified_time\" content=\"2023-05-27T10:09:04+00:00\" \/>\n<meta property=\"og:image\" content=\"https:\/\/www.intoscana.it\/wp-content\/uploads\/Quarto-Savona-Quindici-Uffizi-momento-solenne-22-scaled.jpg\" \/>\n\t<meta property=\"og:image:width\" content=\"2048\" \/>\n\t<meta property=\"og:image:height\" content=\"1366\" \/>\n\t<meta property=\"og:image:type\" content=\"image\/jpeg\" \/>\n<meta name=\"author\" content=\"Redazione\" \/>\n<meta name=\"twitter:card\" content=\"summary_large_image\" \/>\n<meta name=\"twitter:creator\" content=\"@intoscana\" \/>\n<meta name=\"twitter:site\" content=\"@intoscana\" \/>\n<meta name=\"twitter:label1\" content=\"Written by\" \/>\n\t<meta name=\"twitter:data1\" content=\"Redazione\" \/>\n\t<meta name=\"twitter:label2\" content=\"Est. reading time\" \/>\n\t<meta name=\"twitter:data2\" content=\"5 minuti\" \/>\n<script type=\"application\/ld+json\" class=\"yoast-schema-graph\">{\"@context\":\"https:\/\/schema.org\",\"@graph\":[{\"@type\":\"WebPage\",\"@id\":\"https:\/\/www.intoscana.it\/it\/strage-georgofili-la-teca-con-quarto-savona-15-esposta-agli-uffizi\/\",\"url\":\"https:\/\/www.intoscana.it\/it\/strage-georgofili-la-teca-con-quarto-savona-15-esposta-agli-uffizi\/\",\"name\":\"Georgofili: la teca con \u2018Quarto Savona 15\u2019 esposta agli Uffizi - intoscana\",\"isPartOf\":{\"@id\":\"https:\/\/www.intoscana.it\/it\/#website\"},\"primaryImageOfPage\":{\"@id\":\"https:\/\/www.intoscana.it\/it\/strage-georgofili-la-teca-con-quarto-savona-15-esposta-agli-uffizi\/#primaryimage\"},\"image\":{\"@id\":\"https:\/\/www.intoscana.it\/it\/strage-georgofili-la-teca-con-quarto-savona-15-esposta-agli-uffizi\/#primaryimage\"},\"thumbnailUrl\":\"https:\/\/www.intoscana.it\/wp-content\/uploads\/Quarto-Savona-Quindici-Uffizi-momento-solenne-22-scaled.jpg\",\"datePublished\":\"2023-05-27T07:23:25+00:00\",\"dateModified\":\"2023-05-27T10:09:04+00:00\",\"author\":{\"@id\":\"https:\/\/www.intoscana.it\/it\/#\/schema\/person\/9223810753230f20bd670fdd322661f8\"},\"description\":\"Mazzeo: \\\"L'auto della scorta di Falcone simbolo della lotta contro la mafia\\\". Riconoscimento consegnato a Tina Montinaro\",\"breadcrumb\":{\"@id\":\"https:\/\/www.intoscana.it\/it\/strage-georgofili-la-teca-con-quarto-savona-15-esposta-agli-uffizi\/#breadcrumb\"},\"inLanguage\":\"it-IT\",\"potentialAction\":[{\"@type\":\"ReadAction\",\"target\":[\"https:\/\/www.intoscana.it\/it\/strage-georgofili-la-teca-con-quarto-savona-15-esposta-agli-uffizi\/\"]}]},{\"@type\":\"ImageObject\",\"inLanguage\":\"it-IT\",\"@id\":\"https:\/\/www.intoscana.it\/it\/strage-georgofili-la-teca-con-quarto-savona-15-esposta-agli-uffizi\/#primaryimage\",\"url\":\"https:\/\/www.intoscana.it\/wp-content\/uploads\/Quarto-Savona-Quindici-Uffizi-momento-solenne-22-scaled.jpg\",\"contentUrl\":\"https:\/\/www.intoscana.it\/wp-content\/uploads\/Quarto-Savona-Quindici-Uffizi-momento-solenne-22-scaled.jpg\",\"width\":2048,\"height\":1366,\"caption\":\"La Quarto Savona Quindici esposta agli Uffizi per i 30 anni della strage dei Georgofili\"},{\"@type\":\"BreadcrumbList\",\"@id\":\"https:\/\/www.intoscana.it\/it\/strage-georgofili-la-teca-con-quarto-savona-15-esposta-agli-uffizi\/#breadcrumb\",\"itemListElement\":[{\"@type\":\"ListItem\",\"position\":1,\"name\":\"Home\",\"item\":\"https:\/\/www.intoscana.it\/it\/\"},{\"@type\":\"ListItem\",\"position\":2,\"name\":\"Strage Georgofili: la teca con \u2018Quarto Savona 15\u2019 esposta agli Uffizi\"}]},{\"@type\":\"WebSite\",\"@id\":\"https:\/\/www.intoscana.it\/it\/#website\",\"url\":\"https:\/\/www.intoscana.it\/it\/\",\"name\":\"intoscana\",\"description\":\"\",\"potentialAction\":[{\"@type\":\"SearchAction\",\"target\":{\"@type\":\"EntryPoint\",\"urlTemplate\":\"https:\/\/www.intoscana.it\/it\/?s={search_term_string}\"},\"query-input\":{\"@type\":\"PropertyValueSpecification\",\"valueRequired\":true,\"valueName\":\"search_term_string\"}}],\"inLanguage\":\"it-IT\"},{\"@type\":\"Person\",\"@id\":\"https:\/\/www.intoscana.it\/it\/#\/schema\/person\/9223810753230f20bd670fdd322661f8\",\"name\":\"Redazione\",\"url\":\"https:\/\/www.intoscana.it\/it\/author\/redazione\/\"}]}<\/script>\n<!-- \/ Yoast SEO Premium plugin. -->","yoast_head_json":{"title":"Georgofili: la teca con \u2018Quarto Savona 15\u2019 esposta agli Uffizi - intoscana","description":"Mazzeo: \"L'auto della scorta di Falcone simbolo della lotta contro la mafia\". Riconoscimento consegnato a Tina Montinaro","robots":{"index":"index","follow":"follow","max-snippet":"max-snippet:-1","max-image-preview":"max-image-preview:large","max-video-preview":"max-video-preview:-1"},"canonical":"https:\/\/www.intoscana.it\/it\/strage-georgofili-la-teca-con-quarto-savona-15-esposta-agli-uffizi\/","og_locale":"it_IT","og_type":"article","og_title":"Strage Georgofili: la teca con \u2018Quarto Savona 15\u2019 esposta agli Uffizi","og_description":"Mazzeo: \"L'auto della scorta di Falcone simbolo della lotta contro la mafia\". Riconoscimento consegnato a Tina Montinaro","og_url":"https:\/\/www.intoscana.it\/it\/strage-georgofili-la-teca-con-quarto-savona-15-esposta-agli-uffizi\/","og_site_name":"intoscana","article_publisher":"https:\/\/www.facebook.com\/intoscana.it","article_published_time":"2023-05-27T07:23:25+00:00","article_modified_time":"2023-05-27T10:09:04+00:00","og_image":[{"width":2048,"height":1366,"url":"https:\/\/www.intoscana.it\/wp-content\/uploads\/Quarto-Savona-Quindici-Uffizi-momento-solenne-22-scaled.jpg","type":"image\/jpeg"}],"author":"Redazione","twitter_card":"summary_large_image","twitter_creator":"@intoscana","twitter_site":"@intoscana","twitter_misc":{"Written by":"Redazione","Est. reading time":"5 minuti"},"schema":{"@context":"https:\/\/schema.org","@graph":[{"@type":"WebPage","@id":"https:\/\/www.intoscana.it\/it\/strage-georgofili-la-teca-con-quarto-savona-15-esposta-agli-uffizi\/","url":"https:\/\/www.intoscana.it\/it\/strage-georgofili-la-teca-con-quarto-savona-15-esposta-agli-uffizi\/","name":"Georgofili: la teca con \u2018Quarto Savona 15\u2019 esposta agli Uffizi - intoscana","isPartOf":{"@id":"https:\/\/www.intoscana.it\/it\/#website"},"primaryImageOfPage":{"@id":"https:\/\/www.intoscana.it\/it\/strage-georgofili-la-teca-con-quarto-savona-15-esposta-agli-uffizi\/#primaryimage"},"image":{"@id":"https:\/\/www.intoscana.it\/it\/strage-georgofili-la-teca-con-quarto-savona-15-esposta-agli-uffizi\/#primaryimage"},"thumbnailUrl":"https:\/\/www.intoscana.it\/wp-content\/uploads\/Quarto-Savona-Quindici-Uffizi-momento-solenne-22-scaled.jpg","datePublished":"2023-05-27T07:23:25+00:00","dateModified":"2023-05-27T10:09:04+00:00","author":{"@id":"https:\/\/www.intoscana.it\/it\/#\/schema\/person\/9223810753230f20bd670fdd322661f8"},"description":"Mazzeo: \"L'auto della scorta di Falcone simbolo della lotta contro la mafia\". Riconoscimento consegnato a Tina Montinaro","breadcrumb":{"@id":"https:\/\/www.intoscana.it\/it\/strage-georgofili-la-teca-con-quarto-savona-15-esposta-agli-uffizi\/#breadcrumb"},"inLanguage":"it-IT","potentialAction":[{"@type":"ReadAction","target":["https:\/\/www.intoscana.it\/it\/strage-georgofili-la-teca-con-quarto-savona-15-esposta-agli-uffizi\/"]}]},{"@type":"ImageObject","inLanguage":"it-IT","@id":"https:\/\/www.intoscana.it\/it\/strage-georgofili-la-teca-con-quarto-savona-15-esposta-agli-uffizi\/#primaryimage","url":"https:\/\/www.intoscana.it\/wp-content\/uploads\/Quarto-Savona-Quindici-Uffizi-momento-solenne-22-scaled.jpg","contentUrl":"https:\/\/www.intoscana.it\/wp-content\/uploads\/Quarto-Savona-Quindici-Uffizi-momento-solenne-22-scaled.jpg","width":2048,"height":1366,"caption":"La Quarto Savona Quindici esposta agli Uffizi per i 30 anni della strage dei Georgofili"},{"@type":"BreadcrumbList","@id":"https:\/\/www.intoscana.it\/it\/strage-georgofili-la-teca-con-quarto-savona-15-esposta-agli-uffizi\/#breadcrumb","itemListElement":[{"@type":"ListItem","position":1,"name":"Home","item":"https:\/\/www.intoscana.it\/it\/"},{"@type":"ListItem","position":2,"name":"Strage Georgofili: la teca con \u2018Quarto Savona 15\u2019 esposta agli Uffizi"}]},{"@type":"WebSite","@id":"https:\/\/www.intoscana.it\/it\/#website","url":"https:\/\/www.intoscana.it\/it\/","name":"intoscana","description":"","potentialAction":[{"@type":"SearchAction","target":{"@type":"EntryPoint","urlTemplate":"https:\/\/www.intoscana.it\/it\/?s={search_term_string}"},"query-input":{"@type":"PropertyValueSpecification","valueRequired":true,"valueName":"search_term_string"}}],"inLanguage":"it-IT"},{"@type":"Person","@id":"https:\/\/www.intoscana.it\/it\/#\/schema\/person\/9223810753230f20bd670fdd322661f8","name":"Redazione","url":"https:\/\/www.intoscana.it\/it\/author\/redazione\/"}]}},"_links":{"self":[{"href":"https:\/\/www.intoscana.it\/it\/wp-json\/wp\/v2\/posts\/288859","targetHints":{"allow":["GET"]}}],"collection":[{"href":"https:\/\/www.intoscana.it\/it\/wp-json\/wp\/v2\/posts"}],"about":[{"href":"https:\/\/www.intoscana.it\/it\/wp-json\/wp\/v2\/types\/post"}],"author":[{"embeddable":true,"href":"https:\/\/www.intoscana.it\/it\/wp-json\/wp\/v2\/users\/525"}],"replies":[{"embeddable":true,"href":"https:\/\/www.intoscana.it\/it\/wp-json\/wp\/v2\/comments?post=288859"}],"version-history":[{"count":0,"href":"https:\/\/www.intoscana.it\/it\/wp-json\/wp\/v2\/posts\/288859\/revisions"}],"wp:featuredmedia":[{"embeddable":true,"href":"https:\/\/www.intoscana.it\/it\/wp-json\/wp\/v2\/media\/288860"}],"wp:attachment":[{"href":"https:\/\/www.intoscana.it\/it\/wp-json\/wp\/v2\/media?parent=288859"}],"wp:term":[{"taxonomy":"category","embeddable":true,"href":"https:\/\/www.intoscana.it\/it\/wp-json\/wp\/v2\/categories?post=288859"},{"taxonomy":"post_tag","embeddable":true,"href":"https:\/\/www.intoscana.it\/it\/wp-json\/wp\/v2\/tags?post=288859"}],"curies":[{"name":"wp","href":"https:\/\/api.w.org\/{rel}","templated":true}]}}