{"id":288903,"date":"2023-05-27T18:36:21","date_gmt":"2023-05-27T16:36:21","guid":{"rendered":"https:\/\/www.intoscana.it\/it\/?p=288903"},"modified":"2023-05-29T12:46:45","modified_gmt":"2023-05-29T10:46:45","slug":"strage-dei-georgofili-quando-litalia-alzo-la-testa-contro-la-mafia","status":"publish","type":"post","link":"https:\/\/www.intoscana.it\/it\/strage-dei-georgofili-quando-litalia-alzo-la-testa-contro-la-mafia\/","title":{"rendered":"Strage dei Georgofili, quando l&#8217;Italia alz\u00f2 la testa contro la mafia"},"content":{"rendered":"<p>Firenze non dimentica i <strong>30 anni dalla strage dei Georgofili<\/strong>. Le stragi del 1992 e del 1993 furono &#8220;<em>brutali prove di forza guidate da strategie di destabilizzazione del Paese&#8221;, &#8220;furono stragi pianificate da Cosa Nostra&#8221; <\/em>nella convinzione che <em>&#8220;mischiare il sangue di vittime innocenti alla polvere originata dalla distruzione del patrimonio culturale della Repubblica avrebbe messo in ginocchio lo Stato<\/em>&#8220;. Cos\u00ec il procuratore nazionale antimafia <strong>Giovanni Melillo<\/strong> \u00e8 intervenuto alla cerimonia al Palazzo di Giustizia di Firenze. Evento a cui ha partecipato anche il presidente della Repubblica <strong>Sergio Mattarella<\/strong>.<\/p>\n<p>&#8220;<em>A Firenze, come altrove, la mafia ha perso, lo Stato ha vinto<\/em>&#8221; ha detto <strong>Fabio Pinelli<\/strong> vicepresidente del Csm intervenendo alla cerimonia. Le vite spezzate delle vittime dei Georgofili, tra cui le bambine <strong>Caterina e Nadia<\/strong> Nencioni, &#8220;<em>sono state per la mafia semplici danni collaterali rispetto a un suo pi\u00f9 ampio e delirante progetto&#8221;<\/em>, ha detto <strong>Pinelli<\/strong>, ripercorrendo i fatti del 1992 e del 1993 dopo che Cosa Nostra <em>&#8220;cerc\u00f2 la rivincita dopo il maxiprocesso<\/em>&#8220;. Ma la mafia non \u00e8 riuscita a &#8220;<em>fiaccare la nostra Repubblica. La magistratura ha inferto durissimi colpi a Cosa Nostra. La strage dei Georgofili non \u00e8 rimasta impunita e il<\/em>\u00a0<em>sangue delle vittime dei Georgofili non \u00e8 stato versato invano<\/em> &#8211; ha concluso &#8211; <em>L&#8217;Italia tutta alz\u00f2 la testa&#8221;.<\/em><\/p>\n<p>&#8220;<em>Pur non essendovi nata, abito a Firenze da tanti anni. Il boato della notte fra il 26 e il 27 maggio del 1993 \u00e8 stato il segno atroce della mia appartenenza alla citt\u00e0, alla sua storia e al suo valore&#8221; <\/em>e oggi <em>&#8220;sento di dovere tributare a questa citt\u00e0 riconoscenza per la capacit\u00e0 di reagire a una strage odiosa e voglio ribadire ora questo sentimento, che si associa a poche altre parole, legate alla mia esperienza di giudice costituzionale<\/em>&#8221; ha affermato la presidente della Corte Costituzionale, <strong>Silvana Sciarra<\/strong>, nel suo intervento.<\/p>\n<p>&#8220;<em>Un avvenimento cos\u00ec tragico, lungi dal produrre una lacerazione tra collettivit\u00e0 e istituzioni, \u00e8 stato rivelatore della forza e della solidit\u00e0 dello Stato di diritto che ha risposto con la lucidit\u00e0 della ragione e il convinto rispetto delle regole, alla spietata strategia mafiosa<\/em>&#8221; ha invece aggiunto il primo presidente della Corte di Cassazione <strong>Margherita Cassano<\/strong>.<\/p>\n<p>Cassano ha ricordato le figure dei magistrati fiorentini <strong>Piero Luigi Vigna e Gabriele Chelazzi<\/strong> che guidarono le indagini della procura di Firenze sull&#8217;attentato. &#8220;<em>I due<\/em>\u00a0&#8211; ha detto <strong>Margherita Cassano<\/strong> &#8211; <em>hanno onorato l&#8217;intera magistratura con il loro intelligente, generoso, infaticabile impegno investigativo nella ricostruzione del fatto e nella individuazione degli autori. Impegno sempre improntato al metodo della costante verifica della idoneit\u00e0 della prospettazione accusatoria a superare il vaglio giurisdizionale nel contradditorio tra le parti. Rimane la loro eredit\u00e0 di ideali e di rigore intellettuale a cui ispirare il nostro servizio oltrech\u00e9 una continuit\u00e0 di sentimenti e di rapporti di amicizia&#8221;.<\/em><\/p>\n<p>Il presidente della Regione Toscana <strong>Eugenio Giani<\/strong> ha ricordato &#8220;<em>la settimana successiva alla strage le assemblee degli studenti, lo sdegno della citt\u00e0. Da quella capacit\u00e0 di reazione arriv\u00f2 anche l&#8217;impulso a magistrati, bravissimi, che sono riusciti a ricostruire tutto il percorso criminoso e portare a 32 condanne esemplari. La strage dei Georgofili \u00e8 un punto di riferimento della reazione civile e della capacit\u00e0 della giustizia di fare giustizia<\/em>&#8220;.<\/p>\n<p>Il presidente del Senato, <strong>Ignazio La Russa<\/strong>, esprimendo la sua &#8220;commossa vicinanza&#8221;, in un messaggio di saluto ha aggiunto che <em>&#8220;indelebile \u00e8 in tutti noi il ricordo della scellerata violenza mafiosa che la notte tra il 26 e il 27 maggio 1993 ha colpito al cuore la citt\u00e0 di Firenze e tutta l&#8217;Italia con 300 chilogrammi di esplosivo che hanno spezzato vite innocenti, cagionato oltre 40 feriti e deturpato luoghi di arte e di storia. Ma indelebile deve anche essere il ricordo del coraggio e dell&#8217;orgoglio con cui a Firenze e in ogni altro luogo del nostro Paese, nelle Istituzioni cos\u00ec come in ogni ambito della societ\u00e0, l&#8217;Italia seppe sconfiggere il ricatto della paura<\/em>&#8220;.<\/p>\n<p><strong>Mattarella<\/strong>, al termine della cerimonia, ha saluto i parenti delle vittime della strage dei Georgofili prima di fare poi ritorno nella capitale.<\/p>\n","protected":false},"excerpt":{"rendered":"<p>Cerimonia a Palazzo di Giustizia alla presenza del presidente Mattarella per ricordare la reazione collettiva dopo il vile attentato. Il ricordo dei magistrati Vigna e Chelazzi<\/p>\n","protected":false},"author":525,"featured_media":288910,"comment_status":"open","ping_status":"open","sticky":false,"template":"","format":"standard","meta":{"_acf_changed":false,"footnotes":""},"categories":[494],"tags":[3622,4581,6029],"class_list":["post-288903","post","type-post","status-publish","format-standard","has-post-thumbnail","hentry","category-attualita","tag-mafia","tag-sergio-mattarella","tag-strage-dei-georgofili"],"acf":[],"yoast_head":"<!-- This site is optimized with the Yoast SEO Premium plugin v24.2 (Yoast SEO v25.6) - https:\/\/yoast.com\/wordpress\/plugins\/seo\/ -->\n<title>Strage dei Georgofili, quando l&#039;Italia alz\u00f2 la testa contro la mafia - intoscana<\/title>\n<meta name=\"description\" content=\"Cerimonia a Palazzo di Giustizia alla presenza del presidente Mattarella per ricordare la reazione collettiva dopo il vile attentato\" \/>\n<meta name=\"robots\" content=\"index, follow, max-snippet:-1, max-image-preview:large, max-video-preview:-1\" \/>\n<link rel=\"canonical\" href=\"https:\/\/www.intoscana.it\/it\/strage-dei-georgofili-quando-litalia-alzo-la-testa-contro-la-mafia\/\" \/>\n<meta property=\"og:locale\" content=\"it_IT\" \/>\n<meta property=\"og:type\" content=\"article\" \/>\n<meta property=\"og:title\" content=\"Strage dei Georgofili, quando l&#039;Italia alz\u00f2 la testa contro la mafia\" \/>\n<meta property=\"og:description\" content=\"Cerimonia a Palazzo di Giustizia alla presenza del presidente Mattarella per ricordare la reazione collettiva dopo il vile attentato\" \/>\n<meta property=\"og:url\" content=\"https:\/\/www.intoscana.it\/it\/strage-dei-georgofili-quando-litalia-alzo-la-testa-contro-la-mafia\/\" \/>\n<meta property=\"og:site_name\" content=\"intoscana\" \/>\n<meta property=\"article:publisher\" content=\"https:\/\/www.facebook.com\/intoscana.it\" \/>\n<meta property=\"article:published_time\" content=\"2023-05-27T16:36:21+00:00\" \/>\n<meta property=\"article:modified_time\" content=\"2023-05-29T10:46:45+00:00\" \/>\n<meta property=\"og:image\" content=\"https:\/\/www.intoscana.it\/wp-content\/uploads\/Larrrivo-del-presidente-Mattarella-al-Palazzo-di-Giustizia.jpeg\" \/>\n\t<meta property=\"og:image:width\" content=\"1600\" \/>\n\t<meta property=\"og:image:height\" content=\"1395\" \/>\n\t<meta property=\"og:image:type\" content=\"image\/jpeg\" \/>\n<meta name=\"author\" content=\"Redazione\" \/>\n<meta name=\"twitter:card\" content=\"summary_large_image\" \/>\n<meta name=\"twitter:creator\" content=\"@intoscana\" \/>\n<meta name=\"twitter:site\" content=\"@intoscana\" \/>\n<meta name=\"twitter:label1\" content=\"Written by\" \/>\n\t<meta name=\"twitter:data1\" content=\"Redazione\" \/>\n\t<meta name=\"twitter:label2\" content=\"Est. reading time\" \/>\n\t<meta name=\"twitter:data2\" content=\"3 minuti\" \/>\n<script type=\"application\/ld+json\" class=\"yoast-schema-graph\">{\"@context\":\"https:\/\/schema.org\",\"@graph\":[{\"@type\":\"WebPage\",\"@id\":\"https:\/\/www.intoscana.it\/it\/strage-dei-georgofili-quando-litalia-alzo-la-testa-contro-la-mafia\/\",\"url\":\"https:\/\/www.intoscana.it\/it\/strage-dei-georgofili-quando-litalia-alzo-la-testa-contro-la-mafia\/\",\"name\":\"Strage dei Georgofili, quando l'Italia alz\u00f2 la testa contro la mafia - intoscana\",\"isPartOf\":{\"@id\":\"https:\/\/www.intoscana.it\/it\/#website\"},\"primaryImageOfPage\":{\"@id\":\"https:\/\/www.intoscana.it\/it\/strage-dei-georgofili-quando-litalia-alzo-la-testa-contro-la-mafia\/#primaryimage\"},\"image\":{\"@id\":\"https:\/\/www.intoscana.it\/it\/strage-dei-georgofili-quando-litalia-alzo-la-testa-contro-la-mafia\/#primaryimage\"},\"thumbnailUrl\":\"https:\/\/www.intoscana.it\/wp-content\/uploads\/Larrrivo-del-presidente-Mattarella-al-Palazzo-di-Giustizia.jpeg\",\"datePublished\":\"2023-05-27T16:36:21+00:00\",\"dateModified\":\"2023-05-29T10:46:45+00:00\",\"author\":{\"@id\":\"https:\/\/www.intoscana.it\/it\/#\/schema\/person\/9223810753230f20bd670fdd322661f8\"},\"description\":\"Cerimonia a Palazzo di Giustizia alla presenza del presidente Mattarella per ricordare la reazione collettiva dopo il vile attentato\",\"breadcrumb\":{\"@id\":\"https:\/\/www.intoscana.it\/it\/strage-dei-georgofili-quando-litalia-alzo-la-testa-contro-la-mafia\/#breadcrumb\"},\"inLanguage\":\"it-IT\",\"potentialAction\":[{\"@type\":\"ReadAction\",\"target\":[\"https:\/\/www.intoscana.it\/it\/strage-dei-georgofili-quando-litalia-alzo-la-testa-contro-la-mafia\/\"]}]},{\"@type\":\"ImageObject\",\"inLanguage\":\"it-IT\",\"@id\":\"https:\/\/www.intoscana.it\/it\/strage-dei-georgofili-quando-litalia-alzo-la-testa-contro-la-mafia\/#primaryimage\",\"url\":\"https:\/\/www.intoscana.it\/wp-content\/uploads\/Larrrivo-del-presidente-Mattarella-al-Palazzo-di-Giustizia.jpeg\",\"contentUrl\":\"https:\/\/www.intoscana.it\/wp-content\/uploads\/Larrrivo-del-presidente-Mattarella-al-Palazzo-di-Giustizia.jpeg\",\"width\":1600,\"height\":1395},{\"@type\":\"BreadcrumbList\",\"@id\":\"https:\/\/www.intoscana.it\/it\/strage-dei-georgofili-quando-litalia-alzo-la-testa-contro-la-mafia\/#breadcrumb\",\"itemListElement\":[{\"@type\":\"ListItem\",\"position\":1,\"name\":\"Home\",\"item\":\"https:\/\/www.intoscana.it\/it\/\"},{\"@type\":\"ListItem\",\"position\":2,\"name\":\"Strage dei Georgofili, quando l&#8217;Italia alz\u00f2 la testa contro la mafia\"}]},{\"@type\":\"WebSite\",\"@id\":\"https:\/\/www.intoscana.it\/it\/#website\",\"url\":\"https:\/\/www.intoscana.it\/it\/\",\"name\":\"intoscana\",\"description\":\"\",\"potentialAction\":[{\"@type\":\"SearchAction\",\"target\":{\"@type\":\"EntryPoint\",\"urlTemplate\":\"https:\/\/www.intoscana.it\/it\/?s={search_term_string}\"},\"query-input\":{\"@type\":\"PropertyValueSpecification\",\"valueRequired\":true,\"valueName\":\"search_term_string\"}}],\"inLanguage\":\"it-IT\"},{\"@type\":\"Person\",\"@id\":\"https:\/\/www.intoscana.it\/it\/#\/schema\/person\/9223810753230f20bd670fdd322661f8\",\"name\":\"Redazione\",\"url\":\"https:\/\/www.intoscana.it\/it\/author\/redazione\/\"}]}<\/script>\n<!-- \/ Yoast SEO Premium plugin. -->","yoast_head_json":{"title":"Strage dei Georgofili, quando l'Italia alz\u00f2 la testa contro la mafia - intoscana","description":"Cerimonia a Palazzo di Giustizia alla presenza del presidente Mattarella per ricordare la reazione collettiva dopo il vile attentato","robots":{"index":"index","follow":"follow","max-snippet":"max-snippet:-1","max-image-preview":"max-image-preview:large","max-video-preview":"max-video-preview:-1"},"canonical":"https:\/\/www.intoscana.it\/it\/strage-dei-georgofili-quando-litalia-alzo-la-testa-contro-la-mafia\/","og_locale":"it_IT","og_type":"article","og_title":"Strage dei Georgofili, quando l'Italia alz\u00f2 la testa contro la mafia","og_description":"Cerimonia a Palazzo di Giustizia alla presenza del presidente Mattarella per ricordare la reazione collettiva dopo il vile attentato","og_url":"https:\/\/www.intoscana.it\/it\/strage-dei-georgofili-quando-litalia-alzo-la-testa-contro-la-mafia\/","og_site_name":"intoscana","article_publisher":"https:\/\/www.facebook.com\/intoscana.it","article_published_time":"2023-05-27T16:36:21+00:00","article_modified_time":"2023-05-29T10:46:45+00:00","og_image":[{"width":1600,"height":1395,"url":"https:\/\/www.intoscana.it\/wp-content\/uploads\/Larrrivo-del-presidente-Mattarella-al-Palazzo-di-Giustizia.jpeg","type":"image\/jpeg"}],"author":"Redazione","twitter_card":"summary_large_image","twitter_creator":"@intoscana","twitter_site":"@intoscana","twitter_misc":{"Written by":"Redazione","Est. reading time":"3 minuti"},"schema":{"@context":"https:\/\/schema.org","@graph":[{"@type":"WebPage","@id":"https:\/\/www.intoscana.it\/it\/strage-dei-georgofili-quando-litalia-alzo-la-testa-contro-la-mafia\/","url":"https:\/\/www.intoscana.it\/it\/strage-dei-georgofili-quando-litalia-alzo-la-testa-contro-la-mafia\/","name":"Strage dei Georgofili, quando l'Italia alz\u00f2 la testa contro la mafia - intoscana","isPartOf":{"@id":"https:\/\/www.intoscana.it\/it\/#website"},"primaryImageOfPage":{"@id":"https:\/\/www.intoscana.it\/it\/strage-dei-georgofili-quando-litalia-alzo-la-testa-contro-la-mafia\/#primaryimage"},"image":{"@id":"https:\/\/www.intoscana.it\/it\/strage-dei-georgofili-quando-litalia-alzo-la-testa-contro-la-mafia\/#primaryimage"},"thumbnailUrl":"https:\/\/www.intoscana.it\/wp-content\/uploads\/Larrrivo-del-presidente-Mattarella-al-Palazzo-di-Giustizia.jpeg","datePublished":"2023-05-27T16:36:21+00:00","dateModified":"2023-05-29T10:46:45+00:00","author":{"@id":"https:\/\/www.intoscana.it\/it\/#\/schema\/person\/9223810753230f20bd670fdd322661f8"},"description":"Cerimonia a Palazzo di Giustizia alla presenza del presidente Mattarella per ricordare la reazione collettiva dopo il vile attentato","breadcrumb":{"@id":"https:\/\/www.intoscana.it\/it\/strage-dei-georgofili-quando-litalia-alzo-la-testa-contro-la-mafia\/#breadcrumb"},"inLanguage":"it-IT","potentialAction":[{"@type":"ReadAction","target":["https:\/\/www.intoscana.it\/it\/strage-dei-georgofili-quando-litalia-alzo-la-testa-contro-la-mafia\/"]}]},{"@type":"ImageObject","inLanguage":"it-IT","@id":"https:\/\/www.intoscana.it\/it\/strage-dei-georgofili-quando-litalia-alzo-la-testa-contro-la-mafia\/#primaryimage","url":"https:\/\/www.intoscana.it\/wp-content\/uploads\/Larrrivo-del-presidente-Mattarella-al-Palazzo-di-Giustizia.jpeg","contentUrl":"https:\/\/www.intoscana.it\/wp-content\/uploads\/Larrrivo-del-presidente-Mattarella-al-Palazzo-di-Giustizia.jpeg","width":1600,"height":1395},{"@type":"BreadcrumbList","@id":"https:\/\/www.intoscana.it\/it\/strage-dei-georgofili-quando-litalia-alzo-la-testa-contro-la-mafia\/#breadcrumb","itemListElement":[{"@type":"ListItem","position":1,"name":"Home","item":"https:\/\/www.intoscana.it\/it\/"},{"@type":"ListItem","position":2,"name":"Strage dei Georgofili, quando l&#8217;Italia alz\u00f2 la testa contro la mafia"}]},{"@type":"WebSite","@id":"https:\/\/www.intoscana.it\/it\/#website","url":"https:\/\/www.intoscana.it\/it\/","name":"intoscana","description":"","potentialAction":[{"@type":"SearchAction","target":{"@type":"EntryPoint","urlTemplate":"https:\/\/www.intoscana.it\/it\/?s={search_term_string}"},"query-input":{"@type":"PropertyValueSpecification","valueRequired":true,"valueName":"search_term_string"}}],"inLanguage":"it-IT"},{"@type":"Person","@id":"https:\/\/www.intoscana.it\/it\/#\/schema\/person\/9223810753230f20bd670fdd322661f8","name":"Redazione","url":"https:\/\/www.intoscana.it\/it\/author\/redazione\/"}]}},"_links":{"self":[{"href":"https:\/\/www.intoscana.it\/it\/wp-json\/wp\/v2\/posts\/288903","targetHints":{"allow":["GET"]}}],"collection":[{"href":"https:\/\/www.intoscana.it\/it\/wp-json\/wp\/v2\/posts"}],"about":[{"href":"https:\/\/www.intoscana.it\/it\/wp-json\/wp\/v2\/types\/post"}],"author":[{"embeddable":true,"href":"https:\/\/www.intoscana.it\/it\/wp-json\/wp\/v2\/users\/525"}],"replies":[{"embeddable":true,"href":"https:\/\/www.intoscana.it\/it\/wp-json\/wp\/v2\/comments?post=288903"}],"version-history":[{"count":0,"href":"https:\/\/www.intoscana.it\/it\/wp-json\/wp\/v2\/posts\/288903\/revisions"}],"wp:featuredmedia":[{"embeddable":true,"href":"https:\/\/www.intoscana.it\/it\/wp-json\/wp\/v2\/media\/288910"}],"wp:attachment":[{"href":"https:\/\/www.intoscana.it\/it\/wp-json\/wp\/v2\/media?parent=288903"}],"wp:term":[{"taxonomy":"category","embeddable":true,"href":"https:\/\/www.intoscana.it\/it\/wp-json\/wp\/v2\/categories?post=288903"},{"taxonomy":"post_tag","embeddable":true,"href":"https:\/\/www.intoscana.it\/it\/wp-json\/wp\/v2\/tags?post=288903"}],"curies":[{"name":"wp","href":"https:\/\/api.w.org\/{rel}","templated":true}]}}