{"id":289067,"date":"2023-05-29T13:50:47","date_gmt":"2023-05-29T11:50:47","guid":{"rendered":"https:\/\/www.intoscana.it\/it\/?p=289067"},"modified":"2023-05-29T16:17:43","modified_gmt":"2023-05-29T14:17:43","slug":"kilowatt-festival-2023-il-paradiso-adesso-a-luglio-arriva-a-sansepolcro-e-cortona","status":"publish","type":"post","link":"https:\/\/www.intoscana.it\/it\/kilowatt-festival-2023-il-paradiso-adesso-a-luglio-arriva-a-sansepolcro-e-cortona\/","title":{"rendered":"Kilowatt Festival 2023: il &#8220;Paradiso Adesso&#8221; a luglio arriva a Sansepolcro e Cortona"},"content":{"rendered":"<p>Torna il \u2018<strong>Kilowatt Festival\u2019,<\/strong> kermesse internazionale che si svolger\u00e0 in provincia di Arezzo, a <strong>Sansepolcro dall&#8217;11 al 15 luglio e a Cortona dal 19 al 23 luglio.<\/strong><\/p>\n<p>Il Kilowatt \u00e8 un <strong>festival multidisciplinare <\/strong>riservato alle nuove produzioni di compagnie professionali di <strong>teatro contemporaneo, danza, arti performative, nouveau cirque e musica<\/strong> che ogni anno porta in<strong> Valtiberina<\/strong>\u00a0il meglio da tutta Europa.<\/p>\n<p><em>\u201cTeatro contemporaneo, danza, musica, arte circense, il Kilowatt Festival riunisce tanti volti dello spettacolo dal vivo e li immerge in scenari immensamente suggestivi come il centro di Sansepolcro, dove l\u2019iniziativa \u00e8 nata e cresciuta, o Cortona \u2013<\/em><strong> sottolinea il presidente della Regione Toscana Eugenio Giani <\/strong><em>\u2013 \u00c8 con grande soddisfazione che seguo il percorso di questa manifestazione, giunta al suo ventunesimo anno, che ha saputo farsi strada e resistere anche ad anni difficili, come quelli appena trascorsi. La Regione Toscana ha riservato attenzione costante al mondo della cultura e dello spettacolo, il nostro lavoro su questo fronte \u00e8 andato avanti, sia sotto forma di sostegno, che come ascolto e collaborazione, e lo dimostrano gli straordinari risultati partecipativi ottenuti con gli Stati generali della cultura\u201d.<\/em><\/p>\n<p>Hanno dichiarato i due\u00a0<strong>direttori artistici Lucia Franchi e Luca Ricci:<\/strong> <em>&#8220;Le parole che accompagnano la ventunesima edizione di Kilowatt sono un omaggio alla celebre performance <strong>\u201cParadise Now\u201d,<\/strong> realizzata tra il 1968 e il 1970 dal gruppo americano <strong>Living Theatre<\/strong>. In questo modo, facciamo riferimento a una generazione che ha creduto nel futuro, lottando nel proprio presente. Immaginiamo, o forse speriamo, che possa riguardarci, adesso.<strong> Percepiamo un forte bisogno di cambiamenti, il desiderio di un nuovo modo di vivere.<\/strong> Non dobbiamo perdere il paradiso gi\u00e0 conquistato, mai darlo per scontato e allo stesso tempo vogliamo crearne uno nuovo che sia davvero per tutti, soprattutto per chi ora ne resta fuori. Dobbiamo avere la forza di trasformare il \u201ctanto-non-cambier\u00e0 niente\u201d in pensiero creativo e costruttivo, in bellezza, in ottimismo della volont\u00e0. Consapevoli, per\u00f2, che la perfezione non esiste: \u00e8 un altro radicalismo che impoverisce le battaglie. Del resto, <strong>pure in paradiso arriv\u00f2 un serpente\u2026<\/strong> Ci auguriamo che i giorni di Kilowatt siano pieni di energia, per stimolare coraggio e visionariet\u00e0. In un rito collettivo: <strong>l\u2019Eden \u00e8 un giardino infinito, non un piccolo orticello che ognuno coltiva da solo. Pronti a saltare?&#8221;.<\/strong><\/em><\/p>\n<figure id=\"post-289098 media-289098\" class=\"align-none\"><img decoding=\"async\" src=\"https:\/\/www.intoscana.it\/wp-content\/uploads\/73723158232ce8e63a27e4e1b70c39a3_XL.jpg\" alt=\"\" \/><\/figure>\n<div class=\"titleimg\"><em>Antonio Latella &#8211; \u00a9 https:\/\/www.sipario.it<\/em><\/div>\n<h3>Omaggio a Antonio Latella<\/h3>\n<p>Il festival di quest\u2019anno vedr\u00e0 protagonista <strong>Antonio Latella che festegger\u00e0 i suoi primi 25 anni da regista<\/strong>.<\/p>\n<p><strong>Antonio Latella<\/strong> porter\u00e0 in scena lo spettacolo<em><strong> &#8220;Hotel Goldoni- Il servitore di due padroni&#8221;<\/strong><\/em>, lavoro di sua regia che vede protagonisti dodici giovani attori dell\u2019Accademia d\u2019arte drammatica <strong>Silvio D\u2019amico di Roma,<\/strong> spettacolo praticamente inedito avendo fatto una sola data a Roma.<\/p>\n<p>La mostra che verr\u00e0 inaugurata l\u201911 luglio dal titolo<em><strong>\u00a0\u201cAmletichevolissimevolmente. Antonio Latella: 3 Amleto in 3 decenni\u201d<\/strong><\/em> a cura di Federico Bellini ripercorrer\u00e0 le tappe della sua carriera.<\/p>\n<p><strong>Il 14 e 15 luglio<\/strong>\u00a0infine \u00e8 in programma l<strong>\u2019incontro pubblico dal titolo Muse o Museruole<\/strong> che vede la partecipazione di undici attrici, compagne di lavoro del regista campano, quali: <strong>Valentina Acca, Silvia Ajelli, Sonia Bergamasco, Caterina Carpio, Anna Coppola, Laura Marinoni, Candida Ieri, Monica Piseddu, Federica Rosellini, Cinzia Span\u00f2, Elisabetta Valgoi.<\/strong> Moderano il dibattito la critica teatrale <strong>Claudia Cannella<\/strong> e la studiosa <strong>Maria Federica Mazzocchi.<\/strong><\/p>\n<h3>Il programma degli spettacoli<\/h3>\n<p>Sono <strong>64 gli spettacoli in cartellone nei 10 giorni di festival<\/strong>: 15 tra anteprime, prime assolute e prime nazionali, 21 eventi extra-teatrali, tra cui concerti, dj-set, incontri e convegni, oltre 200 artisti e 59 compagnie.<\/p>\n<p>Il cartellone propone <strong>15 tra anteprime, prime assolute e prime nazionali di teatro e danza<\/strong>, con in scena i nuovi lavori di: <strong>Roger Bernat, acquasumARTE, I Sacchi di Sabbia, Amendola\/Malorni, Berardi &#8211; Casolari, Psicopompo Teatro, Filippo Capparella e Omar Giorgio Makhloufi, Gioia Salvatori<\/strong>.<\/p>\n<p>Per la danza, in prima nazionale, gli spettacoli di <strong>Betty Tchomanga, Marco Augusto Chenevier, Yotam Peled, compagnia Qui e Ora con Sosta Palmizi, Yana Reutova, Evangelos Biskas, Joshua Monten<\/strong>.<\/p>\n<p>Attesi anche grandi artisti che ritornano al festival, come<strong> Virgilio Sieni, Nicola Galli, Adriano Bolognino<\/strong> e nuove ospitalit\u00e0, quali <strong>Claudia Castellucci e Julian Hetzel con Ntando Cele.<\/strong><\/p>\n<p><strong>Nove sono le compagnie<\/strong> selezionate dai <strong>Visionari, i 45 cittadini della Valtiberina<\/strong>, appassionati di spettacolo dal vivo e non addetti ai lavori, che hanno scelto 9 titoli per il cartellone del festival, tra le oltre 400 proposte video pervenute tramite il bando <em><strong>L\u2019Italia dei Visionari.<\/strong><\/em><\/p>\n<p>In scena a Sansepolcro: <em><strong>Con la carabina<\/strong><\/em>, regia di <strong>Licia Lanera<\/strong>; <em><strong>Una riga nera al piano di sopr<\/strong><\/em>a, di e con <strong>Matilde Vigna<\/strong>; <em><strong>RER<\/strong><\/em> di <strong>Pablo Girolami \/ IVONA<\/strong>; <em><strong>Il mio corpo \u00e8 come un monte<\/strong><\/em>, di <strong>Collettivo EFFE<\/strong>; <em><strong>Still Alive<\/strong><\/em>\u00a0di <strong>Caterina Marino<\/strong>; <em><strong>Suck my iperuranio<\/strong><\/em> \u2013 per una stand-up comedy triste, ironica, potenzialmente straziante, di e con <strong>Giovanni Onorato<\/strong>; <em><strong>Silent Voices<\/strong><\/em>\u00a0di <strong>Collettivo Biloura<\/strong>; <em><strong>Under the influence<\/strong> <\/em>di <strong>Gianmaria Borzillo<em>; Af\u00e0nisi<\/em><\/strong> di <strong>Alessandro Paschitto.<\/strong><\/p>\n<p>A Cortona, la Piazza del Duomo ospita il circo in seconda serata, con ospitalit\u00e0 internazionali quali <strong>il clown canadese Daniel Warr,<\/strong> e la danza urbana che irrompe in Piazza della Repubblica all\u2019ora dell\u2019aperitivo.<\/p>\n<p>Tra gli incontri pubblici in programma, aperti a tutti e gratuiti, il convegno <em><strong>Chi ha paura del teatro digitale: l\u2019opportunit\u00e0 dell\u2019online per le performing arts<\/strong><\/em>, tre giornate di lavori &#8211; 19, 20, 21 luglio, Cortona &#8211; che vedono alternarsi le sessioni dei keynote speakers ai tavoli di lavoro coordinati da critici e operatori del settore.<\/p>\n<p>Ad affiancare il convegno due lavori di teatro\/danza digitale nati in seno al progetto delle Residenze Digitali: <em><strong>Drone tragico \u2013 un volo sull\u2019Orestea<\/strong><\/em> di Teatrino Giullare e<em><strong> Them \u2013 immagine movimento<\/strong> <\/em>di gruppo nanou. E ancora, a Cortona, l\u2019incontro nazionale della Rete Risonanze, <strong>COMING UP NEXT: Pratiche di formazione e partecipazione per un nuovo pubblico.<\/strong><\/p>\n<div class=\"titleimg\">\n<figure id=\"post-235185 media-235185\" class=\"align-none\"><img decoding=\"async\" src=\"https:\/\/www.intoscana.it\/wp-content\/uploads\/foto-RYF-scaled-1-scaled.jpg\" alt=\"\" \/><\/figure>\n<div class=\"titleimg\">RYF<\/div>\n<\/div>\n<h3>I concerti<\/h3>\n<p>Non c\u2019\u00e8 festival senza dopofestival, a cura di effetto k e in collaborazione con <strong>Associazione culturale Cautha. <\/strong><\/p>\n<p>In programma i concerti di: <strong>Cemento Atlantico, Demag\u00f3, Eugenia Post Meridiem, <a href=\"https:\/\/www.intoscana.it\/it\/dettaglio-video\/hate-moss-il-duo-italo-brasiliano-che-abbatte-i-confini-geografici-e-musicali\/\" target=\"_blank\" rel=\"noopener\">Hate Moss<\/a>, Lotta<\/strong> (Carlotta Sarina), omaggio a Carlo Conti di<strong> Sergio Gaggiotti (Rossomalpelo) &amp; Friends<\/strong>, <strong>Phill Reynolds, Riverso<\/strong> (Lodovico Rossi), <strong><a href=\"https:\/\/www.intoscana.it\/it\/articolo\/r-y-f-concerto-pecci-prato\/\" target=\"_blank\" rel=\"noopener\">R.Y.F.<\/a>, Wisecrack.<\/strong><\/p>\n","protected":false},"excerpt":{"rendered":"<p>A Sansepolcro dall&#8217;11 al 15 luglio e a Cortona dal 19 al 23 luglio torna la rassegna che porta in Valtiberina nuove produzioni di compagnie professionali di teatro contemporaneo, danza, arti performative, nouveau cirque e musica da tutta Europa<\/p>\n","protected":false},"author":518,"featured_media":289069,"comment_status":"open","ping_status":"open","sticky":false,"template":"","format":"standard","meta":{"_acf_changed":false,"footnotes":""},"categories":[493],"tags":[2503,5564,235,399,228,6409,236],"class_list":["post-289067","post","type-post","status-publish","format-standard","has-post-thumbnail","hentry","category-cultura","tag-cortona","tag-danza","tag-estate","tag-estate-in-toscana","tag-festival","tag-sansepolcro","tag-teatro"],"acf":[],"yoast_head":"<!-- This site is optimized with the Yoast SEO Premium plugin v24.2 (Yoast SEO v25.6) - https:\/\/yoast.com\/wordpress\/plugins\/seo\/ -->\n<title>Kilowatt Festival 2023: il &quot;Paradiso Adesso&quot; a luglio arriva a Sansepolcro e Cortona - intoscana<\/title>\n<meta name=\"description\" content=\"A Sansepolcro dall&#039;11 al 15 luglio e a Cortona dal 19 al 23 luglio torna la rassegna che porta nuove produzioni di compagnie professionali\" \/>\n<meta name=\"robots\" content=\"index, follow, max-snippet:-1, max-image-preview:large, max-video-preview:-1\" \/>\n<link rel=\"canonical\" href=\"https:\/\/www.intoscana.it\/it\/kilowatt-festival-2023-il-paradiso-adesso-a-luglio-arriva-a-sansepolcro-e-cortona\/\" \/>\n<meta property=\"og:locale\" content=\"it_IT\" \/>\n<meta property=\"og:type\" content=\"article\" \/>\n<meta property=\"og:title\" content=\"Kilowatt Festival 2023: il &quot;Paradiso Adesso&quot; a luglio arriva a Sansepolcro e Cortona\" \/>\n<meta property=\"og:description\" content=\"A Sansepolcro dall&#039;11 al 15 luglio e a Cortona dal 19 al 23 luglio torna la rassegna che porta nuove produzioni di compagnie professionali\" \/>\n<meta property=\"og:url\" content=\"https:\/\/www.intoscana.it\/it\/kilowatt-festival-2023-il-paradiso-adesso-a-luglio-arriva-a-sansepolcro-e-cortona\/\" \/>\n<meta property=\"og:site_name\" content=\"intoscana\" \/>\n<meta property=\"article:publisher\" content=\"https:\/\/www.facebook.com\/intoscana.it\" \/>\n<meta property=\"article:published_time\" content=\"2023-05-29T11:50:47+00:00\" \/>\n<meta property=\"article:modified_time\" content=\"2023-05-29T14:17:43+00:00\" \/>\n<meta property=\"og:image\" content=\"https:\/\/www.intoscana.it\/wp-content\/uploads\/kilowatt-festival-2023.jpg\" \/>\n\t<meta property=\"og:image:width\" content=\"1920\" \/>\n\t<meta property=\"og:image:height\" content=\"1080\" \/>\n\t<meta property=\"og:image:type\" content=\"image\/jpeg\" \/>\n<meta name=\"author\" content=\"Costanza Baldini\" \/>\n<meta name=\"twitter:card\" content=\"summary_large_image\" \/>\n<meta name=\"twitter:creator\" content=\"@intoscana\" \/>\n<meta name=\"twitter:site\" content=\"@intoscana\" \/>\n<meta name=\"twitter:label1\" content=\"Written by\" \/>\n\t<meta name=\"twitter:data1\" content=\"Costanza Baldini\" \/>\n\t<meta name=\"twitter:label2\" content=\"Est. reading time\" \/>\n\t<meta name=\"twitter:data2\" content=\"5 minuti\" \/>\n<script type=\"application\/ld+json\" class=\"yoast-schema-graph\">{\"@context\":\"https:\/\/schema.org\",\"@graph\":[{\"@type\":\"WebPage\",\"@id\":\"https:\/\/www.intoscana.it\/it\/kilowatt-festival-2023-il-paradiso-adesso-a-luglio-arriva-a-sansepolcro-e-cortona\/\",\"url\":\"https:\/\/www.intoscana.it\/it\/kilowatt-festival-2023-il-paradiso-adesso-a-luglio-arriva-a-sansepolcro-e-cortona\/\",\"name\":\"Kilowatt Festival 2023: il \\\"Paradiso Adesso\\\" a luglio arriva a Sansepolcro e Cortona - intoscana\",\"isPartOf\":{\"@id\":\"https:\/\/www.intoscana.it\/it\/#website\"},\"primaryImageOfPage\":{\"@id\":\"https:\/\/www.intoscana.it\/it\/kilowatt-festival-2023-il-paradiso-adesso-a-luglio-arriva-a-sansepolcro-e-cortona\/#primaryimage\"},\"image\":{\"@id\":\"https:\/\/www.intoscana.it\/it\/kilowatt-festival-2023-il-paradiso-adesso-a-luglio-arriva-a-sansepolcro-e-cortona\/#primaryimage\"},\"thumbnailUrl\":\"https:\/\/www.intoscana.it\/wp-content\/uploads\/kilowatt-festival-2023.jpg\",\"datePublished\":\"2023-05-29T11:50:47+00:00\",\"dateModified\":\"2023-05-29T14:17:43+00:00\",\"author\":{\"@id\":\"https:\/\/www.intoscana.it\/it\/#\/schema\/person\/d469f35f09739bdf00bf5dd3f0647a82\"},\"description\":\"A Sansepolcro dall'11 al 15 luglio e a Cortona dal 19 al 23 luglio torna la rassegna che porta nuove produzioni di compagnie professionali\",\"breadcrumb\":{\"@id\":\"https:\/\/www.intoscana.it\/it\/kilowatt-festival-2023-il-paradiso-adesso-a-luglio-arriva-a-sansepolcro-e-cortona\/#breadcrumb\"},\"inLanguage\":\"it-IT\",\"potentialAction\":[{\"@type\":\"ReadAction\",\"target\":[\"https:\/\/www.intoscana.it\/it\/kilowatt-festival-2023-il-paradiso-adesso-a-luglio-arriva-a-sansepolcro-e-cortona\/\"]}]},{\"@type\":\"ImageObject\",\"inLanguage\":\"it-IT\",\"@id\":\"https:\/\/www.intoscana.it\/it\/kilowatt-festival-2023-il-paradiso-adesso-a-luglio-arriva-a-sansepolcro-e-cortona\/#primaryimage\",\"url\":\"https:\/\/www.intoscana.it\/wp-content\/uploads\/kilowatt-festival-2023.jpg\",\"contentUrl\":\"https:\/\/www.intoscana.it\/wp-content\/uploads\/kilowatt-festival-2023.jpg\",\"width\":1920,\"height\":1080,\"caption\":\"Kilowatt Festival 2023\"},{\"@type\":\"BreadcrumbList\",\"@id\":\"https:\/\/www.intoscana.it\/it\/kilowatt-festival-2023-il-paradiso-adesso-a-luglio-arriva-a-sansepolcro-e-cortona\/#breadcrumb\",\"itemListElement\":[{\"@type\":\"ListItem\",\"position\":1,\"name\":\"Home\",\"item\":\"https:\/\/www.intoscana.it\/it\/\"},{\"@type\":\"ListItem\",\"position\":2,\"name\":\"Kilowatt Festival 2023: il &#8220;Paradiso Adesso&#8221; a luglio arriva a Sansepolcro e Cortona\"}]},{\"@type\":\"WebSite\",\"@id\":\"https:\/\/www.intoscana.it\/it\/#website\",\"url\":\"https:\/\/www.intoscana.it\/it\/\",\"name\":\"intoscana\",\"description\":\"\",\"potentialAction\":[{\"@type\":\"SearchAction\",\"target\":{\"@type\":\"EntryPoint\",\"urlTemplate\":\"https:\/\/www.intoscana.it\/it\/?s={search_term_string}\"},\"query-input\":{\"@type\":\"PropertyValueSpecification\",\"valueRequired\":true,\"valueName\":\"search_term_string\"}}],\"inLanguage\":\"it-IT\"},{\"@type\":\"Person\",\"@id\":\"https:\/\/www.intoscana.it\/it\/#\/schema\/person\/d469f35f09739bdf00bf5dd3f0647a82\",\"name\":\"Costanza Baldini\",\"url\":\"https:\/\/www.intoscana.it\/it\/author\/costanza-baldini\/\"}]}<\/script>\n<!-- \/ Yoast SEO Premium plugin. -->","yoast_head_json":{"title":"Kilowatt Festival 2023: il \"Paradiso Adesso\" a luglio arriva a Sansepolcro e Cortona - intoscana","description":"A Sansepolcro dall'11 al 15 luglio e a Cortona dal 19 al 23 luglio torna la rassegna che porta nuove produzioni di compagnie professionali","robots":{"index":"index","follow":"follow","max-snippet":"max-snippet:-1","max-image-preview":"max-image-preview:large","max-video-preview":"max-video-preview:-1"},"canonical":"https:\/\/www.intoscana.it\/it\/kilowatt-festival-2023-il-paradiso-adesso-a-luglio-arriva-a-sansepolcro-e-cortona\/","og_locale":"it_IT","og_type":"article","og_title":"Kilowatt Festival 2023: il \"Paradiso Adesso\" a luglio arriva a Sansepolcro e Cortona","og_description":"A Sansepolcro dall'11 al 15 luglio e a Cortona dal 19 al 23 luglio torna la rassegna che porta nuove produzioni di compagnie professionali","og_url":"https:\/\/www.intoscana.it\/it\/kilowatt-festival-2023-il-paradiso-adesso-a-luglio-arriva-a-sansepolcro-e-cortona\/","og_site_name":"intoscana","article_publisher":"https:\/\/www.facebook.com\/intoscana.it","article_published_time":"2023-05-29T11:50:47+00:00","article_modified_time":"2023-05-29T14:17:43+00:00","og_image":[{"width":1920,"height":1080,"url":"https:\/\/www.intoscana.it\/wp-content\/uploads\/kilowatt-festival-2023.jpg","type":"image\/jpeg"}],"author":"Costanza Baldini","twitter_card":"summary_large_image","twitter_creator":"@intoscana","twitter_site":"@intoscana","twitter_misc":{"Written by":"Costanza Baldini","Est. reading time":"5 minuti"},"schema":{"@context":"https:\/\/schema.org","@graph":[{"@type":"WebPage","@id":"https:\/\/www.intoscana.it\/it\/kilowatt-festival-2023-il-paradiso-adesso-a-luglio-arriva-a-sansepolcro-e-cortona\/","url":"https:\/\/www.intoscana.it\/it\/kilowatt-festival-2023-il-paradiso-adesso-a-luglio-arriva-a-sansepolcro-e-cortona\/","name":"Kilowatt Festival 2023: il \"Paradiso Adesso\" a luglio arriva a Sansepolcro e Cortona - intoscana","isPartOf":{"@id":"https:\/\/www.intoscana.it\/it\/#website"},"primaryImageOfPage":{"@id":"https:\/\/www.intoscana.it\/it\/kilowatt-festival-2023-il-paradiso-adesso-a-luglio-arriva-a-sansepolcro-e-cortona\/#primaryimage"},"image":{"@id":"https:\/\/www.intoscana.it\/it\/kilowatt-festival-2023-il-paradiso-adesso-a-luglio-arriva-a-sansepolcro-e-cortona\/#primaryimage"},"thumbnailUrl":"https:\/\/www.intoscana.it\/wp-content\/uploads\/kilowatt-festival-2023.jpg","datePublished":"2023-05-29T11:50:47+00:00","dateModified":"2023-05-29T14:17:43+00:00","author":{"@id":"https:\/\/www.intoscana.it\/it\/#\/schema\/person\/d469f35f09739bdf00bf5dd3f0647a82"},"description":"A Sansepolcro dall'11 al 15 luglio e a Cortona dal 19 al 23 luglio torna la rassegna che porta nuove produzioni di compagnie professionali","breadcrumb":{"@id":"https:\/\/www.intoscana.it\/it\/kilowatt-festival-2023-il-paradiso-adesso-a-luglio-arriva-a-sansepolcro-e-cortona\/#breadcrumb"},"inLanguage":"it-IT","potentialAction":[{"@type":"ReadAction","target":["https:\/\/www.intoscana.it\/it\/kilowatt-festival-2023-il-paradiso-adesso-a-luglio-arriva-a-sansepolcro-e-cortona\/"]}]},{"@type":"ImageObject","inLanguage":"it-IT","@id":"https:\/\/www.intoscana.it\/it\/kilowatt-festival-2023-il-paradiso-adesso-a-luglio-arriva-a-sansepolcro-e-cortona\/#primaryimage","url":"https:\/\/www.intoscana.it\/wp-content\/uploads\/kilowatt-festival-2023.jpg","contentUrl":"https:\/\/www.intoscana.it\/wp-content\/uploads\/kilowatt-festival-2023.jpg","width":1920,"height":1080,"caption":"Kilowatt Festival 2023"},{"@type":"BreadcrumbList","@id":"https:\/\/www.intoscana.it\/it\/kilowatt-festival-2023-il-paradiso-adesso-a-luglio-arriva-a-sansepolcro-e-cortona\/#breadcrumb","itemListElement":[{"@type":"ListItem","position":1,"name":"Home","item":"https:\/\/www.intoscana.it\/it\/"},{"@type":"ListItem","position":2,"name":"Kilowatt Festival 2023: il &#8220;Paradiso Adesso&#8221; a luglio arriva a Sansepolcro e Cortona"}]},{"@type":"WebSite","@id":"https:\/\/www.intoscana.it\/it\/#website","url":"https:\/\/www.intoscana.it\/it\/","name":"intoscana","description":"","potentialAction":[{"@type":"SearchAction","target":{"@type":"EntryPoint","urlTemplate":"https:\/\/www.intoscana.it\/it\/?s={search_term_string}"},"query-input":{"@type":"PropertyValueSpecification","valueRequired":true,"valueName":"search_term_string"}}],"inLanguage":"it-IT"},{"@type":"Person","@id":"https:\/\/www.intoscana.it\/it\/#\/schema\/person\/d469f35f09739bdf00bf5dd3f0647a82","name":"Costanza Baldini","url":"https:\/\/www.intoscana.it\/it\/author\/costanza-baldini\/"}]}},"_links":{"self":[{"href":"https:\/\/www.intoscana.it\/it\/wp-json\/wp\/v2\/posts\/289067","targetHints":{"allow":["GET"]}}],"collection":[{"href":"https:\/\/www.intoscana.it\/it\/wp-json\/wp\/v2\/posts"}],"about":[{"href":"https:\/\/www.intoscana.it\/it\/wp-json\/wp\/v2\/types\/post"}],"author":[{"embeddable":true,"href":"https:\/\/www.intoscana.it\/it\/wp-json\/wp\/v2\/users\/518"}],"replies":[{"embeddable":true,"href":"https:\/\/www.intoscana.it\/it\/wp-json\/wp\/v2\/comments?post=289067"}],"version-history":[{"count":0,"href":"https:\/\/www.intoscana.it\/it\/wp-json\/wp\/v2\/posts\/289067\/revisions"}],"wp:featuredmedia":[{"embeddable":true,"href":"https:\/\/www.intoscana.it\/it\/wp-json\/wp\/v2\/media\/289069"}],"wp:attachment":[{"href":"https:\/\/www.intoscana.it\/it\/wp-json\/wp\/v2\/media?parent=289067"}],"wp:term":[{"taxonomy":"category","embeddable":true,"href":"https:\/\/www.intoscana.it\/it\/wp-json\/wp\/v2\/categories?post=289067"},{"taxonomy":"post_tag","embeddable":true,"href":"https:\/\/www.intoscana.it\/it\/wp-json\/wp\/v2\/tags?post=289067"}],"curies":[{"name":"wp","href":"https:\/\/api.w.org\/{rel}","templated":true}]}}