{"id":289272,"date":"2023-05-30T13:58:33","date_gmt":"2023-05-30T11:58:33","guid":{"rendered":"https:\/\/www.intoscana.it\/it\/?p=289272"},"modified":"2023-05-31T11:14:33","modified_gmt":"2023-05-31T09:14:33","slug":"la-storia-della-fiorentina-negli-scatti-di-aldo-polidori-per-la-1-volta-in-mostra-a-palazzo-vecchio","status":"publish","type":"post","link":"https:\/\/www.intoscana.it\/it\/la-storia-della-fiorentina-negli-scatti-di-aldo-polidori-per-la-1-volta-in-mostra-a-palazzo-vecchio\/","title":{"rendered":"La storia della Fiorentina negli scatti di Aldo Polidori per la 1\u00b0 volta in mostra a Palazzo Vecchio"},"content":{"rendered":"<p>L&#8217;Associazione <strong>Centro di Coordinamento Viola Club<\/strong>\u00a0proprietaria della <strong>collezione fotografica di Aldo Polidori,<\/strong> in collaborazione col Comune di Firenze e con le Associazioni Giglio Amico, Glorie Viola e Museo Fiorentina, organizza una mostra per esporre la <strong>raccolta di scatti dello storico tifoso,<\/strong> gi\u00e0 componente del Consiglio Direttivo dell\u2019Associazione.<\/p>\n<p>La mostra si terr\u00e0 nella<strong> Sala d\u2019Arme in Palazzo Vecchio dal 9 al 14 giugno 2023<\/strong> compresi, con orario continuato 10-19.<\/p>\n<p>Per la prima volta verr\u00e0 presentato al pubblico l\u2019<strong>Archivio Aldo Polidori<\/strong>\u00a0che contiene <strong>6 volumi, 705 pagine, 2.643 fotografie<\/strong>, <strong>donato dalla famiglia Polidori all\u2019Associazione<\/strong>.<\/p>\n<p>Si tratta della <strong>pi\u00f9 prestigiosa collezione fotografica cartacea privata sulla storia della Fiorentina dal 1929 al 1960.<\/strong><\/p>\n<p>Gli album saranno esposti in teche chiuse con la <strong>proiezione no-stop della versione digitalizzata di tutte le foto<\/strong>.<\/p>\n<p><strong>Luned\u00ec 12, marted\u00ec 13 e mercoled\u00ec 14,<\/strong>\u00a0alle ore 17.30, si terranno<strong> incontri di approfondimento sulla storia della Fiorentina e di Firenze<\/strong> dedicati ai tre decenni oggetto dell\u2019Archivio Polidori (anni \u201930, anni \u201940, anni \u201950).<\/p>\n<p><em>&#8220;Siamo lieti di avere concesso la Sala d&#8217;Arme di Palazzo Vecchio, la casa di tutti i fiorentini &#8211;<\/em><strong> ha dichiarato l&#8217;assessore allo sport Cosimo Guccione <\/strong><em>&#8211; \u00e8 giusto mantenere vivo un importante spaccato della storia della Fiorentina attraverso una minuziosa raccolta fotografica. Una raccolta che non \u00e8 una fredda esposizione di scatti ma il vivo e pulsante ricordo di un tifoso eccezionale. Ringraziamo per questo la famiglia Polidori, l&#8217;Associazione Centro di Coordinamento Viola Club, proprietaria della collezione, le Associazioni Giglio Amico odv, Glorie Viola e Museo Fiorentina che hanno offerto a tutti i fiorentini questo prezioso tesoro&#8221;.<\/em><\/p>\n<h3>Aldo Polidori (24 marzo 1915 \u2013 9 marzo 1999)<\/h3>\n<p>\u00c8 stato un grande tifoso della <strong>Fiorentina<\/strong> che cominci\u00f2 a seguire fin da ragazzo, quando la squadra giocava ancora nello stadio di Via Bellini. <strong>La sua \u00e8 stata una passione intensa,<\/strong> cresciuta nel tempo cos\u00ec da trasformarlo da semplice spettatore a protagonista delle vicende gigliate.<\/p>\n<p>Finita la seconda guerra mondiale, <strong>la Fiorentina apr\u00ec la nuova sede in via de\u2019 Saponai<\/strong>, ma <strong>era nella bottega di barbiere della famiglia Polidori<\/strong> in via Dante Alighieri che si incontravano giocatori, tifosi e giornalisti per discutere, fra un taglio di capelli ed una rasatura di barba, di formazioni, risultati e tattiche.<\/p>\n<p><strong>Dal 1945 Aldo fu uno dei soci<\/strong> che animarono la vita della Fiorentina, sia organizzando le assemblee sia come funzionario dei servizi allo stadio per le partite della Fiorentina e della Nazionale.<\/p>\n<p>Dopo la nascita (1965) del<strong> Centro di Coordinamento dei Viola Club, Polidori<\/strong> sar\u00e0, per oltre vent\u2019anni, uno dei dirigenti della ACCVC diventandone anche vicepresidente.<\/p>\n<p>La sua passione lo ha portato ad <strong>acquisire partita per partita immagini dalle varie agenzie fotografiche<\/strong> succedutesi negli anni, alcune delle quali scomparse.\u00a0\u00c8 nato cos\u00ec l\u2019<strong>Archivio Aldo Polidori<\/strong> che ha salvato testimonianze fotografiche che altrimenti sarebbero andate perdute.<\/p>\n","protected":false},"excerpt":{"rendered":"<p>Per la prima volta presentato al pubblico l\u2019archivio dello storico tifoso,\u00a0si tratta della pi\u00f9 prestigiosa collezione fotografica cartacea privata sulla storia della Fiorentina dal 1929 al 1960, sar\u00e0 in mostra nella Sala d&#8217;Arme dal 9 al 14 giugno<\/p>\n","protected":false},"author":525,"featured_media":289273,"comment_status":"open","ping_status":"open","sticky":false,"template":"","format":"standard","meta":{"_acf_changed":false,"footnotes":""},"categories":[494],"tags":[199,202,242,222,165],"class_list":["post-289272","post","type-post","status-publish","format-standard","has-post-thumbnail","hentry","category-attualita","tag-fiorentina","tag-firenze","tag-fotografia","tag-mostre","tag-palazzo-vecchio"],"acf":[],"yoast_head":"<!-- This site is optimized with the Yoast SEO Premium plugin v24.2 (Yoast SEO v25.6) - https:\/\/yoast.com\/wordpress\/plugins\/seo\/ -->\n<title>La storia della Fiorentina negli scatti di Aldo Polidori per la 1\u00b0 volta in mostra a Palazzo Vecchio - intoscana<\/title>\n<meta name=\"robots\" content=\"index, follow, max-snippet:-1, max-image-preview:large, max-video-preview:-1\" \/>\n<link rel=\"canonical\" href=\"https:\/\/www.intoscana.it\/it\/la-storia-della-fiorentina-negli-scatti-di-aldo-polidori-per-la-1-volta-in-mostra-a-palazzo-vecchio\/\" \/>\n<meta property=\"og:locale\" content=\"it_IT\" \/>\n<meta property=\"og:type\" content=\"article\" \/>\n<meta property=\"og:title\" content=\"La storia della Fiorentina negli scatti di Aldo Polidori per la 1\u00b0 volta in mostra a Palazzo Vecchio\" \/>\n<meta property=\"og:description\" content=\"Per la prima volta presentato al pubblico l\u2019archivio dello storico tifoso,\u00a0si tratta della pi\u00f9 prestigiosa collezione fotografica cartacea privata sulla storia della Fiorentina dal 1929 al 1960, sar\u00e0 in mostra nella Sala d&#039;Arme dal 9 al 14 giugno\" \/>\n<meta property=\"og:url\" content=\"https:\/\/www.intoscana.it\/it\/la-storia-della-fiorentina-negli-scatti-di-aldo-polidori-per-la-1-volta-in-mostra-a-palazzo-vecchio\/\" \/>\n<meta property=\"og:site_name\" content=\"intoscana\" \/>\n<meta property=\"article:publisher\" content=\"https:\/\/www.facebook.com\/intoscana.it\" \/>\n<meta property=\"article:published_time\" content=\"2023-05-30T11:58:33+00:00\" \/>\n<meta property=\"article:modified_time\" content=\"2023-05-31T09:14:33+00:00\" \/>\n<meta property=\"og:image\" content=\"https:\/\/www.intoscana.it\/wp-content\/uploads\/Fiorentina-1.jpg\" \/>\n\t<meta property=\"og:image:width\" content=\"1134\" \/>\n\t<meta property=\"og:image:height\" content=\"638\" \/>\n\t<meta property=\"og:image:type\" content=\"image\/jpeg\" \/>\n<meta name=\"author\" content=\"Redazione\" \/>\n<meta name=\"twitter:card\" content=\"summary_large_image\" \/>\n<meta name=\"twitter:creator\" content=\"@intoscana\" \/>\n<meta name=\"twitter:site\" content=\"@intoscana\" \/>\n<meta name=\"twitter:label1\" content=\"Written by\" \/>\n\t<meta name=\"twitter:data1\" content=\"Redazione\" \/>\n\t<meta name=\"twitter:label2\" content=\"Est. reading time\" \/>\n\t<meta name=\"twitter:data2\" content=\"2 minuti\" \/>\n<script type=\"application\/ld+json\" class=\"yoast-schema-graph\">{\"@context\":\"https:\/\/schema.org\",\"@graph\":[{\"@type\":\"WebPage\",\"@id\":\"https:\/\/www.intoscana.it\/it\/la-storia-della-fiorentina-negli-scatti-di-aldo-polidori-per-la-1-volta-in-mostra-a-palazzo-vecchio\/\",\"url\":\"https:\/\/www.intoscana.it\/it\/la-storia-della-fiorentina-negli-scatti-di-aldo-polidori-per-la-1-volta-in-mostra-a-palazzo-vecchio\/\",\"name\":\"La storia della Fiorentina negli scatti di Aldo Polidori per la 1\u00b0 volta in mostra a Palazzo Vecchio - intoscana\",\"isPartOf\":{\"@id\":\"https:\/\/www.intoscana.it\/it\/#website\"},\"primaryImageOfPage\":{\"@id\":\"https:\/\/www.intoscana.it\/it\/la-storia-della-fiorentina-negli-scatti-di-aldo-polidori-per-la-1-volta-in-mostra-a-palazzo-vecchio\/#primaryimage\"},\"image\":{\"@id\":\"https:\/\/www.intoscana.it\/it\/la-storia-della-fiorentina-negli-scatti-di-aldo-polidori-per-la-1-volta-in-mostra-a-palazzo-vecchio\/#primaryimage\"},\"thumbnailUrl\":\"https:\/\/www.intoscana.it\/wp-content\/uploads\/Fiorentina-1.jpg\",\"datePublished\":\"2023-05-30T11:58:33+00:00\",\"dateModified\":\"2023-05-31T09:14:33+00:00\",\"author\":{\"@id\":\"https:\/\/www.intoscana.it\/it\/#\/schema\/person\/9223810753230f20bd670fdd322661f8\"},\"breadcrumb\":{\"@id\":\"https:\/\/www.intoscana.it\/it\/la-storia-della-fiorentina-negli-scatti-di-aldo-polidori-per-la-1-volta-in-mostra-a-palazzo-vecchio\/#breadcrumb\"},\"inLanguage\":\"it-IT\",\"potentialAction\":[{\"@type\":\"ReadAction\",\"target\":[\"https:\/\/www.intoscana.it\/it\/la-storia-della-fiorentina-negli-scatti-di-aldo-polidori-per-la-1-volta-in-mostra-a-palazzo-vecchio\/\"]}]},{\"@type\":\"ImageObject\",\"inLanguage\":\"it-IT\",\"@id\":\"https:\/\/www.intoscana.it\/it\/la-storia-della-fiorentina-negli-scatti-di-aldo-polidori-per-la-1-volta-in-mostra-a-palazzo-vecchio\/#primaryimage\",\"url\":\"https:\/\/www.intoscana.it\/wp-content\/uploads\/Fiorentina-1.jpg\",\"contentUrl\":\"https:\/\/www.intoscana.it\/wp-content\/uploads\/Fiorentina-1.jpg\",\"width\":1134,\"height\":638,\"caption\":\"Fiorentina\"},{\"@type\":\"BreadcrumbList\",\"@id\":\"https:\/\/www.intoscana.it\/it\/la-storia-della-fiorentina-negli-scatti-di-aldo-polidori-per-la-1-volta-in-mostra-a-palazzo-vecchio\/#breadcrumb\",\"itemListElement\":[{\"@type\":\"ListItem\",\"position\":1,\"name\":\"Home\",\"item\":\"https:\/\/www.intoscana.it\/it\/\"},{\"@type\":\"ListItem\",\"position\":2,\"name\":\"La storia della Fiorentina negli scatti di Aldo Polidori per la 1\u00b0 volta in mostra a Palazzo Vecchio\"}]},{\"@type\":\"WebSite\",\"@id\":\"https:\/\/www.intoscana.it\/it\/#website\",\"url\":\"https:\/\/www.intoscana.it\/it\/\",\"name\":\"intoscana\",\"description\":\"\",\"potentialAction\":[{\"@type\":\"SearchAction\",\"target\":{\"@type\":\"EntryPoint\",\"urlTemplate\":\"https:\/\/www.intoscana.it\/it\/?s={search_term_string}\"},\"query-input\":{\"@type\":\"PropertyValueSpecification\",\"valueRequired\":true,\"valueName\":\"search_term_string\"}}],\"inLanguage\":\"it-IT\"},{\"@type\":\"Person\",\"@id\":\"https:\/\/www.intoscana.it\/it\/#\/schema\/person\/9223810753230f20bd670fdd322661f8\",\"name\":\"Redazione\",\"url\":\"https:\/\/www.intoscana.it\/it\/author\/redazione\/\"}]}<\/script>\n<!-- \/ Yoast SEO Premium plugin. -->","yoast_head_json":{"title":"La storia della Fiorentina negli scatti di Aldo Polidori per la 1\u00b0 volta in mostra a Palazzo Vecchio - intoscana","robots":{"index":"index","follow":"follow","max-snippet":"max-snippet:-1","max-image-preview":"max-image-preview:large","max-video-preview":"max-video-preview:-1"},"canonical":"https:\/\/www.intoscana.it\/it\/la-storia-della-fiorentina-negli-scatti-di-aldo-polidori-per-la-1-volta-in-mostra-a-palazzo-vecchio\/","og_locale":"it_IT","og_type":"article","og_title":"La storia della Fiorentina negli scatti di Aldo Polidori per la 1\u00b0 volta in mostra a Palazzo Vecchio","og_description":"Per la prima volta presentato al pubblico l\u2019archivio dello storico tifoso,\u00a0si tratta della pi\u00f9 prestigiosa collezione fotografica cartacea privata sulla storia della Fiorentina dal 1929 al 1960, sar\u00e0 in mostra nella Sala d'Arme dal 9 al 14 giugno","og_url":"https:\/\/www.intoscana.it\/it\/la-storia-della-fiorentina-negli-scatti-di-aldo-polidori-per-la-1-volta-in-mostra-a-palazzo-vecchio\/","og_site_name":"intoscana","article_publisher":"https:\/\/www.facebook.com\/intoscana.it","article_published_time":"2023-05-30T11:58:33+00:00","article_modified_time":"2023-05-31T09:14:33+00:00","og_image":[{"width":1134,"height":638,"url":"https:\/\/www.intoscana.it\/wp-content\/uploads\/Fiorentina-1.jpg","type":"image\/jpeg"}],"author":"Redazione","twitter_card":"summary_large_image","twitter_creator":"@intoscana","twitter_site":"@intoscana","twitter_misc":{"Written by":"Redazione","Est. reading time":"2 minuti"},"schema":{"@context":"https:\/\/schema.org","@graph":[{"@type":"WebPage","@id":"https:\/\/www.intoscana.it\/it\/la-storia-della-fiorentina-negli-scatti-di-aldo-polidori-per-la-1-volta-in-mostra-a-palazzo-vecchio\/","url":"https:\/\/www.intoscana.it\/it\/la-storia-della-fiorentina-negli-scatti-di-aldo-polidori-per-la-1-volta-in-mostra-a-palazzo-vecchio\/","name":"La storia della Fiorentina negli scatti di Aldo Polidori per la 1\u00b0 volta in mostra a Palazzo Vecchio - intoscana","isPartOf":{"@id":"https:\/\/www.intoscana.it\/it\/#website"},"primaryImageOfPage":{"@id":"https:\/\/www.intoscana.it\/it\/la-storia-della-fiorentina-negli-scatti-di-aldo-polidori-per-la-1-volta-in-mostra-a-palazzo-vecchio\/#primaryimage"},"image":{"@id":"https:\/\/www.intoscana.it\/it\/la-storia-della-fiorentina-negli-scatti-di-aldo-polidori-per-la-1-volta-in-mostra-a-palazzo-vecchio\/#primaryimage"},"thumbnailUrl":"https:\/\/www.intoscana.it\/wp-content\/uploads\/Fiorentina-1.jpg","datePublished":"2023-05-30T11:58:33+00:00","dateModified":"2023-05-31T09:14:33+00:00","author":{"@id":"https:\/\/www.intoscana.it\/it\/#\/schema\/person\/9223810753230f20bd670fdd322661f8"},"breadcrumb":{"@id":"https:\/\/www.intoscana.it\/it\/la-storia-della-fiorentina-negli-scatti-di-aldo-polidori-per-la-1-volta-in-mostra-a-palazzo-vecchio\/#breadcrumb"},"inLanguage":"it-IT","potentialAction":[{"@type":"ReadAction","target":["https:\/\/www.intoscana.it\/it\/la-storia-della-fiorentina-negli-scatti-di-aldo-polidori-per-la-1-volta-in-mostra-a-palazzo-vecchio\/"]}]},{"@type":"ImageObject","inLanguage":"it-IT","@id":"https:\/\/www.intoscana.it\/it\/la-storia-della-fiorentina-negli-scatti-di-aldo-polidori-per-la-1-volta-in-mostra-a-palazzo-vecchio\/#primaryimage","url":"https:\/\/www.intoscana.it\/wp-content\/uploads\/Fiorentina-1.jpg","contentUrl":"https:\/\/www.intoscana.it\/wp-content\/uploads\/Fiorentina-1.jpg","width":1134,"height":638,"caption":"Fiorentina"},{"@type":"BreadcrumbList","@id":"https:\/\/www.intoscana.it\/it\/la-storia-della-fiorentina-negli-scatti-di-aldo-polidori-per-la-1-volta-in-mostra-a-palazzo-vecchio\/#breadcrumb","itemListElement":[{"@type":"ListItem","position":1,"name":"Home","item":"https:\/\/www.intoscana.it\/it\/"},{"@type":"ListItem","position":2,"name":"La storia della Fiorentina negli scatti di Aldo Polidori per la 1\u00b0 volta in mostra a Palazzo Vecchio"}]},{"@type":"WebSite","@id":"https:\/\/www.intoscana.it\/it\/#website","url":"https:\/\/www.intoscana.it\/it\/","name":"intoscana","description":"","potentialAction":[{"@type":"SearchAction","target":{"@type":"EntryPoint","urlTemplate":"https:\/\/www.intoscana.it\/it\/?s={search_term_string}"},"query-input":{"@type":"PropertyValueSpecification","valueRequired":true,"valueName":"search_term_string"}}],"inLanguage":"it-IT"},{"@type":"Person","@id":"https:\/\/www.intoscana.it\/it\/#\/schema\/person\/9223810753230f20bd670fdd322661f8","name":"Redazione","url":"https:\/\/www.intoscana.it\/it\/author\/redazione\/"}]}},"_links":{"self":[{"href":"https:\/\/www.intoscana.it\/it\/wp-json\/wp\/v2\/posts\/289272","targetHints":{"allow":["GET"]}}],"collection":[{"href":"https:\/\/www.intoscana.it\/it\/wp-json\/wp\/v2\/posts"}],"about":[{"href":"https:\/\/www.intoscana.it\/it\/wp-json\/wp\/v2\/types\/post"}],"author":[{"embeddable":true,"href":"https:\/\/www.intoscana.it\/it\/wp-json\/wp\/v2\/users\/525"}],"replies":[{"embeddable":true,"href":"https:\/\/www.intoscana.it\/it\/wp-json\/wp\/v2\/comments?post=289272"}],"version-history":[{"count":0,"href":"https:\/\/www.intoscana.it\/it\/wp-json\/wp\/v2\/posts\/289272\/revisions"}],"wp:featuredmedia":[{"embeddable":true,"href":"https:\/\/www.intoscana.it\/it\/wp-json\/wp\/v2\/media\/289273"}],"wp:attachment":[{"href":"https:\/\/www.intoscana.it\/it\/wp-json\/wp\/v2\/media?parent=289272"}],"wp:term":[{"taxonomy":"category","embeddable":true,"href":"https:\/\/www.intoscana.it\/it\/wp-json\/wp\/v2\/categories?post=289272"},{"taxonomy":"post_tag","embeddable":true,"href":"https:\/\/www.intoscana.it\/it\/wp-json\/wp\/v2\/tags?post=289272"}],"curies":[{"name":"wp","href":"https:\/\/api.w.org\/{rel}","templated":true}]}}