{"id":289543,"date":"2023-05-31T15:38:04","date_gmt":"2023-05-31T13:38:04","guid":{"rendered":"https:\/\/www.intoscana.it\/it\/?p=289543"},"modified":"2023-05-31T15:38:04","modified_gmt":"2023-05-31T13:38:04","slug":"prato-festa-del-cinema-danimazione-con-lanterne-magiche","status":"publish","type":"post","link":"https:\/\/www.intoscana.it\/it\/prato-festa-del-cinema-danimazione-con-lanterne-magiche\/","title":{"rendered":"Prato, festa del cinema d\u2019animazione con &#8220;Lanterne Magiche&#8221;"},"content":{"rendered":"<h3>Il programma regionale di cinema a scuola, &#8220;Lanterne Magiche&#8221;, promuove un evento dedicato alla creativit\u00e0 e all&#8217;animazione<\/h3>\n<p>Una giornata di festa, all\u2019insegna del cinema d\u2019animazione, del coinvolgimento delle scuole e della cittadinanza. L\u2019evento si tiene il <strong>6 giugno a <a href=\"http:\/\/www.manifatturedigitalicinema.it\">Manifatture Digitali Cinema<\/a> Prato,<\/strong> ed \u00e8 organizzato da <a href=\"http:\/\/www.lanternemagiche.it\"><strong>Lanterne Magiche<\/strong><\/a>, il programma regionale di educazione al linguaggio dell\u2019immagine. Ad essere accolte all\u2019evento sono alcune classi della scuola primaria e secondaria di I\u00b0 grado dell\u2019area pratese.<\/p>\n<p>Si parte il mattina, dalla 9 alle 13.00, con tre laboratori didattici sull\u2019animazione, per bambini e ragazzi, alla scoperta del mondo fantastico &#8211; non solo da vedere, ma anche da creare &#8211; delle \u201cimmagini in movimento\u201d. Stop Motion, disegni in 2D, carta, colori e piccoli oggetti: sono questi alcuni degli elementi con cui gli operatori esperti di <strong>Lanterne Magiche<\/strong> faranno giocare e lavorare gli studenti nel corso dei laboratori.<\/p>\n<p>Dopo una merenda nel cortile dello storico complesso del Santa Caterina, sede di Manifatture Digitali Cinema, tornato di recente a nuova vita, alle 12.00 ci sar\u00e0 un momento istituzionale, con i saluti del sindaco di Prato, <strong>Matteo Biffoni<\/strong> e dell\u2019Assessora all\u2019istruzione della Regione Toscana, <strong>Alessandra Nardini,<\/strong> insieme all&#8217;intervento dei rappresentanti dell&#8217;Istituto Scolastico Regionale, di Fondazione Sistema Toscana e agli operatori di Lanterne Magiche.<strong><br \/>\n<\/strong><\/p>\n<h3>A Manifatture Digitali Cinema, un&#8217;aula dedicata al cinema d&#8217;animazione per le scuole<\/h3>\n<p>Tra le novit\u00e0 pi\u00f9 importanti, annunciate in occasione della \u201cfesta dell\u2019animazione\u201d del 6 giugno, l\u2019assegnazione permanente di <strong>un&#8217;aula dedicata all\u2019animazione<\/strong>, per le attivit\u00e0 rivolte alle scuole di Lanterne Magiche: una preziosa opportunit\u00e0 per gli studenti, di ogni ordine e grado della regione, che potranno trovare accoglienza in uno spazio dotato delle pi\u00f9 innovative tecnologie.<\/p>\n<p>Nel 2023, intatti, grazie al sostegno del<strong> <a href=\"https:\/\/cinemaperlascuola.istruzione.it\/\">Piano Nazionale Cinema e Immagini per la Scuola<\/a>,<\/strong> \u00e8 stato possibile realizzare, a <strong>Manifatture Digitali Cinema<\/strong> <strong>Prato,<\/strong> un\u2019aula tutta dedicata alla didattica dell\u2019audiovisivo. Uno spazio all\u2019interno del quale sono stati avviati <a href=\"https:\/\/www.mediatecatoscana.it\/attivita_lm\/linguaggi-audiovisivi-aprono-le-iscrizioni-ai-corsi-gratuiti-per-docenti-a-cura-di-lanterne-magiche\/\">corsi di formazione per docenti <\/a>sull\u2019animazione digitale e sull\u2019analisi del linguaggio audiovisivo e che potranno in futuro ospitare corsi di video-produzione e montaggio, per le scuole che ne faranno richiesta.<\/p>\n<p>L\u2019aula ha inoltre ospitato lo studio di produzione &#8211; italiano e al femminile &#8211; del cinema d\u2019animazione <a href=\"https:\/\/www.uffafilm.com\/\">UFFA Film<\/a> specializzato nella tecnica Stop Motion. Le due animatrici, Monica Fibbi e Viviana Petrera, hanno scelto Manifatture Digitali Cinema per la loro produzione <em><strong>Clay Economy<\/strong> <\/em>, una serie per la tv d\u2019animazione, in Stop Motion, che tratta argomenti di economia, raccontandoli in un linguaggio semplice, che si rivolge ai giovani e giovanissimi.<\/p>\n<p>Tutte le attivit\u00e0 che Lanterne Magiche propone a docenti e studenti sono a titolo gratuito. Tutte le informazioni sul sito <a href=\"http:\/\/www.lanternemagiche.it\"><strong>www.lanternemagiche.it<\/strong><\/a><\/p>\n<p>&nbsp;<\/p>\n","protected":false},"excerpt":{"rendered":"<p>Il 6 giugno, a Manifatture Digitali Cinema Prato, infrastruttura dedicata alla produzione cinematografica e audiovisiva di Fondazione Sistema Toscana, si tiene l&#8217;evento dedicato alla creativit\u00e0 dei ragazzi, all&#8217;insegna del cinema d&#8217;animazione<\/p>\n","protected":false},"author":492,"featured_media":289568,"comment_status":"open","ping_status":"open","sticky":false,"template":"","format":"standard","meta":{"_acf_changed":false,"footnotes":""},"categories":[493],"tags":[],"class_list":["post-289543","post","type-post","status-publish","format-standard","has-post-thumbnail","hentry","category-cultura"],"acf":[],"yoast_head":"<!-- This site is optimized with the Yoast SEO Premium plugin v24.2 (Yoast SEO v25.6) - https:\/\/yoast.com\/wordpress\/plugins\/seo\/ -->\n<title>Prato, festa del cinema d\u2019animazione con &quot;Lanterne Magiche&quot; - intoscana<\/title>\n<meta name=\"description\" content=\"A Prato la festa del cinema d&#039;animazione di Lanterne Magiche, marted\u00ec 6 giugno, alla presenza delle scuole e del sindaco Matteo Biffoni\" \/>\n<meta name=\"robots\" content=\"index, follow, max-snippet:-1, max-image-preview:large, max-video-preview:-1\" \/>\n<link rel=\"canonical\" href=\"https:\/\/www.intoscana.it\/it\/prato-festa-del-cinema-danimazione-con-lanterne-magiche\/\" \/>\n<meta property=\"og:locale\" content=\"it_IT\" \/>\n<meta property=\"og:type\" content=\"article\" \/>\n<meta property=\"og:title\" content=\"Prato, festa del cinema d\u2019animazione con &quot;Lanterne Magiche&quot;\" \/>\n<meta property=\"og:description\" content=\"A Prato la festa del cinema d&#039;animazione di Lanterne Magiche, marted\u00ec 6 giugno, alla presenza delle scuole e del sindaco Matteo Biffoni\" \/>\n<meta property=\"og:url\" content=\"https:\/\/www.intoscana.it\/it\/prato-festa-del-cinema-danimazione-con-lanterne-magiche\/\" \/>\n<meta property=\"og:site_name\" content=\"intoscana\" \/>\n<meta property=\"article:publisher\" content=\"https:\/\/www.facebook.com\/intoscana.it\" \/>\n<meta property=\"article:published_time\" content=\"2023-05-31T13:38:04+00:00\" \/>\n<meta property=\"og:image\" content=\"https:\/\/www.intoscana.it\/wp-content\/uploads\/FESTA-ANIMAZIONE-LM.jpg\" \/>\n\t<meta property=\"og:image:width\" content=\"1536\" \/>\n\t<meta property=\"og:image:height\" content=\"1019\" \/>\n\t<meta property=\"og:image:type\" content=\"image\/jpeg\" \/>\n<meta name=\"author\" content=\"Elisabetta Vagaggini\" \/>\n<meta name=\"twitter:card\" content=\"summary_large_image\" \/>\n<meta name=\"twitter:creator\" content=\"@intoscana\" \/>\n<meta name=\"twitter:site\" content=\"@intoscana\" \/>\n<meta name=\"twitter:label1\" content=\"Written by\" \/>\n\t<meta name=\"twitter:data1\" content=\"Elisabetta Vagaggini\" \/>\n\t<meta name=\"twitter:label2\" content=\"Est. reading time\" \/>\n\t<meta name=\"twitter:data2\" content=\"2 minuti\" \/>\n<script type=\"application\/ld+json\" class=\"yoast-schema-graph\">{\"@context\":\"https:\/\/schema.org\",\"@graph\":[{\"@type\":\"WebPage\",\"@id\":\"https:\/\/www.intoscana.it\/it\/prato-festa-del-cinema-danimazione-con-lanterne-magiche\/\",\"url\":\"https:\/\/www.intoscana.it\/it\/prato-festa-del-cinema-danimazione-con-lanterne-magiche\/\",\"name\":\"Prato, festa del cinema d\u2019animazione con \\\"Lanterne Magiche\\\" - intoscana\",\"isPartOf\":{\"@id\":\"https:\/\/www.intoscana.it\/it\/#website\"},\"primaryImageOfPage\":{\"@id\":\"https:\/\/www.intoscana.it\/it\/prato-festa-del-cinema-danimazione-con-lanterne-magiche\/#primaryimage\"},\"image\":{\"@id\":\"https:\/\/www.intoscana.it\/it\/prato-festa-del-cinema-danimazione-con-lanterne-magiche\/#primaryimage\"},\"thumbnailUrl\":\"https:\/\/www.intoscana.it\/wp-content\/uploads\/FESTA-ANIMAZIONE-LM.jpg\",\"datePublished\":\"2023-05-31T13:38:04+00:00\",\"author\":{\"@id\":\"https:\/\/www.intoscana.it\/it\/#\/schema\/person\/20956e1a83baf96027b69e776f754e43\"},\"description\":\"A Prato la festa del cinema d'animazione di Lanterne Magiche, marted\u00ec 6 giugno, alla presenza delle scuole e del sindaco Matteo Biffoni\",\"breadcrumb\":{\"@id\":\"https:\/\/www.intoscana.it\/it\/prato-festa-del-cinema-danimazione-con-lanterne-magiche\/#breadcrumb\"},\"inLanguage\":\"it-IT\",\"potentialAction\":[{\"@type\":\"ReadAction\",\"target\":[\"https:\/\/www.intoscana.it\/it\/prato-festa-del-cinema-danimazione-con-lanterne-magiche\/\"]}]},{\"@type\":\"ImageObject\",\"inLanguage\":\"it-IT\",\"@id\":\"https:\/\/www.intoscana.it\/it\/prato-festa-del-cinema-danimazione-con-lanterne-magiche\/#primaryimage\",\"url\":\"https:\/\/www.intoscana.it\/wp-content\/uploads\/FESTA-ANIMAZIONE-LM.jpg\",\"contentUrl\":\"https:\/\/www.intoscana.it\/wp-content\/uploads\/FESTA-ANIMAZIONE-LM.jpg\",\"width\":1536,\"height\":1019,\"caption\":\"L'aula dedicata all'animazione a Manifatture Digitali Cinema Prato\"},{\"@type\":\"BreadcrumbList\",\"@id\":\"https:\/\/www.intoscana.it\/it\/prato-festa-del-cinema-danimazione-con-lanterne-magiche\/#breadcrumb\",\"itemListElement\":[{\"@type\":\"ListItem\",\"position\":1,\"name\":\"Home\",\"item\":\"https:\/\/www.intoscana.it\/it\/\"},{\"@type\":\"ListItem\",\"position\":2,\"name\":\"Prato, festa del cinema d\u2019animazione con &#8220;Lanterne Magiche&#8221;\"}]},{\"@type\":\"WebSite\",\"@id\":\"https:\/\/www.intoscana.it\/it\/#website\",\"url\":\"https:\/\/www.intoscana.it\/it\/\",\"name\":\"intoscana\",\"description\":\"\",\"potentialAction\":[{\"@type\":\"SearchAction\",\"target\":{\"@type\":\"EntryPoint\",\"urlTemplate\":\"https:\/\/www.intoscana.it\/it\/?s={search_term_string}\"},\"query-input\":{\"@type\":\"PropertyValueSpecification\",\"valueRequired\":true,\"valueName\":\"search_term_string\"}}],\"inLanguage\":\"it-IT\"},{\"@type\":\"Person\",\"@id\":\"https:\/\/www.intoscana.it\/it\/#\/schema\/person\/20956e1a83baf96027b69e776f754e43\",\"name\":\"Elisabetta Vagaggini\",\"url\":\"https:\/\/www.intoscana.it\/it\/author\/elisabetta-vagaggini\/\"}]}<\/script>\n<!-- \/ Yoast SEO Premium plugin. -->","yoast_head_json":{"title":"Prato, festa del cinema d\u2019animazione con \"Lanterne Magiche\" - intoscana","description":"A Prato la festa del cinema d'animazione di Lanterne Magiche, marted\u00ec 6 giugno, alla presenza delle scuole e del sindaco Matteo Biffoni","robots":{"index":"index","follow":"follow","max-snippet":"max-snippet:-1","max-image-preview":"max-image-preview:large","max-video-preview":"max-video-preview:-1"},"canonical":"https:\/\/www.intoscana.it\/it\/prato-festa-del-cinema-danimazione-con-lanterne-magiche\/","og_locale":"it_IT","og_type":"article","og_title":"Prato, festa del cinema d\u2019animazione con \"Lanterne Magiche\"","og_description":"A Prato la festa del cinema d'animazione di Lanterne Magiche, marted\u00ec 6 giugno, alla presenza delle scuole e del sindaco Matteo Biffoni","og_url":"https:\/\/www.intoscana.it\/it\/prato-festa-del-cinema-danimazione-con-lanterne-magiche\/","og_site_name":"intoscana","article_publisher":"https:\/\/www.facebook.com\/intoscana.it","article_published_time":"2023-05-31T13:38:04+00:00","og_image":[{"width":1536,"height":1019,"url":"https:\/\/www.intoscana.it\/wp-content\/uploads\/FESTA-ANIMAZIONE-LM.jpg","type":"image\/jpeg"}],"author":"Elisabetta Vagaggini","twitter_card":"summary_large_image","twitter_creator":"@intoscana","twitter_site":"@intoscana","twitter_misc":{"Written by":"Elisabetta Vagaggini","Est. reading time":"2 minuti"},"schema":{"@context":"https:\/\/schema.org","@graph":[{"@type":"WebPage","@id":"https:\/\/www.intoscana.it\/it\/prato-festa-del-cinema-danimazione-con-lanterne-magiche\/","url":"https:\/\/www.intoscana.it\/it\/prato-festa-del-cinema-danimazione-con-lanterne-magiche\/","name":"Prato, festa del cinema d\u2019animazione con \"Lanterne Magiche\" - intoscana","isPartOf":{"@id":"https:\/\/www.intoscana.it\/it\/#website"},"primaryImageOfPage":{"@id":"https:\/\/www.intoscana.it\/it\/prato-festa-del-cinema-danimazione-con-lanterne-magiche\/#primaryimage"},"image":{"@id":"https:\/\/www.intoscana.it\/it\/prato-festa-del-cinema-danimazione-con-lanterne-magiche\/#primaryimage"},"thumbnailUrl":"https:\/\/www.intoscana.it\/wp-content\/uploads\/FESTA-ANIMAZIONE-LM.jpg","datePublished":"2023-05-31T13:38:04+00:00","author":{"@id":"https:\/\/www.intoscana.it\/it\/#\/schema\/person\/20956e1a83baf96027b69e776f754e43"},"description":"A Prato la festa del cinema d'animazione di Lanterne Magiche, marted\u00ec 6 giugno, alla presenza delle scuole e del sindaco Matteo Biffoni","breadcrumb":{"@id":"https:\/\/www.intoscana.it\/it\/prato-festa-del-cinema-danimazione-con-lanterne-magiche\/#breadcrumb"},"inLanguage":"it-IT","potentialAction":[{"@type":"ReadAction","target":["https:\/\/www.intoscana.it\/it\/prato-festa-del-cinema-danimazione-con-lanterne-magiche\/"]}]},{"@type":"ImageObject","inLanguage":"it-IT","@id":"https:\/\/www.intoscana.it\/it\/prato-festa-del-cinema-danimazione-con-lanterne-magiche\/#primaryimage","url":"https:\/\/www.intoscana.it\/wp-content\/uploads\/FESTA-ANIMAZIONE-LM.jpg","contentUrl":"https:\/\/www.intoscana.it\/wp-content\/uploads\/FESTA-ANIMAZIONE-LM.jpg","width":1536,"height":1019,"caption":"L'aula dedicata all'animazione a Manifatture Digitali Cinema Prato"},{"@type":"BreadcrumbList","@id":"https:\/\/www.intoscana.it\/it\/prato-festa-del-cinema-danimazione-con-lanterne-magiche\/#breadcrumb","itemListElement":[{"@type":"ListItem","position":1,"name":"Home","item":"https:\/\/www.intoscana.it\/it\/"},{"@type":"ListItem","position":2,"name":"Prato, festa del cinema d\u2019animazione con &#8220;Lanterne Magiche&#8221;"}]},{"@type":"WebSite","@id":"https:\/\/www.intoscana.it\/it\/#website","url":"https:\/\/www.intoscana.it\/it\/","name":"intoscana","description":"","potentialAction":[{"@type":"SearchAction","target":{"@type":"EntryPoint","urlTemplate":"https:\/\/www.intoscana.it\/it\/?s={search_term_string}"},"query-input":{"@type":"PropertyValueSpecification","valueRequired":true,"valueName":"search_term_string"}}],"inLanguage":"it-IT"},{"@type":"Person","@id":"https:\/\/www.intoscana.it\/it\/#\/schema\/person\/20956e1a83baf96027b69e776f754e43","name":"Elisabetta Vagaggini","url":"https:\/\/www.intoscana.it\/it\/author\/elisabetta-vagaggini\/"}]}},"_links":{"self":[{"href":"https:\/\/www.intoscana.it\/it\/wp-json\/wp\/v2\/posts\/289543","targetHints":{"allow":["GET"]}}],"collection":[{"href":"https:\/\/www.intoscana.it\/it\/wp-json\/wp\/v2\/posts"}],"about":[{"href":"https:\/\/www.intoscana.it\/it\/wp-json\/wp\/v2\/types\/post"}],"author":[{"embeddable":true,"href":"https:\/\/www.intoscana.it\/it\/wp-json\/wp\/v2\/users\/492"}],"replies":[{"embeddable":true,"href":"https:\/\/www.intoscana.it\/it\/wp-json\/wp\/v2\/comments?post=289543"}],"version-history":[{"count":0,"href":"https:\/\/www.intoscana.it\/it\/wp-json\/wp\/v2\/posts\/289543\/revisions"}],"wp:featuredmedia":[{"embeddable":true,"href":"https:\/\/www.intoscana.it\/it\/wp-json\/wp\/v2\/media\/289568"}],"wp:attachment":[{"href":"https:\/\/www.intoscana.it\/it\/wp-json\/wp\/v2\/media?parent=289543"}],"wp:term":[{"taxonomy":"category","embeddable":true,"href":"https:\/\/www.intoscana.it\/it\/wp-json\/wp\/v2\/categories?post=289543"},{"taxonomy":"post_tag","embeddable":true,"href":"https:\/\/www.intoscana.it\/it\/wp-json\/wp\/v2\/tags?post=289543"}],"curies":[{"name":"wp","href":"https:\/\/api.w.org\/{rel}","templated":true}]}}