{"id":289549,"date":"2023-05-31T15:23:50","date_gmt":"2023-05-31T13:23:50","guid":{"rendered":"https:\/\/www.intoscana.it\/it\/?p=289549"},"modified":"2023-06-01T12:09:46","modified_gmt":"2023-06-01T10:09:46","slug":"sesto-fiorentino-murale-agnolotti","status":"publish","type":"post","link":"https:\/\/www.intoscana.it\/it\/sesto-fiorentino-murale-agnolotti\/","title":{"rendered":"A Sesto Fiorentino un murale per la partigiana Anna Maria Enriques Agnoletti"},"content":{"rendered":"<p>Un grande murale per la <strong>partigiana Anna Maria Enriques Agnoletti<\/strong> a Sesto Fiorentino, sulla parete del Liceo scientifico Agnoletti che fu imbrattata con scritte inneggianti alla Marcia su Roma. L&#8217;opera realizzata da<strong> Skim<\/strong> \u00e8 stata inaugurata questa mattina alla presenze degli studenti e delle autorit\u00e0.<\/p>\n<h3>Il murale contro le scritte fasciste<\/h3>\n<p>Il murale \u00e8 stato commissionato dal Comune di Sesto Fiorentino in collaborazione con il Liceo Agnoletti e la Citt\u00e0 Metropolitana all\u2019indomani del rinvenimento, lo scorso mese di settembre, di alcune scritte inneggianti al Ventennio. La sua realizzazione ha richiesto 11 giorni di lavoro e l\u2019impiego di 800 bombolette di colore, necessarie per coprire i quasi<strong> 400 metri quadrati<\/strong> di superficie.<\/p>\n<p><em><mark>\u201c\u00c8 una risposta forte alla barbarie del fascismo a cui si richiamavano le scritte rinvenute qualche mese fa<\/mark><\/em> &#8211; sottolinea il sindaco di Sesto Fiorentino, <strong>Lorenzo Falchi<\/strong> &#8211; <em>un episodio da non sottovalutare che ha innescato una reazione immediata da parte degli studenti e di tutte le componenti della scuola, un segnale molto importante in una fase storica come quella che stiamo attraversando. Il dovere della memoria, della conoscenza delle radici antifasciste della nostra democrazia riguarda tutti noi, perch\u00e9 \u00e8 a tutti noi che spetta prendersi cura ogni giorno delle libert\u00e0 sancite dalla Costituzione\u201d.<\/em><\/p>\n<figure id=\"post-289556 media-289556\" class=\"align-none\">\n<p><figure style=\"width: 4032px\" class=\"wp-caption alignnone\"><img loading=\"lazy\" decoding=\"async\" src=\"https:\/\/www.intoscana.it\/wp-content\/uploads\/davanti-opera-scaled.jpg\" alt=\"\" width=\"4032\" height=\"3024\" \/><figcaption class=\"wp-caption-text\">L&#8217;inaugurazione del murale per Anna Maria Enriques Agnoletti<\/figcaption><\/figure><\/figure>\n<h3>Il murale sulla vita di Enriques Agnoletti<\/h3>\n<p>Il murale ripercorre la vita di Enriques Agnoletti, negli Anni Trenta archivista dell\u2019Archivio di Stato di Firenze da cui fu licenziata in seguito all\u2019entrata in vigore delle <strong>Leggi Razziali.<\/strong> Trasferitasi a Roma, fu assunta presso la Biblioteca Vaticana; dopo l\u2019Armistizio, prese contatti con il Partito d\u2019Azione per poi trasferirsi di nuovo a Firenze, dove oper\u00f2 con diversi gruppi antifascisti tra cui l\u2019organizzazione che aveva dato vita a<strong> Radio Cora.<\/strong><\/p>\n<p>Scoperta dai fascisti, venne arrestata il 12 maggio 1944 e condotta a Villa Triste, dove fu interrogata e torturata per giorni dagli aguzzini della Banda Carit\u00e0. Il 12 giugno 1944 venne fucilata a <strong>Cercina<\/strong>, in quello che viene ricordato ancora oggi come <strong>l\u2019Eccidio di Radio Cora,<\/strong> insieme ad altri sei partigiani.<\/p>\n<p><em>\u201cRingrazio il Comune di Sesto Fiorentino per avere commissionato l\u2019opera che, come ha ricordato stamani una studentessa, ha dato un\u2019identit\u00e0 alla scuola<\/em> &#8211; afferma la dirigente dell\u2019istituto Silvia Baldaccini &#8211; <em>le parole degli studenti mi hanno riempito di gioia perch\u00e9 ci hanno dimostrato come siamo riusciti ad utilizzare quelle scritte ingiuriose e offensive per favorire riflessioni sulla <strong>nostra Costituzione<\/strong> e sul senso della lotta partigiana, della lotta per i diritti della persona, di tutte le persone, senza distinzioni. Questa opera \u00e8 un esempio virtuoso di come possa una comunit\u00e0 educante allargata contribuire alla formazione ed educazione di cittadini consapevoli e attivi\u201d.<\/em><\/p>\n","protected":false},"excerpt":{"rendered":"<p>L&#8217;opera \u00e8 stata realizzata da Skim al Liceo scientifico Agnoletti, sulla parete che fu imbrattata con le scritte che inneggiavano alla Marcia su Roma<\/p>\n","protected":false},"author":525,"featured_media":289551,"comment_status":"open","ping_status":"open","sticky":false,"template":"","format":"standard","meta":{"_acf_changed":false,"footnotes":""},"categories":[493],"tags":[6458,4690],"class_list":["post-289549","post","type-post","status-publish","format-standard","has-post-thumbnail","hentry","category-cultura","tag-sesto-fiorentino","tag-street-art"],"acf":[],"yoast_head":"<!-- This site is optimized with the Yoast SEO Premium plugin v24.2 (Yoast SEO v25.6) - https:\/\/yoast.com\/wordpress\/plugins\/seo\/ -->\n<title>A Sesto Fiorentino un murale per la partigiana Anna Maria Enriques Agnoletti - intoscana<\/title>\n<meta name=\"robots\" content=\"index, follow, max-snippet:-1, max-image-preview:large, max-video-preview:-1\" \/>\n<link rel=\"canonical\" href=\"https:\/\/www.intoscana.it\/it\/sesto-fiorentino-murale-agnolotti\/\" \/>\n<meta property=\"og:locale\" content=\"it_IT\" \/>\n<meta property=\"og:type\" content=\"article\" \/>\n<meta property=\"og:title\" content=\"A Sesto Fiorentino un murale per la partigiana Anna Maria Enriques Agnoletti\" \/>\n<meta property=\"og:description\" content=\"L&#039;opera \u00e8 stata realizzata da Skim al Liceo scientifico Agnoletti, sulla parete che fu imbrattata con le scritte che inneggiavano alla Marcia su Roma\" \/>\n<meta property=\"og:url\" content=\"https:\/\/www.intoscana.it\/it\/sesto-fiorentino-murale-agnolotti\/\" \/>\n<meta property=\"og:site_name\" content=\"intoscana\" \/>\n<meta property=\"article:publisher\" content=\"https:\/\/www.facebook.com\/intoscana.it\" \/>\n<meta property=\"article:published_time\" content=\"2023-05-31T13:23:50+00:00\" \/>\n<meta property=\"article:modified_time\" content=\"2023-06-01T10:09:46+00:00\" \/>\n<meta property=\"og:image\" content=\"https:\/\/www.intoscana.it\/wp-content\/uploads\/intera-scaled.jpg\" \/>\n\t<meta property=\"og:image:width\" content=\"2048\" \/>\n\t<meta property=\"og:image:height\" content=\"1365\" \/>\n\t<meta property=\"og:image:type\" content=\"image\/jpeg\" \/>\n<meta name=\"author\" content=\"Redazione\" \/>\n<meta name=\"twitter:card\" content=\"summary_large_image\" \/>\n<meta name=\"twitter:creator\" content=\"@intoscana\" \/>\n<meta name=\"twitter:site\" content=\"@intoscana\" \/>\n<meta name=\"twitter:label1\" content=\"Written by\" \/>\n\t<meta name=\"twitter:data1\" content=\"Redazione\" \/>\n\t<meta name=\"twitter:label2\" content=\"Est. reading time\" \/>\n\t<meta name=\"twitter:data2\" content=\"2 minuti\" \/>\n<script type=\"application\/ld+json\" class=\"yoast-schema-graph\">{\"@context\":\"https:\/\/schema.org\",\"@graph\":[{\"@type\":\"WebPage\",\"@id\":\"https:\/\/www.intoscana.it\/it\/sesto-fiorentino-murale-agnolotti\/\",\"url\":\"https:\/\/www.intoscana.it\/it\/sesto-fiorentino-murale-agnolotti\/\",\"name\":\"A Sesto Fiorentino un murale per la partigiana Anna Maria Enriques Agnoletti - intoscana\",\"isPartOf\":{\"@id\":\"https:\/\/www.intoscana.it\/it\/#website\"},\"primaryImageOfPage\":{\"@id\":\"https:\/\/www.intoscana.it\/it\/sesto-fiorentino-murale-agnolotti\/#primaryimage\"},\"image\":{\"@id\":\"https:\/\/www.intoscana.it\/it\/sesto-fiorentino-murale-agnolotti\/#primaryimage\"},\"thumbnailUrl\":\"https:\/\/www.intoscana.it\/wp-content\/uploads\/intera-scaled.jpg\",\"datePublished\":\"2023-05-31T13:23:50+00:00\",\"dateModified\":\"2023-06-01T10:09:46+00:00\",\"author\":{\"@id\":\"https:\/\/www.intoscana.it\/it\/#\/schema\/person\/9223810753230f20bd670fdd322661f8\"},\"breadcrumb\":{\"@id\":\"https:\/\/www.intoscana.it\/it\/sesto-fiorentino-murale-agnolotti\/#breadcrumb\"},\"inLanguage\":\"it-IT\",\"potentialAction\":[{\"@type\":\"ReadAction\",\"target\":[\"https:\/\/www.intoscana.it\/it\/sesto-fiorentino-murale-agnolotti\/\"]}]},{\"@type\":\"ImageObject\",\"inLanguage\":\"it-IT\",\"@id\":\"https:\/\/www.intoscana.it\/it\/sesto-fiorentino-murale-agnolotti\/#primaryimage\",\"url\":\"https:\/\/www.intoscana.it\/wp-content\/uploads\/intera-scaled.jpg\",\"contentUrl\":\"https:\/\/www.intoscana.it\/wp-content\/uploads\/intera-scaled.jpg\",\"width\":2048,\"height\":1365,\"caption\":\"Il murale per Anna Maria Enriques Agnoletti\"},{\"@type\":\"BreadcrumbList\",\"@id\":\"https:\/\/www.intoscana.it\/it\/sesto-fiorentino-murale-agnolotti\/#breadcrumb\",\"itemListElement\":[{\"@type\":\"ListItem\",\"position\":1,\"name\":\"Home\",\"item\":\"https:\/\/www.intoscana.it\/it\/\"},{\"@type\":\"ListItem\",\"position\":2,\"name\":\"A Sesto Fiorentino un murale per la partigiana Anna Maria Enriques Agnoletti\"}]},{\"@type\":\"WebSite\",\"@id\":\"https:\/\/www.intoscana.it\/it\/#website\",\"url\":\"https:\/\/www.intoscana.it\/it\/\",\"name\":\"intoscana\",\"description\":\"\",\"potentialAction\":[{\"@type\":\"SearchAction\",\"target\":{\"@type\":\"EntryPoint\",\"urlTemplate\":\"https:\/\/www.intoscana.it\/it\/?s={search_term_string}\"},\"query-input\":{\"@type\":\"PropertyValueSpecification\",\"valueRequired\":true,\"valueName\":\"search_term_string\"}}],\"inLanguage\":\"it-IT\"},{\"@type\":\"Person\",\"@id\":\"https:\/\/www.intoscana.it\/it\/#\/schema\/person\/9223810753230f20bd670fdd322661f8\",\"name\":\"Redazione\",\"url\":\"https:\/\/www.intoscana.it\/it\/author\/redazione\/\"}]}<\/script>\n<!-- \/ Yoast SEO Premium plugin. -->","yoast_head_json":{"title":"A Sesto Fiorentino un murale per la partigiana Anna Maria Enriques Agnoletti - intoscana","robots":{"index":"index","follow":"follow","max-snippet":"max-snippet:-1","max-image-preview":"max-image-preview:large","max-video-preview":"max-video-preview:-1"},"canonical":"https:\/\/www.intoscana.it\/it\/sesto-fiorentino-murale-agnolotti\/","og_locale":"it_IT","og_type":"article","og_title":"A Sesto Fiorentino un murale per la partigiana Anna Maria Enriques Agnoletti","og_description":"L'opera \u00e8 stata realizzata da Skim al Liceo scientifico Agnoletti, sulla parete che fu imbrattata con le scritte che inneggiavano alla Marcia su Roma","og_url":"https:\/\/www.intoscana.it\/it\/sesto-fiorentino-murale-agnolotti\/","og_site_name":"intoscana","article_publisher":"https:\/\/www.facebook.com\/intoscana.it","article_published_time":"2023-05-31T13:23:50+00:00","article_modified_time":"2023-06-01T10:09:46+00:00","og_image":[{"width":2048,"height":1365,"url":"https:\/\/www.intoscana.it\/wp-content\/uploads\/intera-scaled.jpg","type":"image\/jpeg"}],"author":"Redazione","twitter_card":"summary_large_image","twitter_creator":"@intoscana","twitter_site":"@intoscana","twitter_misc":{"Written by":"Redazione","Est. reading time":"2 minuti"},"schema":{"@context":"https:\/\/schema.org","@graph":[{"@type":"WebPage","@id":"https:\/\/www.intoscana.it\/it\/sesto-fiorentino-murale-agnolotti\/","url":"https:\/\/www.intoscana.it\/it\/sesto-fiorentino-murale-agnolotti\/","name":"A Sesto Fiorentino un murale per la partigiana Anna Maria Enriques Agnoletti - intoscana","isPartOf":{"@id":"https:\/\/www.intoscana.it\/it\/#website"},"primaryImageOfPage":{"@id":"https:\/\/www.intoscana.it\/it\/sesto-fiorentino-murale-agnolotti\/#primaryimage"},"image":{"@id":"https:\/\/www.intoscana.it\/it\/sesto-fiorentino-murale-agnolotti\/#primaryimage"},"thumbnailUrl":"https:\/\/www.intoscana.it\/wp-content\/uploads\/intera-scaled.jpg","datePublished":"2023-05-31T13:23:50+00:00","dateModified":"2023-06-01T10:09:46+00:00","author":{"@id":"https:\/\/www.intoscana.it\/it\/#\/schema\/person\/9223810753230f20bd670fdd322661f8"},"breadcrumb":{"@id":"https:\/\/www.intoscana.it\/it\/sesto-fiorentino-murale-agnolotti\/#breadcrumb"},"inLanguage":"it-IT","potentialAction":[{"@type":"ReadAction","target":["https:\/\/www.intoscana.it\/it\/sesto-fiorentino-murale-agnolotti\/"]}]},{"@type":"ImageObject","inLanguage":"it-IT","@id":"https:\/\/www.intoscana.it\/it\/sesto-fiorentino-murale-agnolotti\/#primaryimage","url":"https:\/\/www.intoscana.it\/wp-content\/uploads\/intera-scaled.jpg","contentUrl":"https:\/\/www.intoscana.it\/wp-content\/uploads\/intera-scaled.jpg","width":2048,"height":1365,"caption":"Il murale per Anna Maria Enriques Agnoletti"},{"@type":"BreadcrumbList","@id":"https:\/\/www.intoscana.it\/it\/sesto-fiorentino-murale-agnolotti\/#breadcrumb","itemListElement":[{"@type":"ListItem","position":1,"name":"Home","item":"https:\/\/www.intoscana.it\/it\/"},{"@type":"ListItem","position":2,"name":"A Sesto Fiorentino un murale per la partigiana Anna Maria Enriques Agnoletti"}]},{"@type":"WebSite","@id":"https:\/\/www.intoscana.it\/it\/#website","url":"https:\/\/www.intoscana.it\/it\/","name":"intoscana","description":"","potentialAction":[{"@type":"SearchAction","target":{"@type":"EntryPoint","urlTemplate":"https:\/\/www.intoscana.it\/it\/?s={search_term_string}"},"query-input":{"@type":"PropertyValueSpecification","valueRequired":true,"valueName":"search_term_string"}}],"inLanguage":"it-IT"},{"@type":"Person","@id":"https:\/\/www.intoscana.it\/it\/#\/schema\/person\/9223810753230f20bd670fdd322661f8","name":"Redazione","url":"https:\/\/www.intoscana.it\/it\/author\/redazione\/"}]}},"_links":{"self":[{"href":"https:\/\/www.intoscana.it\/it\/wp-json\/wp\/v2\/posts\/289549","targetHints":{"allow":["GET"]}}],"collection":[{"href":"https:\/\/www.intoscana.it\/it\/wp-json\/wp\/v2\/posts"}],"about":[{"href":"https:\/\/www.intoscana.it\/it\/wp-json\/wp\/v2\/types\/post"}],"author":[{"embeddable":true,"href":"https:\/\/www.intoscana.it\/it\/wp-json\/wp\/v2\/users\/525"}],"replies":[{"embeddable":true,"href":"https:\/\/www.intoscana.it\/it\/wp-json\/wp\/v2\/comments?post=289549"}],"version-history":[{"count":0,"href":"https:\/\/www.intoscana.it\/it\/wp-json\/wp\/v2\/posts\/289549\/revisions"}],"wp:featuredmedia":[{"embeddable":true,"href":"https:\/\/www.intoscana.it\/it\/wp-json\/wp\/v2\/media\/289551"}],"wp:attachment":[{"href":"https:\/\/www.intoscana.it\/it\/wp-json\/wp\/v2\/media?parent=289549"}],"wp:term":[{"taxonomy":"category","embeddable":true,"href":"https:\/\/www.intoscana.it\/it\/wp-json\/wp\/v2\/categories?post=289549"},{"taxonomy":"post_tag","embeddable":true,"href":"https:\/\/www.intoscana.it\/it\/wp-json\/wp\/v2\/tags?post=289549"}],"curies":[{"name":"wp","href":"https:\/\/api.w.org\/{rel}","templated":true}]}}