{"id":289695,"date":"2023-06-01T15:28:19","date_gmt":"2023-06-01T13:28:19","guid":{"rendered":"https:\/\/www.intoscana.it\/it\/?p=289695"},"modified":"2023-06-01T15:28:19","modified_gmt":"2023-06-01T13:28:19","slug":"prato-phygital-il-metaverso-applicato-al-tessile-e-al-manifatturiero","status":"publish","type":"post","link":"https:\/\/www.intoscana.it\/it\/prato-phygital-il-metaverso-applicato-al-tessile-e-al-manifatturiero\/","title":{"rendered":"&#8220;Prato Phygital&#8221;, rendering virtuali e immersivi applicati ai tessuti e ai costumi"},"content":{"rendered":"<p>Dopo aver annunciato, a luglio del 2022, di essersi aggiudicata il <strong>bando da 1 milione di euro del MIMIT<\/strong> (ex MISE), <em><strong>Prato Phygita<\/strong><strong>l<\/strong><\/em>, finalizzato allo sviluppo della <strong>tecnologia 5G<\/strong>, <strong>Fondazione Sistema Toscana<\/strong>, ente in house providing della Regione Toscana, capofila di un raggruppamento di nove partner, pubblici e privati, presenta per la prima volta applicazioni inedite e innovative del Metaverso nel tessile e nel manifatturiero.<\/p>\n<p>Il bando vinto aveva infatti lo scopo di rendere comprensibili e di illustrare alle imprese, le applicazioni pratiche della nuova <strong>tecnologia 5G<\/strong>, e per far questo ha fatto ricorso al settore dell&#8217;audiovisivo, che pu\u00f2 realizzare dimostrazioni pratiche, immersive, innovative, delle numerose declinazioni nei pi\u00f9 svariati settori. Il partner che pi\u00f9 di ogni altro poteva realizzare questo obiettivo si \u00e8 rivelato essere Fondazione Sistema Toscana, che con la sua Area Cinema promuove il cinema e con <strong>Manifatture Digitali Cinema<\/strong> ha realizzato una rete infrastrutturale a sostegno delle produzioni audiovisive che scelgono la Toscana come set.<\/p>\n<p>A comporre il <strong>raggruppamento <em>Prato Phygital<\/em> sono: il<\/strong> <strong>Comune di Prato<\/strong> con Prisma &#8211; Casa delle Tecnologie; <strong>UNIFI,<\/strong> con il laboratorio REI del dipartimento di Architettura; <strong>PIN &#8211; Polo Universitario Citt\u00e0 di Prato; Fondazione Museo del Tessuto di Prato<\/strong>; <strong>Marini Industrie<\/strong>, uno dei principali gruppi del tessile pratese; <strong>Immerxive<\/strong>, startup nata e cresciuta nella Casa delle Tecnologie di Prato; <strong>Indiana Production,<\/strong> casa di produzione cinematografica a vocazione internazionale; <strong>EDI &#8211; Effetti Digitali Italiani<\/strong>, la pi\u00f9 innovativa societ\u00e0 di effetti speciali italiani<strong>; Wind Tre<\/strong>, partner\u00a0 tecnologico, fornitore dell\u2019infrastruttura 5G.<\/p>\n<p>La dimostrazione al pubblico dei primi risultati dello studio realizzato nell\u2019ambito di <em><strong>Prato Phygital<\/strong><\/em>, si terr\u00e0 <strong>luned\u00ec 5 giugno, al cinema La Compagnia di Firenze<\/strong> (via Cavour 50\/r, ingresso libero). Sar\u00e0 mostrato al pubblico un video, realizzato da Fondazione Sistema Toscana, che tra realt\u00e0 immersive, virtuali e live action, vedr\u00e0 protagonista l\u2019attore <strong>Massimo Poggio<\/strong>. Ad intervenire al panel della tavola rotonda, moderata da Prisma, saranno <strong>Guglielmo Boggia,<\/strong> di Immerxive, <strong>Fabrizio Brasca<\/strong> di Innovation Manager &#8211; Wind Tre, <strong>Elisabetta Cianfanelli<\/strong>, docente dell&#8217;Universit\u00e0 degli Studi di Firenze, <strong>Luigi Formicola,<\/strong> project manager di Manifatture Digitali Cinema, <strong>Filippo Guarini,<\/strong> direttore della Fondazione Museo del Tessuto di Prato, <strong>Francesco Marini<\/strong>, di Marini Industrie, <strong>Lorenzo Mucchi<\/strong>, docente di PIN &#8211; Polo Universitario Citt\u00e0 di Prato, <strong>Benedetta Squittieri<\/strong>, assessora al bilancio, sviluppo economico, innovazione e agenda digitale, personale del Comune di Prato.<\/p>\n<p>Elementi scenografici, reali e virtuali, grazie all\u2019utilizzo dei tessuti scelti negli archivi del gruppo Marini e del Museo del Tessuto di Prato, insieme ai copricapo della collezione Costumi Medicei di Manifatture Digitali Cinema, sono trattati con apposite tecnologie e scanner che li hanno trasferiti dal mondo fisico a quello digitale e, grazie ad un software specifico, codificati in modelli matematici, in modo che siano riproducibili e adattabili a una molteplicit\u00e0 di impieghi.<\/p>\n<p><em><strong>Phygital<\/strong> <\/em>indica proprio questo: la possibilit\u00e0 di un\u2019osmosi fra il mondo reale e quello digitale, che potr\u00e0 trovare applicazioni nel mondo produttivo, oppure in campo formativo e didattico.<\/p>\n<p>L\u2019ingresso all\u2019evento <em>Prato Phygital <\/em>\u00e8 libero su prenotazione scrivendo a <a href=\"mailto:pratophygital@fst.it\">pratophygital@fst.it<\/a><strong>\u00a0<\/strong><\/p>\n","protected":false},"excerpt":{"rendered":"<p>La presentazione al pubblico del primo <em>case study <\/em>del progetto si terr\u00e0 luned\u00ec 5 giugno, al cinema La Compagnia, con un panel di interventi istituzionali e tecnici. Sar\u00e0 mostrato al pubblico il video immersivo che, tra realt\u00e0 virtuale e live action, vede protagonista l\u2019attore Massimo Poggio.<\/p>\n","protected":false},"author":492,"featured_media":289722,"comment_status":"open","ping_status":"open","sticky":false,"template":"","format":"standard","meta":{"_acf_changed":false,"footnotes":""},"categories":[493],"tags":[],"class_list":["post-289695","post","type-post","status-publish","format-standard","has-post-thumbnail","hentry","category-cultura"],"acf":[],"yoast_head":"<!-- This site is optimized with the Yoast SEO Premium plugin v24.2 (Yoast SEO v25.6) - https:\/\/yoast.com\/wordpress\/plugins\/seo\/ -->\n<title>Prato Phygital: il Metaverso applicato al tessile e al manifatturiero<\/title>\n<meta name=\"description\" content=\"Luned\u00ec 5 giugno, al cinema La Compagnia, la prima dimosrazione del progetto &quot;Prato Phygital&quot;: il 5G applicato al tessile e manifattueriro\" \/>\n<meta name=\"robots\" content=\"index, follow, max-snippet:-1, max-image-preview:large, max-video-preview:-1\" \/>\n<link rel=\"canonical\" href=\"https:\/\/www.intoscana.it\/it\/prato-phygital-il-metaverso-applicato-al-tessile-e-al-manifatturiero\/\" \/>\n<meta property=\"og:locale\" content=\"it_IT\" \/>\n<meta property=\"og:type\" content=\"article\" \/>\n<meta property=\"og:title\" content=\"&quot;Prato Phygital&quot;, rendering virtuali e immersivi applicati ai tessuti e ai costumi\" \/>\n<meta property=\"og:description\" content=\"Luned\u00ec 5 giugno, al cinema La Compagnia, la prima dimosrazione del progetto &quot;Prato Phygital&quot;: il 5G applicato al tessile e manifattueriro\" \/>\n<meta property=\"og:url\" content=\"https:\/\/www.intoscana.it\/it\/prato-phygital-il-metaverso-applicato-al-tessile-e-al-manifatturiero\/\" \/>\n<meta property=\"og:site_name\" content=\"intoscana\" \/>\n<meta property=\"article:publisher\" content=\"https:\/\/www.facebook.com\/intoscana.it\" \/>\n<meta property=\"article:published_time\" content=\"2023-06-01T13:28:19+00:00\" \/>\n<meta property=\"og:image\" content=\"https:\/\/www.intoscana.it\/wp-content\/uploads\/CORPETTO_PLASTICA.png\" \/>\n\t<meta property=\"og:image:width\" content=\"1920\" \/>\n\t<meta property=\"og:image:height\" content=\"1080\" \/>\n\t<meta property=\"og:image:type\" content=\"image\/png\" \/>\n<meta name=\"author\" content=\"Elisabetta Vagaggini\" \/>\n<meta name=\"twitter:card\" content=\"summary_large_image\" \/>\n<meta name=\"twitter:creator\" content=\"@intoscana\" \/>\n<meta name=\"twitter:site\" content=\"@intoscana\" \/>\n<meta name=\"twitter:label1\" content=\"Written by\" \/>\n\t<meta name=\"twitter:data1\" content=\"Elisabetta Vagaggini\" \/>\n\t<meta name=\"twitter:label2\" content=\"Est. reading time\" \/>\n\t<meta name=\"twitter:data2\" content=\"2 minuti\" \/>\n<script type=\"application\/ld+json\" class=\"yoast-schema-graph\">{\"@context\":\"https:\/\/schema.org\",\"@graph\":[{\"@type\":\"WebPage\",\"@id\":\"https:\/\/www.intoscana.it\/it\/prato-phygital-il-metaverso-applicato-al-tessile-e-al-manifatturiero\/\",\"url\":\"https:\/\/www.intoscana.it\/it\/prato-phygital-il-metaverso-applicato-al-tessile-e-al-manifatturiero\/\",\"name\":\"Prato Phygital: il Metaverso applicato al tessile e al manifatturiero\",\"isPartOf\":{\"@id\":\"https:\/\/www.intoscana.it\/it\/#website\"},\"primaryImageOfPage\":{\"@id\":\"https:\/\/www.intoscana.it\/it\/prato-phygital-il-metaverso-applicato-al-tessile-e-al-manifatturiero\/#primaryimage\"},\"image\":{\"@id\":\"https:\/\/www.intoscana.it\/it\/prato-phygital-il-metaverso-applicato-al-tessile-e-al-manifatturiero\/#primaryimage\"},\"thumbnailUrl\":\"https:\/\/www.intoscana.it\/wp-content\/uploads\/CORPETTO_PLASTICA.png\",\"datePublished\":\"2023-06-01T13:28:19+00:00\",\"author\":{\"@id\":\"https:\/\/www.intoscana.it\/it\/#\/schema\/person\/20956e1a83baf96027b69e776f754e43\"},\"description\":\"Luned\u00ec 5 giugno, al cinema La Compagnia, la prima dimosrazione del progetto \\\"Prato Phygital\\\": il 5G applicato al tessile e manifattueriro\",\"breadcrumb\":{\"@id\":\"https:\/\/www.intoscana.it\/it\/prato-phygital-il-metaverso-applicato-al-tessile-e-al-manifatturiero\/#breadcrumb\"},\"inLanguage\":\"it-IT\",\"potentialAction\":[{\"@type\":\"ReadAction\",\"target\":[\"https:\/\/www.intoscana.it\/it\/prato-phygital-il-metaverso-applicato-al-tessile-e-al-manifatturiero\/\"]}]},{\"@type\":\"ImageObject\",\"inLanguage\":\"it-IT\",\"@id\":\"https:\/\/www.intoscana.it\/it\/prato-phygital-il-metaverso-applicato-al-tessile-e-al-manifatturiero\/#primaryimage\",\"url\":\"https:\/\/www.intoscana.it\/wp-content\/uploads\/CORPETTO_PLASTICA.png\",\"contentUrl\":\"https:\/\/www.intoscana.it\/wp-content\/uploads\/CORPETTO_PLASTICA.png\",\"width\":1920,\"height\":1080,\"caption\":\"Un'immagine di Prato Phygital\"},{\"@type\":\"BreadcrumbList\",\"@id\":\"https:\/\/www.intoscana.it\/it\/prato-phygital-il-metaverso-applicato-al-tessile-e-al-manifatturiero\/#breadcrumb\",\"itemListElement\":[{\"@type\":\"ListItem\",\"position\":1,\"name\":\"Home\",\"item\":\"https:\/\/www.intoscana.it\/it\/\"},{\"@type\":\"ListItem\",\"position\":2,\"name\":\"&#8220;Prato Phygital&#8221;, rendering virtuali e immersivi applicati ai tessuti e ai costumi\"}]},{\"@type\":\"WebSite\",\"@id\":\"https:\/\/www.intoscana.it\/it\/#website\",\"url\":\"https:\/\/www.intoscana.it\/it\/\",\"name\":\"intoscana\",\"description\":\"\",\"potentialAction\":[{\"@type\":\"SearchAction\",\"target\":{\"@type\":\"EntryPoint\",\"urlTemplate\":\"https:\/\/www.intoscana.it\/it\/?s={search_term_string}\"},\"query-input\":{\"@type\":\"PropertyValueSpecification\",\"valueRequired\":true,\"valueName\":\"search_term_string\"}}],\"inLanguage\":\"it-IT\"},{\"@type\":\"Person\",\"@id\":\"https:\/\/www.intoscana.it\/it\/#\/schema\/person\/20956e1a83baf96027b69e776f754e43\",\"name\":\"Elisabetta Vagaggini\",\"url\":\"https:\/\/www.intoscana.it\/it\/author\/elisabetta-vagaggini\/\"}]}<\/script>\n<!-- \/ Yoast SEO Premium plugin. -->","yoast_head_json":{"title":"Prato Phygital: il Metaverso applicato al tessile e al manifatturiero","description":"Luned\u00ec 5 giugno, al cinema La Compagnia, la prima dimosrazione del progetto \"Prato Phygital\": il 5G applicato al tessile e manifattueriro","robots":{"index":"index","follow":"follow","max-snippet":"max-snippet:-1","max-image-preview":"max-image-preview:large","max-video-preview":"max-video-preview:-1"},"canonical":"https:\/\/www.intoscana.it\/it\/prato-phygital-il-metaverso-applicato-al-tessile-e-al-manifatturiero\/","og_locale":"it_IT","og_type":"article","og_title":"\"Prato Phygital\", rendering virtuali e immersivi applicati ai tessuti e ai costumi","og_description":"Luned\u00ec 5 giugno, al cinema La Compagnia, la prima dimosrazione del progetto \"Prato Phygital\": il 5G applicato al tessile e manifattueriro","og_url":"https:\/\/www.intoscana.it\/it\/prato-phygital-il-metaverso-applicato-al-tessile-e-al-manifatturiero\/","og_site_name":"intoscana","article_publisher":"https:\/\/www.facebook.com\/intoscana.it","article_published_time":"2023-06-01T13:28:19+00:00","og_image":[{"width":1920,"height":1080,"url":"https:\/\/www.intoscana.it\/wp-content\/uploads\/CORPETTO_PLASTICA.png","type":"image\/png"}],"author":"Elisabetta Vagaggini","twitter_card":"summary_large_image","twitter_creator":"@intoscana","twitter_site":"@intoscana","twitter_misc":{"Written by":"Elisabetta Vagaggini","Est. reading time":"2 minuti"},"schema":{"@context":"https:\/\/schema.org","@graph":[{"@type":"WebPage","@id":"https:\/\/www.intoscana.it\/it\/prato-phygital-il-metaverso-applicato-al-tessile-e-al-manifatturiero\/","url":"https:\/\/www.intoscana.it\/it\/prato-phygital-il-metaverso-applicato-al-tessile-e-al-manifatturiero\/","name":"Prato Phygital: il Metaverso applicato al tessile e al manifatturiero","isPartOf":{"@id":"https:\/\/www.intoscana.it\/it\/#website"},"primaryImageOfPage":{"@id":"https:\/\/www.intoscana.it\/it\/prato-phygital-il-metaverso-applicato-al-tessile-e-al-manifatturiero\/#primaryimage"},"image":{"@id":"https:\/\/www.intoscana.it\/it\/prato-phygital-il-metaverso-applicato-al-tessile-e-al-manifatturiero\/#primaryimage"},"thumbnailUrl":"https:\/\/www.intoscana.it\/wp-content\/uploads\/CORPETTO_PLASTICA.png","datePublished":"2023-06-01T13:28:19+00:00","author":{"@id":"https:\/\/www.intoscana.it\/it\/#\/schema\/person\/20956e1a83baf96027b69e776f754e43"},"description":"Luned\u00ec 5 giugno, al cinema La Compagnia, la prima dimosrazione del progetto \"Prato Phygital\": il 5G applicato al tessile e manifattueriro","breadcrumb":{"@id":"https:\/\/www.intoscana.it\/it\/prato-phygital-il-metaverso-applicato-al-tessile-e-al-manifatturiero\/#breadcrumb"},"inLanguage":"it-IT","potentialAction":[{"@type":"ReadAction","target":["https:\/\/www.intoscana.it\/it\/prato-phygital-il-metaverso-applicato-al-tessile-e-al-manifatturiero\/"]}]},{"@type":"ImageObject","inLanguage":"it-IT","@id":"https:\/\/www.intoscana.it\/it\/prato-phygital-il-metaverso-applicato-al-tessile-e-al-manifatturiero\/#primaryimage","url":"https:\/\/www.intoscana.it\/wp-content\/uploads\/CORPETTO_PLASTICA.png","contentUrl":"https:\/\/www.intoscana.it\/wp-content\/uploads\/CORPETTO_PLASTICA.png","width":1920,"height":1080,"caption":"Un'immagine di Prato Phygital"},{"@type":"BreadcrumbList","@id":"https:\/\/www.intoscana.it\/it\/prato-phygital-il-metaverso-applicato-al-tessile-e-al-manifatturiero\/#breadcrumb","itemListElement":[{"@type":"ListItem","position":1,"name":"Home","item":"https:\/\/www.intoscana.it\/it\/"},{"@type":"ListItem","position":2,"name":"&#8220;Prato Phygital&#8221;, rendering virtuali e immersivi applicati ai tessuti e ai costumi"}]},{"@type":"WebSite","@id":"https:\/\/www.intoscana.it\/it\/#website","url":"https:\/\/www.intoscana.it\/it\/","name":"intoscana","description":"","potentialAction":[{"@type":"SearchAction","target":{"@type":"EntryPoint","urlTemplate":"https:\/\/www.intoscana.it\/it\/?s={search_term_string}"},"query-input":{"@type":"PropertyValueSpecification","valueRequired":true,"valueName":"search_term_string"}}],"inLanguage":"it-IT"},{"@type":"Person","@id":"https:\/\/www.intoscana.it\/it\/#\/schema\/person\/20956e1a83baf96027b69e776f754e43","name":"Elisabetta Vagaggini","url":"https:\/\/www.intoscana.it\/it\/author\/elisabetta-vagaggini\/"}]}},"_links":{"self":[{"href":"https:\/\/www.intoscana.it\/it\/wp-json\/wp\/v2\/posts\/289695","targetHints":{"allow":["GET"]}}],"collection":[{"href":"https:\/\/www.intoscana.it\/it\/wp-json\/wp\/v2\/posts"}],"about":[{"href":"https:\/\/www.intoscana.it\/it\/wp-json\/wp\/v2\/types\/post"}],"author":[{"embeddable":true,"href":"https:\/\/www.intoscana.it\/it\/wp-json\/wp\/v2\/users\/492"}],"replies":[{"embeddable":true,"href":"https:\/\/www.intoscana.it\/it\/wp-json\/wp\/v2\/comments?post=289695"}],"version-history":[{"count":0,"href":"https:\/\/www.intoscana.it\/it\/wp-json\/wp\/v2\/posts\/289695\/revisions"}],"wp:featuredmedia":[{"embeddable":true,"href":"https:\/\/www.intoscana.it\/it\/wp-json\/wp\/v2\/media\/289722"}],"wp:attachment":[{"href":"https:\/\/www.intoscana.it\/it\/wp-json\/wp\/v2\/media?parent=289695"}],"wp:term":[{"taxonomy":"category","embeddable":true,"href":"https:\/\/www.intoscana.it\/it\/wp-json\/wp\/v2\/categories?post=289695"},{"taxonomy":"post_tag","embeddable":true,"href":"https:\/\/www.intoscana.it\/it\/wp-json\/wp\/v2\/tags?post=289695"}],"curies":[{"name":"wp","href":"https:\/\/api.w.org\/{rel}","templated":true}]}}