{"id":289855,"date":"2023-06-03T13:08:46","date_gmt":"2023-06-03T11:08:46","guid":{"rendered":"https:\/\/www.intoscana.it\/it\/?p=289855"},"modified":"2023-06-03T15:24:13","modified_gmt":"2023-06-03T13:24:13","slug":"studente-sordo-si-laurea-in-medicina-la-forza-di-mattia-non-fatevi-abbattere-dalla-disabilita","status":"publish","type":"post","link":"https:\/\/www.intoscana.it\/it\/studente-sordo-si-laurea-in-medicina-la-forza-di-mattia-non-fatevi-abbattere-dalla-disabilita\/","title":{"rendered":"Studente sordo si laurea in medicina, la forza di Mattia: &#8220;Non fatevi abbattere dalla disabilit\u00e0&#8221;"},"content":{"rendered":"<p>Si \u00e8 laureato con il massimo dei voti e ha dato un esempio di volont\u00e0, passione e forza a tutti. Lui \u00e8 <strong>Mattia Costenaro<\/strong>, 28 anni, sordo, originazio di Valdilana, in priovincia di Biella, e studente dell&#8217;<strong>Universit\u00e0 di Pisa<\/strong>. <mark>&#8220;In nome del Popolo italiano e su mandato del Magnifico Rettore dell&#8217;Universit\u00e0 di Pisa, la nomino dottore in Medicina e Chirurgia col punteggio di 110 su 110, con lode e dignit\u00e0 di stampa&#8221;.<\/mark> La formula di rito \u00e8 stata pronunciate dal professor Diego Peroni davanti ad un\u2019Aula Magna emozionatissima: Mattia ha cos\u00ec concluso nel migliore dei modi il suo percorso universitario, dopo aver discusso una tesi dal titolo &#8220;Linfoproliferazione in Sindrome di Sj\u00f6gren: esperienza monocentrica&#8221; con relatrice la professoressa Chiara Baldini, docente di Reumatologia dell\u2019Ateneo pisano.<\/p>\n<p>Mattia Costenaro si \u00e8 immatricolato al corso di laurea in Scienze Biologiche dell&#8217;Ateneo pisano nell&#8217;anno accademico 2014-2015, per poi passare a Medicina e Chirurgia l&#8217;anno successivo. Vincitore di una borsa di studio presso la Fondazione \u201cCollegio Puteano\u201d ha portato a termine brillantemente il suo percorso con l&#8217;ottima media di <strong>28.5<\/strong>.<\/p>\n<figure id=\"post-289859 media-289859\" class=\"align-none\"><img decoding=\"async\" src=\"https:\/\/www.intoscana.it\/wp-content\/uploads\/Laurea-Mattia-Universita\u0300-di-Pisa.jpeg\" alt=\"\" \/><\/figure>\n<div class=\"titleimg\">Laurea Mattia \u2013 Universita\u0300 di Pisa<\/div>\n<h3><em>Il messaggio di Mattia\u00a0<\/em><\/h3>\n<p>Nei suoi anni universitari Mattia \u00e8 stato seguito dall&#8217;<strong>Usid<\/strong>, l&#8217;Ufficio Servizi per l&#8217;Inclusione di studenti con disabilit\u00e0 dell\u2019Universit\u00e0 di Pisa, prevalentemente mediante l&#8217;affiancamento di studenti part-time, e del <mark>servizio di interpretariato Lis (lingua dei segni italiana), che gli hanno garantito la piena accessibilit\u00e0 alle lezioni anche durante la pandemia.<\/mark><\/p>\n<p>\u201cQuella della mia laurea \u00e8 stata una giornata indimenticabile, in cui ho sentito ancora pi\u00f9 forte la vicinanza dei familiari, degli amici e dei conoscenti che mi hanno sempre supportato nel mio lungo, faticoso ma bellissimo percorso universitario \u2013 racconta lo studente \u2013 Un giorno di festa per il quale ringrazio di cuore l\u2019Universit\u00e0 di Pisa, in particolare i professori Paolo Mancarella e Luca Fanucci, lo staff dell\u2019Usid e gli interpreti Lis dell\u2019Associazione Comunico che mi hanno seguito in questi anni rendendo possibile tutto ci\u00f2&#8221;.<\/p>\n<p>E poi lancia un messaggio agli studenti disabili: <mark>&#8220;Non fatevi ostacolare e abbattere dalla vostra disabilit\u00e0, il vero e proprio ostacolo sta nella vostra mente, credete sempre in voi stessi, raggiungerete cime a voi prima impensabili e l\u00ec potrete toccare il cielo con un dito, vi supporto a distanza e sar\u00f2 sempre orgoglioso di voi, forza!\u201d<\/mark><\/p>\n<p>Oltre che neo laureato, oggi Mattia collabora, in veste di vicesegretario, con il <strong>Comitato Giovani Sordi Italiani<\/strong>, fa parte di <strong>World Health Sign<\/strong> (un gruppo di lavoro che ha l\u2019obiettivo, attraverso video pienamente accessibili, di divulgare le informazioni sulla cura e sulla salute alle persone sorde e sordo-cieche) e, infine, collabora con l\u2019associazione <strong>Comunico<\/strong>, che opera nella didattica per i bambini sordi in provincia di Livorno.<\/p>\n","protected":false},"excerpt":{"rendered":"<p>Media del 28,5 e votazione conclusiva di 110 e lode. Il giovane ha concluso brillantemente il suo percorso anche grazie\u00a0al supporto dell&#8217;ufficio servizio per l&#8217;inclusione dell&#8217;Ateneo pisano e degli interpreti Lis<\/p>\n","protected":false},"author":525,"featured_media":289858,"comment_status":"open","ping_status":"open","sticky":false,"template":"","format":"standard","meta":{"_acf_changed":false,"footnotes":""},"categories":[4],"tags":[406,368],"class_list":["post-289855","post","type-post","status-publish","format-standard","has-post-thumbnail","hentry","category-storie","tag-disabilita","tag-universita-di-pisa"],"acf":[],"yoast_head":"<!-- This site is optimized with the Yoast SEO Premium plugin v24.2 (Yoast SEO v25.6) - https:\/\/yoast.com\/wordpress\/plugins\/seo\/ -->\n<title>Studente sordo si laurea in medicina, la forza di Mattia: &quot;Non fatevi abbattere dalla disabilit\u00e0&quot; - intoscana<\/title>\n<meta name=\"description\" content=\"Media del 28,5 e votazione conclusiva di 110 e lode. Il giovane ha concluso brillantemente il suo percorso anche grazie\u00a0al supporto dell&#039;ufficio servizio per l&#039;inclusione dell&#039;Ateneo pisano e degli interpreti Lis\" \/>\n<meta name=\"robots\" content=\"index, follow, max-snippet:-1, max-image-preview:large, max-video-preview:-1\" \/>\n<link rel=\"canonical\" href=\"https:\/\/www.intoscana.it\/it\/studente-sordo-si-laurea-in-medicina-la-forza-di-mattia-non-fatevi-abbattere-dalla-disabilita\/\" \/>\n<meta property=\"og:locale\" content=\"it_IT\" \/>\n<meta property=\"og:type\" content=\"article\" \/>\n<meta property=\"og:title\" content=\"Studente sordo si laurea in medicina, la forza di Mattia: &quot;Non fatevi abbattere dalla disabilit\u00e0&quot;\" \/>\n<meta property=\"og:description\" content=\"Media del 28,5 e votazione conclusiva di 110 e lode. Il giovane ha concluso brillantemente il suo percorso anche grazie\u00a0al supporto dell&#039;ufficio servizio per l&#039;inclusione dell&#039;Ateneo pisano e degli interpreti Lis\" \/>\n<meta property=\"og:url\" content=\"https:\/\/www.intoscana.it\/it\/studente-sordo-si-laurea-in-medicina-la-forza-di-mattia-non-fatevi-abbattere-dalla-disabilita\/\" \/>\n<meta property=\"og:site_name\" content=\"intoscana\" \/>\n<meta property=\"article:publisher\" content=\"https:\/\/www.facebook.com\/intoscana.it\" \/>\n<meta property=\"article:published_time\" content=\"2023-06-03T11:08:46+00:00\" \/>\n<meta property=\"article:modified_time\" content=\"2023-06-03T13:24:13+00:00\" \/>\n<meta property=\"og:image\" content=\"https:\/\/www.intoscana.it\/wp-content\/uploads\/Mattia-Universita\u0300-di-Pisa.jpeg\" \/>\n\t<meta property=\"og:image:width\" content=\"900\" \/>\n\t<meta property=\"og:image:height\" content=\"588\" \/>\n\t<meta property=\"og:image:type\" content=\"image\/jpeg\" \/>\n<meta name=\"author\" content=\"Redazione\" \/>\n<meta name=\"twitter:card\" content=\"summary_large_image\" \/>\n<meta name=\"twitter:creator\" content=\"@intoscana\" \/>\n<meta name=\"twitter:site\" content=\"@intoscana\" \/>\n<meta name=\"twitter:label1\" content=\"Written by\" \/>\n\t<meta name=\"twitter:data1\" content=\"Redazione\" \/>\n\t<meta name=\"twitter:label2\" content=\"Est. reading time\" \/>\n\t<meta name=\"twitter:data2\" content=\"2 minuti\" \/>\n<script type=\"application\/ld+json\" class=\"yoast-schema-graph\">{\"@context\":\"https:\/\/schema.org\",\"@graph\":[{\"@type\":\"WebPage\",\"@id\":\"https:\/\/www.intoscana.it\/it\/studente-sordo-si-laurea-in-medicina-la-forza-di-mattia-non-fatevi-abbattere-dalla-disabilita\/\",\"url\":\"https:\/\/www.intoscana.it\/it\/studente-sordo-si-laurea-in-medicina-la-forza-di-mattia-non-fatevi-abbattere-dalla-disabilita\/\",\"name\":\"Studente sordo si laurea in medicina, la forza di Mattia: \\\"Non fatevi abbattere dalla disabilit\u00e0\\\" - intoscana\",\"isPartOf\":{\"@id\":\"https:\/\/www.intoscana.it\/it\/#website\"},\"primaryImageOfPage\":{\"@id\":\"https:\/\/www.intoscana.it\/it\/studente-sordo-si-laurea-in-medicina-la-forza-di-mattia-non-fatevi-abbattere-dalla-disabilita\/#primaryimage\"},\"image\":{\"@id\":\"https:\/\/www.intoscana.it\/it\/studente-sordo-si-laurea-in-medicina-la-forza-di-mattia-non-fatevi-abbattere-dalla-disabilita\/#primaryimage\"},\"thumbnailUrl\":\"https:\/\/www.intoscana.it\/wp-content\/uploads\/Mattia-Universita\u0300-di-Pisa.jpeg\",\"datePublished\":\"2023-06-03T11:08:46+00:00\",\"dateModified\":\"2023-06-03T13:24:13+00:00\",\"author\":{\"@id\":\"https:\/\/www.intoscana.it\/it\/#\/schema\/person\/9223810753230f20bd670fdd322661f8\"},\"description\":\"Media del 28,5 e votazione conclusiva di 110 e lode. Il giovane ha concluso brillantemente il suo percorso anche grazie\u00a0al supporto dell'ufficio servizio per l'inclusione dell'Ateneo pisano e degli interpreti Lis\",\"breadcrumb\":{\"@id\":\"https:\/\/www.intoscana.it\/it\/studente-sordo-si-laurea-in-medicina-la-forza-di-mattia-non-fatevi-abbattere-dalla-disabilita\/#breadcrumb\"},\"inLanguage\":\"it-IT\",\"potentialAction\":[{\"@type\":\"ReadAction\",\"target\":[\"https:\/\/www.intoscana.it\/it\/studente-sordo-si-laurea-in-medicina-la-forza-di-mattia-non-fatevi-abbattere-dalla-disabilita\/\"]}]},{\"@type\":\"ImageObject\",\"inLanguage\":\"it-IT\",\"@id\":\"https:\/\/www.intoscana.it\/it\/studente-sordo-si-laurea-in-medicina-la-forza-di-mattia-non-fatevi-abbattere-dalla-disabilita\/#primaryimage\",\"url\":\"https:\/\/www.intoscana.it\/wp-content\/uploads\/Mattia-Universita\u0300-di-Pisa.jpeg\",\"contentUrl\":\"https:\/\/www.intoscana.it\/wp-content\/uploads\/Mattia-Universita\u0300-di-Pisa.jpeg\",\"width\":900,\"height\":588},{\"@type\":\"BreadcrumbList\",\"@id\":\"https:\/\/www.intoscana.it\/it\/studente-sordo-si-laurea-in-medicina-la-forza-di-mattia-non-fatevi-abbattere-dalla-disabilita\/#breadcrumb\",\"itemListElement\":[{\"@type\":\"ListItem\",\"position\":1,\"name\":\"Home\",\"item\":\"https:\/\/www.intoscana.it\/it\/\"},{\"@type\":\"ListItem\",\"position\":2,\"name\":\"Studente sordo si laurea in medicina, la forza di Mattia: &#8220;Non fatevi abbattere dalla disabilit\u00e0&#8221;\"}]},{\"@type\":\"WebSite\",\"@id\":\"https:\/\/www.intoscana.it\/it\/#website\",\"url\":\"https:\/\/www.intoscana.it\/it\/\",\"name\":\"intoscana\",\"description\":\"\",\"potentialAction\":[{\"@type\":\"SearchAction\",\"target\":{\"@type\":\"EntryPoint\",\"urlTemplate\":\"https:\/\/www.intoscana.it\/it\/?s={search_term_string}\"},\"query-input\":{\"@type\":\"PropertyValueSpecification\",\"valueRequired\":true,\"valueName\":\"search_term_string\"}}],\"inLanguage\":\"it-IT\"},{\"@type\":\"Person\",\"@id\":\"https:\/\/www.intoscana.it\/it\/#\/schema\/person\/9223810753230f20bd670fdd322661f8\",\"name\":\"Redazione\",\"url\":\"https:\/\/www.intoscana.it\/it\/author\/redazione\/\"}]}<\/script>\n<!-- \/ Yoast SEO Premium plugin. -->","yoast_head_json":{"title":"Studente sordo si laurea in medicina, la forza di Mattia: \"Non fatevi abbattere dalla disabilit\u00e0\" - intoscana","description":"Media del 28,5 e votazione conclusiva di 110 e lode. Il giovane ha concluso brillantemente il suo percorso anche grazie\u00a0al supporto dell'ufficio servizio per l'inclusione dell'Ateneo pisano e degli interpreti Lis","robots":{"index":"index","follow":"follow","max-snippet":"max-snippet:-1","max-image-preview":"max-image-preview:large","max-video-preview":"max-video-preview:-1"},"canonical":"https:\/\/www.intoscana.it\/it\/studente-sordo-si-laurea-in-medicina-la-forza-di-mattia-non-fatevi-abbattere-dalla-disabilita\/","og_locale":"it_IT","og_type":"article","og_title":"Studente sordo si laurea in medicina, la forza di Mattia: \"Non fatevi abbattere dalla disabilit\u00e0\"","og_description":"Media del 28,5 e votazione conclusiva di 110 e lode. Il giovane ha concluso brillantemente il suo percorso anche grazie\u00a0al supporto dell'ufficio servizio per l'inclusione dell'Ateneo pisano e degli interpreti Lis","og_url":"https:\/\/www.intoscana.it\/it\/studente-sordo-si-laurea-in-medicina-la-forza-di-mattia-non-fatevi-abbattere-dalla-disabilita\/","og_site_name":"intoscana","article_publisher":"https:\/\/www.facebook.com\/intoscana.it","article_published_time":"2023-06-03T11:08:46+00:00","article_modified_time":"2023-06-03T13:24:13+00:00","og_image":[{"width":900,"height":588,"url":"https:\/\/www.intoscana.it\/wp-content\/uploads\/Mattia-Universita\u0300-di-Pisa.jpeg","type":"image\/jpeg"}],"author":"Redazione","twitter_card":"summary_large_image","twitter_creator":"@intoscana","twitter_site":"@intoscana","twitter_misc":{"Written by":"Redazione","Est. reading time":"2 minuti"},"schema":{"@context":"https:\/\/schema.org","@graph":[{"@type":"WebPage","@id":"https:\/\/www.intoscana.it\/it\/studente-sordo-si-laurea-in-medicina-la-forza-di-mattia-non-fatevi-abbattere-dalla-disabilita\/","url":"https:\/\/www.intoscana.it\/it\/studente-sordo-si-laurea-in-medicina-la-forza-di-mattia-non-fatevi-abbattere-dalla-disabilita\/","name":"Studente sordo si laurea in medicina, la forza di Mattia: \"Non fatevi abbattere dalla disabilit\u00e0\" - intoscana","isPartOf":{"@id":"https:\/\/www.intoscana.it\/it\/#website"},"primaryImageOfPage":{"@id":"https:\/\/www.intoscana.it\/it\/studente-sordo-si-laurea-in-medicina-la-forza-di-mattia-non-fatevi-abbattere-dalla-disabilita\/#primaryimage"},"image":{"@id":"https:\/\/www.intoscana.it\/it\/studente-sordo-si-laurea-in-medicina-la-forza-di-mattia-non-fatevi-abbattere-dalla-disabilita\/#primaryimage"},"thumbnailUrl":"https:\/\/www.intoscana.it\/wp-content\/uploads\/Mattia-Universita\u0300-di-Pisa.jpeg","datePublished":"2023-06-03T11:08:46+00:00","dateModified":"2023-06-03T13:24:13+00:00","author":{"@id":"https:\/\/www.intoscana.it\/it\/#\/schema\/person\/9223810753230f20bd670fdd322661f8"},"description":"Media del 28,5 e votazione conclusiva di 110 e lode. Il giovane ha concluso brillantemente il suo percorso anche grazie\u00a0al supporto dell'ufficio servizio per l'inclusione dell'Ateneo pisano e degli interpreti Lis","breadcrumb":{"@id":"https:\/\/www.intoscana.it\/it\/studente-sordo-si-laurea-in-medicina-la-forza-di-mattia-non-fatevi-abbattere-dalla-disabilita\/#breadcrumb"},"inLanguage":"it-IT","potentialAction":[{"@type":"ReadAction","target":["https:\/\/www.intoscana.it\/it\/studente-sordo-si-laurea-in-medicina-la-forza-di-mattia-non-fatevi-abbattere-dalla-disabilita\/"]}]},{"@type":"ImageObject","inLanguage":"it-IT","@id":"https:\/\/www.intoscana.it\/it\/studente-sordo-si-laurea-in-medicina-la-forza-di-mattia-non-fatevi-abbattere-dalla-disabilita\/#primaryimage","url":"https:\/\/www.intoscana.it\/wp-content\/uploads\/Mattia-Universita\u0300-di-Pisa.jpeg","contentUrl":"https:\/\/www.intoscana.it\/wp-content\/uploads\/Mattia-Universita\u0300-di-Pisa.jpeg","width":900,"height":588},{"@type":"BreadcrumbList","@id":"https:\/\/www.intoscana.it\/it\/studente-sordo-si-laurea-in-medicina-la-forza-di-mattia-non-fatevi-abbattere-dalla-disabilita\/#breadcrumb","itemListElement":[{"@type":"ListItem","position":1,"name":"Home","item":"https:\/\/www.intoscana.it\/it\/"},{"@type":"ListItem","position":2,"name":"Studente sordo si laurea in medicina, la forza di Mattia: &#8220;Non fatevi abbattere dalla disabilit\u00e0&#8221;"}]},{"@type":"WebSite","@id":"https:\/\/www.intoscana.it\/it\/#website","url":"https:\/\/www.intoscana.it\/it\/","name":"intoscana","description":"","potentialAction":[{"@type":"SearchAction","target":{"@type":"EntryPoint","urlTemplate":"https:\/\/www.intoscana.it\/it\/?s={search_term_string}"},"query-input":{"@type":"PropertyValueSpecification","valueRequired":true,"valueName":"search_term_string"}}],"inLanguage":"it-IT"},{"@type":"Person","@id":"https:\/\/www.intoscana.it\/it\/#\/schema\/person\/9223810753230f20bd670fdd322661f8","name":"Redazione","url":"https:\/\/www.intoscana.it\/it\/author\/redazione\/"}]}},"_links":{"self":[{"href":"https:\/\/www.intoscana.it\/it\/wp-json\/wp\/v2\/posts\/289855","targetHints":{"allow":["GET"]}}],"collection":[{"href":"https:\/\/www.intoscana.it\/it\/wp-json\/wp\/v2\/posts"}],"about":[{"href":"https:\/\/www.intoscana.it\/it\/wp-json\/wp\/v2\/types\/post"}],"author":[{"embeddable":true,"href":"https:\/\/www.intoscana.it\/it\/wp-json\/wp\/v2\/users\/525"}],"replies":[{"embeddable":true,"href":"https:\/\/www.intoscana.it\/it\/wp-json\/wp\/v2\/comments?post=289855"}],"version-history":[{"count":0,"href":"https:\/\/www.intoscana.it\/it\/wp-json\/wp\/v2\/posts\/289855\/revisions"}],"wp:featuredmedia":[{"embeddable":true,"href":"https:\/\/www.intoscana.it\/it\/wp-json\/wp\/v2\/media\/289858"}],"wp:attachment":[{"href":"https:\/\/www.intoscana.it\/it\/wp-json\/wp\/v2\/media?parent=289855"}],"wp:term":[{"taxonomy":"category","embeddable":true,"href":"https:\/\/www.intoscana.it\/it\/wp-json\/wp\/v2\/categories?post=289855"},{"taxonomy":"post_tag","embeddable":true,"href":"https:\/\/www.intoscana.it\/it\/wp-json\/wp\/v2\/tags?post=289855"}],"curies":[{"name":"wp","href":"https:\/\/api.w.org\/{rel}","templated":true}]}}