{"id":289936,"date":"2023-06-05T11:48:35","date_gmt":"2023-06-05T09:48:35","guid":{"rendered":"https:\/\/www.intoscana.it\/it\/?p=289936"},"modified":"2023-06-05T16:54:59","modified_gmt":"2023-06-05T14:54:59","slug":"intervista-igort-mostra-palazzo-blu-pisa-2023","status":"publish","type":"post","link":"https:\/\/www.intoscana.it\/it\/intervista-igort-mostra-palazzo-blu-pisa-2023\/","title":{"rendered":"IGORT il creatore di mondi: &#8220;Dall&#8217;alba dei tempi l&#8217;essere umano ha sempre avuto bisogno di racconti e di disegni&#8221;"},"content":{"rendered":"<p><strong>Illustratore, fumettista, regista<\/strong>, musicista sperimentale, fondatore di una casa editrice la <a href=\"https:\/\/www.coconinopress.it\" target=\"_blank\" rel=\"noopener\"><strong>Coconino Press<\/strong><\/a> (e poi <a href=\"https:\/\/www.oblomovedizioni.com\" target=\"_blank\" rel=\"noopener\"><strong>Oblomov Edizioni<\/strong><\/a>) e direttore di<strong> Linus<\/strong> il pi\u00f9 importante e poi antico mensile italiano dedicato al fumetto.<\/p>\n<p><strong>Igor Tuveri in arte<a href=\"https:\/\/www.igort.com\" target=\"_blank\" rel=\"noopener\"> IGORT<\/a><\/strong> \u00e8 un <strong>talento poliedrico e cosmopolita,<\/strong> un <strong>creatore di mondi,<\/strong> che quando immagina, scrive o disegna lo fa senza limiti e senza confini.<\/p>\n<p>Nel 2019 si \u00e8 cimentato anche nella professione di regista portando sul grande schermo uno dei suoi fumetti pi\u00f9 amati <a href=\"https:\/\/www.youtube.com\/watch?v=kMa8CXTn2TA\" target=\"_blank\" rel=\"noopener\"><em><strong>&#8220;5 il numero perfetto&#8221;<\/strong><\/em><\/a>. Un film in cui hanno recitato attori del calibro di <strong>Valeria Golino e Toni Servillo.<\/strong><\/p>\n<p>Le sue storie sono state tradotte in tutto il mondo e <strong>Igort<\/strong> che ama definirsi <strong>\u201cun architetto che traccia ponti\u201d<\/strong> \u00e8 stato il primo occidentale a lavorare nell\u2019industria del manga giapponese.<\/p>\n<p><strong>Fino al 10 settembre<\/strong> si tiene a<strong><a href=\"https:\/\/palazzoblu.it\" target=\"_blank\" rel=\"noopener\"> Palazzo Blu<\/a> a Pisa<\/strong> l\u2019esposizione <a href=\"https:\/\/www.intoscana.it\/it\/articolo\/igort-mostra-palazzo-blu-pisa-2023\/\" target=\"_blank\" rel=\"noopener\"><em><strong>\u201cIgort. Attraversare le forme\u201d<\/strong> <\/em><\/a>che tenta di raccontare 45 anni di attivit\u00e0 e creativit\u00e0 di un artista che \u00e8 riuscito a spaziare sia geograficamente che stilisticamente attraversando molteplici generi letterari.<\/p>\n<figure id=\"post-289939 media-289939\" class=\"align-none\"><img decoding=\"async\" src=\"https:\/\/www.intoscana.it\/wp-content\/uploads\/pop-quaderni-giapponesi-01.jpg\" alt=\"\" \/><\/figure>\n<p><em>Quaderni giapponesi<\/em><\/p>\n<h3>Ecco la nostra intervista a IGORT<\/h3>\n<p><strong>Vorrei partire proprio dal Giappone, lei ha spesso raccontato quanto siano diverse le modalit\u00e0 lavorative rispetto all&#8217;Occidente. Situazioni al limite della tortura fisica&#8230;<\/strong><\/p>\n<p>S\u00ec \u00e8 il loro sistema di produzione, non \u00e8 che lo facevano con me per essere crudeli. Loro lo fanno con se stessi,<strong> \u00e8 una macchina di creazione di storie disegnate formidabile,<\/strong> \u00e8 <strong>la seconda industria nel mondo<\/strong> e quindi richiede una grande quantit\u00e0 di materiali per nutrire questo grande consumo. Il rapporto con me \u00e8 stato un po&#8217; speciale perch\u00e8 <strong>io li avevo convinti che ero stato giapponese in un&#8217;altra vita<\/strong> e loro mi hanno trattato da Giapponese.\u00a0\u00c8\u00a0leggendaria la storia che per entrare nello studio di <strong>Go Nagai,<\/strong> uno dei massimi padri del manga,<strong> bisogna disegnare tre giorni e tre notti di seguito. Puoi mangiare ma se ti addormenti al tavolo non verrai assunto.<\/strong> Quello che facevano con me faceva parte della loro tradizione e della loro devozione al lavoro, molto semplicemente.<\/p>\n<p><strong>Il fumetto anche pi\u00f9 di altri linguaggi e media \u00e8 cambiato e si \u00e8 evoluto molto negli ultimi anni. Viviamo nell&#8217;epoca delle serie tv, di cui sembra ormai che non possiamo pi\u00f9 fare a meno. Questo ha influito anche nel fumetto?<\/strong><\/p>\n<p>Penso di s\u00ec e spero che influisca, perch\u00e9 <strong>il fumetto si deve nutrire di qualunque altra suggestione provenga dagli altri media<\/strong> e anche dalla vita di tutti i giorni. Per me <strong>le serie tv sono la forma aggiornata e contemporanea del &#8220;feuilleton&#8221;.<\/strong> Alla fine dell&#8217;ottocento c&#8217;erano questi <strong>racconti a puntate nei giornali scritti da Victor Hugo, Alexandre Dumas<\/strong> e altri grandi narratori. Questo tipo di narrazione a puntate adesso ha una nuova applicazione che \u00e8 quella delle serie televisive, molte delle quali, essendoci un&#8217;enorme produzione, sono fatte secondo me molto bene e per me \u00e8 interessante e affascinante. <strong>Quando scrivo penso al fatto che sono ormai assodate alcune tecniche di narrazione molto evolute, perch\u00e9 lo spettatore \u00e8 ormai abituato.<\/strong> A me sembra questa una stagione molto felice in cui attraverso la rete \u00e8 possibile interagire e avere delle informazioni in tempo reale, nella composizione dei <strong>Quaderni giapponesi<\/strong> spesso pubblico delle cose che sto facendo e i miei follower mi suggeriscono libri sull&#8217;argomento per approfondire<strong>. Il mio ormai \u00e8 un lavoro in cui lo studio \u00e8 aperto.<\/strong> Un tempo l&#8217;autore era isolato nella sua gabbia dorata e disegnava tutti i giorni sperando che il pubblico potesse apprezzare le cose che faceva. Oggi tramite la rete ci sono anche gli eccessi in cui <strong>ti insultano in diretta mentre stai lavorando<\/strong>. Ma al di l\u00e0 di questo \u00e8 molto affascinante lo scambio che si pu\u00f2 avere.<p><span class=\"citazione\">a volte una scatola pu\u00f2 essere anche l&#8217;occasione per inventarsi delle nuove soluzioni. La libert\u00e0 \u00e8 dovuta molto alla propria testa, ci sono dei limiti che ci poniamo da soli senza rendercene conto<\/span><\/p><\/p>\n<p><strong>Come mai l&#8217;essere umano ha cos\u00ec bisogno delle storie?<\/strong><\/p>\n<p>Dall&#8217;alba dei tempi \u00e8 sempre stato cos\u00ec,<strong> l&#8217;essere umano ha bisogno di racconti e di disegni.\u00a0<\/strong>Dai graffiti rupestri all&#8217;Odissea \u00e8 sempre stata presente <strong>la voglia e la necessit\u00e0 di raccontarsi e raccontare<\/strong>. Io penso che sia fisiologico, come respirare, fa parte della natura, \u00e8 una cosa bella.<strong> Il racconto e le immagini hanno cambiato la mia vita<\/strong> e io sono molto felice di aver avuto questo incontro sin da bambino. <strong>A sei anni io sapevo gi\u00e0 cosa volevo fare: volevo raccontare con le immagini.\u00a0<\/strong><\/p>\n<figure id=\"post-289958 media-289958\" class=\"align-none\"><img decoding=\"async\" src=\"https:\/\/www.intoscana.it\/wp-content\/uploads\/Linus.jpg\" alt=\"\" \/><\/figure>\n<p><strong>Lei \u00e8 diventato direttore di Linus in un momento in cui la rivista era in una grandissima crisi, rischiava di chiudere. Com&#8217;\u00e8 riuscito a trasformarlo e salvarlo?<\/strong><\/p>\n<p><strong>\u00c8 stata un&#8217;esperienza che mi faceva tremare le ginocchia<\/strong> perch\u00e9 io ho debuttato su<strong>\u00a0<a href=\"https:\/\/linus.cantookboutique.com\/it\" target=\"_blank\" rel=\"noopener\" class=\"broken_link\">Linus<\/a> che \u00e8 una rivista sacra<\/strong> oltre ad essere la prima antologia di strisce mai creata nel mondo.\u00a0\u00c8 stato molto bello,<strong> \u00e8 servita tutta la forza di cui disponevo per cercare di superare la paura di come mettersi a modificare<\/strong> o rinnovare una rivista cos\u00ec importante. Poi mese dopo mese non ci pensi neanche pi\u00f9, per la routine della composizione dei numeri, la complessit\u00e0 che richiede. \u00c8 un lavoro molto articolato quello che cerchiamo di fare:\u00a0<strong>attraverso<\/strong> <strong>le &#8220;icone&#8221;<\/strong>\u00a0vogliamo raccontare il presente, tramite i<strong> fabbricanti di universi che sono gli architetti della nostra mente, <\/strong>per dirla come <strong>Salinger.<\/strong> Cerchiamo di capire <strong>chi ha lasciato qualcosa, chi la lascer\u00e0<\/strong>, o anche occuparci di casi di casi politici mettendo in copertina <strong>Patrick Zaki o Zelensky.<\/strong>\u00a0Cerchiamo di riflettere anche su questo tipo di aspetto per\u00f2 di solito indaghiamo il sogno. <strong>L&#8217;idea \u00e8 che attraverso il sogno, noi possiamo raccontare la contemporaneit\u00e0, la nostra\u00a0epoca, il nostro tempo.<\/strong><div class=\"focuson\"><a href=\"https:\/\/www.intoscana.it\/it\/articolo\/igort-mostra-palazzo-blu-pisa-2023\/\"><img decoding=\"async\" class=\"lazy\" src=\"https:\/\/www.intoscana.it\/wp-content\/uploads\/Schermata-2023-06-05-alle-10.19.56.jpg\" style=\"\">\n                <div class=\"cat\">IGORT a Palazzo Blu<\/div>\n                <h4>Scopri la mostra a Pisa<\/h4><\/a>\n              <\/div><\/p>\n<p><strong>Negli anni &#8217;70 in Italia il fumetto era anche veicolo di idee e posizioni politiche, penso a Pazienza per esempio, oggi non \u00e8 pi\u00f9 cos\u00ec, oppure no?<\/strong><\/p>\n<p>L&#8217;epoca contemporanea \u00e8 completamente diversa, siamo in una stagione differente e anche la percezione del reale \u00e8 differente, adesso<strong> viviamo in un villaggio globale<\/strong>. Negli <strong>anni &#8217;70 Pazienza con <em>Penthotal<\/em>,\u00a0<\/strong>il fumetto pi\u00f9 politico che ha fatto, raccontava le storie degli studenti fuori sede a Bologna. Poi Andrea divenne meno politico e pi\u00f9 generazionale con <strong><em>Zanardi,<\/em> ritratto di una giovent\u00f9 liceale, spietata<\/strong>. C&#8217;era negli anni &#8217;70 la fantasia al potere, il fantastico, la rivalutazione dei generi contro il razzismo culturale.<\/p>\n<p><strong>E oggi?<\/strong><\/p>\n<p>I due filoni che dall&#8217;Ottocento in poi <strong>reggono tutt&#8217;oggi l&#8217;immaginario contemporaneo sono il noir e il fantastico,<\/strong> nei film, oppure nelle storie di invenzione. Basti pensare ai<strong>\u00a0supereroi che spopolano al cinema<\/strong>, sono quelli i blockbuster pi\u00f9 grossi.\u00a0Oggi credo il fumetto possa raccontare la contemporaneit\u00e0 solo che adesso<strong> il rischio per i nuovi autori \u00e8 quello di essere troppo ombelicali, guardare soltanto il loro punto di vista<\/strong> e non riuscire ad avere uno sguardo prospettico. Per\u00f2 \u00e8 pi\u00f9 facile pubblicare di un tempo, confrontarsi col pubblico e quindi crescere, questo per me era un sogno. <strong>Alla fine degli anni &#8217;70 ero uno studente morto di fame <\/strong>e insieme ad altri amici e fumettisti in erba <strong>comprammo una macchina da\u00a0stampa offset per cercare di pubblicare una rivista<\/strong>. Adesso volendo si pu\u00f2 pubblicare sulla rete in tempo reale e avere subito un feedback, \u00e8 un&#8217;occasione meravigliosa per potersi misurare con gli altri.<\/p>\n<p><strong>Come editore per Coconino Press e Oblomov Edizioni come sceglie chi pubblicare?<\/strong><\/p>\n<p>\u00c8 abbastanza semplice se dopo aver letto un libro la notte non dormo, vuol dire che l&#8217;autore \u00e8 buono. <strong>Un sistema molto pratico (ride).<\/strong><\/p>\n<p><strong>Che cos&#8217;\u00e8 per lei la libert\u00e0? L&#8217;artista oggi \u00e8 libero anche nella societ\u00e0 dei selfie, dei social e dell&#8217;apparire?<\/strong><\/p>\n<p><strong>Non penso che l&#8217;artista sia libero<\/strong> e non penso neanche che sia una grande esigenza quella di essere liberi artisticamente, nella vita ovviamente \u00e8 indispensabile. Se guardo agli <strong>autori che io ho amato moltissimo come Magnus o Moebius,<\/strong> erano persone che lavoravano anche per l&#8217;industria e facevano personaggi che dovevano avere delle caratteristiche molto precise, per esempio anche <strong>Giraud con Blueberry<\/strong>. Attraverso questo sono riusciti a fare dei capolavori assoluti. Credo molto nella dinamica interna, a volte una scatola pu\u00f2 essere anche l&#8217;occasione per inventarsi delle nuove soluzioni. <strong>La libert\u00e0 \u00e8 dovuta molto alla propria testa, ci sono dei limiti che ci poniamo da soli senza rendercene conto.<\/strong> Io credo che quando si lavora sia necessario misurarsi il pi\u00f9 possibile con la propria sincerit\u00e0.<\/p>\n<figure id=\"post-289940 media-289940\" class=\"align-none\"><\/figure>\n<div class=\"titleimg\">\n<figure id=\"post-287827 media-287827\" class=\"align-none\"><img decoding=\"async\" src=\"https:\/\/www.intoscana.it\/wp-content\/uploads\/IMG_2307-3-scaled.jpg\" alt=\"\" \/><\/figure>\n<div class=\"titleimg\">IGORT a Palazzo Blu, Pisa<\/div>\n<\/div>\n<p>&nbsp;<\/p>\n","protected":false},"excerpt":{"rendered":"<p>L&#8217;illustratore, fumettista, grafico, regista, musicista, editore e molto altro \u00e8 protagonista di una mostra personale a palazzo Blu a Pisa aperta fino a settembre<\/p>\n","protected":false},"author":518,"featured_media":289961,"comment_status":"open","ping_status":"open","sticky":false,"template":"","format":"standard","meta":{"_acf_changed":false,"footnotes":""},"categories":[493],"tags":[4474,3138,222,203],"class_list":["post-289936","post","type-post","status-publish","format-standard","has-post-thumbnail","hentry","category-cultura","tag-eventi","tag-interviste-agli-artisti","tag-mostre","tag-pisa"],"acf":[],"yoast_head":"<!-- This site is optimized with the Yoast SEO Premium plugin v24.2 (Yoast SEO v25.6) - https:\/\/yoast.com\/wordpress\/plugins\/seo\/ -->\n<title>IGORT il creatore di mondi: &quot;Dall&#039;alba dei tempi l&#039;essere umano ha sempre avuto bisogno di racconti e di disegni&quot; - intoscana<\/title>\n<meta name=\"description\" content=\"L&#039;illustratore, fumettista, grafico, regista, musicista, editore \u00e8 protagonista di una mostra a Palazzo Blu a Pisa aperta fino a settembre\" \/>\n<meta name=\"robots\" content=\"index, follow, max-snippet:-1, max-image-preview:large, max-video-preview:-1\" \/>\n<link rel=\"canonical\" href=\"https:\/\/www.intoscana.it\/it\/intervista-igort-mostra-palazzo-blu-pisa-2023\/\" \/>\n<meta property=\"og:locale\" content=\"it_IT\" \/>\n<meta property=\"og:type\" content=\"article\" \/>\n<meta property=\"og:title\" content=\"IGORT il creatore di mondi: &quot;Dall&#039;alba dei tempi l&#039;essere umano ha sempre avuto bisogno di racconti e di disegni&quot;\" \/>\n<meta property=\"og:description\" content=\"L&#039;illustratore, fumettista, grafico, regista, musicista, editore \u00e8 protagonista di una mostra a Palazzo Blu a Pisa aperta fino a settembre\" \/>\n<meta property=\"og:url\" content=\"https:\/\/www.intoscana.it\/it\/intervista-igort-mostra-palazzo-blu-pisa-2023\/\" \/>\n<meta property=\"og:site_name\" content=\"intoscana\" \/>\n<meta property=\"article:publisher\" content=\"https:\/\/www.facebook.com\/intoscana.it\" \/>\n<meta property=\"article:published_time\" content=\"2023-06-05T09:48:35+00:00\" \/>\n<meta property=\"article:modified_time\" content=\"2023-06-05T14:54:59+00:00\" \/>\n<meta property=\"og:image\" content=\"https:\/\/www.intoscana.it\/wp-content\/uploads\/igort-scaled-1-scaled.jpg\" \/>\n\t<meta property=\"og:image:width\" content=\"2048\" \/>\n\t<meta property=\"og:image:height\" content=\"1152\" \/>\n\t<meta property=\"og:image:type\" content=\"image\/jpeg\" \/>\n<meta name=\"author\" content=\"Costanza Baldini\" \/>\n<meta name=\"twitter:card\" content=\"summary_large_image\" \/>\n<meta name=\"twitter:creator\" content=\"@intoscana\" \/>\n<meta name=\"twitter:site\" content=\"@intoscana\" \/>\n<meta name=\"twitter:label1\" content=\"Written by\" \/>\n\t<meta name=\"twitter:data1\" content=\"Costanza Baldini\" \/>\n\t<meta name=\"twitter:label2\" content=\"Est. reading time\" \/>\n\t<meta name=\"twitter:data2\" content=\"7 minuti\" \/>\n<script type=\"application\/ld+json\" class=\"yoast-schema-graph\">{\"@context\":\"https:\/\/schema.org\",\"@graph\":[{\"@type\":\"WebPage\",\"@id\":\"https:\/\/www.intoscana.it\/it\/intervista-igort-mostra-palazzo-blu-pisa-2023\/\",\"url\":\"https:\/\/www.intoscana.it\/it\/intervista-igort-mostra-palazzo-blu-pisa-2023\/\",\"name\":\"IGORT il creatore di mondi: \\\"Dall'alba dei tempi l'essere umano ha sempre avuto bisogno di racconti e di disegni\\\" - intoscana\",\"isPartOf\":{\"@id\":\"https:\/\/www.intoscana.it\/it\/#website\"},\"primaryImageOfPage\":{\"@id\":\"https:\/\/www.intoscana.it\/it\/intervista-igort-mostra-palazzo-blu-pisa-2023\/#primaryimage\"},\"image\":{\"@id\":\"https:\/\/www.intoscana.it\/it\/intervista-igort-mostra-palazzo-blu-pisa-2023\/#primaryimage\"},\"thumbnailUrl\":\"https:\/\/www.intoscana.it\/wp-content\/uploads\/igort-scaled-1-scaled.jpg\",\"datePublished\":\"2023-06-05T09:48:35+00:00\",\"dateModified\":\"2023-06-05T14:54:59+00:00\",\"author\":{\"@id\":\"https:\/\/www.intoscana.it\/it\/#\/schema\/person\/d469f35f09739bdf00bf5dd3f0647a82\"},\"description\":\"L'illustratore, fumettista, grafico, regista, musicista, editore \u00e8 protagonista di una mostra a Palazzo Blu a Pisa aperta fino a settembre\",\"breadcrumb\":{\"@id\":\"https:\/\/www.intoscana.it\/it\/intervista-igort-mostra-palazzo-blu-pisa-2023\/#breadcrumb\"},\"inLanguage\":\"it-IT\",\"potentialAction\":[{\"@type\":\"ReadAction\",\"target\":[\"https:\/\/www.intoscana.it\/it\/intervista-igort-mostra-palazzo-blu-pisa-2023\/\"]}]},{\"@type\":\"ImageObject\",\"inLanguage\":\"it-IT\",\"@id\":\"https:\/\/www.intoscana.it\/it\/intervista-igort-mostra-palazzo-blu-pisa-2023\/#primaryimage\",\"url\":\"https:\/\/www.intoscana.it\/wp-content\/uploads\/igort-scaled-1-scaled.jpg\",\"contentUrl\":\"https:\/\/www.intoscana.it\/wp-content\/uploads\/igort-scaled-1-scaled.jpg\",\"width\":2048,\"height\":1152},{\"@type\":\"BreadcrumbList\",\"@id\":\"https:\/\/www.intoscana.it\/it\/intervista-igort-mostra-palazzo-blu-pisa-2023\/#breadcrumb\",\"itemListElement\":[{\"@type\":\"ListItem\",\"position\":1,\"name\":\"Home\",\"item\":\"https:\/\/www.intoscana.it\/it\/\"},{\"@type\":\"ListItem\",\"position\":2,\"name\":\"IGORT il creatore di mondi: &#8220;Dall&#8217;alba dei tempi l&#8217;essere umano ha sempre avuto bisogno di racconti e di disegni&#8221;\"}]},{\"@type\":\"WebSite\",\"@id\":\"https:\/\/www.intoscana.it\/it\/#website\",\"url\":\"https:\/\/www.intoscana.it\/it\/\",\"name\":\"intoscana\",\"description\":\"\",\"potentialAction\":[{\"@type\":\"SearchAction\",\"target\":{\"@type\":\"EntryPoint\",\"urlTemplate\":\"https:\/\/www.intoscana.it\/it\/?s={search_term_string}\"},\"query-input\":{\"@type\":\"PropertyValueSpecification\",\"valueRequired\":true,\"valueName\":\"search_term_string\"}}],\"inLanguage\":\"it-IT\"},{\"@type\":\"Person\",\"@id\":\"https:\/\/www.intoscana.it\/it\/#\/schema\/person\/d469f35f09739bdf00bf5dd3f0647a82\",\"name\":\"Costanza Baldini\",\"url\":\"https:\/\/www.intoscana.it\/it\/author\/costanza-baldini\/\"}]}<\/script>\n<!-- \/ Yoast SEO Premium plugin. -->","yoast_head_json":{"title":"IGORT il creatore di mondi: \"Dall'alba dei tempi l'essere umano ha sempre avuto bisogno di racconti e di disegni\" - intoscana","description":"L'illustratore, fumettista, grafico, regista, musicista, editore \u00e8 protagonista di una mostra a Palazzo Blu a Pisa aperta fino a settembre","robots":{"index":"index","follow":"follow","max-snippet":"max-snippet:-1","max-image-preview":"max-image-preview:large","max-video-preview":"max-video-preview:-1"},"canonical":"https:\/\/www.intoscana.it\/it\/intervista-igort-mostra-palazzo-blu-pisa-2023\/","og_locale":"it_IT","og_type":"article","og_title":"IGORT il creatore di mondi: \"Dall'alba dei tempi l'essere umano ha sempre avuto bisogno di racconti e di disegni\"","og_description":"L'illustratore, fumettista, grafico, regista, musicista, editore \u00e8 protagonista di una mostra a Palazzo Blu a Pisa aperta fino a settembre","og_url":"https:\/\/www.intoscana.it\/it\/intervista-igort-mostra-palazzo-blu-pisa-2023\/","og_site_name":"intoscana","article_publisher":"https:\/\/www.facebook.com\/intoscana.it","article_published_time":"2023-06-05T09:48:35+00:00","article_modified_time":"2023-06-05T14:54:59+00:00","og_image":[{"width":2048,"height":1152,"url":"https:\/\/www.intoscana.it\/wp-content\/uploads\/igort-scaled-1-scaled.jpg","type":"image\/jpeg"}],"author":"Costanza Baldini","twitter_card":"summary_large_image","twitter_creator":"@intoscana","twitter_site":"@intoscana","twitter_misc":{"Written by":"Costanza Baldini","Est. reading time":"7 minuti"},"schema":{"@context":"https:\/\/schema.org","@graph":[{"@type":"WebPage","@id":"https:\/\/www.intoscana.it\/it\/intervista-igort-mostra-palazzo-blu-pisa-2023\/","url":"https:\/\/www.intoscana.it\/it\/intervista-igort-mostra-palazzo-blu-pisa-2023\/","name":"IGORT il creatore di mondi: \"Dall'alba dei tempi l'essere umano ha sempre avuto bisogno di racconti e di disegni\" - intoscana","isPartOf":{"@id":"https:\/\/www.intoscana.it\/it\/#website"},"primaryImageOfPage":{"@id":"https:\/\/www.intoscana.it\/it\/intervista-igort-mostra-palazzo-blu-pisa-2023\/#primaryimage"},"image":{"@id":"https:\/\/www.intoscana.it\/it\/intervista-igort-mostra-palazzo-blu-pisa-2023\/#primaryimage"},"thumbnailUrl":"https:\/\/www.intoscana.it\/wp-content\/uploads\/igort-scaled-1-scaled.jpg","datePublished":"2023-06-05T09:48:35+00:00","dateModified":"2023-06-05T14:54:59+00:00","author":{"@id":"https:\/\/www.intoscana.it\/it\/#\/schema\/person\/d469f35f09739bdf00bf5dd3f0647a82"},"description":"L'illustratore, fumettista, grafico, regista, musicista, editore \u00e8 protagonista di una mostra a Palazzo Blu a Pisa aperta fino a settembre","breadcrumb":{"@id":"https:\/\/www.intoscana.it\/it\/intervista-igort-mostra-palazzo-blu-pisa-2023\/#breadcrumb"},"inLanguage":"it-IT","potentialAction":[{"@type":"ReadAction","target":["https:\/\/www.intoscana.it\/it\/intervista-igort-mostra-palazzo-blu-pisa-2023\/"]}]},{"@type":"ImageObject","inLanguage":"it-IT","@id":"https:\/\/www.intoscana.it\/it\/intervista-igort-mostra-palazzo-blu-pisa-2023\/#primaryimage","url":"https:\/\/www.intoscana.it\/wp-content\/uploads\/igort-scaled-1-scaled.jpg","contentUrl":"https:\/\/www.intoscana.it\/wp-content\/uploads\/igort-scaled-1-scaled.jpg","width":2048,"height":1152},{"@type":"BreadcrumbList","@id":"https:\/\/www.intoscana.it\/it\/intervista-igort-mostra-palazzo-blu-pisa-2023\/#breadcrumb","itemListElement":[{"@type":"ListItem","position":1,"name":"Home","item":"https:\/\/www.intoscana.it\/it\/"},{"@type":"ListItem","position":2,"name":"IGORT il creatore di mondi: &#8220;Dall&#8217;alba dei tempi l&#8217;essere umano ha sempre avuto bisogno di racconti e di disegni&#8221;"}]},{"@type":"WebSite","@id":"https:\/\/www.intoscana.it\/it\/#website","url":"https:\/\/www.intoscana.it\/it\/","name":"intoscana","description":"","potentialAction":[{"@type":"SearchAction","target":{"@type":"EntryPoint","urlTemplate":"https:\/\/www.intoscana.it\/it\/?s={search_term_string}"},"query-input":{"@type":"PropertyValueSpecification","valueRequired":true,"valueName":"search_term_string"}}],"inLanguage":"it-IT"},{"@type":"Person","@id":"https:\/\/www.intoscana.it\/it\/#\/schema\/person\/d469f35f09739bdf00bf5dd3f0647a82","name":"Costanza Baldini","url":"https:\/\/www.intoscana.it\/it\/author\/costanza-baldini\/"}]}},"_links":{"self":[{"href":"https:\/\/www.intoscana.it\/it\/wp-json\/wp\/v2\/posts\/289936","targetHints":{"allow":["GET"]}}],"collection":[{"href":"https:\/\/www.intoscana.it\/it\/wp-json\/wp\/v2\/posts"}],"about":[{"href":"https:\/\/www.intoscana.it\/it\/wp-json\/wp\/v2\/types\/post"}],"author":[{"embeddable":true,"href":"https:\/\/www.intoscana.it\/it\/wp-json\/wp\/v2\/users\/518"}],"replies":[{"embeddable":true,"href":"https:\/\/www.intoscana.it\/it\/wp-json\/wp\/v2\/comments?post=289936"}],"version-history":[{"count":0,"href":"https:\/\/www.intoscana.it\/it\/wp-json\/wp\/v2\/posts\/289936\/revisions"}],"wp:featuredmedia":[{"embeddable":true,"href":"https:\/\/www.intoscana.it\/it\/wp-json\/wp\/v2\/media\/289961"}],"wp:attachment":[{"href":"https:\/\/www.intoscana.it\/it\/wp-json\/wp\/v2\/media?parent=289936"}],"wp:term":[{"taxonomy":"category","embeddable":true,"href":"https:\/\/www.intoscana.it\/it\/wp-json\/wp\/v2\/categories?post=289936"},{"taxonomy":"post_tag","embeddable":true,"href":"https:\/\/www.intoscana.it\/it\/wp-json\/wp\/v2\/tags?post=289936"}],"curies":[{"name":"wp","href":"https:\/\/api.w.org\/{rel}","templated":true}]}}