{"id":290034,"date":"2023-06-05T15:12:30","date_gmt":"2023-06-05T13:12:30","guid":{"rendered":"https:\/\/www.intoscana.it\/it\/?p=290034"},"modified":"2023-06-05T15:12:30","modified_gmt":"2023-06-05T13:12:30","slug":"dopo-i-lavori-di-restauro-riapre-al-pubblico-il-campanile-della-basilica-di-san-frediano-a-lucca","status":"publish","type":"post","link":"https:\/\/www.intoscana.it\/it\/dopo-i-lavori-di-restauro-riapre-al-pubblico-il-campanile-della-basilica-di-san-frediano-a-lucca\/","title":{"rendered":"Dopo i lavori di restauro riapre al pubblico il campanile della basilica di San Frediano a Lucca"},"content":{"rendered":"<p>Dopo <strong>un complesso restauro iniziato a marzo 2019 e costato 600mila euro<\/strong>, riapre al pubblico la torre campanaria della <strong>Basilica di San Frediano a Lucca,<\/strong> scrigno di tesori per la storia dell&#8217;arte e<strong> luogo di spiritualit\u00e0<\/strong> tra i pi\u00f9 importanti della citt\u00e0 toscana.<\/p>\n<p><strong>Il campanile\u00a0\u00e8 alto 55,20 metri e dalle sue 31 aperture<\/strong> &#8211; tra monofore, bifore, doppio ordine di trifore e quadrifore agli ultimi due livelli &#8211; \u00e8 possibile avere <strong>una visuale unica sul centro storico della citt\u00e0<\/strong> e sul circondario della Piana di Lucca.<\/p>\n<p>Nel campanile si trova anche\u00a0<strong>la &#8216;campana di Santa Zita&#8217; del 1223,<\/strong> l&#8217;originale e unica superstite di quelle che <strong>suonarono miracolosamente il giorno della morte della santa<\/strong> il cui corpo incorrotto \u00e8 conservato e venerato nella <strong>basilica di San Frediano. <\/strong><\/p>\n<h3>Il restauro<\/h3>\n<p>Entrando nello specifico l&#8217;intervento \u00e8 consistito nella <strong>sistemazione e messa a norma delle scale esistenti,<\/strong> nel<strong> restauro del paramento interno, dei solai e della copertura compresi i merli danneggiati<\/strong> dagli agenti atmosferici anche nell&#8217;<strong>inserimento della scala elicoidale<\/strong> che consente al visitatore, che arriva dall&#8217;interno della basilica, di salire al piano da cui ha inizio la scala in pietra che conduce alla sommit\u00e0 del campanile.<\/p>\n<p>Per quanto riguarda la cella campanaria<strong> \u00e8 stato realizzato un vero e proprio osservatorio<\/strong> con la sistemazione di piccole gradinate in legno removibili che, con l&#8217;ausilio di un sistema di protezione, permetteranno la migliore e pi\u00f9 sicura visibilit\u00e0 all&#8217;esterno.<\/p>\n<p>L&#8217;intervento \u00e8 stato coperto dalle finanze della Basilica grazie ai <strong>fondi raccolti dalla bigliettazione per l&#8217;ing<\/strong>resso in basilica dal 2016 e grazie a prestiti bancari gi\u00e0 in essere, con l&#8217;aggiunta anche del contributo di 140mila euro concesso dalla Fondazione Cassa di risparmio di Lucca.<\/p>\n<figure id=\"post-290016 media-290016\" class=\"align-none\"><img decoding=\"async\" src=\"https:\/\/www.intoscana.it\/wp-content\/uploads\/Lucca_Basilica-San-Frediano_DSC5385_JOBDVStudio.jpg\" alt=\"\" \/><\/figure>\n<div class=\"titleimg\">Lucca, Basilica San Frediano_DSC5385_JOBDVStudio<\/div>\n","protected":false},"excerpt":{"rendered":"<p>Il campanile \u00e8 alto 55,20 metri e dalle sue 31 aperture \u00e8 possibile avere una visuale unica sul centro storico della citt\u00e0 e sul circondario della piana di Lucca<\/p>\n","protected":false},"author":525,"featured_media":290017,"comment_status":"open","ping_status":"open","sticky":false,"template":"","format":"standard","meta":{"_acf_changed":false,"footnotes":""},"categories":[493],"tags":[170,5246],"class_list":["post-290034","post","type-post","status-publish","format-standard","has-post-thumbnail","hentry","category-cultura","tag-lucca","tag-restauro"],"acf":[],"yoast_head":"<!-- This site is optimized with the Yoast SEO Premium plugin v24.2 (Yoast SEO v25.6) - https:\/\/yoast.com\/wordpress\/plugins\/seo\/ -->\n<title>Dopo i lavori di restauro riapre al pubblico il campanile della basilica di San Frediano a Lucca - intoscana<\/title>\n<meta name=\"description\" content=\"Il campanile \u00e8 alto 55,20 metri e dalle sue 31 aperture \u00e8 possibile avere una visuale unica sul centro storico della citt\u00e0 di Lucca\" \/>\n<meta name=\"robots\" content=\"index, follow, max-snippet:-1, max-image-preview:large, max-video-preview:-1\" \/>\n<link rel=\"canonical\" href=\"https:\/\/www.intoscana.it\/it\/dopo-i-lavori-di-restauro-riapre-al-pubblico-il-campanile-della-basilica-di-san-frediano-a-lucca\/\" \/>\n<meta property=\"og:locale\" content=\"it_IT\" \/>\n<meta property=\"og:type\" content=\"article\" \/>\n<meta property=\"og:title\" content=\"Dopo i lavori di restauro riapre al pubblico il campanile della basilica di San Frediano a Lucca\" \/>\n<meta property=\"og:description\" content=\"Il campanile \u00e8 alto 55,20 metri e dalle sue 31 aperture \u00e8 possibile avere una visuale unica sul centro storico della citt\u00e0 di Lucca\" \/>\n<meta property=\"og:url\" content=\"https:\/\/www.intoscana.it\/it\/dopo-i-lavori-di-restauro-riapre-al-pubblico-il-campanile-della-basilica-di-san-frediano-a-lucca\/\" \/>\n<meta property=\"og:site_name\" content=\"intoscana\" \/>\n<meta property=\"article:publisher\" content=\"https:\/\/www.facebook.com\/intoscana.it\" \/>\n<meta property=\"article:published_time\" content=\"2023-06-05T13:12:30+00:00\" \/>\n<meta property=\"og:image\" content=\"https:\/\/www.intoscana.it\/wp-content\/uploads\/Basilica_di_San_Frediano_Lucca-scaled.jpg\" \/>\n\t<meta property=\"og:image:width\" content=\"2048\" \/>\n\t<meta property=\"og:image:height\" content=\"1506\" \/>\n\t<meta property=\"og:image:type\" content=\"image\/jpeg\" \/>\n<meta name=\"author\" content=\"Redazione\" \/>\n<meta name=\"twitter:card\" content=\"summary_large_image\" \/>\n<meta name=\"twitter:creator\" content=\"@intoscana\" \/>\n<meta name=\"twitter:site\" content=\"@intoscana\" \/>\n<meta name=\"twitter:label1\" content=\"Written by\" \/>\n\t<meta name=\"twitter:data1\" content=\"Redazione\" \/>\n\t<meta name=\"twitter:label2\" content=\"Est. reading time\" \/>\n\t<meta name=\"twitter:data2\" content=\"1 minuto\" \/>\n<script type=\"application\/ld+json\" class=\"yoast-schema-graph\">{\"@context\":\"https:\/\/schema.org\",\"@graph\":[{\"@type\":\"WebPage\",\"@id\":\"https:\/\/www.intoscana.it\/it\/dopo-i-lavori-di-restauro-riapre-al-pubblico-il-campanile-della-basilica-di-san-frediano-a-lucca\/\",\"url\":\"https:\/\/www.intoscana.it\/it\/dopo-i-lavori-di-restauro-riapre-al-pubblico-il-campanile-della-basilica-di-san-frediano-a-lucca\/\",\"name\":\"Dopo i lavori di restauro riapre al pubblico il campanile della basilica di San Frediano a Lucca - intoscana\",\"isPartOf\":{\"@id\":\"https:\/\/www.intoscana.it\/it\/#website\"},\"primaryImageOfPage\":{\"@id\":\"https:\/\/www.intoscana.it\/it\/dopo-i-lavori-di-restauro-riapre-al-pubblico-il-campanile-della-basilica-di-san-frediano-a-lucca\/#primaryimage\"},\"image\":{\"@id\":\"https:\/\/www.intoscana.it\/it\/dopo-i-lavori-di-restauro-riapre-al-pubblico-il-campanile-della-basilica-di-san-frediano-a-lucca\/#primaryimage\"},\"thumbnailUrl\":\"https:\/\/www.intoscana.it\/wp-content\/uploads\/Basilica_di_San_Frediano_Lucca-scaled.jpg\",\"datePublished\":\"2023-06-05T13:12:30+00:00\",\"author\":{\"@id\":\"https:\/\/www.intoscana.it\/it\/#\/schema\/person\/9223810753230f20bd670fdd322661f8\"},\"description\":\"Il campanile \u00e8 alto 55,20 metri e dalle sue 31 aperture \u00e8 possibile avere una visuale unica sul centro storico della citt\u00e0 di Lucca\",\"breadcrumb\":{\"@id\":\"https:\/\/www.intoscana.it\/it\/dopo-i-lavori-di-restauro-riapre-al-pubblico-il-campanile-della-basilica-di-san-frediano-a-lucca\/#breadcrumb\"},\"inLanguage\":\"it-IT\",\"potentialAction\":[{\"@type\":\"ReadAction\",\"target\":[\"https:\/\/www.intoscana.it\/it\/dopo-i-lavori-di-restauro-riapre-al-pubblico-il-campanile-della-basilica-di-san-frediano-a-lucca\/\"]}]},{\"@type\":\"ImageObject\",\"inLanguage\":\"it-IT\",\"@id\":\"https:\/\/www.intoscana.it\/it\/dopo-i-lavori-di-restauro-riapre-al-pubblico-il-campanile-della-basilica-di-san-frediano-a-lucca\/#primaryimage\",\"url\":\"https:\/\/www.intoscana.it\/wp-content\/uploads\/Basilica_di_San_Frediano_Lucca-scaled.jpg\",\"contentUrl\":\"https:\/\/www.intoscana.it\/wp-content\/uploads\/Basilica_di_San_Frediano_Lucca-scaled.jpg\",\"width\":2048,\"height\":1506,\"caption\":\"Chiesa di San Frediano, Lucca, Toscana, Italia\"},{\"@type\":\"BreadcrumbList\",\"@id\":\"https:\/\/www.intoscana.it\/it\/dopo-i-lavori-di-restauro-riapre-al-pubblico-il-campanile-della-basilica-di-san-frediano-a-lucca\/#breadcrumb\",\"itemListElement\":[{\"@type\":\"ListItem\",\"position\":1,\"name\":\"Home\",\"item\":\"https:\/\/www.intoscana.it\/it\/\"},{\"@type\":\"ListItem\",\"position\":2,\"name\":\"Dopo i lavori di restauro riapre al pubblico il campanile della basilica di San Frediano a Lucca\"}]},{\"@type\":\"WebSite\",\"@id\":\"https:\/\/www.intoscana.it\/it\/#website\",\"url\":\"https:\/\/www.intoscana.it\/it\/\",\"name\":\"intoscana\",\"description\":\"\",\"potentialAction\":[{\"@type\":\"SearchAction\",\"target\":{\"@type\":\"EntryPoint\",\"urlTemplate\":\"https:\/\/www.intoscana.it\/it\/?s={search_term_string}\"},\"query-input\":{\"@type\":\"PropertyValueSpecification\",\"valueRequired\":true,\"valueName\":\"search_term_string\"}}],\"inLanguage\":\"it-IT\"},{\"@type\":\"Person\",\"@id\":\"https:\/\/www.intoscana.it\/it\/#\/schema\/person\/9223810753230f20bd670fdd322661f8\",\"name\":\"Redazione\",\"url\":\"https:\/\/www.intoscana.it\/it\/author\/redazione\/\"}]}<\/script>\n<!-- \/ Yoast SEO Premium plugin. -->","yoast_head_json":{"title":"Dopo i lavori di restauro riapre al pubblico il campanile della basilica di San Frediano a Lucca - intoscana","description":"Il campanile \u00e8 alto 55,20 metri e dalle sue 31 aperture \u00e8 possibile avere una visuale unica sul centro storico della citt\u00e0 di Lucca","robots":{"index":"index","follow":"follow","max-snippet":"max-snippet:-1","max-image-preview":"max-image-preview:large","max-video-preview":"max-video-preview:-1"},"canonical":"https:\/\/www.intoscana.it\/it\/dopo-i-lavori-di-restauro-riapre-al-pubblico-il-campanile-della-basilica-di-san-frediano-a-lucca\/","og_locale":"it_IT","og_type":"article","og_title":"Dopo i lavori di restauro riapre al pubblico il campanile della basilica di San Frediano a Lucca","og_description":"Il campanile \u00e8 alto 55,20 metri e dalle sue 31 aperture \u00e8 possibile avere una visuale unica sul centro storico della citt\u00e0 di Lucca","og_url":"https:\/\/www.intoscana.it\/it\/dopo-i-lavori-di-restauro-riapre-al-pubblico-il-campanile-della-basilica-di-san-frediano-a-lucca\/","og_site_name":"intoscana","article_publisher":"https:\/\/www.facebook.com\/intoscana.it","article_published_time":"2023-06-05T13:12:30+00:00","og_image":[{"width":2048,"height":1506,"url":"https:\/\/www.intoscana.it\/wp-content\/uploads\/Basilica_di_San_Frediano_Lucca-scaled.jpg","type":"image\/jpeg"}],"author":"Redazione","twitter_card":"summary_large_image","twitter_creator":"@intoscana","twitter_site":"@intoscana","twitter_misc":{"Written by":"Redazione","Est. reading time":"1 minuto"},"schema":{"@context":"https:\/\/schema.org","@graph":[{"@type":"WebPage","@id":"https:\/\/www.intoscana.it\/it\/dopo-i-lavori-di-restauro-riapre-al-pubblico-il-campanile-della-basilica-di-san-frediano-a-lucca\/","url":"https:\/\/www.intoscana.it\/it\/dopo-i-lavori-di-restauro-riapre-al-pubblico-il-campanile-della-basilica-di-san-frediano-a-lucca\/","name":"Dopo i lavori di restauro riapre al pubblico il campanile della basilica di San Frediano a Lucca - intoscana","isPartOf":{"@id":"https:\/\/www.intoscana.it\/it\/#website"},"primaryImageOfPage":{"@id":"https:\/\/www.intoscana.it\/it\/dopo-i-lavori-di-restauro-riapre-al-pubblico-il-campanile-della-basilica-di-san-frediano-a-lucca\/#primaryimage"},"image":{"@id":"https:\/\/www.intoscana.it\/it\/dopo-i-lavori-di-restauro-riapre-al-pubblico-il-campanile-della-basilica-di-san-frediano-a-lucca\/#primaryimage"},"thumbnailUrl":"https:\/\/www.intoscana.it\/wp-content\/uploads\/Basilica_di_San_Frediano_Lucca-scaled.jpg","datePublished":"2023-06-05T13:12:30+00:00","author":{"@id":"https:\/\/www.intoscana.it\/it\/#\/schema\/person\/9223810753230f20bd670fdd322661f8"},"description":"Il campanile \u00e8 alto 55,20 metri e dalle sue 31 aperture \u00e8 possibile avere una visuale unica sul centro storico della citt\u00e0 di Lucca","breadcrumb":{"@id":"https:\/\/www.intoscana.it\/it\/dopo-i-lavori-di-restauro-riapre-al-pubblico-il-campanile-della-basilica-di-san-frediano-a-lucca\/#breadcrumb"},"inLanguage":"it-IT","potentialAction":[{"@type":"ReadAction","target":["https:\/\/www.intoscana.it\/it\/dopo-i-lavori-di-restauro-riapre-al-pubblico-il-campanile-della-basilica-di-san-frediano-a-lucca\/"]}]},{"@type":"ImageObject","inLanguage":"it-IT","@id":"https:\/\/www.intoscana.it\/it\/dopo-i-lavori-di-restauro-riapre-al-pubblico-il-campanile-della-basilica-di-san-frediano-a-lucca\/#primaryimage","url":"https:\/\/www.intoscana.it\/wp-content\/uploads\/Basilica_di_San_Frediano_Lucca-scaled.jpg","contentUrl":"https:\/\/www.intoscana.it\/wp-content\/uploads\/Basilica_di_San_Frediano_Lucca-scaled.jpg","width":2048,"height":1506,"caption":"Chiesa di San Frediano, Lucca, Toscana, Italia"},{"@type":"BreadcrumbList","@id":"https:\/\/www.intoscana.it\/it\/dopo-i-lavori-di-restauro-riapre-al-pubblico-il-campanile-della-basilica-di-san-frediano-a-lucca\/#breadcrumb","itemListElement":[{"@type":"ListItem","position":1,"name":"Home","item":"https:\/\/www.intoscana.it\/it\/"},{"@type":"ListItem","position":2,"name":"Dopo i lavori di restauro riapre al pubblico il campanile della basilica di San Frediano a Lucca"}]},{"@type":"WebSite","@id":"https:\/\/www.intoscana.it\/it\/#website","url":"https:\/\/www.intoscana.it\/it\/","name":"intoscana","description":"","potentialAction":[{"@type":"SearchAction","target":{"@type":"EntryPoint","urlTemplate":"https:\/\/www.intoscana.it\/it\/?s={search_term_string}"},"query-input":{"@type":"PropertyValueSpecification","valueRequired":true,"valueName":"search_term_string"}}],"inLanguage":"it-IT"},{"@type":"Person","@id":"https:\/\/www.intoscana.it\/it\/#\/schema\/person\/9223810753230f20bd670fdd322661f8","name":"Redazione","url":"https:\/\/www.intoscana.it\/it\/author\/redazione\/"}]}},"_links":{"self":[{"href":"https:\/\/www.intoscana.it\/it\/wp-json\/wp\/v2\/posts\/290034","targetHints":{"allow":["GET"]}}],"collection":[{"href":"https:\/\/www.intoscana.it\/it\/wp-json\/wp\/v2\/posts"}],"about":[{"href":"https:\/\/www.intoscana.it\/it\/wp-json\/wp\/v2\/types\/post"}],"author":[{"embeddable":true,"href":"https:\/\/www.intoscana.it\/it\/wp-json\/wp\/v2\/users\/525"}],"replies":[{"embeddable":true,"href":"https:\/\/www.intoscana.it\/it\/wp-json\/wp\/v2\/comments?post=290034"}],"version-history":[{"count":0,"href":"https:\/\/www.intoscana.it\/it\/wp-json\/wp\/v2\/posts\/290034\/revisions"}],"wp:featuredmedia":[{"embeddable":true,"href":"https:\/\/www.intoscana.it\/it\/wp-json\/wp\/v2\/media\/290017"}],"wp:attachment":[{"href":"https:\/\/www.intoscana.it\/it\/wp-json\/wp\/v2\/media?parent=290034"}],"wp:term":[{"taxonomy":"category","embeddable":true,"href":"https:\/\/www.intoscana.it\/it\/wp-json\/wp\/v2\/categories?post=290034"},{"taxonomy":"post_tag","embeddable":true,"href":"https:\/\/www.intoscana.it\/it\/wp-json\/wp\/v2\/tags?post=290034"}],"curies":[{"name":"wp","href":"https:\/\/api.w.org\/{rel}","templated":true}]}}