{"id":290052,"date":"2023-06-05T16:25:25","date_gmt":"2023-06-05T14:25:25","guid":{"rendered":"https:\/\/www.intoscana.it\/it\/?p=290052"},"modified":"2023-06-05T16:25:25","modified_gmt":"2023-06-05T14:25:25","slug":"conferenza-regionale-acqua","status":"publish","type":"post","link":"https:\/\/www.intoscana.it\/it\/conferenza-regionale-acqua\/","title":{"rendered":"Firenze ospiter\u00e0 la prima Conferenza regionale sull&#8217;acqua"},"content":{"rendered":"<p>Si terr\u00e0 a Firenze la I\u00b0 Conferenza regionale sull\u2019acqua. Un evento dal grande valore etico e sociale. Ad ospitarlo il prossimo <strong>19 giugno<\/strong> il Cinema teatro La Compagnia di Firenze. Rappresentanti istituzionali ma anche i principali soggetti coinvolti nella difesa ambientale e di questo bene prezioso, si confronteranno per aprofondire e analizzare, anche grazie agli eventi collaterali alla Conferenza, tutte le tematiche connese alla risorsa idrica: la siccit\u00e0, le possibilit\u00e0 di riuso delle acque depurate, il rischio idrogeologico e molto. Sar\u00e0 trasmesso anche un videomessaggio del Ministro dell\u2019ambiente Gilberto Picchetto Fratin.<\/p>\n<h3>Il nuovo piano di tutela<\/h3>\n<p>La Conferenza, che \u00e8 stata annunicata oggi, 5 giugno, giornata internazionale dell&#8217;<strong>Ambiente<\/strong>, rappresenta il momento di avvio di due tra i pi\u00f9 importanti strumenti di pianificazione regionale &#8211; cio\u00e8 il nuovo Piano di Tutela dell\u2019Acqua e quello della Transizione Ecologica &#8211; attraverso un ampio percorso di ascolto e confronto con tutto il territorio toscano e che vedr\u00e0 protagonisti Enti locali, cittadini, portatori di interesse, operatori dei servizi pubblici, associazioni di categoria, ambientaliste e professionali.<\/p>\n<p>La Conferenza regionale dell\u2019acqua \u00e8 un evento strategico che mette a confronto le azioni portate avanti in questi anni, individua le buone pratiche e le unisce alla nostra visione dell\u2019acqua come elemento cardine della vita delle comunit\u00e0 &#8211; ha detto il presidente della Regione Toscana <strong>Eugenio Giani<\/strong> &#8211; Un esempio \u00e8 rappresentato dal lavoro che stiamo facendo sulle casse di espansione dell\u2019Arno, dell\u2019Ombrone e del Serchio, fondamentali per gestire le piene ma affiancate dalla realizzazione di almeno una quindicina di laghi e laghetti che servono proprio alla funzione opposta, cio\u00e8 per fronteggiare i periodi di siccit\u00e0\u201d.<\/p>\n<p>\u201cOggi \u00e8 la giornata internazionale dell\u2019ambiente \u2013 ha aggiunto l\u2019assessora\u00a0<strong>Monia Monni<\/strong>\u00a0&#8211; ed abbiamo voluto cogliere questa occasione per parlare di acqua, uno dei tanti temi collegati alla conversione ecologica. E\u2019 un tema di grande attualit\u00e0, perch\u00e9 quotidianamente vediamo alternarsi giorni di siccit\u00e0 a giorni di eccessiva abbondanza di acqua, che per\u00f2 non riusciamo del tutto a trattenere. La gestione dell\u2019acqua si intreccia al tema dei cambiamenti climatici, che dobbiamo sempre pi\u00f9 imparare a gestire \u2013 visto che ci siamo immersi e lo saremo ancora a lungo -, e alla riduzione delle emissioni della CO2 e dei gas climalteranti. Questa conferenza \u00e8 un momento di riflessione, che sar\u00e0 preceduto da tavoli di approfondimento che coinvolgeranno tutti gli stakeholder e che saranno l\u2018occasione per fare il punto sulle buone pratiche e allo stesso tempo raccogliere idee, spunti e riflessioni che andranno a confluire nel Piano di tutela delle acque e nel Piano della transizione ecologica\u201d.<\/p>\n<h3>I tavoli tematici<\/h3>\n<p>In preparazione dell\u2019evento del 19 di giugno, tra il <strong>12 ed il 15 giugno<\/strong>, gli argomenti della Conferenza saranno sviscerati e discussi in cinque tavoli tematici virtuali, su piattaforme on line ad accesso libero e gratuito:<\/p>\n<ul>\n<li>12 giugno ore 10: Tavolo su agricoltura e Consorzi di bonifica, coordinato da ANBI e Direzione agricoltura;<\/li>\n<li>14 giugno ore 10: Tavolo sul servizio idrico integrato, coordinato da AIT e CISPEL.<\/li>\n<li>14 giugno ore 15: Tavolo sulla tutela della risorsa, coordinato da Autorit\u00e0 di distretto, Fondazione EWA e Direzione difesa del suolo;<\/li>\n<li>15 giugno ore 10: Tavolo su cambiamenti climatici e corpi idrici in Toscana, coordinato da ARPAT e LAMMA;<\/li>\n<li>15 giugno ore 15: tavolo su \u2018Prevenzione ed emergenze: il sistema regionale di Protezione Civile\u2019, coordinato da ANCI e Regione Toscana.<\/li>\n<\/ul>\n<p>L\u2019esito di ciascun tavolo, raccolto in un documento, contribuir\u00e0 ad alimentare la Conferenza regionale, avviando cos\u00ec il percorso di formazione del Piano di Tutela dell\u2019Acqua e del Piano della Transizione Ecologica.<\/p>\n<p>\u201cSul fronte agricolo \u2013 ha aggiunto infine la vicepresidente ed assessora regionale all\u2019agricoltura\u00a0<strong>Stefania Saccardi\u00a0<\/strong>&#8211; nella gestione dell\u2019acqua diventa fondamentale la semplificazione normativa e amministrative per la realizzazione di piccoli invasi aziendali ad uso delle imprese agricole, che cos\u00ec potrebbero far tesoro dell\u2019acqua meteorica e riutilizzarla in agricoltura. Come Regione abbiamo fatto un bando da 3 milioni di euro per aiutare le aziende a realizzare piccoli invasi, poi, visto il successo, lo abbiamo implementato prima con ulteriori 750.000 euro e poi con altri 2,5 milioni, fino all\u2019esaurimento della graduatoria. Una volta finanziati, per\u00f2, questi interventi devono essere realizzati e purtroppo, oggi, le pastoie burocratiche spesso rendono difficile la realizzazione. E\u2019 importantissimo anche il tema del riuso, sul quale ci sono forti perplessit\u00e0 europee ma che \u00e8 molto sentito dal mondo delle imprese agricole. La Conferenza regionale sull\u2019acqua dunque sar\u00e0 fondamentale, perch\u00e8 riunir\u00e0 intorno ad un tavolo tutti i soggetti che su questo tema hanno competenze, a partire dai settori regionale dell\u2019ambiente, dell\u2019agricoltura e delle infrastrutture\u201d.<\/p>\n<h3>Il programma della Conferenza regionale sull&#8217;acqua<\/h3>\n<p>Ecco qui nel dettaglio come si articoler\u00e0 la mattinata del 19 giugno:<\/p>\n<ul>\n<li>ore 9,00 \u2013 registrazione dei partecipanti;<\/li>\n<li>ore 9,30- saluti istituzionali del presidente della Regione Toscana Eugenio Giani, della vicepresidente ed assessora all\u2019agricoltura della Regione Toscana Stefania Saccardi, del presidente Consiglio regionale Antonio Mazzeo, del presidente di Anci Matteo Biffoni e del presidente di Upi Gianni Lorenzetti. Videomessaggio del Ministro dell\u2019ambiente Pichetto Fratin;<\/li>\n<li>ore 10,30 &#8211; intervento di Fabrizio Curcio, capodipartimento della Protezione civile nazionale;<\/li>\n<li>ore 11,00 &#8211; restituzione dei 5 tavoli tematici, modera Erasmo D\u2019Angelis presidente Fondazione Ewa.<\/li>\n<li>ore 12.30 \u2013 tavola rotonda \u2018Acqua, ricerca e innovazione\u2019, moderata da Erasmo D\u2019Angelis, intervengono la direttrice generale di Ispra Maria Siclari e Alessandra Petrucci rettrice dell\u2019Universit\u00e0 di Firenze e rapresentante del Coordinamento delle Universit\u00e0 toscane.<\/li>\n<li>ore 13.00 &#8211; conclusioni dell\u2019assessora regionale all\u2019ambiente Monia Monni.<\/li>\n<\/ul>\n","protected":false},"excerpt":{"rendered":"<p>La conferenza si terr\u00e0 il 19 giugno al Cinema La Compagnia. Nella mattinata sar\u00e0 trattato il tema della risorsa idrica a 360 gradi: dalle falde al riuso. L&#8217;evento \u00e8 voluto dalla Regione Toscana. Giani: &#8221; Acqua, elemento cardine della vita delle comunit\u00e0&#8221;<\/p>\n","protected":false},"author":503,"featured_media":141604,"comment_status":"open","ping_status":"open","sticky":false,"template":"","format":"standard","meta":{"_acf_changed":false,"footnotes":""},"categories":[19],"tags":[379,177,4481,6510],"class_list":["post-290052","post","type-post","status-publish","format-standard","has-post-thumbnail","hentry","category-ambiente","tag-acqua","tag-ambiente","tag-impatto-ambientale","tag-siccita"],"acf":[],"yoast_head":"<!-- This site is optimized with the Yoast SEO Premium plugin v24.2 (Yoast SEO v25.6) - https:\/\/yoast.com\/wordpress\/plugins\/seo\/ -->\n<title>Firenze ospiter\u00e0 la prima Conferenza regionale sull&#039;acqua<\/title>\n<meta name=\"description\" content=\"La conferenza si terr\u00e0 il 19 giugno al Cinema La Compagnia. Dal 12 al 15 giugno tavoli tematici sul tema idrico. Scopri il programma\" \/>\n<meta name=\"robots\" content=\"index, follow, max-snippet:-1, max-image-preview:large, max-video-preview:-1\" \/>\n<link rel=\"canonical\" href=\"https:\/\/www.intoscana.it\/it\/conferenza-regionale-acqua\/\" \/>\n<meta property=\"og:locale\" content=\"it_IT\" \/>\n<meta property=\"og:type\" content=\"article\" \/>\n<meta property=\"og:title\" content=\"Firenze ospiter\u00e0 la prima Conferenza regionale sull&#039;acqua\" \/>\n<meta property=\"og:description\" content=\"La conferenza si terr\u00e0 il 19 giugno al Cinema La Compagnia. Dal 12 al 15 giugno tavoli tematici sul tema idrico. Scopri il programma\" \/>\n<meta property=\"og:url\" content=\"https:\/\/www.intoscana.it\/it\/conferenza-regionale-acqua\/\" \/>\n<meta property=\"og:site_name\" content=\"intoscana\" \/>\n<meta property=\"article:publisher\" content=\"https:\/\/www.facebook.com\/intoscana.it\" \/>\n<meta property=\"article:published_time\" content=\"2023-06-05T14:25:25+00:00\" \/>\n<meta property=\"og:image\" content=\"https:\/\/www.intoscana.it\/wp-content\/uploads\/7a0225fdf188efa1785b1d568ebbe06c-2.jpg\" \/>\n\t<meta property=\"og:image:width\" content=\"500\" \/>\n\t<meta property=\"og:image:height\" content=\"313\" \/>\n\t<meta property=\"og:image:type\" content=\"image\/jpeg\" \/>\n<meta name=\"author\" content=\"Giulia Rafanelli\" \/>\n<meta name=\"twitter:card\" content=\"summary_large_image\" \/>\n<meta name=\"twitter:creator\" content=\"@intoscana\" \/>\n<meta name=\"twitter:site\" content=\"@intoscana\" \/>\n<meta name=\"twitter:label1\" content=\"Written by\" \/>\n\t<meta name=\"twitter:data1\" content=\"Giulia Rafanelli\" \/>\n\t<meta name=\"twitter:label2\" content=\"Est. reading time\" \/>\n\t<meta name=\"twitter:data2\" content=\"4 minuti\" \/>\n<script type=\"application\/ld+json\" class=\"yoast-schema-graph\">{\"@context\":\"https:\/\/schema.org\",\"@graph\":[{\"@type\":\"WebPage\",\"@id\":\"https:\/\/www.intoscana.it\/it\/conferenza-regionale-acqua\/\",\"url\":\"https:\/\/www.intoscana.it\/it\/conferenza-regionale-acqua\/\",\"name\":\"Firenze ospiter\u00e0 la prima Conferenza regionale sull'acqua\",\"isPartOf\":{\"@id\":\"https:\/\/www.intoscana.it\/it\/#website\"},\"primaryImageOfPage\":{\"@id\":\"https:\/\/www.intoscana.it\/it\/conferenza-regionale-acqua\/#primaryimage\"},\"image\":{\"@id\":\"https:\/\/www.intoscana.it\/it\/conferenza-regionale-acqua\/#primaryimage\"},\"thumbnailUrl\":\"https:\/\/www.intoscana.it\/wp-content\/uploads\/7a0225fdf188efa1785b1d568ebbe06c-2.jpg\",\"datePublished\":\"2023-06-05T14:25:25+00:00\",\"author\":{\"@id\":\"https:\/\/www.intoscana.it\/it\/#\/schema\/person\/333569b367b301e30262defcea56c939\"},\"description\":\"La conferenza si terr\u00e0 il 19 giugno al Cinema La Compagnia. Dal 12 al 15 giugno tavoli tematici sul tema idrico. Scopri il programma\",\"breadcrumb\":{\"@id\":\"https:\/\/www.intoscana.it\/it\/conferenza-regionale-acqua\/#breadcrumb\"},\"inLanguage\":\"it-IT\",\"potentialAction\":[{\"@type\":\"ReadAction\",\"target\":[\"https:\/\/www.intoscana.it\/it\/conferenza-regionale-acqua\/\"]}]},{\"@type\":\"ImageObject\",\"inLanguage\":\"it-IT\",\"@id\":\"https:\/\/www.intoscana.it\/it\/conferenza-regionale-acqua\/#primaryimage\",\"url\":\"https:\/\/www.intoscana.it\/wp-content\/uploads\/7a0225fdf188efa1785b1d568ebbe06c-2.jpg\",\"contentUrl\":\"https:\/\/www.intoscana.it\/wp-content\/uploads\/7a0225fdf188efa1785b1d568ebbe06c-2.jpg\",\"width\":500,\"height\":313,\"caption\":\"acqua\"},{\"@type\":\"BreadcrumbList\",\"@id\":\"https:\/\/www.intoscana.it\/it\/conferenza-regionale-acqua\/#breadcrumb\",\"itemListElement\":[{\"@type\":\"ListItem\",\"position\":1,\"name\":\"Home\",\"item\":\"https:\/\/www.intoscana.it\/it\/\"},{\"@type\":\"ListItem\",\"position\":2,\"name\":\"Firenze ospiter\u00e0 la prima Conferenza regionale sull&#8217;acqua\"}]},{\"@type\":\"WebSite\",\"@id\":\"https:\/\/www.intoscana.it\/it\/#website\",\"url\":\"https:\/\/www.intoscana.it\/it\/\",\"name\":\"intoscana\",\"description\":\"\",\"potentialAction\":[{\"@type\":\"SearchAction\",\"target\":{\"@type\":\"EntryPoint\",\"urlTemplate\":\"https:\/\/www.intoscana.it\/it\/?s={search_term_string}\"},\"query-input\":{\"@type\":\"PropertyValueSpecification\",\"valueRequired\":true,\"valueName\":\"search_term_string\"}}],\"inLanguage\":\"it-IT\"},{\"@type\":\"Person\",\"@id\":\"https:\/\/www.intoscana.it\/it\/#\/schema\/person\/333569b367b301e30262defcea56c939\",\"name\":\"Giulia Rafanelli\",\"url\":\"https:\/\/www.intoscana.it\/it\/author\/giulia-rafanelli\/\"}]}<\/script>\n<!-- \/ Yoast SEO Premium plugin. -->","yoast_head_json":{"title":"Firenze ospiter\u00e0 la prima Conferenza regionale sull'acqua","description":"La conferenza si terr\u00e0 il 19 giugno al Cinema La Compagnia. Dal 12 al 15 giugno tavoli tematici sul tema idrico. Scopri il programma","robots":{"index":"index","follow":"follow","max-snippet":"max-snippet:-1","max-image-preview":"max-image-preview:large","max-video-preview":"max-video-preview:-1"},"canonical":"https:\/\/www.intoscana.it\/it\/conferenza-regionale-acqua\/","og_locale":"it_IT","og_type":"article","og_title":"Firenze ospiter\u00e0 la prima Conferenza regionale sull'acqua","og_description":"La conferenza si terr\u00e0 il 19 giugno al Cinema La Compagnia. Dal 12 al 15 giugno tavoli tematici sul tema idrico. Scopri il programma","og_url":"https:\/\/www.intoscana.it\/it\/conferenza-regionale-acqua\/","og_site_name":"intoscana","article_publisher":"https:\/\/www.facebook.com\/intoscana.it","article_published_time":"2023-06-05T14:25:25+00:00","og_image":[{"width":500,"height":313,"url":"https:\/\/www.intoscana.it\/wp-content\/uploads\/7a0225fdf188efa1785b1d568ebbe06c-2.jpg","type":"image\/jpeg"}],"author":"Giulia Rafanelli","twitter_card":"summary_large_image","twitter_creator":"@intoscana","twitter_site":"@intoscana","twitter_misc":{"Written by":"Giulia Rafanelli","Est. reading time":"4 minuti"},"schema":{"@context":"https:\/\/schema.org","@graph":[{"@type":"WebPage","@id":"https:\/\/www.intoscana.it\/it\/conferenza-regionale-acqua\/","url":"https:\/\/www.intoscana.it\/it\/conferenza-regionale-acqua\/","name":"Firenze ospiter\u00e0 la prima Conferenza regionale sull'acqua","isPartOf":{"@id":"https:\/\/www.intoscana.it\/it\/#website"},"primaryImageOfPage":{"@id":"https:\/\/www.intoscana.it\/it\/conferenza-regionale-acqua\/#primaryimage"},"image":{"@id":"https:\/\/www.intoscana.it\/it\/conferenza-regionale-acqua\/#primaryimage"},"thumbnailUrl":"https:\/\/www.intoscana.it\/wp-content\/uploads\/7a0225fdf188efa1785b1d568ebbe06c-2.jpg","datePublished":"2023-06-05T14:25:25+00:00","author":{"@id":"https:\/\/www.intoscana.it\/it\/#\/schema\/person\/333569b367b301e30262defcea56c939"},"description":"La conferenza si terr\u00e0 il 19 giugno al Cinema La Compagnia. Dal 12 al 15 giugno tavoli tematici sul tema idrico. Scopri il programma","breadcrumb":{"@id":"https:\/\/www.intoscana.it\/it\/conferenza-regionale-acqua\/#breadcrumb"},"inLanguage":"it-IT","potentialAction":[{"@type":"ReadAction","target":["https:\/\/www.intoscana.it\/it\/conferenza-regionale-acqua\/"]}]},{"@type":"ImageObject","inLanguage":"it-IT","@id":"https:\/\/www.intoscana.it\/it\/conferenza-regionale-acqua\/#primaryimage","url":"https:\/\/www.intoscana.it\/wp-content\/uploads\/7a0225fdf188efa1785b1d568ebbe06c-2.jpg","contentUrl":"https:\/\/www.intoscana.it\/wp-content\/uploads\/7a0225fdf188efa1785b1d568ebbe06c-2.jpg","width":500,"height":313,"caption":"acqua"},{"@type":"BreadcrumbList","@id":"https:\/\/www.intoscana.it\/it\/conferenza-regionale-acqua\/#breadcrumb","itemListElement":[{"@type":"ListItem","position":1,"name":"Home","item":"https:\/\/www.intoscana.it\/it\/"},{"@type":"ListItem","position":2,"name":"Firenze ospiter\u00e0 la prima Conferenza regionale sull&#8217;acqua"}]},{"@type":"WebSite","@id":"https:\/\/www.intoscana.it\/it\/#website","url":"https:\/\/www.intoscana.it\/it\/","name":"intoscana","description":"","potentialAction":[{"@type":"SearchAction","target":{"@type":"EntryPoint","urlTemplate":"https:\/\/www.intoscana.it\/it\/?s={search_term_string}"},"query-input":{"@type":"PropertyValueSpecification","valueRequired":true,"valueName":"search_term_string"}}],"inLanguage":"it-IT"},{"@type":"Person","@id":"https:\/\/www.intoscana.it\/it\/#\/schema\/person\/333569b367b301e30262defcea56c939","name":"Giulia Rafanelli","url":"https:\/\/www.intoscana.it\/it\/author\/giulia-rafanelli\/"}]}},"_links":{"self":[{"href":"https:\/\/www.intoscana.it\/it\/wp-json\/wp\/v2\/posts\/290052","targetHints":{"allow":["GET"]}}],"collection":[{"href":"https:\/\/www.intoscana.it\/it\/wp-json\/wp\/v2\/posts"}],"about":[{"href":"https:\/\/www.intoscana.it\/it\/wp-json\/wp\/v2\/types\/post"}],"author":[{"embeddable":true,"href":"https:\/\/www.intoscana.it\/it\/wp-json\/wp\/v2\/users\/503"}],"replies":[{"embeddable":true,"href":"https:\/\/www.intoscana.it\/it\/wp-json\/wp\/v2\/comments?post=290052"}],"version-history":[{"count":0,"href":"https:\/\/www.intoscana.it\/it\/wp-json\/wp\/v2\/posts\/290052\/revisions"}],"wp:featuredmedia":[{"embeddable":true,"href":"https:\/\/www.intoscana.it\/it\/wp-json\/wp\/v2\/media\/141604"}],"wp:attachment":[{"href":"https:\/\/www.intoscana.it\/it\/wp-json\/wp\/v2\/media?parent=290052"}],"wp:term":[{"taxonomy":"category","embeddable":true,"href":"https:\/\/www.intoscana.it\/it\/wp-json\/wp\/v2\/categories?post=290052"},{"taxonomy":"post_tag","embeddable":true,"href":"https:\/\/www.intoscana.it\/it\/wp-json\/wp\/v2\/tags?post=290052"}],"curies":[{"name":"wp","href":"https:\/\/api.w.org\/{rel}","templated":true}]}}