{"id":290269,"date":"2023-06-06T15:47:40","date_gmt":"2023-06-06T13:47:40","guid":{"rendered":"https:\/\/www.intoscana.it\/it\/?p=290269"},"modified":"2023-06-06T15:47:40","modified_gmt":"2023-06-06T13:47:40","slug":"festival-delle-colline-geotermiche-2023","status":"publish","type":"post","link":"https:\/\/www.intoscana.it\/it\/festival-delle-colline-geotermiche-2023\/","title":{"rendered":"26 spettacoli, 19 titoli e 8 prime nazionali per il Festival delle Colline Geotermiche 2023"},"content":{"rendered":"<p>Il <strong>Festival delle Colline Geotermiche<\/strong> nasce nel 2012 a <strong>Pomarance<\/strong> come rassegna estiva di appuntamenti teatrali allestiti presso la<strong> Rocca di Sillano,<\/strong>\u00a0configurandosi come cartellone culturale estivo dell\u2019area conosciuta come <strong>\u201cpatria mondiale della geotermia\u201d.<\/strong><\/p>\n<p>Tra le rocce e i boschi delle terre che con i loro vapori e le loro suggestive <strong>\u2018biancane\u2019<\/strong>\u00a0hanno ispirato <strong>l&#8217;inferno dantesco<\/strong>, il <strong>Festival delle Colline Geotermiche<\/strong> proporr\u00e0 un cartellone di<strong> teatro, musica e circo,<\/strong> ricco di eventi scelti per <strong>valorizzare in modo inedito il territorio.<\/strong><\/p>\n<p>La XII edizione del festival si svolger\u00e0 <strong>dal 15 giugno al 13 agosto 2023<\/strong>: con <strong>26 spettacoli, 19 titoli e 8 prime nazionali,<\/strong> laboratori, masteclass, incontri con gli artisti e coinvolger\u00e0\u00a0ben quattro comuni: <strong>Pomarance, Castelnuovo Val di Cecina, Monteverdi Marittimo e Monterotondo Marittimo.<\/strong><\/p>\n<p>La rassegna fondata e diretta da <strong>Officine Papage<\/strong>\u00a0con la direzione artistica di <strong>Marco Pasquinucci <\/strong>e quella organizzativa di <strong>Annastella Giannelli<\/strong> coinvolger\u00e0 i centri storici e lo splendido paesaggio di<strong> uno dei luoghi pi\u00f9 affascinanti e misteriosi della Toscana.<\/strong><\/p>\n<p><strong>Il direttore artistico Marco Pasquinucci ha scritto:<\/strong> <em>&#8220;Rifiuto: qualcosa che non serve pi\u00f9, che ha cessato la sua funzione; dire di no. Rifiuto urbano, rifiuto speciale, rifiuto umano, sentirsi un rifiuto, essere rifiutato, essere rifiutata.<\/em>\u00a0<em>Rifiuto come possibilit\u00e0, come nuova occasione, rifiuto che genera qualcosa di nuovo, di diverso, di nuovamente utile. Rifiuto definitivo che invece non pu\u00f2 pi\u00f9 essere trasformato e rimane solo Rifiuto, magari anche pericoloso.<\/em>\u00a0<em>Il Rifiuto \u00e8 parte di ogni ciclo vitale, non si pu\u00f2 (pi\u00f9) far finta che non esista, \u00e8 necessario guardarlo, sentirlo, affrontarlo, gestirlo, collocarlo. Qual \u00e8 il posto del rifiuto? Dove lo mettiamo? Dove lo lasciamo? Ci deve essere un posto. E se non c\u2019\u00e8 lo dobbiamo trovare.<\/em>\u00a0<em>Nel posto sbagliato il rifiuto diventa pericoloso, nocivo, a volte tossico. Dobbiamo trovare il posto giusto. I pensieri, le abitudini che non servono pi\u00f9, che non parlano pi\u00f9 al presente, che ripetiamo senza una vera necessit\u00e0, che abbiamo paura di lasciare pur sapendo che alimentano la finzione di un mondo che non c\u2019\u00e8 pi\u00f9, sono rifiuti. Un intero mondo senza pi\u00f9 senso, che dobbiamo avere il coraggio di abbandonare e a cui dobbiamo trovare un posto. Un posto giusto.<\/em>\u00a0<em>Siamo noi a non volerlo vedere.<\/em>\u00a0<em>Dobbiamo cambiare mondo.<\/em>\u00a0<em>Come esploratori dell\u2019 ignoto, protetti dalla nostra tuta spaziale piena di vita e armati di annaffiatoi, ci apprestiamo a scoprire nuovi mondi e a coltivare futuri, ignoti e possibili.<\/em>\u00a0<em>Con coraggio, spirito di avventura, ironia, risate e stupore. Chi vuole venire con noi?<\/em><em>&#8220;<\/em><\/p>\n<h3>Il programma<\/h3>\n<p>Uno dei temi cardine del festival sar\u00e0 quello della<strong> sostenibilit\u00e0 ambientale.<\/strong> La kermesse si aprir\u00e0 con <strong>una maratona di spettacoli e incontri lunga sei giorni<\/strong> che <strong>tra il 15 e il 20 giugno<\/strong> decliner\u00e0 il rapporto tra uomo e natura nei suoi vari aspetti.<\/p>\n<p>Al centro degli eventi <strong>un\u2019Agor\u00e0 a cura di Laura Bevione<\/strong> in cui cittadini e artisti si incontreranno sul tema <em><strong>\u201cIl Teatro: un rifiuto da rigenerare per rinnovare\/rigenerare\/ripensare la comunit\u00e0\u201d.<\/strong><\/em><\/p>\n<p>Tra le grandi novit\u00e0 del 2023, ci sono la nuova collaborazione con il <strong>Premio Renato Fucini<\/strong> (dedicato al poeta nato a Monterotondo nel 1843) e il nuovo gemellaggio con il <strong>Teatro da Garagem di Lisbona<\/strong>, con cui Officine Papage collabora da due anni, che presenter\u00e0 in prima nazionale lo spettacolo<em><strong> \u201cSegundo Acto\u201d<\/strong> <\/em>il<strong> 13 luglio<\/strong>.<\/p>\n<p>Agli spettacoli saranno affiancate molte iniziative collaterali alla visione, con laboratori e masterclass condotte dagli ospiti presenti, ma anche<strong> performance a sorpresa, aperitivi e dibattiti:<\/strong> occasioni di festa e di incontro tra<strong> pubblico, critici e artisti.<\/strong><\/p>\n<p>Tra gli spettacoli pi\u00f9 attesi <em><strong>&#8220;Dittico dei rifiuti&#8221;<\/strong><\/em> un progetto artistico di <strong>Officine Papage<\/strong>, di indagine e ricerca sul tema del rifiuto e dei significati che questa parola porta con s\u00e9. Un percorso dove lo spazio diventa elemento fondante della drammaturgia e del racconto: lo stare, il camminare, l\u2019abitare il luogo, da parte degli spettatori, costituiscono l\u2019azione teatrale. Una proposta per un\u2019esperienza immersiva che vuol provare a toccare l\u2019anima.\u00a0<strong>Atto Primo &#8211; IN DISCARICA e Atto Secondo &#8211; IN CAMPO SANTO<\/strong> costituiscono le prime due tappe di questo progetto: due spettacoli che possono essere fruiti anche singolarmente ma che insieme aiutano ad entrare nella struggente, vitale e meravigliosa complessit\u00e0 del mondo del rifiuto.<\/p>\n<p>Il festival prende il via il <strong>15 giugno a Castelnuovo<\/strong> con <em><strong>&#8220;Acqua Primo capitolo di uno spettacolo idrofobo&#8221;<\/strong><\/em> dedicato ai problemi legati al cambiamento climatico, a cura di<strong> La Ribalta Teatro<\/strong>. A seguire<em><strong> &#8220;Tonno e carciofini. Una storia wrestling&#8221;<\/strong><\/em> di e con Silvio Impegnoso, Ludovico R\u00f6hl, Alessandro Sesti.<\/p>\n<p>La XII edizione del <strong>Festival delle Colline Geotermiche<\/strong> \u00e8 realizzata con il sostegno di <strong>Ministero della Cultura MIC, Regione Toscana,<\/strong> Comune di Pomarance (PI), Comune di Castelnuovo V.C. (PI), Comune di Monteverdi Marittimo (PI), Comune di Monterotondo Marittimo (GR), <strong>Enel Green Power.\u00a0<\/strong><\/p>\n<p><iframe loading=\"lazy\" title=\"YouTube video player\" src=\"https:\/\/www.youtube.com\/embed\/fn9QqZe-20o\" width=\"800\" height=\"500\" frameborder=\"0\" allowfullscreen=\"allowfullscreen\"><span data-mce-type=\"bookmark\" style=\"display: inline-block; width: 0px; overflow: hidden; line-height: 0;\" class=\"mce_SELRES_start\">\ufeff<\/span><\/iframe><\/p>\n","protected":false},"excerpt":{"rendered":"<p>La XII edizione del festival si svolger\u00e0 dal 15 giugno al 13 agosto 2023: con 26 spettacoli, 19 titoli e 8 prime nazionali, laboratori, masteclass, incontri con gli artisti e coinvolger\u00e0\u00a0ben quattro comuni: Pomarance, Castelnuovo Val di Cecina, Monteverdi Marittimo e Monterotondo Marittimo<\/p>\n","protected":false},"author":518,"featured_media":290270,"comment_status":"open","ping_status":"open","sticky":false,"template":"","format":"standard","meta":{"_acf_changed":false,"footnotes":""},"categories":[493],"tags":[235,399,228,236],"class_list":["post-290269","post","type-post","status-publish","format-standard","has-post-thumbnail","hentry","category-cultura","tag-estate","tag-estate-in-toscana","tag-festival","tag-teatro"],"acf":[],"yoast_head":"<!-- This site is optimized with the Yoast SEO Premium plugin v24.2 (Yoast SEO v25.6) - https:\/\/yoast.com\/wordpress\/plugins\/seo\/ -->\n<title>26 spettacoli, 19 titoli e 8 prime nazionali per il Festival delle Colline Geotermiche 2023 - intoscana<\/title>\n<meta name=\"description\" content=\"La XII edizione del festival si svolger\u00e0 dal 15 giugno al 13 agosto 2023: con 26 spettacoli, 19 titoli e 8 prime nazionali, laboratori\" \/>\n<meta name=\"robots\" content=\"index, follow, max-snippet:-1, max-image-preview:large, max-video-preview:-1\" \/>\n<link rel=\"canonical\" href=\"https:\/\/www.intoscana.it\/it\/festival-delle-colline-geotermiche-2023\/\" \/>\n<meta property=\"og:locale\" content=\"it_IT\" \/>\n<meta property=\"og:type\" content=\"article\" \/>\n<meta property=\"og:title\" content=\"26 spettacoli, 19 titoli e 8 prime nazionali per il Festival delle Colline Geotermiche 2023\" \/>\n<meta property=\"og:description\" content=\"La XII edizione del festival si svolger\u00e0 dal 15 giugno al 13 agosto 2023: con 26 spettacoli, 19 titoli e 8 prime nazionali, laboratori\" \/>\n<meta property=\"og:url\" content=\"https:\/\/www.intoscana.it\/it\/festival-delle-colline-geotermiche-2023\/\" \/>\n<meta property=\"og:site_name\" content=\"intoscana\" \/>\n<meta property=\"article:publisher\" content=\"https:\/\/www.facebook.com\/intoscana.it\" \/>\n<meta property=\"article:published_time\" content=\"2023-06-06T13:47:40+00:00\" \/>\n<meta property=\"og:image\" content=\"https:\/\/www.intoscana.it\/wp-content\/uploads\/FCG23.png\" \/>\n\t<meta property=\"og:image:width\" content=\"796\" \/>\n\t<meta property=\"og:image:height\" content=\"802\" \/>\n\t<meta property=\"og:image:type\" content=\"image\/png\" \/>\n<meta name=\"author\" content=\"Costanza Baldini\" \/>\n<meta name=\"twitter:card\" content=\"summary_large_image\" \/>\n<meta name=\"twitter:creator\" content=\"@intoscana\" \/>\n<meta name=\"twitter:site\" content=\"@intoscana\" \/>\n<meta name=\"twitter:label1\" content=\"Written by\" \/>\n\t<meta name=\"twitter:data1\" content=\"Costanza Baldini\" \/>\n\t<meta name=\"twitter:label2\" content=\"Est. reading time\" \/>\n\t<meta name=\"twitter:data2\" content=\"4 minuti\" \/>\n<script type=\"application\/ld+json\" class=\"yoast-schema-graph\">{\"@context\":\"https:\/\/schema.org\",\"@graph\":[{\"@type\":\"WebPage\",\"@id\":\"https:\/\/www.intoscana.it\/it\/festival-delle-colline-geotermiche-2023\/\",\"url\":\"https:\/\/www.intoscana.it\/it\/festival-delle-colline-geotermiche-2023\/\",\"name\":\"26 spettacoli, 19 titoli e 8 prime nazionali per il Festival delle Colline Geotermiche 2023 - intoscana\",\"isPartOf\":{\"@id\":\"https:\/\/www.intoscana.it\/it\/#website\"},\"primaryImageOfPage\":{\"@id\":\"https:\/\/www.intoscana.it\/it\/festival-delle-colline-geotermiche-2023\/#primaryimage\"},\"image\":{\"@id\":\"https:\/\/www.intoscana.it\/it\/festival-delle-colline-geotermiche-2023\/#primaryimage\"},\"thumbnailUrl\":\"https:\/\/www.intoscana.it\/wp-content\/uploads\/FCG23.png\",\"datePublished\":\"2023-06-06T13:47:40+00:00\",\"author\":{\"@id\":\"https:\/\/www.intoscana.it\/it\/#\/schema\/person\/d469f35f09739bdf00bf5dd3f0647a82\"},\"description\":\"La XII edizione del festival si svolger\u00e0 dal 15 giugno al 13 agosto 2023: con 26 spettacoli, 19 titoli e 8 prime nazionali, laboratori\",\"breadcrumb\":{\"@id\":\"https:\/\/www.intoscana.it\/it\/festival-delle-colline-geotermiche-2023\/#breadcrumb\"},\"inLanguage\":\"it-IT\",\"potentialAction\":[{\"@type\":\"ReadAction\",\"target\":[\"https:\/\/www.intoscana.it\/it\/festival-delle-colline-geotermiche-2023\/\"]}]},{\"@type\":\"ImageObject\",\"inLanguage\":\"it-IT\",\"@id\":\"https:\/\/www.intoscana.it\/it\/festival-delle-colline-geotermiche-2023\/#primaryimage\",\"url\":\"https:\/\/www.intoscana.it\/wp-content\/uploads\/FCG23.png\",\"contentUrl\":\"https:\/\/www.intoscana.it\/wp-content\/uploads\/FCG23.png\",\"width\":796,\"height\":802},{\"@type\":\"BreadcrumbList\",\"@id\":\"https:\/\/www.intoscana.it\/it\/festival-delle-colline-geotermiche-2023\/#breadcrumb\",\"itemListElement\":[{\"@type\":\"ListItem\",\"position\":1,\"name\":\"Home\",\"item\":\"https:\/\/www.intoscana.it\/it\/\"},{\"@type\":\"ListItem\",\"position\":2,\"name\":\"26 spettacoli, 19 titoli e 8 prime nazionali per il Festival delle Colline Geotermiche 2023\"}]},{\"@type\":\"WebSite\",\"@id\":\"https:\/\/www.intoscana.it\/it\/#website\",\"url\":\"https:\/\/www.intoscana.it\/it\/\",\"name\":\"intoscana\",\"description\":\"\",\"potentialAction\":[{\"@type\":\"SearchAction\",\"target\":{\"@type\":\"EntryPoint\",\"urlTemplate\":\"https:\/\/www.intoscana.it\/it\/?s={search_term_string}\"},\"query-input\":{\"@type\":\"PropertyValueSpecification\",\"valueRequired\":true,\"valueName\":\"search_term_string\"}}],\"inLanguage\":\"it-IT\"},{\"@type\":\"Person\",\"@id\":\"https:\/\/www.intoscana.it\/it\/#\/schema\/person\/d469f35f09739bdf00bf5dd3f0647a82\",\"name\":\"Costanza Baldini\",\"url\":\"https:\/\/www.intoscana.it\/it\/author\/costanza-baldini\/\"}]}<\/script>\n<!-- \/ Yoast SEO Premium plugin. -->","yoast_head_json":{"title":"26 spettacoli, 19 titoli e 8 prime nazionali per il Festival delle Colline Geotermiche 2023 - intoscana","description":"La XII edizione del festival si svolger\u00e0 dal 15 giugno al 13 agosto 2023: con 26 spettacoli, 19 titoli e 8 prime nazionali, laboratori","robots":{"index":"index","follow":"follow","max-snippet":"max-snippet:-1","max-image-preview":"max-image-preview:large","max-video-preview":"max-video-preview:-1"},"canonical":"https:\/\/www.intoscana.it\/it\/festival-delle-colline-geotermiche-2023\/","og_locale":"it_IT","og_type":"article","og_title":"26 spettacoli, 19 titoli e 8 prime nazionali per il Festival delle Colline Geotermiche 2023","og_description":"La XII edizione del festival si svolger\u00e0 dal 15 giugno al 13 agosto 2023: con 26 spettacoli, 19 titoli e 8 prime nazionali, laboratori","og_url":"https:\/\/www.intoscana.it\/it\/festival-delle-colline-geotermiche-2023\/","og_site_name":"intoscana","article_publisher":"https:\/\/www.facebook.com\/intoscana.it","article_published_time":"2023-06-06T13:47:40+00:00","og_image":[{"width":796,"height":802,"url":"https:\/\/www.intoscana.it\/wp-content\/uploads\/FCG23.png","type":"image\/png"}],"author":"Costanza Baldini","twitter_card":"summary_large_image","twitter_creator":"@intoscana","twitter_site":"@intoscana","twitter_misc":{"Written by":"Costanza Baldini","Est. reading time":"4 minuti"},"schema":{"@context":"https:\/\/schema.org","@graph":[{"@type":"WebPage","@id":"https:\/\/www.intoscana.it\/it\/festival-delle-colline-geotermiche-2023\/","url":"https:\/\/www.intoscana.it\/it\/festival-delle-colline-geotermiche-2023\/","name":"26 spettacoli, 19 titoli e 8 prime nazionali per il Festival delle Colline Geotermiche 2023 - intoscana","isPartOf":{"@id":"https:\/\/www.intoscana.it\/it\/#website"},"primaryImageOfPage":{"@id":"https:\/\/www.intoscana.it\/it\/festival-delle-colline-geotermiche-2023\/#primaryimage"},"image":{"@id":"https:\/\/www.intoscana.it\/it\/festival-delle-colline-geotermiche-2023\/#primaryimage"},"thumbnailUrl":"https:\/\/www.intoscana.it\/wp-content\/uploads\/FCG23.png","datePublished":"2023-06-06T13:47:40+00:00","author":{"@id":"https:\/\/www.intoscana.it\/it\/#\/schema\/person\/d469f35f09739bdf00bf5dd3f0647a82"},"description":"La XII edizione del festival si svolger\u00e0 dal 15 giugno al 13 agosto 2023: con 26 spettacoli, 19 titoli e 8 prime nazionali, laboratori","breadcrumb":{"@id":"https:\/\/www.intoscana.it\/it\/festival-delle-colline-geotermiche-2023\/#breadcrumb"},"inLanguage":"it-IT","potentialAction":[{"@type":"ReadAction","target":["https:\/\/www.intoscana.it\/it\/festival-delle-colline-geotermiche-2023\/"]}]},{"@type":"ImageObject","inLanguage":"it-IT","@id":"https:\/\/www.intoscana.it\/it\/festival-delle-colline-geotermiche-2023\/#primaryimage","url":"https:\/\/www.intoscana.it\/wp-content\/uploads\/FCG23.png","contentUrl":"https:\/\/www.intoscana.it\/wp-content\/uploads\/FCG23.png","width":796,"height":802},{"@type":"BreadcrumbList","@id":"https:\/\/www.intoscana.it\/it\/festival-delle-colline-geotermiche-2023\/#breadcrumb","itemListElement":[{"@type":"ListItem","position":1,"name":"Home","item":"https:\/\/www.intoscana.it\/it\/"},{"@type":"ListItem","position":2,"name":"26 spettacoli, 19 titoli e 8 prime nazionali per il Festival delle Colline Geotermiche 2023"}]},{"@type":"WebSite","@id":"https:\/\/www.intoscana.it\/it\/#website","url":"https:\/\/www.intoscana.it\/it\/","name":"intoscana","description":"","potentialAction":[{"@type":"SearchAction","target":{"@type":"EntryPoint","urlTemplate":"https:\/\/www.intoscana.it\/it\/?s={search_term_string}"},"query-input":{"@type":"PropertyValueSpecification","valueRequired":true,"valueName":"search_term_string"}}],"inLanguage":"it-IT"},{"@type":"Person","@id":"https:\/\/www.intoscana.it\/it\/#\/schema\/person\/d469f35f09739bdf00bf5dd3f0647a82","name":"Costanza Baldini","url":"https:\/\/www.intoscana.it\/it\/author\/costanza-baldini\/"}]}},"_links":{"self":[{"href":"https:\/\/www.intoscana.it\/it\/wp-json\/wp\/v2\/posts\/290269","targetHints":{"allow":["GET"]}}],"collection":[{"href":"https:\/\/www.intoscana.it\/it\/wp-json\/wp\/v2\/posts"}],"about":[{"href":"https:\/\/www.intoscana.it\/it\/wp-json\/wp\/v2\/types\/post"}],"author":[{"embeddable":true,"href":"https:\/\/www.intoscana.it\/it\/wp-json\/wp\/v2\/users\/518"}],"replies":[{"embeddable":true,"href":"https:\/\/www.intoscana.it\/it\/wp-json\/wp\/v2\/comments?post=290269"}],"version-history":[{"count":0,"href":"https:\/\/www.intoscana.it\/it\/wp-json\/wp\/v2\/posts\/290269\/revisions"}],"wp:featuredmedia":[{"embeddable":true,"href":"https:\/\/www.intoscana.it\/it\/wp-json\/wp\/v2\/media\/290270"}],"wp:attachment":[{"href":"https:\/\/www.intoscana.it\/it\/wp-json\/wp\/v2\/media?parent=290269"}],"wp:term":[{"taxonomy":"category","embeddable":true,"href":"https:\/\/www.intoscana.it\/it\/wp-json\/wp\/v2\/categories?post=290269"},{"taxonomy":"post_tag","embeddable":true,"href":"https:\/\/www.intoscana.it\/it\/wp-json\/wp\/v2\/tags?post=290269"}],"curies":[{"name":"wp","href":"https:\/\/api.w.org\/{rel}","templated":true}]}}