{"id":290899,"date":"2023-06-09T17:47:41","date_gmt":"2023-06-09T15:47:41","guid":{"rendered":"https:\/\/www.intoscana.it\/it\/?p=290899"},"modified":"2023-06-09T17:47:41","modified_gmt":"2023-06-09T15:47:41","slug":"scandicci-destate-e-open-city-al-via-la-rassegna-con-160-eventi","status":"publish","type":"post","link":"https:\/\/www.intoscana.it\/it\/scandicci-destate-e-open-city-al-via-la-rassegna-con-160-eventi\/","title":{"rendered":"Scandicci d&#8217;estate \u00e8 &#8220;open city&#8221;: al via la rassegna con 160 eventi"},"content":{"rendered":"<p>Al via la nuova edizione di <strong>Scandicci Open City<\/strong>, la rassegna estiva che propone quest&#8217;anno 160 eventi tra teatro, musica, cinema, danza, circo contemporaneo, poesia, talk show e incontri. <mark>Un ricco cartellone che animeranno &#8211; dal 10 giugno fino al 24 settembre &#8211; piazze, giardini, circoli, ville, castelli e boschi della citt\u00e0 dell&#8217;area metropolitana fiorentina.<\/mark><\/p>\n<h3><em>Il programma<\/em><\/h3>\n<p>Tra le iniziative che animano il ricco <a href=\"https:\/\/www.scandicciopencity.it\/\" target=\"_blank\" rel=\"noopener\">programma<\/a>, si segnala\u00a0 l&#8217;arena estiva cinematografica al <strong>Pomario<\/strong> del Castello dell&#8217;Acciaiolo e gli appuntamenti al fresco del parco di <strong>Poggio Valicaia<\/strong>.<\/p>\n<figure id=\"post-290902 media-290902\" class=\"align-none\"><img decoding=\"async\" src=\"https:\/\/www.intoscana.it\/wp-content\/uploads\/Sdraiv-In-Cinema-nel-bosco-Parco-di-Poggio-Valicaia-foto-di-Antonio-Viscido-1.jpg\" alt=\"\" \/><\/figure>\n<div class=\"titleimg\">Sdraiv In Cinema nel bosco Parco di Poggio Valicaia foto di Antonio Viscido<\/div>\n<p>Spazio anche alla <strong>musica elettronica<\/strong> de La Chute, il ritorno di Krypton e la prima edizione di &#8220;Altre Spiagge&#8221; festival di cultura queer. E ancora: il progetto di <mark>Tempo Reale al carcere di Sollicciano.<\/mark> Tornano anche il circo contemporaneo di <strong>Cirk Fantastik<\/strong>, il jazz nelle fattorie e agriturismi del territorio.<\/p>\n<p>Sono invece ben 60 gli appuntamenti nei circoli cittadini. Dopo il successo dello scorso anno torna a Stazione Utopia, presso il giardino del Castello dell&#8217;Acciaiolo, il festival di danza contemporanea <strong>Nutida<\/strong>. L&#8217;Accademia Musicale di Firenze, al Pomario dell&#8217;Agor\u00e0 dell&#8217;Acciaiolo, propone eventi di musica e di teatro che celebrano importanti anniversari. <mark>Si parte il 20 giugno con i 30 anni dalla scomparsa di L\u00e9o Ferr\u00e9 con Anna Maria Castelli in &#8220;Fiori d&#8217;amore e d&#8217;anarchia&#8221;. Tra gli appuntamenti pi\u00f9 importanti il centenario della nascita di Italo Calvino con Paolo Hendel in &#8220;Viola e il Barone&#8221; (19 luglio) e Ciro Masella in &#8220;Le citt\u00e0 invisibili&#8221; (27 luglio).<\/mark><\/p>\n<p>Dal 10 al 12 luglio torna invece il <strong>Festival di economia e spiritualit\u00e0<\/strong>. Sempre al Pomario Li.be Libera Bellezza propone LucioLucio 80 anni di Dalla e Battisti: due eventi pensati in occasione dell&#8217;ottantesimo anniversario della nascita dei due grandi cantautori.<\/p>\n<h3><em>La presentazione in Consiglio regionale<\/em><\/h3>\n<p>La rassegna estiva, che quest&#8217;anno ha per tema &#8220;Il cantiere della meraviglia&#8221;, \u00e8 stata presentata oggi in Consiglio regionale della Toscana a Firenze.<\/p>\n<p>\u00abScandicci Open City 2023 \u00e8 una delle rassegne estive pi\u00f9 importanti della Toscana &#8211; ha sottolineato il presidente del Consiglio regionale <strong>Antonio Mazzeo<\/strong> -. Dal cinema alla danza, dalla musica al teatro. Il risultato raggiunto \u00e8 davvero molto rilevante, sia per la forma di partecipazione, con un programma costruito dal basso, insieme a tutto il territorio, sia per la qualit\u00e0 della proposta messa in campo e per la capacit\u00e0 di parlare a tutta la cittadinanza, in tutti i luoghi e in tutte le frazioni. <mark>Un bel modo per ritornare vivi nelle nostre piazze, parlando a pubblici molto differenti. Complimenti all&#8217;amministrazione comunale e alle tante associazioni. Ogni volta che si investe in cultura, nel cinema, nel teatro, nella lettura, si investe in libert\u00e0&#8221;.<\/mark><\/p>\n","protected":false},"excerpt":{"rendered":"<p>Fino al 24 settembre teatro, musica, cinema, danza, circo contemporaneo, poesia, talk show e incontri. La presentazione del programma in Consiglio regionale<\/p>\n","protected":false},"author":525,"featured_media":290901,"comment_status":"open","ping_status":"open","sticky":false,"template":"","format":"standard","meta":{"_acf_changed":false,"footnotes":""},"categories":[493],"tags":[4760,4753,235,4474,401],"class_list":["post-290899","post","type-post","status-publish","format-standard","has-post-thumbnail","hentry","category-cultura","tag-antonio-mazzeo","tag-consiglio-regionale-della-toscana","tag-estate","tag-eventi","tag-scandicci"],"acf":[],"yoast_head":"<!-- This site is optimized with the Yoast SEO Premium plugin v24.2 (Yoast SEO v25.6) - https:\/\/yoast.com\/wordpress\/plugins\/seo\/ -->\n<title>Scandicci d&#039;estate \u00e8 &quot;open city&quot;: al via la rassegna con 160 eventi - intoscana<\/title>\n<meta name=\"description\" content=\"Fino al 24 settembre teatro, musica, cinema, danza, circo contemporaneo, poesia, talk show e incontri. La presentazione del programma in Consiglio regionale\" \/>\n<meta name=\"robots\" content=\"index, follow, max-snippet:-1, max-image-preview:large, max-video-preview:-1\" \/>\n<link rel=\"canonical\" href=\"https:\/\/www.intoscana.it\/it\/scandicci-destate-e-open-city-al-via-la-rassegna-con-160-eventi\/\" \/>\n<meta property=\"og:locale\" content=\"it_IT\" \/>\n<meta property=\"og:type\" content=\"article\" \/>\n<meta property=\"og:title\" content=\"Scandicci d&#039;estate \u00e8 &quot;open city&quot;: al via la rassegna con 160 eventi\" \/>\n<meta property=\"og:description\" content=\"Fino al 24 settembre teatro, musica, cinema, danza, circo contemporaneo, poesia, talk show e incontri. La presentazione del programma in Consiglio regionale\" \/>\n<meta property=\"og:url\" content=\"https:\/\/www.intoscana.it\/it\/scandicci-destate-e-open-city-al-via-la-rassegna-con-160-eventi\/\" \/>\n<meta property=\"og:site_name\" content=\"intoscana\" \/>\n<meta property=\"article:publisher\" content=\"https:\/\/www.facebook.com\/intoscana.it\" \/>\n<meta property=\"article:published_time\" content=\"2023-06-09T15:47:41+00:00\" \/>\n<meta property=\"og:image\" content=\"https:\/\/www.intoscana.it\/wp-content\/uploads\/Nutida-23-giugno-FND-Aterballetto-Preludio-ph.-Claudio-Montanari-22.jpg\" \/>\n\t<meta property=\"og:image:width\" content=\"1110\" \/>\n\t<meta property=\"og:image:height\" content=\"740\" \/>\n\t<meta property=\"og:image:type\" content=\"image\/jpeg\" \/>\n<meta name=\"author\" content=\"Redazione\" \/>\n<meta name=\"twitter:card\" content=\"summary_large_image\" \/>\n<meta name=\"twitter:creator\" content=\"@intoscana\" \/>\n<meta name=\"twitter:site\" content=\"@intoscana\" \/>\n<meta name=\"twitter:label1\" content=\"Written by\" \/>\n\t<meta name=\"twitter:data1\" content=\"Redazione\" \/>\n\t<meta name=\"twitter:label2\" content=\"Est. reading time\" \/>\n\t<meta name=\"twitter:data2\" content=\"2 minuti\" \/>\n<script type=\"application\/ld+json\" class=\"yoast-schema-graph\">{\"@context\":\"https:\/\/schema.org\",\"@graph\":[{\"@type\":\"WebPage\",\"@id\":\"https:\/\/www.intoscana.it\/it\/scandicci-destate-e-open-city-al-via-la-rassegna-con-160-eventi\/\",\"url\":\"https:\/\/www.intoscana.it\/it\/scandicci-destate-e-open-city-al-via-la-rassegna-con-160-eventi\/\",\"name\":\"Scandicci d'estate \u00e8 \\\"open city\\\": al via la rassegna con 160 eventi - intoscana\",\"isPartOf\":{\"@id\":\"https:\/\/www.intoscana.it\/it\/#website\"},\"primaryImageOfPage\":{\"@id\":\"https:\/\/www.intoscana.it\/it\/scandicci-destate-e-open-city-al-via-la-rassegna-con-160-eventi\/#primaryimage\"},\"image\":{\"@id\":\"https:\/\/www.intoscana.it\/it\/scandicci-destate-e-open-city-al-via-la-rassegna-con-160-eventi\/#primaryimage\"},\"thumbnailUrl\":\"https:\/\/www.intoscana.it\/wp-content\/uploads\/Nutida-23-giugno-FND-Aterballetto-Preludio-ph.-Claudio-Montanari-22.jpg\",\"datePublished\":\"2023-06-09T15:47:41+00:00\",\"author\":{\"@id\":\"https:\/\/www.intoscana.it\/it\/#\/schema\/person\/9223810753230f20bd670fdd322661f8\"},\"description\":\"Fino al 24 settembre teatro, musica, cinema, danza, circo contemporaneo, poesia, talk show e incontri. La presentazione del programma in Consiglio regionale\",\"breadcrumb\":{\"@id\":\"https:\/\/www.intoscana.it\/it\/scandicci-destate-e-open-city-al-via-la-rassegna-con-160-eventi\/#breadcrumb\"},\"inLanguage\":\"it-IT\",\"potentialAction\":[{\"@type\":\"ReadAction\",\"target\":[\"https:\/\/www.intoscana.it\/it\/scandicci-destate-e-open-city-al-via-la-rassegna-con-160-eventi\/\"]}]},{\"@type\":\"ImageObject\",\"inLanguage\":\"it-IT\",\"@id\":\"https:\/\/www.intoscana.it\/it\/scandicci-destate-e-open-city-al-via-la-rassegna-con-160-eventi\/#primaryimage\",\"url\":\"https:\/\/www.intoscana.it\/wp-content\/uploads\/Nutida-23-giugno-FND-Aterballetto-Preludio-ph.-Claudio-Montanari-22.jpg\",\"contentUrl\":\"https:\/\/www.intoscana.it\/wp-content\/uploads\/Nutida-23-giugno-FND-Aterballetto-Preludio-ph.-Claudio-Montanari-22.jpg\",\"width\":1110,\"height\":740},{\"@type\":\"BreadcrumbList\",\"@id\":\"https:\/\/www.intoscana.it\/it\/scandicci-destate-e-open-city-al-via-la-rassegna-con-160-eventi\/#breadcrumb\",\"itemListElement\":[{\"@type\":\"ListItem\",\"position\":1,\"name\":\"Home\",\"item\":\"https:\/\/www.intoscana.it\/it\/\"},{\"@type\":\"ListItem\",\"position\":2,\"name\":\"Scandicci d&#8217;estate \u00e8 &#8220;open city&#8221;: al via la rassegna con 160 eventi\"}]},{\"@type\":\"WebSite\",\"@id\":\"https:\/\/www.intoscana.it\/it\/#website\",\"url\":\"https:\/\/www.intoscana.it\/it\/\",\"name\":\"intoscana\",\"description\":\"\",\"potentialAction\":[{\"@type\":\"SearchAction\",\"target\":{\"@type\":\"EntryPoint\",\"urlTemplate\":\"https:\/\/www.intoscana.it\/it\/?s={search_term_string}\"},\"query-input\":{\"@type\":\"PropertyValueSpecification\",\"valueRequired\":true,\"valueName\":\"search_term_string\"}}],\"inLanguage\":\"it-IT\"},{\"@type\":\"Person\",\"@id\":\"https:\/\/www.intoscana.it\/it\/#\/schema\/person\/9223810753230f20bd670fdd322661f8\",\"name\":\"Redazione\",\"url\":\"https:\/\/www.intoscana.it\/it\/author\/redazione\/\"}]}<\/script>\n<!-- \/ Yoast SEO Premium plugin. -->","yoast_head_json":{"title":"Scandicci d'estate \u00e8 \"open city\": al via la rassegna con 160 eventi - intoscana","description":"Fino al 24 settembre teatro, musica, cinema, danza, circo contemporaneo, poesia, talk show e incontri. La presentazione del programma in Consiglio regionale","robots":{"index":"index","follow":"follow","max-snippet":"max-snippet:-1","max-image-preview":"max-image-preview:large","max-video-preview":"max-video-preview:-1"},"canonical":"https:\/\/www.intoscana.it\/it\/scandicci-destate-e-open-city-al-via-la-rassegna-con-160-eventi\/","og_locale":"it_IT","og_type":"article","og_title":"Scandicci d'estate \u00e8 \"open city\": al via la rassegna con 160 eventi","og_description":"Fino al 24 settembre teatro, musica, cinema, danza, circo contemporaneo, poesia, talk show e incontri. La presentazione del programma in Consiglio regionale","og_url":"https:\/\/www.intoscana.it\/it\/scandicci-destate-e-open-city-al-via-la-rassegna-con-160-eventi\/","og_site_name":"intoscana","article_publisher":"https:\/\/www.facebook.com\/intoscana.it","article_published_time":"2023-06-09T15:47:41+00:00","og_image":[{"width":1110,"height":740,"url":"https:\/\/www.intoscana.it\/wp-content\/uploads\/Nutida-23-giugno-FND-Aterballetto-Preludio-ph.-Claudio-Montanari-22.jpg","type":"image\/jpeg"}],"author":"Redazione","twitter_card":"summary_large_image","twitter_creator":"@intoscana","twitter_site":"@intoscana","twitter_misc":{"Written by":"Redazione","Est. reading time":"2 minuti"},"schema":{"@context":"https:\/\/schema.org","@graph":[{"@type":"WebPage","@id":"https:\/\/www.intoscana.it\/it\/scandicci-destate-e-open-city-al-via-la-rassegna-con-160-eventi\/","url":"https:\/\/www.intoscana.it\/it\/scandicci-destate-e-open-city-al-via-la-rassegna-con-160-eventi\/","name":"Scandicci d'estate \u00e8 \"open city\": al via la rassegna con 160 eventi - intoscana","isPartOf":{"@id":"https:\/\/www.intoscana.it\/it\/#website"},"primaryImageOfPage":{"@id":"https:\/\/www.intoscana.it\/it\/scandicci-destate-e-open-city-al-via-la-rassegna-con-160-eventi\/#primaryimage"},"image":{"@id":"https:\/\/www.intoscana.it\/it\/scandicci-destate-e-open-city-al-via-la-rassegna-con-160-eventi\/#primaryimage"},"thumbnailUrl":"https:\/\/www.intoscana.it\/wp-content\/uploads\/Nutida-23-giugno-FND-Aterballetto-Preludio-ph.-Claudio-Montanari-22.jpg","datePublished":"2023-06-09T15:47:41+00:00","author":{"@id":"https:\/\/www.intoscana.it\/it\/#\/schema\/person\/9223810753230f20bd670fdd322661f8"},"description":"Fino al 24 settembre teatro, musica, cinema, danza, circo contemporaneo, poesia, talk show e incontri. La presentazione del programma in Consiglio regionale","breadcrumb":{"@id":"https:\/\/www.intoscana.it\/it\/scandicci-destate-e-open-city-al-via-la-rassegna-con-160-eventi\/#breadcrumb"},"inLanguage":"it-IT","potentialAction":[{"@type":"ReadAction","target":["https:\/\/www.intoscana.it\/it\/scandicci-destate-e-open-city-al-via-la-rassegna-con-160-eventi\/"]}]},{"@type":"ImageObject","inLanguage":"it-IT","@id":"https:\/\/www.intoscana.it\/it\/scandicci-destate-e-open-city-al-via-la-rassegna-con-160-eventi\/#primaryimage","url":"https:\/\/www.intoscana.it\/wp-content\/uploads\/Nutida-23-giugno-FND-Aterballetto-Preludio-ph.-Claudio-Montanari-22.jpg","contentUrl":"https:\/\/www.intoscana.it\/wp-content\/uploads\/Nutida-23-giugno-FND-Aterballetto-Preludio-ph.-Claudio-Montanari-22.jpg","width":1110,"height":740},{"@type":"BreadcrumbList","@id":"https:\/\/www.intoscana.it\/it\/scandicci-destate-e-open-city-al-via-la-rassegna-con-160-eventi\/#breadcrumb","itemListElement":[{"@type":"ListItem","position":1,"name":"Home","item":"https:\/\/www.intoscana.it\/it\/"},{"@type":"ListItem","position":2,"name":"Scandicci d&#8217;estate \u00e8 &#8220;open city&#8221;: al via la rassegna con 160 eventi"}]},{"@type":"WebSite","@id":"https:\/\/www.intoscana.it\/it\/#website","url":"https:\/\/www.intoscana.it\/it\/","name":"intoscana","description":"","potentialAction":[{"@type":"SearchAction","target":{"@type":"EntryPoint","urlTemplate":"https:\/\/www.intoscana.it\/it\/?s={search_term_string}"},"query-input":{"@type":"PropertyValueSpecification","valueRequired":true,"valueName":"search_term_string"}}],"inLanguage":"it-IT"},{"@type":"Person","@id":"https:\/\/www.intoscana.it\/it\/#\/schema\/person\/9223810753230f20bd670fdd322661f8","name":"Redazione","url":"https:\/\/www.intoscana.it\/it\/author\/redazione\/"}]}},"_links":{"self":[{"href":"https:\/\/www.intoscana.it\/it\/wp-json\/wp\/v2\/posts\/290899","targetHints":{"allow":["GET"]}}],"collection":[{"href":"https:\/\/www.intoscana.it\/it\/wp-json\/wp\/v2\/posts"}],"about":[{"href":"https:\/\/www.intoscana.it\/it\/wp-json\/wp\/v2\/types\/post"}],"author":[{"embeddable":true,"href":"https:\/\/www.intoscana.it\/it\/wp-json\/wp\/v2\/users\/525"}],"replies":[{"embeddable":true,"href":"https:\/\/www.intoscana.it\/it\/wp-json\/wp\/v2\/comments?post=290899"}],"version-history":[{"count":0,"href":"https:\/\/www.intoscana.it\/it\/wp-json\/wp\/v2\/posts\/290899\/revisions"}],"wp:featuredmedia":[{"embeddable":true,"href":"https:\/\/www.intoscana.it\/it\/wp-json\/wp\/v2\/media\/290901"}],"wp:attachment":[{"href":"https:\/\/www.intoscana.it\/it\/wp-json\/wp\/v2\/media?parent=290899"}],"wp:term":[{"taxonomy":"category","embeddable":true,"href":"https:\/\/www.intoscana.it\/it\/wp-json\/wp\/v2\/categories?post=290899"},{"taxonomy":"post_tag","embeddable":true,"href":"https:\/\/www.intoscana.it\/it\/wp-json\/wp\/v2\/tags?post=290899"}],"curies":[{"name":"wp","href":"https:\/\/api.w.org\/{rel}","templated":true}]}}