{"id":291043,"date":"2023-06-12T12:14:35","date_gmt":"2023-06-12T10:14:35","guid":{"rendered":"https:\/\/www.intoscana.it\/it\/?p=291043"},"modified":"2023-06-12T12:16:12","modified_gmt":"2023-06-12T10:16:12","slug":"motogp-il-cielo-sopra-il-mugello-e-tricolore","status":"publish","type":"post","link":"https:\/\/www.intoscana.it\/it\/motogp-il-cielo-sopra-il-mugello-e-tricolore\/","title":{"rendered":"MotoGP, il cielo sopra il Mugello \u00e8 tricolore"},"content":{"rendered":"<p>Si \u00e8 concluso il fine settimana dedicato al Gran Premio d&#8217;Italia, andato in scena sul circuito del <strong>Mugello<\/strong>, che \u00e8 stato dominato dal campione del mondo in carica <strong>Francesco Bagnaia<\/strong> e dalla <strong>Ducati<\/strong>. Il pilota della classe regina si \u00e8 aggiudicato sia la sprint del sabato che la gara della domenica, propiziata dal passaggio delle <strong>Frecce Tricolori<\/strong>, poco prima della partenza, per celebrare l&#8217;evento sportivo e il centesimo anniversario dell&#8217;Aeronautica militare. Un successo anche di pubblico: sui prati e sulle tribune delle colline del circuito \u00e8 stata registrata la presenza di <strong>135.670 spettatori nel weekend<\/strong>, suddivisi tra il venerd\u00ec delle prove libere con\u00a018.403 appassionati, circa il doppio (39.346) per la giornata di sabato, mentre per assistere alle gare della domenica sono accorsi in 77.921; lo scorso anno avevano assistito al gp del Mugello solo.74.078 persone.<\/p>\n<p>Un fine settimana perfetto per Bagnaia che allunga in classifica generale portando a casa punti importanti e godendosi l&#8217;inno dal podio del Mugello davanti al pubblico di casa. &#8220;<em>E&#8217; stato un <strong>weekend perfetto<\/strong>&#8220;<\/em> &#8211; ha commentato Bagnaia &#8211; &#8220;<em>Non mi aspettavo una gara cos\u00ec: ero sicuro che la gomma posteriore media sarebbe stata pi\u00f9 costante, invece negli ultimi giri era totalmente distrutta. Ma sono molto contento del lavoro enorme che \u00e8 stato fatto. Ora pensiamo alla settimana prossima al Sachsenring. Ma prima<strong> godiamoci questo momento<\/strong>, e&#8217; uno dei migliori della mia vita<\/em>&#8220;.<\/p>\n<p>Ne ha da festeggiare anche la Ducati. Al Mugello \u00e8 rientrato dopo il lungo infortunio <strong>Enea Bastianini<\/strong> che si \u00e8 ben comportato nonostante il dolore alla spalla. Oltre a Bagnaia, pilota del team Ducati ufficiale, sono salite sul podio della sprint le Ducati clienti con <strong>Marco Bezzecchi<\/strong> e <strong>Jorge Martin<\/strong> e sul podio della gara regina le due Ducati del team Pramac con nuovamente <strong>Jorge Martin e Joahnn Zarco<\/strong>.<\/p>\n<p>&nbsp;<\/p>\n","protected":false},"excerpt":{"rendered":"<p>Trionfo per il campione del mondo in carica Francesco Bagnaia, in sella alla Ducati, sia nella sprint del sabato che nella gara della domenica<\/p>\n","protected":false},"author":507,"featured_media":291067,"comment_status":"open","ping_status":"open","sticky":false,"template":"","format":"standard","meta":{"_acf_changed":false,"footnotes":""},"categories":[494],"tags":[375],"class_list":["post-291043","post","type-post","status-publish","format-standard","has-post-thumbnail","hentry","category-attualita","tag-mugello"],"acf":[],"yoast_head":"<!-- This site is optimized with the Yoast SEO Premium plugin v24.2 (Yoast SEO v25.6) - https:\/\/yoast.com\/wordpress\/plugins\/seo\/ -->\n<title>MotoGP, il cielo sopra il Mugello \u00e8 tricolore - intoscana<\/title>\n<meta name=\"robots\" content=\"index, follow, max-snippet:-1, max-image-preview:large, max-video-preview:-1\" \/>\n<link rel=\"canonical\" href=\"https:\/\/www.intoscana.it\/it\/motogp-il-cielo-sopra-il-mugello-e-tricolore\/\" \/>\n<meta property=\"og:locale\" content=\"it_IT\" \/>\n<meta property=\"og:type\" content=\"article\" \/>\n<meta property=\"og:title\" content=\"MotoGP, il cielo sopra il Mugello \u00e8 tricolore\" \/>\n<meta property=\"og:description\" content=\"Trionfo per il campione del mondo in carica Francesco Bagnaia, in sella alla Ducati, sia nella sprint del sabato che nella gara della domenica\" \/>\n<meta property=\"og:url\" content=\"https:\/\/www.intoscana.it\/it\/motogp-il-cielo-sopra-il-mugello-e-tricolore\/\" \/>\n<meta property=\"og:site_name\" content=\"intoscana\" \/>\n<meta property=\"article:publisher\" content=\"https:\/\/www.facebook.com\/intoscana.it\" \/>\n<meta property=\"article:published_time\" content=\"2023-06-12T10:14:35+00:00\" \/>\n<meta property=\"article:modified_time\" content=\"2023-06-12T10:16:12+00:00\" \/>\n<meta property=\"og:image\" content=\"https:\/\/www.intoscana.it\/wp-content\/uploads\/motogp-mugello-20236.jpeg\" \/>\n\t<meta property=\"og:image:width\" content=\"2048\" \/>\n\t<meta property=\"og:image:height\" content=\"1536\" \/>\n\t<meta property=\"og:image:type\" content=\"image\/jpeg\" \/>\n<meta name=\"author\" content=\"Chiara Bianchini\" \/>\n<meta name=\"twitter:card\" content=\"summary_large_image\" \/>\n<meta name=\"twitter:creator\" content=\"@intoscana\" \/>\n<meta name=\"twitter:site\" content=\"@intoscana\" \/>\n<meta name=\"twitter:label1\" content=\"Written by\" \/>\n\t<meta name=\"twitter:data1\" content=\"Chiara Bianchini\" \/>\n\t<meta name=\"twitter:label2\" content=\"Est. reading time\" \/>\n\t<meta name=\"twitter:data2\" content=\"1 minuto\" \/>\n<script type=\"application\/ld+json\" class=\"yoast-schema-graph\">{\"@context\":\"https:\/\/schema.org\",\"@graph\":[{\"@type\":\"WebPage\",\"@id\":\"https:\/\/www.intoscana.it\/it\/motogp-il-cielo-sopra-il-mugello-e-tricolore\/\",\"url\":\"https:\/\/www.intoscana.it\/it\/motogp-il-cielo-sopra-il-mugello-e-tricolore\/\",\"name\":\"MotoGP, il cielo sopra il Mugello \u00e8 tricolore - intoscana\",\"isPartOf\":{\"@id\":\"https:\/\/www.intoscana.it\/it\/#website\"},\"primaryImageOfPage\":{\"@id\":\"https:\/\/www.intoscana.it\/it\/motogp-il-cielo-sopra-il-mugello-e-tricolore\/#primaryimage\"},\"image\":{\"@id\":\"https:\/\/www.intoscana.it\/it\/motogp-il-cielo-sopra-il-mugello-e-tricolore\/#primaryimage\"},\"thumbnailUrl\":\"https:\/\/www.intoscana.it\/wp-content\/uploads\/motogp-mugello-20236.jpeg\",\"datePublished\":\"2023-06-12T10:14:35+00:00\",\"dateModified\":\"2023-06-12T10:16:12+00:00\",\"author\":{\"@id\":\"https:\/\/www.intoscana.it\/it\/#\/schema\/person\/010af92117f50561886339ad5b873a41\"},\"breadcrumb\":{\"@id\":\"https:\/\/www.intoscana.it\/it\/motogp-il-cielo-sopra-il-mugello-e-tricolore\/#breadcrumb\"},\"inLanguage\":\"it-IT\",\"potentialAction\":[{\"@type\":\"ReadAction\",\"target\":[\"https:\/\/www.intoscana.it\/it\/motogp-il-cielo-sopra-il-mugello-e-tricolore\/\"]}]},{\"@type\":\"ImageObject\",\"inLanguage\":\"it-IT\",\"@id\":\"https:\/\/www.intoscana.it\/it\/motogp-il-cielo-sopra-il-mugello-e-tricolore\/#primaryimage\",\"url\":\"https:\/\/www.intoscana.it\/wp-content\/uploads\/motogp-mugello-20236.jpeg\",\"contentUrl\":\"https:\/\/www.intoscana.it\/wp-content\/uploads\/motogp-mugello-20236.jpeg\",\"width\":2048,\"height\":1536,\"caption\":\"Le frecce tricolori sul circuito del Mugello\"},{\"@type\":\"BreadcrumbList\",\"@id\":\"https:\/\/www.intoscana.it\/it\/motogp-il-cielo-sopra-il-mugello-e-tricolore\/#breadcrumb\",\"itemListElement\":[{\"@type\":\"ListItem\",\"position\":1,\"name\":\"Home\",\"item\":\"https:\/\/www.intoscana.it\/it\/\"},{\"@type\":\"ListItem\",\"position\":2,\"name\":\"MotoGP, il cielo sopra il Mugello \u00e8 tricolore\"}]},{\"@type\":\"WebSite\",\"@id\":\"https:\/\/www.intoscana.it\/it\/#website\",\"url\":\"https:\/\/www.intoscana.it\/it\/\",\"name\":\"intoscana\",\"description\":\"\",\"potentialAction\":[{\"@type\":\"SearchAction\",\"target\":{\"@type\":\"EntryPoint\",\"urlTemplate\":\"https:\/\/www.intoscana.it\/it\/?s={search_term_string}\"},\"query-input\":{\"@type\":\"PropertyValueSpecification\",\"valueRequired\":true,\"valueName\":\"search_term_string\"}}],\"inLanguage\":\"it-IT\"},{\"@type\":\"Person\",\"@id\":\"https:\/\/www.intoscana.it\/it\/#\/schema\/person\/010af92117f50561886339ad5b873a41\",\"name\":\"Chiara Bianchini\",\"sameAs\":[\"c.bianchini@fst.it\"],\"url\":\"https:\/\/www.intoscana.it\/it\/author\/chiara-bianchini\/\"}]}<\/script>\n<!-- \/ Yoast SEO Premium plugin. -->","yoast_head_json":{"title":"MotoGP, il cielo sopra il Mugello \u00e8 tricolore - intoscana","robots":{"index":"index","follow":"follow","max-snippet":"max-snippet:-1","max-image-preview":"max-image-preview:large","max-video-preview":"max-video-preview:-1"},"canonical":"https:\/\/www.intoscana.it\/it\/motogp-il-cielo-sopra-il-mugello-e-tricolore\/","og_locale":"it_IT","og_type":"article","og_title":"MotoGP, il cielo sopra il Mugello \u00e8 tricolore","og_description":"Trionfo per il campione del mondo in carica Francesco Bagnaia, in sella alla Ducati, sia nella sprint del sabato che nella gara della domenica","og_url":"https:\/\/www.intoscana.it\/it\/motogp-il-cielo-sopra-il-mugello-e-tricolore\/","og_site_name":"intoscana","article_publisher":"https:\/\/www.facebook.com\/intoscana.it","article_published_time":"2023-06-12T10:14:35+00:00","article_modified_time":"2023-06-12T10:16:12+00:00","og_image":[{"width":2048,"height":1536,"url":"https:\/\/www.intoscana.it\/wp-content\/uploads\/motogp-mugello-20236.jpeg","type":"image\/jpeg"}],"author":"Chiara Bianchini","twitter_card":"summary_large_image","twitter_creator":"@intoscana","twitter_site":"@intoscana","twitter_misc":{"Written by":"Chiara Bianchini","Est. reading time":"1 minuto"},"schema":{"@context":"https:\/\/schema.org","@graph":[{"@type":"WebPage","@id":"https:\/\/www.intoscana.it\/it\/motogp-il-cielo-sopra-il-mugello-e-tricolore\/","url":"https:\/\/www.intoscana.it\/it\/motogp-il-cielo-sopra-il-mugello-e-tricolore\/","name":"MotoGP, il cielo sopra il Mugello \u00e8 tricolore - intoscana","isPartOf":{"@id":"https:\/\/www.intoscana.it\/it\/#website"},"primaryImageOfPage":{"@id":"https:\/\/www.intoscana.it\/it\/motogp-il-cielo-sopra-il-mugello-e-tricolore\/#primaryimage"},"image":{"@id":"https:\/\/www.intoscana.it\/it\/motogp-il-cielo-sopra-il-mugello-e-tricolore\/#primaryimage"},"thumbnailUrl":"https:\/\/www.intoscana.it\/wp-content\/uploads\/motogp-mugello-20236.jpeg","datePublished":"2023-06-12T10:14:35+00:00","dateModified":"2023-06-12T10:16:12+00:00","author":{"@id":"https:\/\/www.intoscana.it\/it\/#\/schema\/person\/010af92117f50561886339ad5b873a41"},"breadcrumb":{"@id":"https:\/\/www.intoscana.it\/it\/motogp-il-cielo-sopra-il-mugello-e-tricolore\/#breadcrumb"},"inLanguage":"it-IT","potentialAction":[{"@type":"ReadAction","target":["https:\/\/www.intoscana.it\/it\/motogp-il-cielo-sopra-il-mugello-e-tricolore\/"]}]},{"@type":"ImageObject","inLanguage":"it-IT","@id":"https:\/\/www.intoscana.it\/it\/motogp-il-cielo-sopra-il-mugello-e-tricolore\/#primaryimage","url":"https:\/\/www.intoscana.it\/wp-content\/uploads\/motogp-mugello-20236.jpeg","contentUrl":"https:\/\/www.intoscana.it\/wp-content\/uploads\/motogp-mugello-20236.jpeg","width":2048,"height":1536,"caption":"Le frecce tricolori sul circuito del Mugello"},{"@type":"BreadcrumbList","@id":"https:\/\/www.intoscana.it\/it\/motogp-il-cielo-sopra-il-mugello-e-tricolore\/#breadcrumb","itemListElement":[{"@type":"ListItem","position":1,"name":"Home","item":"https:\/\/www.intoscana.it\/it\/"},{"@type":"ListItem","position":2,"name":"MotoGP, il cielo sopra il Mugello \u00e8 tricolore"}]},{"@type":"WebSite","@id":"https:\/\/www.intoscana.it\/it\/#website","url":"https:\/\/www.intoscana.it\/it\/","name":"intoscana","description":"","potentialAction":[{"@type":"SearchAction","target":{"@type":"EntryPoint","urlTemplate":"https:\/\/www.intoscana.it\/it\/?s={search_term_string}"},"query-input":{"@type":"PropertyValueSpecification","valueRequired":true,"valueName":"search_term_string"}}],"inLanguage":"it-IT"},{"@type":"Person","@id":"https:\/\/www.intoscana.it\/it\/#\/schema\/person\/010af92117f50561886339ad5b873a41","name":"Chiara Bianchini","sameAs":["c.bianchini@fst.it"],"url":"https:\/\/www.intoscana.it\/it\/author\/chiara-bianchini\/"}]}},"_links":{"self":[{"href":"https:\/\/www.intoscana.it\/it\/wp-json\/wp\/v2\/posts\/291043","targetHints":{"allow":["GET"]}}],"collection":[{"href":"https:\/\/www.intoscana.it\/it\/wp-json\/wp\/v2\/posts"}],"about":[{"href":"https:\/\/www.intoscana.it\/it\/wp-json\/wp\/v2\/types\/post"}],"author":[{"embeddable":true,"href":"https:\/\/www.intoscana.it\/it\/wp-json\/wp\/v2\/users\/507"}],"replies":[{"embeddable":true,"href":"https:\/\/www.intoscana.it\/it\/wp-json\/wp\/v2\/comments?post=291043"}],"version-history":[{"count":0,"href":"https:\/\/www.intoscana.it\/it\/wp-json\/wp\/v2\/posts\/291043\/revisions"}],"wp:featuredmedia":[{"embeddable":true,"href":"https:\/\/www.intoscana.it\/it\/wp-json\/wp\/v2\/media\/291067"}],"wp:attachment":[{"href":"https:\/\/www.intoscana.it\/it\/wp-json\/wp\/v2\/media?parent=291043"}],"wp:term":[{"taxonomy":"category","embeddable":true,"href":"https:\/\/www.intoscana.it\/it\/wp-json\/wp\/v2\/categories?post=291043"},{"taxonomy":"post_tag","embeddable":true,"href":"https:\/\/www.intoscana.it\/it\/wp-json\/wp\/v2\/tags?post=291043"}],"curies":[{"name":"wp","href":"https:\/\/api.w.org\/{rel}","templated":true}]}}