{"id":291165,"date":"2023-06-12T15:42:10","date_gmt":"2023-06-12T13:42:10","guid":{"rendered":"https:\/\/www.intoscana.it\/it\/?p=291165"},"modified":"2023-06-12T15:42:10","modified_gmt":"2023-06-12T13:42:10","slug":"corpi-che-danzano-nel-castello-dellacciaiolo-a-scandicci-ospiti-internazionali-per-il-festival-nutida","status":"publish","type":"post","link":"https:\/\/www.intoscana.it\/it\/corpi-che-danzano-nel-castello-dellacciaiolo-a-scandicci-ospiti-internazionali-per-il-festival-nutida\/","title":{"rendered":"Corpi che danzano nel Castello dell&#8217;Acciaiolo a Scandicci: ospiti internazionali per il festival &#8220;Nutida&#8221;"},"content":{"rendered":"<p>Giunge alla IV edizione il festival di danza<strong><em> Nutida\u00a0Nuov\u0259 danzatrici\/ori<\/em><\/strong><em>,<\/em> nato a Scandicci, con la <strong>direzione artistica di Cristina Bozzolini e Saverio Cona<\/strong> e prodotto da<strong> Stazione Utopia<\/strong> con il sostegno di Mic, Citt\u00e0 metropolitana di Firenze, <strong>Regione Toscana<\/strong> e Comune di Scandicci, nell\u2019ambito di <a href=\"https:\/\/www.intoscana.it\/it\/articolo\/scandicci-destate-e-open-city-al-via-la-rassegna-con-160-eventi\/\" target=\"_blank\" rel=\"noopener\"><strong>OpenCity 2023.<\/strong><\/a><\/p>\n<p><strong>Nutida<\/strong>\u00a0(parola svedese che significa contemporaneo) si snoder\u00e0\u00a0<strong>dal 17 giugno al 9 luglio <\/strong>2023 nel Pomario del <strong>castello dell&#8217;Acciaiolo,<\/strong>\u00a0 per 20 giorni che mettono in campo <strong>24 titoli, 33 repliche<\/strong> che includono <strong>13 prime nazionali, 8 produzioni, 2 coproduzioni e 31 artisti under30<\/strong>.<\/p>\n<p>Il festival ospiter\u00e0<strong> artisti internazionali<\/strong> del calibro di: <strong>Mario Bermudez Gil, Philippe Kratz, Pablo Girolami, Joy Alpuerto Ritter, con la presenza di compagnie italiane quali Aterballetto, Spellbound Contemporary Ballet, Nuovo Balletto di Toscana, Compagnia Simona Bucci\/Compagnia degli Istanti, Artemis Danza, Compagnia Opus Ballet,<\/strong> e con nomi come quello di <strong>Rosario Guerra<\/strong>, un protagonista della scena europea, a cui si affiancano giovani talenti tra cui Giovanni Insaudo, Emma Zani, Roberto Doveri, Veronica Galdo, Lorenzo di Rocco, Jennifer Rosati, Beatrice Ciattini, Niccol\u00f2 Poggini, Alice Catapano, Aldo Nolli, Giulia Orlando, Francesca Santamaria, Paolo Rizzo, Caterina Cescotti, Rossana De Pace, Isabel Rodriguez Ramos, Isabella Giustina.<\/p>\n<p>Obiettivo della rassegna fin dall&#8217;inizio \u00e8 quello di <strong>dare opportunit\u00e0 alla creativit\u00e0 emergente<\/strong> e incentivare <strong>processi di crescita di giovani artisti<\/strong> mettendoli in relazione con autori di fama.<\/p>\n<p><em>\u201cE\u2019una rassegna speciale, forse l\u2019unica in Italia<strong>-dice Cristina Bozzolini-<\/strong> perch\u00e9 si spazia nella danza attraverso artisti molto differenti, da alcuni gi\u00e0 affermati ad altri che si stanno affermando fino a giovani che si sperimentano per la prima volta. Un\u2019 occasione coraggiosa che ha portato in questi anni sempre grandi risultati. Nutida \u00e8 Spettacolo e Scuola insieme. \u00c8 Scuola per gli artisti, soprattutto i pi\u00f9 giovani, il potersi sperimentare con l\u2019aiuto di persone che come me sono da tanti anni in questo meraviglioso mondo. \u00c8 Scuola per il pubblico che ha l\u2019opportunit\u00e0 di conoscere la danza tramite tanti linguaggi diversi. \u00c8 un luogo di incontro tra artisti, e tra artisti e pubblico.<\/em>\u00a0<em>Infine lavorare all\u2019imbrunire, con la luce che cambia, in mezzo alla natura, con la giornata che scorre davanti a chi guarda ha un fascino tutto suo, non replicabile in un teatro al chiuso\u201d.<\/em><\/p>\n<figure id=\"post-291170 media-291170\" class=\"align-none\"><img decoding=\"async\" src=\"https:\/\/www.intoscana.it\/wp-content\/uploads\/Vier_Joy-Alpuerto-Ritter4.jpg\" alt=\"\" \/><\/figure>\n<div class=\"titleimg\">Vier, Joy Alpuerto Ritter<\/div>\n<h3>Nutida: tutti gli spettacoli<\/h3>\n<p>L\u2019inaugurazione del festival \u00e8 affidata il <strong>17 giugno<\/strong> alle ore 19 alla<strong> compagnia spagnola Marcat Dance<\/strong> che presenta in prima italiana <em><strong>Adama,<\/strong><\/em> dell\u2019affermato coreografo <strong>Mario Bermudez Gil<\/strong>, presenza inedita a Nutida. Una <strong>danza tellurica ispirata all\u2019 autore dal paesaggio dell \u2019Andalusia,<\/strong> sua terra di origine, che emerge dalle profondit\u00e0 della terra con 3 danzatori in scena intrappolati su un pianeta insignificante di fronte alla grandezza del suo sistema solare.\u00a0A seguire appuntamento con <em><strong>Entanglement_studio 2<\/strong><\/em> del duo<strong> Lorenzo di Rocco e Jennifer Rosati.<\/strong><\/p>\n<p>Il <strong>19 giugno<\/strong> alle ore 19 (in replica il 21 e 29 giugno) \u00e8 la volta di <em><strong>Assai,<\/strong><\/em> una produzione in prima assoluta di<strong> Stazione Utopia\/Nutida,<\/strong> che si avvale della coreografia di <strong>Rosario Guerra,<\/strong> attualmente danzatore dello <strong>Staatsoper di Hannover<\/strong>, che da anni calca i palcoscenici pi\u00f9 importanti del mondo che ha immaginato un assolo che vede protagonista<strong> Sofia Bonett<\/strong>i e mette in scena un gioco tra artista e spettatore.<\/p>\n<p>Segue il ritorno a <strong>Nutida<\/strong> della compagnia romana<strong> Spellbound Contemporary Ballet<\/strong> con<em><strong> If you were a man<\/strong><\/em>, uno studio per 4 danzatori: Lorenzo Capozzi, Mario Laterza, Mateo Mirdita, Alessandro Piergentili, firmato da Mauro Astolfi.<\/p>\n<p>Il<strong> 20 giugno<\/strong> (repliche 30 giugno e 8 luglio) <strong>Beatrice Ciattini e Niccol\u00f2 Poggini<\/strong>, ispirandosi alla commedia shakespeariana, danno vita a una creazione intitolata <em><strong>La dodicesima notte<\/strong><\/em>. Il tema al centro del lavoro \u00e8 l\u2019universalit\u00e0 dell\u2019amore come sentimento puro, svincolato da identit\u00e0 di genere, sesso o forma.<\/p>\n<p>Il <strong>21 giugno<\/strong>\u00a0la compagnia <strong>Opus Ballet<\/strong> presenta<em><strong> Ototeman,<\/strong><\/em> a met\u00e0 tra un gioco e un rituale, una stanza fittizia in cui tutto \u00e8 possibile, una danza ironica e carnale in cui due corpi si trovano in uno stato comune ma estraneo, equilibrato ma dissestato.<\/p>\n<p>Il <strong>22 giugno<\/strong> alle ore 19 approda al festival <strong>YoY performing arts<\/strong> con<em><strong> Inesorabilmenteunavia,<\/strong> <\/em>performance ispirata alla video installazione<strong> \u201cIl Bisonte\u201d<\/strong> (1998) dell\u2019artista iraniano <strong>Bizhan Bassiri,<\/strong> in cui <strong>Emma Zani e Roberto Doveri<\/strong> procedono nel solco del confronto tra danza e arte contemporanea.<\/p>\n<p>Il <strong>23 giugno<\/strong> arriva al festival Ater Balletto con <em><strong>Preludio in prima regionale.<\/strong><\/em> Lo spettacolo \u00e8 una creazione di Diego Tortelli per 5 ballerini, Albert Carol Perdiguer, Sara De Greef, Cl\u00e9ment Haenen, Arianna Kob, Giovanni Leone. Una lettera d&#8217;amore del coreografo al corpo, una preghiera profana costruita attorno ad alcuni dei pi\u00f9 intensi <strong>poemi e brani del cantautore australiano Nick Cave.<\/strong><\/p>\n<p>Il <strong>26 giugno<\/strong> alle 19<strong> Aldo Nolli<\/strong> in prima assoluta si cimenta nel lavoro<em><strong> Imma<\/strong><\/em>, che racconta la vicenda biblica delle<strong> due madri e del giudizio del Re Salomone.<\/strong> Coprotagoniste <strong>Francesca Capurso e Matilde Di Ciolo<\/strong> che incarnano le due madri. La coreografia tramite un unisono iniziale, si sviluppa in un dialogo fisico tra ciascuna delle figure materne con il pubblico, chiamato ad essere giudice.<\/p>\n<p>Segue in prima assoluta<em><strong> Into the eyes &#8211; La Gorgone<\/strong><\/em>\u00a0in cui <strong>Giulia Orlando e Monica Baroni<\/strong> si confrontano con la figura mitica figlia delle divinit\u00e0 marine<strong> Forco e Ceto.<\/strong><\/p>\n<p>Serata d\u2019autore il <strong>28 giugno<\/strong> al Pomario dell\u2019Acciaiolo arriva <strong>Pablo Girolami,<\/strong> talento in evidenza tra i giovani coreografi, che debutta in prima assoluta con <em><strong>LPPMDVDM (Le plus petit mus\u00e9e de vie du monde)<\/strong><\/em>, u in cui danzano Matteo Capetola, Matilde Di Ciolo, Veronica Galdo, Aldo Nolli e Niccol\u00f2 Poggini del NBDT.<\/p>\n<p>Segue la<strong> prima regionale<\/strong> di <em><strong>Rer,<\/strong><\/em> coreografata da Girolami per la sua compagnia<strong> IVONA<\/strong> e reduce dal recente successo della prima assoluta ad Hannover. Guilherme Leal, Fabio Cavallo, Shani Hadashi, Yasmin Griv, Sara Ariotti, Katarzyna Zakrzewska in scena per un intenso lavoro.<\/p>\n<figure id=\"post-291168 media-291168\" class=\"align-none\"><img decoding=\"async\" src=\"https:\/\/www.intoscana.it\/wp-content\/uploads\/Preludio-FND-Aterballetto-ph.-Claudio-Montanari-4-scaled.jpg\" alt=\"\" \/><\/figure>\n<div class=\"titleimg\"><em>Aterballetto \u2013 Claudio Montanari\u00a0<\/em><\/div>\n<p>Proseguendo nell\u2019impegno di presentare le tendenze emergenti della coreografia contemporanea, il<strong> 29 giugno<\/strong> alle ore 19 Nutida ospita<em><strong> Come sopravvivere in caso di danni permanenti,<\/strong><\/em> primo studio, di <strong>Francesca Santamaria.<\/strong> L\u2019autrice e interprete definisce il lavoro una radiografia coreografica, nata da esperienze personali e si rapporta con documentazioni mediche e con un archivio gestuale e sonoro. Una danza che esplora i modi in cui il corpo si organizza e reagisce quando lui stesso \u00e8 l\u2019ostacolo.<\/p>\n<p>Chiude la serata <em><strong>Looking for something<\/strong><\/em> in prima assoluta a firma di <strong>Paolo Rizzo.<\/strong> \u00c8 un dittico danzato da <strong>Francesca Chiesa<\/strong> e lo stesso Rizzo e si fonda su due soli alla ricerca di un movimento estetico, narrando due realt\u00e0 distinte, due distinte ricerche: di una verit\u00e0 perduta e di un accompagnatore mancante.<\/p>\n<p>Il <strong>30 giugno<\/strong>\u00a0alle ore 19 <strong>Caterina Cescotti della Compagnia Codeduomo<\/strong> porta all\u2019attenzione del pubblico un primo studio di <em><strong>Orizzonti verticali.<\/strong><\/em> La coreografa, interprete insieme a Francesca Santamaria, indaga il rapporto tra due entit\u00e0, servendosi di alcuni principi cardine della fisica. La forza di gravit\u00e0, la spinta e le leve sono il motore che d\u00e0 il via alla costruzione di un mondo.<\/p>\n<p>Il <strong>3 luglio<\/strong>\u00a0va in scena la compagnia parmense <strong>Artemis Danza<\/strong> con <em><strong>Alfa 2.0<\/strong><\/em>, in prima regionale, un solo coreografato e interpretato da<strong> Jessica D\u2019Angelo.<\/strong> Le musiche originali di Stolfo Fent accompagnano il viaggio introspettivo. <div class=\"focuson\"><a href=\"https:\/\/www.intoscana.it\/it\/articolo\/scandicci-destate-e-open-city-al-via-la-rassegna-con-160-eventi\/\"><img decoding=\"async\" class=\"lazy\" src=\"https:\/\/www.intoscana.it\/wp-content\/uploads\/Il-Parco-dellAcciaiolo-Florence-Folks-Festival-2020_Scandicci-Open-City-foto-di-Alisa-Martynova-3.jpg\" style=\"\">\n                <div class=\"cat\">Scandicci Open City<\/div>\n                <h4>Un'estate con oltre 160 eventi<\/h4><\/a>\n              <\/div><\/p>\n<p>Il <strong>4 luglio<\/strong> alle ore 19 in prima assoluta <strong>Giovanni Insaudo<\/strong> coreografa il lavoro <em><strong>MM<\/strong> <\/em>un solo con <strong>Veronica Galdo,<\/strong> ispirato alla vita, al mito e alla storia della celebre <strong>Marilyn Monroe.<\/strong><\/p>\n<p>Partecipa per la prima volta al festival Nutida <strong>Gea Collective,<\/strong> composto da <strong>Isabel Rodriguez Ramos,<\/strong> visual artist e performer italo cubana, e<strong> Rossana De Pace<\/strong>, cantautrice e sound artist con una performance inedita dal titolo <em><strong>Terra Mater<\/strong><\/em>, declinata in 3 sere (4, 5 e 6 luglio) e con 3 allestimenti diversi. Una creazione dedicata all\u2019elemento terra, grembo di vita e letto di morte, una sinfonia tra corpo, suono e arti visive per riflettere sulla condizione di filialit\u00e0 che connette l\u2019umanit\u00e0 intera e sul concetto di identit\u00e0 e appartenenza.<\/p>\n<p>Il<strong> 5 luglio<\/strong> la <strong>Compagnia Simona Bucci\/Compagnia degli Istanti,<\/strong> presenta <em><strong>Koi No Yokan,<\/strong><\/em> un duetto dal nuovo lavoro da <strong>\u2026Nel volgersi infinito delle sue onde,<\/strong> danzato da <strong>Luca Campanella e Fran\u00e7oise Parlanti.<\/strong> In giapponese<strong> Koi No Yokan <\/strong>rappresenta la sensazione di aver incontrato la persona per cui si \u00e8 destinati.<\/p>\n<p>La serata del<strong> 6 luglio<\/strong> si compone di 2 appuntamenti. Alle ore 19 va in replica <em><strong>LPPMDVDM<\/strong> <\/em>(Le plus petit mus\u00e9e de vie du monde) di Pablo Girolami e a seguire la terza tappa di <em><strong>Terra Mater.<\/strong><\/em><\/p>\n<p>Il <strong>7 luglio<\/strong> \u00e8 in calendario alle ore 19 la prima assoluta di <em><strong>(In)10sione\u00a0<\/strong><\/em>con le coreografie di <strong>Isabella Giustina<\/strong> e l\u2019interpretazione di <strong>Beatrice Ciattini,<\/strong> un\u2019esplorazione sulla forza e sulla fragilit\u00e0.<\/p>\n<p>Segue la prima regionale di<em><strong> Open Drift,<\/strong> <\/em>uno straordinario lavoro firmato da un artista amico del festival, il pluripremiato <strong>coreografo tedesco Philippe Kratz.<\/strong> Ispirato all\u2019iconico assolo di<strong> Anna Pavlova<\/strong> ne <strong>La morte del cigno<\/strong> coreografato nel 1905 da Michel Fokine, Kratz reinterpreta il tema dell\u2019incontro, dell\u2019eccitazione e della magia trasmessa da ogni nuovo inizio tramite <strong>Veronica Galdo e Nagga Baldina<\/strong>.<\/p>\n<p>\u00c8 <strong>Joy Alpuerto Ritter,<\/strong> nome di spicco della danza internazionale, a chiudere il <strong>9 luglio il festival<\/strong> con<em><strong> Vier,<\/strong> <\/em>in prima italiana. La danza dei quattro cigni nel balletto classico<strong> Il lago dei cigni<\/strong> \u00e8 stata l&#8217;ispirazione originale per questa coreografia creata per uno spazio all&#8217;aperto. Joy Alpuerto Ritter analizza la rigorosa sincronicit\u00e0 e la disciplina essenziali nella danza classica con quattro ballerini urbani, Rocio Becerra Parraga, Tomy-Lee Kneringer, Nam Tran Xuan, Elias Choi-Buttinger.<\/p>\n<figure id=\"post-291166 media-291166\" class=\"align-none\"><img decoding=\"async\" src=\"https:\/\/www.intoscana.it\/wp-content\/uploads\/Fotos-ADAMA-CBianca_de_Villar-IMG_4802-scaled.jpg\" alt=\"\" \/><\/figure>\n<p>&nbsp;<\/p>\n","protected":false},"excerpt":{"rendered":"<p>Dal 17 giugno al 9 luglio 2023 un festival di danza ispirato alla relazione con il luogo e i suoi abitanti che ha come scopo il sostegno a nuove generazioni di danzatori<\/p>\n","protected":false},"author":525,"featured_media":291169,"comment_status":"open","ping_status":"open","sticky":false,"template":"","format":"standard","meta":{"_acf_changed":false,"footnotes":""},"categories":[493],"tags":[5564,235,399,228,401],"class_list":["post-291165","post","type-post","status-publish","format-standard","has-post-thumbnail","hentry","category-cultura","tag-danza","tag-estate","tag-estate-in-toscana","tag-festival","tag-scandicci"],"acf":[],"yoast_head":"<!-- This site is optimized with the Yoast SEO Premium plugin v24.2 (Yoast SEO v25.6) - https:\/\/yoast.com\/wordpress\/plugins\/seo\/ -->\n<title>Corpi che danzano nel Castello dell&#039;Acciaiolo a Scandicci: ospiti internazionali per il festival &quot;Nutida&quot; - intoscana<\/title>\n<meta name=\"description\" content=\"Dal 17 giugno al 9 luglio 2023 un festival di danza ispirato alla relazione con il luogo e i suoi abitanti con nuove generazioni di danzatori\" \/>\n<meta name=\"robots\" content=\"index, follow, max-snippet:-1, max-image-preview:large, max-video-preview:-1\" \/>\n<link rel=\"canonical\" href=\"https:\/\/www.intoscana.it\/it\/corpi-che-danzano-nel-castello-dellacciaiolo-a-scandicci-ospiti-internazionali-per-il-festival-nutida\/\" \/>\n<meta property=\"og:locale\" content=\"it_IT\" \/>\n<meta property=\"og:type\" content=\"article\" \/>\n<meta property=\"og:title\" content=\"Corpi che danzano nel Castello dell&#039;Acciaiolo a Scandicci: ospiti internazionali per il festival &quot;Nutida&quot;\" \/>\n<meta property=\"og:description\" content=\"Dal 17 giugno al 9 luglio 2023 un festival di danza ispirato alla relazione con il luogo e i suoi abitanti con nuove generazioni di danzatori\" \/>\n<meta property=\"og:url\" content=\"https:\/\/www.intoscana.it\/it\/corpi-che-danzano-nel-castello-dellacciaiolo-a-scandicci-ospiti-internazionali-per-il-festival-nutida\/\" \/>\n<meta property=\"og:site_name\" content=\"intoscana\" \/>\n<meta property=\"article:publisher\" content=\"https:\/\/www.facebook.com\/intoscana.it\" \/>\n<meta property=\"article:published_time\" content=\"2023-06-12T13:42:10+00:00\" \/>\n<meta property=\"og:image\" content=\"https:\/\/www.intoscana.it\/wp-content\/uploads\/RER_Ivona_foto-Asen-Tonev-scaled.jpg\" \/>\n\t<meta property=\"og:image:width\" content=\"2048\" \/>\n\t<meta property=\"og:image:height\" content=\"1366\" \/>\n\t<meta property=\"og:image:type\" content=\"image\/jpeg\" \/>\n<meta name=\"author\" content=\"Redazione\" \/>\n<meta name=\"twitter:card\" content=\"summary_large_image\" \/>\n<meta name=\"twitter:creator\" content=\"@intoscana\" \/>\n<meta name=\"twitter:site\" content=\"@intoscana\" \/>\n<meta name=\"twitter:label1\" content=\"Written by\" \/>\n\t<meta name=\"twitter:data1\" content=\"Redazione\" \/>\n\t<meta name=\"twitter:label2\" content=\"Est. reading time\" \/>\n\t<meta name=\"twitter:data2\" content=\"8 minuti\" \/>\n<script type=\"application\/ld+json\" class=\"yoast-schema-graph\">{\"@context\":\"https:\/\/schema.org\",\"@graph\":[{\"@type\":\"WebPage\",\"@id\":\"https:\/\/www.intoscana.it\/it\/corpi-che-danzano-nel-castello-dellacciaiolo-a-scandicci-ospiti-internazionali-per-il-festival-nutida\/\",\"url\":\"https:\/\/www.intoscana.it\/it\/corpi-che-danzano-nel-castello-dellacciaiolo-a-scandicci-ospiti-internazionali-per-il-festival-nutida\/\",\"name\":\"Corpi che danzano nel Castello dell'Acciaiolo a Scandicci: ospiti internazionali per il festival \\\"Nutida\\\" - intoscana\",\"isPartOf\":{\"@id\":\"https:\/\/www.intoscana.it\/it\/#website\"},\"primaryImageOfPage\":{\"@id\":\"https:\/\/www.intoscana.it\/it\/corpi-che-danzano-nel-castello-dellacciaiolo-a-scandicci-ospiti-internazionali-per-il-festival-nutida\/#primaryimage\"},\"image\":{\"@id\":\"https:\/\/www.intoscana.it\/it\/corpi-che-danzano-nel-castello-dellacciaiolo-a-scandicci-ospiti-internazionali-per-il-festival-nutida\/#primaryimage\"},\"thumbnailUrl\":\"https:\/\/www.intoscana.it\/wp-content\/uploads\/RER_Ivona_foto-Asen-Tonev-scaled.jpg\",\"datePublished\":\"2023-06-12T13:42:10+00:00\",\"author\":{\"@id\":\"https:\/\/www.intoscana.it\/it\/#\/schema\/person\/9223810753230f20bd670fdd322661f8\"},\"description\":\"Dal 17 giugno al 9 luglio 2023 un festival di danza ispirato alla relazione con il luogo e i suoi abitanti con nuove generazioni di danzatori\",\"breadcrumb\":{\"@id\":\"https:\/\/www.intoscana.it\/it\/corpi-che-danzano-nel-castello-dellacciaiolo-a-scandicci-ospiti-internazionali-per-il-festival-nutida\/#breadcrumb\"},\"inLanguage\":\"it-IT\",\"potentialAction\":[{\"@type\":\"ReadAction\",\"target\":[\"https:\/\/www.intoscana.it\/it\/corpi-che-danzano-nel-castello-dellacciaiolo-a-scandicci-ospiti-internazionali-per-il-festival-nutida\/\"]}]},{\"@type\":\"ImageObject\",\"inLanguage\":\"it-IT\",\"@id\":\"https:\/\/www.intoscana.it\/it\/corpi-che-danzano-nel-castello-dellacciaiolo-a-scandicci-ospiti-internazionali-per-il-festival-nutida\/#primaryimage\",\"url\":\"https:\/\/www.intoscana.it\/wp-content\/uploads\/RER_Ivona_foto-Asen-Tonev-scaled.jpg\",\"contentUrl\":\"https:\/\/www.intoscana.it\/wp-content\/uploads\/RER_Ivona_foto-Asen-Tonev-scaled.jpg\",\"width\":2048,\"height\":1366},{\"@type\":\"BreadcrumbList\",\"@id\":\"https:\/\/www.intoscana.it\/it\/corpi-che-danzano-nel-castello-dellacciaiolo-a-scandicci-ospiti-internazionali-per-il-festival-nutida\/#breadcrumb\",\"itemListElement\":[{\"@type\":\"ListItem\",\"position\":1,\"name\":\"Home\",\"item\":\"https:\/\/www.intoscana.it\/it\/\"},{\"@type\":\"ListItem\",\"position\":2,\"name\":\"Corpi che danzano nel Castello dell&#8217;Acciaiolo a Scandicci: ospiti internazionali per il festival &#8220;Nutida&#8221;\"}]},{\"@type\":\"WebSite\",\"@id\":\"https:\/\/www.intoscana.it\/it\/#website\",\"url\":\"https:\/\/www.intoscana.it\/it\/\",\"name\":\"intoscana\",\"description\":\"\",\"potentialAction\":[{\"@type\":\"SearchAction\",\"target\":{\"@type\":\"EntryPoint\",\"urlTemplate\":\"https:\/\/www.intoscana.it\/it\/?s={search_term_string}\"},\"query-input\":{\"@type\":\"PropertyValueSpecification\",\"valueRequired\":true,\"valueName\":\"search_term_string\"}}],\"inLanguage\":\"it-IT\"},{\"@type\":\"Person\",\"@id\":\"https:\/\/www.intoscana.it\/it\/#\/schema\/person\/9223810753230f20bd670fdd322661f8\",\"name\":\"Redazione\",\"url\":\"https:\/\/www.intoscana.it\/it\/author\/redazione\/\"}]}<\/script>\n<!-- \/ Yoast SEO Premium plugin. -->","yoast_head_json":{"title":"Corpi che danzano nel Castello dell'Acciaiolo a Scandicci: ospiti internazionali per il festival \"Nutida\" - intoscana","description":"Dal 17 giugno al 9 luglio 2023 un festival di danza ispirato alla relazione con il luogo e i suoi abitanti con nuove generazioni di danzatori","robots":{"index":"index","follow":"follow","max-snippet":"max-snippet:-1","max-image-preview":"max-image-preview:large","max-video-preview":"max-video-preview:-1"},"canonical":"https:\/\/www.intoscana.it\/it\/corpi-che-danzano-nel-castello-dellacciaiolo-a-scandicci-ospiti-internazionali-per-il-festival-nutida\/","og_locale":"it_IT","og_type":"article","og_title":"Corpi che danzano nel Castello dell'Acciaiolo a Scandicci: ospiti internazionali per il festival \"Nutida\"","og_description":"Dal 17 giugno al 9 luglio 2023 un festival di danza ispirato alla relazione con il luogo e i suoi abitanti con nuove generazioni di danzatori","og_url":"https:\/\/www.intoscana.it\/it\/corpi-che-danzano-nel-castello-dellacciaiolo-a-scandicci-ospiti-internazionali-per-il-festival-nutida\/","og_site_name":"intoscana","article_publisher":"https:\/\/www.facebook.com\/intoscana.it","article_published_time":"2023-06-12T13:42:10+00:00","og_image":[{"width":2048,"height":1366,"url":"https:\/\/www.intoscana.it\/wp-content\/uploads\/RER_Ivona_foto-Asen-Tonev-scaled.jpg","type":"image\/jpeg"}],"author":"Redazione","twitter_card":"summary_large_image","twitter_creator":"@intoscana","twitter_site":"@intoscana","twitter_misc":{"Written by":"Redazione","Est. reading time":"8 minuti"},"schema":{"@context":"https:\/\/schema.org","@graph":[{"@type":"WebPage","@id":"https:\/\/www.intoscana.it\/it\/corpi-che-danzano-nel-castello-dellacciaiolo-a-scandicci-ospiti-internazionali-per-il-festival-nutida\/","url":"https:\/\/www.intoscana.it\/it\/corpi-che-danzano-nel-castello-dellacciaiolo-a-scandicci-ospiti-internazionali-per-il-festival-nutida\/","name":"Corpi che danzano nel Castello dell'Acciaiolo a Scandicci: ospiti internazionali per il festival \"Nutida\" - intoscana","isPartOf":{"@id":"https:\/\/www.intoscana.it\/it\/#website"},"primaryImageOfPage":{"@id":"https:\/\/www.intoscana.it\/it\/corpi-che-danzano-nel-castello-dellacciaiolo-a-scandicci-ospiti-internazionali-per-il-festival-nutida\/#primaryimage"},"image":{"@id":"https:\/\/www.intoscana.it\/it\/corpi-che-danzano-nel-castello-dellacciaiolo-a-scandicci-ospiti-internazionali-per-il-festival-nutida\/#primaryimage"},"thumbnailUrl":"https:\/\/www.intoscana.it\/wp-content\/uploads\/RER_Ivona_foto-Asen-Tonev-scaled.jpg","datePublished":"2023-06-12T13:42:10+00:00","author":{"@id":"https:\/\/www.intoscana.it\/it\/#\/schema\/person\/9223810753230f20bd670fdd322661f8"},"description":"Dal 17 giugno al 9 luglio 2023 un festival di danza ispirato alla relazione con il luogo e i suoi abitanti con nuove generazioni di danzatori","breadcrumb":{"@id":"https:\/\/www.intoscana.it\/it\/corpi-che-danzano-nel-castello-dellacciaiolo-a-scandicci-ospiti-internazionali-per-il-festival-nutida\/#breadcrumb"},"inLanguage":"it-IT","potentialAction":[{"@type":"ReadAction","target":["https:\/\/www.intoscana.it\/it\/corpi-che-danzano-nel-castello-dellacciaiolo-a-scandicci-ospiti-internazionali-per-il-festival-nutida\/"]}]},{"@type":"ImageObject","inLanguage":"it-IT","@id":"https:\/\/www.intoscana.it\/it\/corpi-che-danzano-nel-castello-dellacciaiolo-a-scandicci-ospiti-internazionali-per-il-festival-nutida\/#primaryimage","url":"https:\/\/www.intoscana.it\/wp-content\/uploads\/RER_Ivona_foto-Asen-Tonev-scaled.jpg","contentUrl":"https:\/\/www.intoscana.it\/wp-content\/uploads\/RER_Ivona_foto-Asen-Tonev-scaled.jpg","width":2048,"height":1366},{"@type":"BreadcrumbList","@id":"https:\/\/www.intoscana.it\/it\/corpi-che-danzano-nel-castello-dellacciaiolo-a-scandicci-ospiti-internazionali-per-il-festival-nutida\/#breadcrumb","itemListElement":[{"@type":"ListItem","position":1,"name":"Home","item":"https:\/\/www.intoscana.it\/it\/"},{"@type":"ListItem","position":2,"name":"Corpi che danzano nel Castello dell&#8217;Acciaiolo a Scandicci: ospiti internazionali per il festival &#8220;Nutida&#8221;"}]},{"@type":"WebSite","@id":"https:\/\/www.intoscana.it\/it\/#website","url":"https:\/\/www.intoscana.it\/it\/","name":"intoscana","description":"","potentialAction":[{"@type":"SearchAction","target":{"@type":"EntryPoint","urlTemplate":"https:\/\/www.intoscana.it\/it\/?s={search_term_string}"},"query-input":{"@type":"PropertyValueSpecification","valueRequired":true,"valueName":"search_term_string"}}],"inLanguage":"it-IT"},{"@type":"Person","@id":"https:\/\/www.intoscana.it\/it\/#\/schema\/person\/9223810753230f20bd670fdd322661f8","name":"Redazione","url":"https:\/\/www.intoscana.it\/it\/author\/redazione\/"}]}},"_links":{"self":[{"href":"https:\/\/www.intoscana.it\/it\/wp-json\/wp\/v2\/posts\/291165","targetHints":{"allow":["GET"]}}],"collection":[{"href":"https:\/\/www.intoscana.it\/it\/wp-json\/wp\/v2\/posts"}],"about":[{"href":"https:\/\/www.intoscana.it\/it\/wp-json\/wp\/v2\/types\/post"}],"author":[{"embeddable":true,"href":"https:\/\/www.intoscana.it\/it\/wp-json\/wp\/v2\/users\/525"}],"replies":[{"embeddable":true,"href":"https:\/\/www.intoscana.it\/it\/wp-json\/wp\/v2\/comments?post=291165"}],"version-history":[{"count":0,"href":"https:\/\/www.intoscana.it\/it\/wp-json\/wp\/v2\/posts\/291165\/revisions"}],"wp:featuredmedia":[{"embeddable":true,"href":"https:\/\/www.intoscana.it\/it\/wp-json\/wp\/v2\/media\/291169"}],"wp:attachment":[{"href":"https:\/\/www.intoscana.it\/it\/wp-json\/wp\/v2\/media?parent=291165"}],"wp:term":[{"taxonomy":"category","embeddable":true,"href":"https:\/\/www.intoscana.it\/it\/wp-json\/wp\/v2\/categories?post=291165"},{"taxonomy":"post_tag","embeddable":true,"href":"https:\/\/www.intoscana.it\/it\/wp-json\/wp\/v2\/tags?post=291165"}],"curies":[{"name":"wp","href":"https:\/\/api.w.org\/{rel}","templated":true}]}}