{"id":291383,"date":"2023-06-13T15:34:37","date_gmt":"2023-06-13T13:34:37","guid":{"rendered":"https:\/\/www.intoscana.it\/it\/?p=291383"},"modified":"2023-06-13T15:35:39","modified_gmt":"2023-06-13T13:35:39","slug":"viticoltura-nuove-strategie-per-la-sfida-del-cambiamento-climatico","status":"publish","type":"post","link":"https:\/\/www.intoscana.it\/it\/viticoltura-nuove-strategie-per-la-sfida-del-cambiamento-climatico\/","title":{"rendered":"Viticoltura, nuove strategie per la sfida del cambiamento climatico"},"content":{"rendered":"<p>La <strong>viticoltura italiana<\/strong> \u00e8 destinata a perdere <strong>qualit\u00e0 e mercati<\/strong> se non mette a punto <strong>nuove strategie<\/strong> per crescere e affermarsi a livello internazionale. Fondamentale sar\u00e0 individuare gli strumenti per fronteggiare e gestire al meglio il <strong>cambiamento climatico<\/strong>.<\/p>\n<p>E&#8217; il messaggio lanciato dal presidente dell&#8217;Oiv, l&#8217;Organizzazione internazionale della vigna e del vino, <strong>Luigi Moio<\/strong> all&#8217;inaugurazione del 74esimo anno accademico per l&#8217;<strong>Accademia Italiana della Vite e del Vino<\/strong>.<\/p>\n<p>&#8220;<em>Un primo aspetto da considerare \u00e8 il cambiamento climatico<\/em> &#8211; ha spiegato <strong>Luigi Moio<\/strong> &#8211; <em>sul quale abbiamo un vantaggio naturale perch\u00e8 i nostri vitigni storici sono quasi tutti tardivi, ossia caratterizzati da un ciclo vegetativo lungo, per cui non soffrono molto per un eventuale aumento della temperatura media annuale; alcuni di loro potrebbero addirittura avere dei vantaggi con un miglioramento del potenziale enologico<\/em>&#8220;.<\/p>\n<p>Un altro aspetto, secondo Moio &#8220;<em>\u00e8 la crescita della sensibilit\u00e0 ambientale nella societ\u00e0&#8221;<\/em>, che impone scelte non pi\u00f9 rinviabili lungo tutta la <strong>filiera vitivinicola<\/strong>, dall&#8217;uva alla bottiglia. Occorre poi dare pi\u00f9 forza all&#8217;<strong>enoturismo<\/strong>.<\/p>\n<figure id=\"post-291385 media-291385\" class=\"align-none\"><img decoding=\"async\" src=\"https:\/\/www.intoscana.it\/wp-content\/uploads\/Rosario-Di-Lorenzo.jpg\" alt=\"\" \/><\/figure>\n<div class=\"titleimg\">Rosario Di Lorenzo, presidente dell\u2019Accademia Italiana della Vite e del Vino<\/div>\n<h3>L&#8217;Accademia Italiana della Vite e del Vino<\/h3>\n<p>L\u2019<strong>Accademia Italiana della Vite e del Vino<\/strong> \u00e8 stata fondata il 30 luglio 1949 a Siena proprio con lo scopo di promuovere <strong>studi, ricerche e discussioni<\/strong> sui maggiori problemi concernenti la vite ed il vino, compreso l&#8217;insegnamento. L&#8217;inaugurazione del 74esimo anno accademico \u00e8 avvenuto sotto la presidenza del professor <strong>Rosario Di Lorenzo<\/strong> subentrato al professor Antonio Cal\u00f2 alla guida per 20 anni.<\/p>\n<h3>L&#8217;impegno della Regione Toscana<\/h3>\n<p>Simbolica la sede, l&#8217;auditorium di Sant&#8217;Apollonia, grazie alla volont\u00e0 della <strong>Regione Toscana<\/strong> e in particolare della Vicepresidente <strong>Stefania Saccardi<\/strong> che ha sostenuto questo evento con l\u2019obiettivo di riportare in Toscana la centralit\u00e0 di questa Istituzione nata proprio a Siena.<\/p>\n<p>&#8220;<em>Siamo felice che l\u2019Accademia sia in Toscana e che la storia e le competenze di cui \u00e8 custode sono oggi particolarmente preziose per la Regione e per il Paese nel momento dei cambiamenti climatici e della presenza di problematiche fitosanitarie che possono mettere a rischio il patrimonio vitivinicolo<\/em> &#8211; cos\u00ec la Vicepresidente della Regione Toscana,<strong> Stefania Saccardi<\/strong> \u2013 <em>Come Regione siamo felici di collaborare con l\u2019Accademia che riteniamo una eccellenza e un valore nel settore pi\u00f9 importante per la nostra agricoltura&#8221;<\/em>.<\/p>\n<figure id=\"post-291386 media-291386\" class=\"align-none\"><img decoding=\"async\" src=\"https:\/\/www.intoscana.it\/wp-content\/uploads\/Consigli-AIVV.jpeg\" alt=\"\" \/><\/figure>\n<div class=\"titleimg\">Il consiglio dell\u2019Accademia della Vite e del Vino<\/div>\n<h3>Alta formazione e partecipazione dei giovani<\/h3>\n<p>Diversi gli obiettivi del <strong>nuovo corso dell&#8217;Accademia<\/strong>, come ha fatto sapere il presidente<strong> Rosario Di Lorenzo<\/strong>, tra i quali &#8220;<em>incentivare il coinvolgimento e la partecipazione di giovani alla vita accademica e promuovere e sostenere attivit\u00e0 di alta formazione&#8221;<\/em>.<\/p>\n<p style=\"font-weight: 400;\">In sostanza Di Lorenzo ha sottolineato la necessit\u00e0 di &#8220;<em>una visione pi\u00f9 moderna dell\u2019Accademia che sappia trasformare il modello attuale verso una forma organizzativa e operativa sempre pi\u00f9 presente e diffusa sul territorio&#8221;<\/em>.<\/p>\n","protected":false},"excerpt":{"rendered":"<p>L\u2019Accademia Italiana della Vite e del Vino punta sull&#8217;alta formazione e su una sempre maggiore partecipazione dei giovani<\/p>\n","protected":false},"author":525,"featured_media":234559,"comment_status":"open","ping_status":"open","sticky":false,"template":"","format":"standard","meta":{"_acf_changed":false,"footnotes":""},"categories":[19],"tags":[6012,3133],"class_list":["post-291383","post","type-post","status-publish","format-standard","has-post-thumbnail","hentry","category-ambiente","tag-vini","tag-viticoltura"],"acf":[],"yoast_head":"<!-- This site is optimized with the Yoast SEO Premium plugin v24.2 (Yoast SEO v25.6) - https:\/\/yoast.com\/wordpress\/plugins\/seo\/ -->\n<title>Viticoltura, nuove strategie per la sfida del cambiamento climatico-intoscana<\/title>\n<meta name=\"description\" content=\"L\u2019Accademia Italiana della Vite e del Vino punta sull&#039;alta formazione e su una sempre maggiore partecipazione dei giovani\" \/>\n<meta name=\"robots\" content=\"index, follow, max-snippet:-1, max-image-preview:large, max-video-preview:-1\" \/>\n<link rel=\"canonical\" href=\"https:\/\/www.intoscana.it\/it\/viticoltura-nuove-strategie-per-la-sfida-del-cambiamento-climatico\/\" \/>\n<meta property=\"og:locale\" content=\"it_IT\" \/>\n<meta property=\"og:type\" content=\"article\" \/>\n<meta property=\"og:title\" content=\"Viticoltura, nuove strategie per la sfida del cambiamento climatico\" \/>\n<meta property=\"og:description\" content=\"L\u2019Accademia Italiana della Vite e del Vino punta sull&#039;alta formazione e su una sempre maggiore partecipazione dei giovani\" \/>\n<meta property=\"og:url\" content=\"https:\/\/www.intoscana.it\/it\/viticoltura-nuove-strategie-per-la-sfida-del-cambiamento-climatico\/\" \/>\n<meta property=\"og:site_name\" content=\"intoscana\" \/>\n<meta property=\"article:publisher\" content=\"https:\/\/www.facebook.com\/intoscana.it\" \/>\n<meta property=\"article:published_time\" content=\"2023-06-13T13:34:37+00:00\" \/>\n<meta property=\"article:modified_time\" content=\"2023-06-13T13:35:39+00:00\" \/>\n<meta property=\"og:image\" content=\"https:\/\/www.intoscana.it\/wp-content\/uploads\/Vendemmia-1-scaled.jpg\" \/>\n\t<meta property=\"og:image:width\" content=\"2048\" \/>\n\t<meta property=\"og:image:height\" content=\"1367\" \/>\n\t<meta property=\"og:image:type\" content=\"image\/jpeg\" \/>\n<meta name=\"author\" content=\"Redazione\" \/>\n<meta name=\"twitter:card\" content=\"summary_large_image\" \/>\n<meta name=\"twitter:creator\" content=\"@intoscana\" \/>\n<meta name=\"twitter:site\" content=\"@intoscana\" \/>\n<meta name=\"twitter:label1\" content=\"Written by\" \/>\n\t<meta name=\"twitter:data1\" content=\"Redazione\" \/>\n\t<meta name=\"twitter:label2\" content=\"Est. reading time\" \/>\n\t<meta name=\"twitter:data2\" content=\"2 minuti\" \/>\n<script type=\"application\/ld+json\" class=\"yoast-schema-graph\">{\"@context\":\"https:\/\/schema.org\",\"@graph\":[{\"@type\":\"WebPage\",\"@id\":\"https:\/\/www.intoscana.it\/it\/viticoltura-nuove-strategie-per-la-sfida-del-cambiamento-climatico\/\",\"url\":\"https:\/\/www.intoscana.it\/it\/viticoltura-nuove-strategie-per-la-sfida-del-cambiamento-climatico\/\",\"name\":\"Viticoltura, nuove strategie per la sfida del cambiamento climatico-intoscana\",\"isPartOf\":{\"@id\":\"https:\/\/www.intoscana.it\/it\/#website\"},\"primaryImageOfPage\":{\"@id\":\"https:\/\/www.intoscana.it\/it\/viticoltura-nuove-strategie-per-la-sfida-del-cambiamento-climatico\/#primaryimage\"},\"image\":{\"@id\":\"https:\/\/www.intoscana.it\/it\/viticoltura-nuove-strategie-per-la-sfida-del-cambiamento-climatico\/#primaryimage\"},\"thumbnailUrl\":\"https:\/\/www.intoscana.it\/wp-content\/uploads\/Vendemmia-1-scaled.jpg\",\"datePublished\":\"2023-06-13T13:34:37+00:00\",\"dateModified\":\"2023-06-13T13:35:39+00:00\",\"author\":{\"@id\":\"https:\/\/www.intoscana.it\/it\/#\/schema\/person\/9223810753230f20bd670fdd322661f8\"},\"description\":\"L\u2019Accademia Italiana della Vite e del Vino punta sull'alta formazione e su una sempre maggiore partecipazione dei giovani\",\"breadcrumb\":{\"@id\":\"https:\/\/www.intoscana.it\/it\/viticoltura-nuove-strategie-per-la-sfida-del-cambiamento-climatico\/#breadcrumb\"},\"inLanguage\":\"it-IT\",\"potentialAction\":[{\"@type\":\"ReadAction\",\"target\":[\"https:\/\/www.intoscana.it\/it\/viticoltura-nuove-strategie-per-la-sfida-del-cambiamento-climatico\/\"]}]},{\"@type\":\"ImageObject\",\"inLanguage\":\"it-IT\",\"@id\":\"https:\/\/www.intoscana.it\/it\/viticoltura-nuove-strategie-per-la-sfida-del-cambiamento-climatico\/#primaryimage\",\"url\":\"https:\/\/www.intoscana.it\/wp-content\/uploads\/Vendemmia-1-scaled.jpg\",\"contentUrl\":\"https:\/\/www.intoscana.it\/wp-content\/uploads\/Vendemmia-1-scaled.jpg\",\"width\":2048,\"height\":1367,\"caption\":\"Vendemmia\"},{\"@type\":\"BreadcrumbList\",\"@id\":\"https:\/\/www.intoscana.it\/it\/viticoltura-nuove-strategie-per-la-sfida-del-cambiamento-climatico\/#breadcrumb\",\"itemListElement\":[{\"@type\":\"ListItem\",\"position\":1,\"name\":\"Home\",\"item\":\"https:\/\/www.intoscana.it\/it\/\"},{\"@type\":\"ListItem\",\"position\":2,\"name\":\"Viticoltura, nuove strategie per la sfida del cambiamento climatico\"}]},{\"@type\":\"WebSite\",\"@id\":\"https:\/\/www.intoscana.it\/it\/#website\",\"url\":\"https:\/\/www.intoscana.it\/it\/\",\"name\":\"intoscana\",\"description\":\"\",\"potentialAction\":[{\"@type\":\"SearchAction\",\"target\":{\"@type\":\"EntryPoint\",\"urlTemplate\":\"https:\/\/www.intoscana.it\/it\/?s={search_term_string}\"},\"query-input\":{\"@type\":\"PropertyValueSpecification\",\"valueRequired\":true,\"valueName\":\"search_term_string\"}}],\"inLanguage\":\"it-IT\"},{\"@type\":\"Person\",\"@id\":\"https:\/\/www.intoscana.it\/it\/#\/schema\/person\/9223810753230f20bd670fdd322661f8\",\"name\":\"Redazione\",\"url\":\"https:\/\/www.intoscana.it\/it\/author\/redazione\/\"}]}<\/script>\n<!-- \/ Yoast SEO Premium plugin. -->","yoast_head_json":{"title":"Viticoltura, nuove strategie per la sfida del cambiamento climatico-intoscana","description":"L\u2019Accademia Italiana della Vite e del Vino punta sull'alta formazione e su una sempre maggiore partecipazione dei giovani","robots":{"index":"index","follow":"follow","max-snippet":"max-snippet:-1","max-image-preview":"max-image-preview:large","max-video-preview":"max-video-preview:-1"},"canonical":"https:\/\/www.intoscana.it\/it\/viticoltura-nuove-strategie-per-la-sfida-del-cambiamento-climatico\/","og_locale":"it_IT","og_type":"article","og_title":"Viticoltura, nuove strategie per la sfida del cambiamento climatico","og_description":"L\u2019Accademia Italiana della Vite e del Vino punta sull'alta formazione e su una sempre maggiore partecipazione dei giovani","og_url":"https:\/\/www.intoscana.it\/it\/viticoltura-nuove-strategie-per-la-sfida-del-cambiamento-climatico\/","og_site_name":"intoscana","article_publisher":"https:\/\/www.facebook.com\/intoscana.it","article_published_time":"2023-06-13T13:34:37+00:00","article_modified_time":"2023-06-13T13:35:39+00:00","og_image":[{"width":2048,"height":1367,"url":"https:\/\/www.intoscana.it\/wp-content\/uploads\/Vendemmia-1-scaled.jpg","type":"image\/jpeg"}],"author":"Redazione","twitter_card":"summary_large_image","twitter_creator":"@intoscana","twitter_site":"@intoscana","twitter_misc":{"Written by":"Redazione","Est. reading time":"2 minuti"},"schema":{"@context":"https:\/\/schema.org","@graph":[{"@type":"WebPage","@id":"https:\/\/www.intoscana.it\/it\/viticoltura-nuove-strategie-per-la-sfida-del-cambiamento-climatico\/","url":"https:\/\/www.intoscana.it\/it\/viticoltura-nuove-strategie-per-la-sfida-del-cambiamento-climatico\/","name":"Viticoltura, nuove strategie per la sfida del cambiamento climatico-intoscana","isPartOf":{"@id":"https:\/\/www.intoscana.it\/it\/#website"},"primaryImageOfPage":{"@id":"https:\/\/www.intoscana.it\/it\/viticoltura-nuove-strategie-per-la-sfida-del-cambiamento-climatico\/#primaryimage"},"image":{"@id":"https:\/\/www.intoscana.it\/it\/viticoltura-nuove-strategie-per-la-sfida-del-cambiamento-climatico\/#primaryimage"},"thumbnailUrl":"https:\/\/www.intoscana.it\/wp-content\/uploads\/Vendemmia-1-scaled.jpg","datePublished":"2023-06-13T13:34:37+00:00","dateModified":"2023-06-13T13:35:39+00:00","author":{"@id":"https:\/\/www.intoscana.it\/it\/#\/schema\/person\/9223810753230f20bd670fdd322661f8"},"description":"L\u2019Accademia Italiana della Vite e del Vino punta sull'alta formazione e su una sempre maggiore partecipazione dei giovani","breadcrumb":{"@id":"https:\/\/www.intoscana.it\/it\/viticoltura-nuove-strategie-per-la-sfida-del-cambiamento-climatico\/#breadcrumb"},"inLanguage":"it-IT","potentialAction":[{"@type":"ReadAction","target":["https:\/\/www.intoscana.it\/it\/viticoltura-nuove-strategie-per-la-sfida-del-cambiamento-climatico\/"]}]},{"@type":"ImageObject","inLanguage":"it-IT","@id":"https:\/\/www.intoscana.it\/it\/viticoltura-nuove-strategie-per-la-sfida-del-cambiamento-climatico\/#primaryimage","url":"https:\/\/www.intoscana.it\/wp-content\/uploads\/Vendemmia-1-scaled.jpg","contentUrl":"https:\/\/www.intoscana.it\/wp-content\/uploads\/Vendemmia-1-scaled.jpg","width":2048,"height":1367,"caption":"Vendemmia"},{"@type":"BreadcrumbList","@id":"https:\/\/www.intoscana.it\/it\/viticoltura-nuove-strategie-per-la-sfida-del-cambiamento-climatico\/#breadcrumb","itemListElement":[{"@type":"ListItem","position":1,"name":"Home","item":"https:\/\/www.intoscana.it\/it\/"},{"@type":"ListItem","position":2,"name":"Viticoltura, nuove strategie per la sfida del cambiamento climatico"}]},{"@type":"WebSite","@id":"https:\/\/www.intoscana.it\/it\/#website","url":"https:\/\/www.intoscana.it\/it\/","name":"intoscana","description":"","potentialAction":[{"@type":"SearchAction","target":{"@type":"EntryPoint","urlTemplate":"https:\/\/www.intoscana.it\/it\/?s={search_term_string}"},"query-input":{"@type":"PropertyValueSpecification","valueRequired":true,"valueName":"search_term_string"}}],"inLanguage":"it-IT"},{"@type":"Person","@id":"https:\/\/www.intoscana.it\/it\/#\/schema\/person\/9223810753230f20bd670fdd322661f8","name":"Redazione","url":"https:\/\/www.intoscana.it\/it\/author\/redazione\/"}]}},"_links":{"self":[{"href":"https:\/\/www.intoscana.it\/it\/wp-json\/wp\/v2\/posts\/291383","targetHints":{"allow":["GET"]}}],"collection":[{"href":"https:\/\/www.intoscana.it\/it\/wp-json\/wp\/v2\/posts"}],"about":[{"href":"https:\/\/www.intoscana.it\/it\/wp-json\/wp\/v2\/types\/post"}],"author":[{"embeddable":true,"href":"https:\/\/www.intoscana.it\/it\/wp-json\/wp\/v2\/users\/525"}],"replies":[{"embeddable":true,"href":"https:\/\/www.intoscana.it\/it\/wp-json\/wp\/v2\/comments?post=291383"}],"version-history":[{"count":0,"href":"https:\/\/www.intoscana.it\/it\/wp-json\/wp\/v2\/posts\/291383\/revisions"}],"wp:featuredmedia":[{"embeddable":true,"href":"https:\/\/www.intoscana.it\/it\/wp-json\/wp\/v2\/media\/234559"}],"wp:attachment":[{"href":"https:\/\/www.intoscana.it\/it\/wp-json\/wp\/v2\/media?parent=291383"}],"wp:term":[{"taxonomy":"category","embeddable":true,"href":"https:\/\/www.intoscana.it\/it\/wp-json\/wp\/v2\/categories?post=291383"},{"taxonomy":"post_tag","embeddable":true,"href":"https:\/\/www.intoscana.it\/it\/wp-json\/wp\/v2\/tags?post=291383"}],"curies":[{"name":"wp","href":"https:\/\/api.w.org\/{rel}","templated":true}]}}