{"id":291502,"date":"2023-06-13T19:19:03","date_gmt":"2023-06-13T17:19:03","guid":{"rendered":"https:\/\/www.intoscana.it\/it\/?p=291502"},"modified":"2023-06-13T19:20:54","modified_gmt":"2023-06-13T17:20:54","slug":"terza-edizione-dell-aquila-doro-nel-segno-dei-valori-dello-sport","status":"publish","type":"post","link":"https:\/\/www.intoscana.it\/it\/terza-edizione-dell-aquila-doro-nel-segno-dei-valori-dello-sport\/","title":{"rendered":"\u00a0Terza edizione dell&#8217;Aquila d\u2019Oro nel segno dei valori dello sport"},"content":{"rendered":"<p class=\"m_247599379497570721MsoNoSpacing\"><strong>L\u2019Aquila d\u2019Oro<\/strong> \u00e8 il premio che la citt\u00e0 di Arezzo tributa ad atleti e personaggi della societ\u00e0 civile in grado di esprimere <strong>i valori dello sport<\/strong>. La terza edizione, promossa dalla <strong>Ginnastica Petrarca<\/strong> in sinergia con il Comune di Arezzo e con il Coni, si tiene la sera di marted\u00ec 11 luglio alla <strong>Fortezza Medicea<\/strong> di Arezzo.<\/p>\n<p class=\"m_247599379497570721MsoNoSpacing\">Un appuntamento in cui celebrare e raccontare le <strong>storie virtuose di<\/strong> <strong>atleti e di personalit\u00e0<\/strong> della societ\u00e0 civile che, con la loro azione, hanno dimostrato di essere <mark>positivi esempi di impegno e determinazione, resilienza, etica e fair-play<\/mark>.<u><\/u><u><\/u><\/p>\n<p>Momenti di intrattenimento saranno scanditi dalla musica della sezione di Siena della <strong>Fanfara dei Bersaglieri<\/strong>, dall\u2019esibizione di danza di <strong>Nicoletta Tinti<\/strong>, da un reading teatrale di<strong> Samuele Boncompagni<\/strong> dell\u2019associazione culturale Noidellescarpediverse e da un\u2019esibizione del gruppo Gymnaestrada della <strong>Ginnastica Petrarca<\/strong>.<\/p>\n<h3>Mazzeo: &#8220;Avvicinare i giovani allo sport&#8221;<\/h3>\n<p class=\"m_247599379497570721MsoNoSpacing\">\u201c<em>Un premio importante che sottolinea l\u2019importanza dello sport che \u00e8 un modo per aggregare ed avvicinare i giovani a valori positivi<\/em> &#8211; ha detto\u00a0<b>Antonio Mazzeo\u00a0<\/b>presidente del Consiglio regionale durante la conferenza stampa al <strong>Palazzo del Pegaso<\/strong> \u2013 <em>Il premio ha un\u2019idea di speranza e di sguardo rivolto al futuro. Speriamo che il premio Aquila d\u2019Oro possa crescere e dare sempre maggiore risalto ai valori delle discipline sportive&#8221;.<\/em><u><\/u><\/p>\n<p class=\"m_247599379497570721MsoNoSpacing\"><b>Lucia De Robertis <\/b>presidente della commissione Territorio e Ambiente del Consiglio regionale sottolineando l\u2019importanza dello sport ad Arezzo ha ricordato l&#8217;associazione Ginnastica Petrarca &#8220;<em>un esempio virtuoso di questo modo di proporre la pratica sportiva a tutti i livelli<\/em>&#8220;.<\/p>\n<figure id=\"post-291507 media-291507\" class=\"align-none\"><img decoding=\"async\" src=\"https:\/\/www.intoscana.it\/wp-content\/uploads\/La-conferenza-stampa-del-Premio-Aquila-dOro.jpeg\" alt=\"\" \/><\/figure>\n<div class=\"titleimg\">La conferenza stampa del Premio Aquila d\u2019Oro<\/div>\n<p class=\"m_247599379497570721MsoNoSpacing\">La serata, condotta dal giornalista <strong>Luca Caneschi<\/strong> con interviste di <strong>Francesca Muzzi e Federico d\u2019Ascoli<\/strong>, sar\u00e0 caratterizzata dalla consegna del<strong> premio \u201cAquila d\u2019Oro\u201d<\/strong> a tre sportivi e a tre esponenti della societ\u00e0 civile per le categorie <em>\u201cImpegno e determinazione\u201d, \u201cResilienza\u201d<\/em> e \u201c<em>Etica e fair play\u201d.<\/em><\/p>\n<h3>Il ricordo di Giorgio Cerbai<\/h3>\n<p class=\"m_247599379497570721MsoNoSpacing\">Un altro riconoscimento, infine, sar\u00e0 il premio speciale intitolato a <strong>Giorgio Cerbai<\/strong> delegato del Coni di Arezzo dal 1993 al 2021, scomparso lo scorso maggio, che verr\u00e0 assegnato a un giovane sportivo scelto direttamente dalla cittadinanza in seguito a una <strong>votazione<\/strong> condotta <strong>sui social network<\/strong> che ha registrato 13.000 visualizzazioni e oltre 1.000 \u201cmi piace\u201d: il nome del vincitore verr\u00e0 annunciato direttamente nel corso della serata.<u><\/u><u><\/u><\/p>\n<p class=\"m_247599379497570721MsoNoSpacing\"><u><\/u>\u201c<em>Un premio voluto fortemente dall\u2019amministrazione comunale<\/em> \u2013 ha detto <b>Federico Scapecchi<\/b>\u00a0assessore allo sport del comune di Arezzo \u2013 c<em>he vede unire cultura e sport, che premia i valori dello sport e della societ\u00e0 civile, che vede l\u2019impegno costante della Ginnastica Petrarca a far crescere il livello di questa iniziativa&#8221;.<\/em><u><\/u><\/p>\n<p class=\"m_247599379497570721MsoNoSpacing\"><u><\/u>Per <b>Simone Cardullo,<\/b>\u00a0presidente regionale del Coni Toscana, e\u00a0<b>Alberto Melis<\/b>, delegato provinciale del Coni di Arezzo, &#8220;<em>\u00e8 un premio significativo e abbiamo voluto ricordare, con un premio specifico, l\u2019impegno e il valore del responsabile provinciale Giorgio Cerbai<\/em>&#8220;.<u><\/u><u><\/u><\/p>\n<h3>Protagonista Daniele Bennati<\/h3>\n<p class=\"m_247599379497570721MsoNoSpacing\"><u><\/u>\u00a0<u><\/u>\u201c<em>Un premio che nasce nel periodo della pandemia ed \u00e8 un modo per valorizzare le molte storie positive che nascono nel mondo dello sport-<\/em> ha detto\u00a0<b>Simone Rossi<\/b>\u00a0presidente della Ginnastica Petrarca di Arezzo \u2013 <em>e dispiace di non poter premiare tutte le esperienze che vengono proposte al comitato organizzatore. Dopo la presenza di Sara Simeoni nel 2022, il protagonista della terza edizione sar\u00e0 il Commissario Tecnico della nazionale italiana di ciclismo su strada Daniele Bennati che condivider\u00e0 la propria esperienza sportiva e che, a conclusione dell\u2019evento, ricever\u00e0 il premio &#8220;Aquila d\u2019Oro &#8211; Il valore nel successo&#8221;.<\/em><\/p>\n","protected":false},"excerpt":{"rendered":"<p>L&#8217;evento promosso dalla Ginnastica Petrarca in sinergia con il Comune e con il Coni marted\u00ec 11 luglio alla Fortezza Medicea di Arezzo. Mazzeo: &#8220;Avvicinare i giovani a valori positivi&#8221;<\/p>\n","protected":false},"author":525,"featured_media":291506,"comment_status":"open","ping_status":"open","sticky":false,"template":"","format":"standard","meta":{"_acf_changed":false,"footnotes":""},"categories":[494],"tags":[196,159],"class_list":["post-291502","post","type-post","status-publish","format-standard","has-post-thumbnail","hentry","category-attualita","tag-arezzo","tag-sport"],"acf":[],"yoast_head":"<!-- This site is optimized with the Yoast SEO Premium plugin v24.2 (Yoast SEO v25.6) - https:\/\/yoast.com\/wordpress\/plugins\/seo\/ -->\n<title>\u00a0Terza edizione dell&#039;Aquila d\u2019Oro nel segno dei valori dello sport - intoscana<\/title>\n<meta name=\"description\" content=\"L&#039;evento promosso dalla Ginnastica Petrarca in sinergia con il Comune e con il Coni marted\u00ec 11 luglio alla Fortezza Medicea di Arezzo\" \/>\n<meta name=\"robots\" content=\"index, follow, max-snippet:-1, max-image-preview:large, max-video-preview:-1\" \/>\n<link rel=\"canonical\" href=\"https:\/\/www.intoscana.it\/it\/terza-edizione-dell-aquila-doro-nel-segno-dei-valori-dello-sport\/\" \/>\n<meta property=\"og:locale\" content=\"it_IT\" \/>\n<meta property=\"og:type\" content=\"article\" \/>\n<meta property=\"og:title\" content=\"\u00a0Terza edizione dell&#039;Aquila d\u2019Oro nel segno dei valori dello sport\" \/>\n<meta property=\"og:description\" content=\"L&#039;evento promosso dalla Ginnastica Petrarca in sinergia con il Comune e con il Coni marted\u00ec 11 luglio alla Fortezza Medicea di Arezzo\" \/>\n<meta property=\"og:url\" content=\"https:\/\/www.intoscana.it\/it\/terza-edizione-dell-aquila-doro-nel-segno-dei-valori-dello-sport\/\" \/>\n<meta property=\"og:site_name\" content=\"intoscana\" \/>\n<meta property=\"article:publisher\" content=\"https:\/\/www.facebook.com\/intoscana.it\" \/>\n<meta property=\"article:published_time\" content=\"2023-06-13T17:19:03+00:00\" \/>\n<meta property=\"article:modified_time\" content=\"2023-06-13T17:20:54+00:00\" \/>\n<meta property=\"og:image\" content=\"https:\/\/www.intoscana.it\/wp-content\/uploads\/Il-Premio-Aquila-dOro-citta\u0300-di-Arezzo.jpeg\" \/>\n\t<meta property=\"og:image:width\" content=\"2000\" \/>\n\t<meta property=\"og:image:height\" content=\"1333\" \/>\n\t<meta property=\"og:image:type\" content=\"image\/jpeg\" \/>\n<meta name=\"author\" content=\"Redazione\" \/>\n<meta name=\"twitter:card\" content=\"summary_large_image\" \/>\n<meta name=\"twitter:creator\" content=\"@intoscana\" \/>\n<meta name=\"twitter:site\" content=\"@intoscana\" \/>\n<meta name=\"twitter:label1\" content=\"Written by\" \/>\n\t<meta name=\"twitter:data1\" content=\"Redazione\" \/>\n\t<meta name=\"twitter:label2\" content=\"Est. reading time\" \/>\n\t<meta name=\"twitter:data2\" content=\"3 minuti\" \/>\n<script type=\"application\/ld+json\" class=\"yoast-schema-graph\">{\"@context\":\"https:\/\/schema.org\",\"@graph\":[{\"@type\":\"WebPage\",\"@id\":\"https:\/\/www.intoscana.it\/it\/terza-edizione-dell-aquila-doro-nel-segno-dei-valori-dello-sport\/\",\"url\":\"https:\/\/www.intoscana.it\/it\/terza-edizione-dell-aquila-doro-nel-segno-dei-valori-dello-sport\/\",\"name\":\"\u00a0Terza edizione dell'Aquila d\u2019Oro nel segno dei valori dello sport - intoscana\",\"isPartOf\":{\"@id\":\"https:\/\/www.intoscana.it\/it\/#website\"},\"primaryImageOfPage\":{\"@id\":\"https:\/\/www.intoscana.it\/it\/terza-edizione-dell-aquila-doro-nel-segno-dei-valori-dello-sport\/#primaryimage\"},\"image\":{\"@id\":\"https:\/\/www.intoscana.it\/it\/terza-edizione-dell-aquila-doro-nel-segno-dei-valori-dello-sport\/#primaryimage\"},\"thumbnailUrl\":\"https:\/\/www.intoscana.it\/wp-content\/uploads\/Il-Premio-Aquila-dOro-citta\u0300-di-Arezzo.jpeg\",\"datePublished\":\"2023-06-13T17:19:03+00:00\",\"dateModified\":\"2023-06-13T17:20:54+00:00\",\"author\":{\"@id\":\"https:\/\/www.intoscana.it\/it\/#\/schema\/person\/9223810753230f20bd670fdd322661f8\"},\"description\":\"L'evento promosso dalla Ginnastica Petrarca in sinergia con il Comune e con il Coni marted\u00ec 11 luglio alla Fortezza Medicea di Arezzo\",\"breadcrumb\":{\"@id\":\"https:\/\/www.intoscana.it\/it\/terza-edizione-dell-aquila-doro-nel-segno-dei-valori-dello-sport\/#breadcrumb\"},\"inLanguage\":\"it-IT\",\"potentialAction\":[{\"@type\":\"ReadAction\",\"target\":[\"https:\/\/www.intoscana.it\/it\/terza-edizione-dell-aquila-doro-nel-segno-dei-valori-dello-sport\/\"]}]},{\"@type\":\"ImageObject\",\"inLanguage\":\"it-IT\",\"@id\":\"https:\/\/www.intoscana.it\/it\/terza-edizione-dell-aquila-doro-nel-segno-dei-valori-dello-sport\/#primaryimage\",\"url\":\"https:\/\/www.intoscana.it\/wp-content\/uploads\/Il-Premio-Aquila-dOro-citta\u0300-di-Arezzo.jpeg\",\"contentUrl\":\"https:\/\/www.intoscana.it\/wp-content\/uploads\/Il-Premio-Aquila-dOro-citta\u0300-di-Arezzo.jpeg\",\"width\":2000,\"height\":1333},{\"@type\":\"BreadcrumbList\",\"@id\":\"https:\/\/www.intoscana.it\/it\/terza-edizione-dell-aquila-doro-nel-segno-dei-valori-dello-sport\/#breadcrumb\",\"itemListElement\":[{\"@type\":\"ListItem\",\"position\":1,\"name\":\"Home\",\"item\":\"https:\/\/www.intoscana.it\/it\/\"},{\"@type\":\"ListItem\",\"position\":2,\"name\":\"\u00a0Terza edizione dell&#8217;Aquila d\u2019Oro nel segno dei valori dello sport\"}]},{\"@type\":\"WebSite\",\"@id\":\"https:\/\/www.intoscana.it\/it\/#website\",\"url\":\"https:\/\/www.intoscana.it\/it\/\",\"name\":\"intoscana\",\"description\":\"\",\"potentialAction\":[{\"@type\":\"SearchAction\",\"target\":{\"@type\":\"EntryPoint\",\"urlTemplate\":\"https:\/\/www.intoscana.it\/it\/?s={search_term_string}\"},\"query-input\":{\"@type\":\"PropertyValueSpecification\",\"valueRequired\":true,\"valueName\":\"search_term_string\"}}],\"inLanguage\":\"it-IT\"},{\"@type\":\"Person\",\"@id\":\"https:\/\/www.intoscana.it\/it\/#\/schema\/person\/9223810753230f20bd670fdd322661f8\",\"name\":\"Redazione\",\"url\":\"https:\/\/www.intoscana.it\/it\/author\/redazione\/\"}]}<\/script>\n<!-- \/ Yoast SEO Premium plugin. -->","yoast_head_json":{"title":"\u00a0Terza edizione dell'Aquila d\u2019Oro nel segno dei valori dello sport - intoscana","description":"L'evento promosso dalla Ginnastica Petrarca in sinergia con il Comune e con il Coni marted\u00ec 11 luglio alla Fortezza Medicea di Arezzo","robots":{"index":"index","follow":"follow","max-snippet":"max-snippet:-1","max-image-preview":"max-image-preview:large","max-video-preview":"max-video-preview:-1"},"canonical":"https:\/\/www.intoscana.it\/it\/terza-edizione-dell-aquila-doro-nel-segno-dei-valori-dello-sport\/","og_locale":"it_IT","og_type":"article","og_title":"\u00a0Terza edizione dell'Aquila d\u2019Oro nel segno dei valori dello sport","og_description":"L'evento promosso dalla Ginnastica Petrarca in sinergia con il Comune e con il Coni marted\u00ec 11 luglio alla Fortezza Medicea di Arezzo","og_url":"https:\/\/www.intoscana.it\/it\/terza-edizione-dell-aquila-doro-nel-segno-dei-valori-dello-sport\/","og_site_name":"intoscana","article_publisher":"https:\/\/www.facebook.com\/intoscana.it","article_published_time":"2023-06-13T17:19:03+00:00","article_modified_time":"2023-06-13T17:20:54+00:00","og_image":[{"width":2000,"height":1333,"url":"https:\/\/www.intoscana.it\/wp-content\/uploads\/Il-Premio-Aquila-dOro-citta\u0300-di-Arezzo.jpeg","type":"image\/jpeg"}],"author":"Redazione","twitter_card":"summary_large_image","twitter_creator":"@intoscana","twitter_site":"@intoscana","twitter_misc":{"Written by":"Redazione","Est. reading time":"3 minuti"},"schema":{"@context":"https:\/\/schema.org","@graph":[{"@type":"WebPage","@id":"https:\/\/www.intoscana.it\/it\/terza-edizione-dell-aquila-doro-nel-segno-dei-valori-dello-sport\/","url":"https:\/\/www.intoscana.it\/it\/terza-edizione-dell-aquila-doro-nel-segno-dei-valori-dello-sport\/","name":"\u00a0Terza edizione dell'Aquila d\u2019Oro nel segno dei valori dello sport - intoscana","isPartOf":{"@id":"https:\/\/www.intoscana.it\/it\/#website"},"primaryImageOfPage":{"@id":"https:\/\/www.intoscana.it\/it\/terza-edizione-dell-aquila-doro-nel-segno-dei-valori-dello-sport\/#primaryimage"},"image":{"@id":"https:\/\/www.intoscana.it\/it\/terza-edizione-dell-aquila-doro-nel-segno-dei-valori-dello-sport\/#primaryimage"},"thumbnailUrl":"https:\/\/www.intoscana.it\/wp-content\/uploads\/Il-Premio-Aquila-dOro-citta\u0300-di-Arezzo.jpeg","datePublished":"2023-06-13T17:19:03+00:00","dateModified":"2023-06-13T17:20:54+00:00","author":{"@id":"https:\/\/www.intoscana.it\/it\/#\/schema\/person\/9223810753230f20bd670fdd322661f8"},"description":"L'evento promosso dalla Ginnastica Petrarca in sinergia con il Comune e con il Coni marted\u00ec 11 luglio alla Fortezza Medicea di Arezzo","breadcrumb":{"@id":"https:\/\/www.intoscana.it\/it\/terza-edizione-dell-aquila-doro-nel-segno-dei-valori-dello-sport\/#breadcrumb"},"inLanguage":"it-IT","potentialAction":[{"@type":"ReadAction","target":["https:\/\/www.intoscana.it\/it\/terza-edizione-dell-aquila-doro-nel-segno-dei-valori-dello-sport\/"]}]},{"@type":"ImageObject","inLanguage":"it-IT","@id":"https:\/\/www.intoscana.it\/it\/terza-edizione-dell-aquila-doro-nel-segno-dei-valori-dello-sport\/#primaryimage","url":"https:\/\/www.intoscana.it\/wp-content\/uploads\/Il-Premio-Aquila-dOro-citta\u0300-di-Arezzo.jpeg","contentUrl":"https:\/\/www.intoscana.it\/wp-content\/uploads\/Il-Premio-Aquila-dOro-citta\u0300-di-Arezzo.jpeg","width":2000,"height":1333},{"@type":"BreadcrumbList","@id":"https:\/\/www.intoscana.it\/it\/terza-edizione-dell-aquila-doro-nel-segno-dei-valori-dello-sport\/#breadcrumb","itemListElement":[{"@type":"ListItem","position":1,"name":"Home","item":"https:\/\/www.intoscana.it\/it\/"},{"@type":"ListItem","position":2,"name":"\u00a0Terza edizione dell&#8217;Aquila d\u2019Oro nel segno dei valori dello sport"}]},{"@type":"WebSite","@id":"https:\/\/www.intoscana.it\/it\/#website","url":"https:\/\/www.intoscana.it\/it\/","name":"intoscana","description":"","potentialAction":[{"@type":"SearchAction","target":{"@type":"EntryPoint","urlTemplate":"https:\/\/www.intoscana.it\/it\/?s={search_term_string}"},"query-input":{"@type":"PropertyValueSpecification","valueRequired":true,"valueName":"search_term_string"}}],"inLanguage":"it-IT"},{"@type":"Person","@id":"https:\/\/www.intoscana.it\/it\/#\/schema\/person\/9223810753230f20bd670fdd322661f8","name":"Redazione","url":"https:\/\/www.intoscana.it\/it\/author\/redazione\/"}]}},"_links":{"self":[{"href":"https:\/\/www.intoscana.it\/it\/wp-json\/wp\/v2\/posts\/291502","targetHints":{"allow":["GET"]}}],"collection":[{"href":"https:\/\/www.intoscana.it\/it\/wp-json\/wp\/v2\/posts"}],"about":[{"href":"https:\/\/www.intoscana.it\/it\/wp-json\/wp\/v2\/types\/post"}],"author":[{"embeddable":true,"href":"https:\/\/www.intoscana.it\/it\/wp-json\/wp\/v2\/users\/525"}],"replies":[{"embeddable":true,"href":"https:\/\/www.intoscana.it\/it\/wp-json\/wp\/v2\/comments?post=291502"}],"version-history":[{"count":0,"href":"https:\/\/www.intoscana.it\/it\/wp-json\/wp\/v2\/posts\/291502\/revisions"}],"wp:featuredmedia":[{"embeddable":true,"href":"https:\/\/www.intoscana.it\/it\/wp-json\/wp\/v2\/media\/291506"}],"wp:attachment":[{"href":"https:\/\/www.intoscana.it\/it\/wp-json\/wp\/v2\/media?parent=291502"}],"wp:term":[{"taxonomy":"category","embeddable":true,"href":"https:\/\/www.intoscana.it\/it\/wp-json\/wp\/v2\/categories?post=291502"},{"taxonomy":"post_tag","embeddable":true,"href":"https:\/\/www.intoscana.it\/it\/wp-json\/wp\/v2\/tags?post=291502"}],"curies":[{"name":"wp","href":"https:\/\/api.w.org\/{rel}","templated":true}]}}