{"id":291525,"date":"2023-06-14T09:26:24","date_gmt":"2023-06-14T07:26:24","guid":{"rendered":"https:\/\/www.intoscana.it\/it\/?p=291525"},"modified":"2023-06-14T09:26:24","modified_gmt":"2023-06-14T07:26:24","slug":"il-bruscello-di-montepulciano-porta-in-piazza-lorenzo-il-magnifico-il-poliziano-alla-corte-dei-medici","status":"publish","type":"post","link":"https:\/\/www.intoscana.it\/it\/il-bruscello-di-montepulciano-porta-in-piazza-lorenzo-il-magnifico-il-poliziano-alla-corte-dei-medici\/","title":{"rendered":"Il Bruscello di Montepulciano porta in piazza \u201cLorenzo il Magnifico. Il Poliziano alla corte dei Medici\u201d"},"content":{"rendered":"<p>La <strong>Compagnia popolare del Bruscello Poliziano<\/strong> \u00e8 al lavoro per mettere in scena <em><strong>\u201cLorenzo il Magnifico. Il Poliziano alla corte dei Medici\u201d<\/strong><\/em>, la cui rappresentazione \u00e8 in programma <strong>dal 12 al 15 agosto<\/strong>\u00a0sul sagrato della <strong>cattedrale di Santa Maria Assunta<\/strong> in <strong>piazza Grande a Montepulciano<\/strong>.<\/p>\n<p>Le prove si stanno svolgendo presso la sede associativa, con una particolare attenzione al coro e ai solisti, sotto la <strong>direzione musicale del giovane Maestro Ymar Caguing\u00a0<\/strong>che ha preso le redini della composizione musicale del <strong>Bruscello,<\/strong> sotto le indicazioni del predecessore <strong>Alessio Tiezzi.<\/strong><\/p>\n<p><i>\u201cQuando la Compagnia Popolare mi ha proposto di occuparmi della direzione musicale del Bruscello &#8211; <\/i><strong>ha dichiarato il\u00a0Maestro &#8211;<\/strong><i> \u00e8 stata una scelta difficile, ma ho accettato volentieri. Pur abitando a Castiglion del Lago, avevo sempre sentito parlare del Bruscello, ma senza approfondire l\u2019argomento. La composizione del Bruscello \u00e8 diversa rispetto a ci\u00f2 che si insegna al conservatorio o in accademia. \u00c8 una compagnia popolare, formata da persone che non leggono la musica, che fanno altro nella vita.\u00a0Il compito pi\u00f9 difficile, in una situazione del genere, \u00e8 cercare di <\/i><em>scrivere qualcosa che possa sposarsi bene con le peculiarit\u00e0 dei solisti e del coro, ma che non sia noioso e che piaccia sia ai bruscellanti che al pubblico. Una cosa molto bella che \u00e8 accaduta, durante le prove, \u00e8 che alla fine la maggior parte dei coristi se ne andava canticchiando le melodie che avevo scritto: per un compositore questo \u00e8 molto gratificante.\u201d<\/em><\/p>\n<p>Alcuni dei brani composti da <strong>Ymar Caguing per l\u2019edizione 2023 del Bruscello<\/strong> sono stati presentati durante l\u2019anteprima che si \u00e8 svolta a Montepulciano lo scorso 21 maggio. Nell\u2019occasione una parte del coro ha proposto alcuni brani tratti dal primo atto.<\/p>\n<p><em>\u201cL\u2019anteprima \u00e8 stata molto importante per dare al coro l\u2019impatto con il pubblico. \u2013<\/em><strong> continua a spiegare il direttore musicale <\/strong><em>&#8211; \u00c8 stato un primo assaggio di quello che sar\u00e0 il Bruscello di quest\u2019anno e ha consentito al coro di cantare davanti a una platea di persone che non conoscevano. La composizione procede bene, siamo quasi in dirittura d\u2019arrivo. La scrittura delle parti corali \u00e8 a una voce, per permettere e facilitare la memorizzazione dei canti, perch\u00e9 poi quando saremo in piazza i coristi non avranno spartiti n\u00e9 suggeritori, sar\u00e0 tutto a memoria. Il compositore deve tenere conto anche di questi aspetti per facilitare il lavoro alla compagnia popolare.\u201d<\/em><\/p>\n<figure id=\"post-86233 media-86233\" class=\"align-none\"><img decoding=\"async\" src=\"https:\/\/www.intoscana.it\/wp-content\/uploads\/0e9e617302f7fa3d71fa8ef88fc60204.jpg\" alt=\"\" \/><\/figure>\n<h3>La storia del Bruscello<\/h3>\n<p><strong>La Compagnia popolare del Bruscello \u00e8 nata nel 1939<\/strong>\u00a0con lo scopo di divulgare anche a <strong>Montepulciano<\/strong> e nel territorio circostante l\u2019attivit\u00e0 di una<strong> Compagnia di paesani\u00a0<\/strong>che cantavano le loro storie nelle campagne intorno alla citt\u00e0.<\/p>\n<p>Il primo impatto della Compagnia con un pubblico pi\u00f9 numeroso ebbe luogo <strong>in un piccolo teatro cittadino nel lontano 1924,<\/strong> gli interpreti, tutti rigorosamente contadini ripresentarono con i loro nomi e cognomi, ma anche con i soprannomi con i quali erano conosciuti nelle campagne: <strong>Bruno del Bersaglio, Nello di Canapone, Gino di Tuto, Silvio di Casalvento, Fagiolino di Tarquino<\/strong> ed altri.<\/p>\n<p>Il B<strong>ruscello \u00e8 una forma di teatro popolare e contadino,<\/strong> tipicamente toscano, recitato e cantato da<strong> attori non professionisti.<\/strong><\/p>\n<p>\u00c8 una rappresentazione, a volte epico-drammatica, a volte farsesca, di <strong>episodi della vita di tutti i giorni,<\/strong> creati da immaginazioni popolari o da fatti realmente accaduti, tratti della storia o della letteratura.<strong> La parola bruscello deriva da arboscello, broscello, bruscello.<\/strong><\/p>\n<p>Il tema della manifestazione, che <strong>mescola canto e recita,<\/strong> varia di anno in anno. Soggetti, testi e sceneggiatura si devono tutti alla creativa spontaneit\u00e0 dei bruscellanti.<\/p>\n<figure id=\"post-71867 media-71867\" class=\"align-none\"><img decoding=\"async\" src=\"https:\/\/www.intoscana.it\/wp-content\/uploads\/bruscello-2013-b.jpg\" alt=\"\" \/><\/figure>\n<div class=\"titleimg\">Bruscello di Montepulciano<\/div>\n","protected":false},"excerpt":{"rendered":"<p>Dal 12 al 15 agosto\u00a0sul sagrato della cattedrale di Santa Maria Assunta in piazza Grande a Montepulciano torna la compagnia di teatro popolare diretta dal nuovo Maestro Ymar Caguin<\/p>\n","protected":false},"author":525,"featured_media":88172,"comment_status":"open","ping_status":"open","sticky":false,"template":"","format":"standard","meta":{"_acf_changed":false,"footnotes":""},"categories":[493],"tags":[235,399,4474,228,4452,236],"class_list":["post-291525","post","type-post","status-publish","format-standard","has-post-thumbnail","hentry","category-cultura","tag-estate","tag-estate-in-toscana","tag-eventi","tag-festival","tag-montepulciano","tag-teatro"],"acf":[],"yoast_head":"<!-- This site is optimized with the Yoast SEO Premium plugin v24.2 (Yoast SEO v25.6) - https:\/\/yoast.com\/wordpress\/plugins\/seo\/ -->\n<title>Il Bruscello di Montepulciano porta in piazza \u201cLorenzo il Magnifico. Il Poliziano alla corte dei Medici\u201d - intoscana<\/title>\n<meta name=\"description\" content=\"Dal 12 al 15 agosto in piazza Grande a Montepulciano torna la compagnia di teatro popolare diretta dal nuovo Maestro Ymar Caguin\" \/>\n<meta name=\"robots\" content=\"index, follow, max-snippet:-1, max-image-preview:large, max-video-preview:-1\" \/>\n<link rel=\"canonical\" href=\"https:\/\/www.intoscana.it\/it\/il-bruscello-di-montepulciano-porta-in-piazza-lorenzo-il-magnifico-il-poliziano-alla-corte-dei-medici\/\" \/>\n<meta property=\"og:locale\" content=\"it_IT\" \/>\n<meta property=\"og:type\" content=\"article\" \/>\n<meta property=\"og:title\" content=\"Il Bruscello di Montepulciano porta in piazza \u201cLorenzo il Magnifico. Il Poliziano alla corte dei Medici\u201d\" \/>\n<meta property=\"og:description\" content=\"Dal 12 al 15 agosto in piazza Grande a Montepulciano torna la compagnia di teatro popolare diretta dal nuovo Maestro Ymar Caguin\" \/>\n<meta property=\"og:url\" content=\"https:\/\/www.intoscana.it\/it\/il-bruscello-di-montepulciano-porta-in-piazza-lorenzo-il-magnifico-il-poliziano-alla-corte-dei-medici\/\" \/>\n<meta property=\"og:site_name\" content=\"intoscana\" \/>\n<meta property=\"article:publisher\" content=\"https:\/\/www.facebook.com\/intoscana.it\" \/>\n<meta property=\"article:published_time\" content=\"2023-06-14T07:26:24+00:00\" \/>\n<meta property=\"og:image\" content=\"https:\/\/www.intoscana.it\/wp-content\/uploads\/b5123068c1f14fa54875256618c7047b-3.jpg\" \/>\n\t<meta property=\"og:image:width\" content=\"1000\" \/>\n\t<meta property=\"og:image:height\" content=\"665\" \/>\n\t<meta property=\"og:image:type\" content=\"image\/jpeg\" \/>\n<meta name=\"author\" content=\"Redazione\" \/>\n<meta name=\"twitter:card\" content=\"summary_large_image\" \/>\n<meta name=\"twitter:creator\" content=\"@intoscana\" \/>\n<meta name=\"twitter:site\" content=\"@intoscana\" \/>\n<meta name=\"twitter:label1\" content=\"Written by\" \/>\n\t<meta name=\"twitter:data1\" content=\"Redazione\" \/>\n\t<meta name=\"twitter:label2\" content=\"Est. reading time\" \/>\n\t<meta name=\"twitter:data2\" content=\"3 minuti\" \/>\n<script type=\"application\/ld+json\" class=\"yoast-schema-graph\">{\"@context\":\"https:\/\/schema.org\",\"@graph\":[{\"@type\":\"WebPage\",\"@id\":\"https:\/\/www.intoscana.it\/it\/il-bruscello-di-montepulciano-porta-in-piazza-lorenzo-il-magnifico-il-poliziano-alla-corte-dei-medici\/\",\"url\":\"https:\/\/www.intoscana.it\/it\/il-bruscello-di-montepulciano-porta-in-piazza-lorenzo-il-magnifico-il-poliziano-alla-corte-dei-medici\/\",\"name\":\"Il Bruscello di Montepulciano porta in piazza \u201cLorenzo il Magnifico. Il Poliziano alla corte dei Medici\u201d - intoscana\",\"isPartOf\":{\"@id\":\"https:\/\/www.intoscana.it\/it\/#website\"},\"primaryImageOfPage\":{\"@id\":\"https:\/\/www.intoscana.it\/it\/il-bruscello-di-montepulciano-porta-in-piazza-lorenzo-il-magnifico-il-poliziano-alla-corte-dei-medici\/#primaryimage\"},\"image\":{\"@id\":\"https:\/\/www.intoscana.it\/it\/il-bruscello-di-montepulciano-porta-in-piazza-lorenzo-il-magnifico-il-poliziano-alla-corte-dei-medici\/#primaryimage\"},\"thumbnailUrl\":\"https:\/\/www.intoscana.it\/wp-content\/uploads\/b5123068c1f14fa54875256618c7047b-3.jpg\",\"datePublished\":\"2023-06-14T07:26:24+00:00\",\"author\":{\"@id\":\"https:\/\/www.intoscana.it\/it\/#\/schema\/person\/9223810753230f20bd670fdd322661f8\"},\"description\":\"Dal 12 al 15 agosto in piazza Grande a Montepulciano torna la compagnia di teatro popolare diretta dal nuovo Maestro Ymar Caguin\",\"breadcrumb\":{\"@id\":\"https:\/\/www.intoscana.it\/it\/il-bruscello-di-montepulciano-porta-in-piazza-lorenzo-il-magnifico-il-poliziano-alla-corte-dei-medici\/#breadcrumb\"},\"inLanguage\":\"it-IT\",\"potentialAction\":[{\"@type\":\"ReadAction\",\"target\":[\"https:\/\/www.intoscana.it\/it\/il-bruscello-di-montepulciano-porta-in-piazza-lorenzo-il-magnifico-il-poliziano-alla-corte-dei-medici\/\"]}]},{\"@type\":\"ImageObject\",\"inLanguage\":\"it-IT\",\"@id\":\"https:\/\/www.intoscana.it\/it\/il-bruscello-di-montepulciano-porta-in-piazza-lorenzo-il-magnifico-il-poliziano-alla-corte-dei-medici\/#primaryimage\",\"url\":\"https:\/\/www.intoscana.it\/wp-content\/uploads\/b5123068c1f14fa54875256618c7047b-3.jpg\",\"contentUrl\":\"https:\/\/www.intoscana.it\/wp-content\/uploads\/b5123068c1f14fa54875256618c7047b-3.jpg\",\"width\":1000,\"height\":665,\"caption\":\"Bruscello di Montepulciano\"},{\"@type\":\"BreadcrumbList\",\"@id\":\"https:\/\/www.intoscana.it\/it\/il-bruscello-di-montepulciano-porta-in-piazza-lorenzo-il-magnifico-il-poliziano-alla-corte-dei-medici\/#breadcrumb\",\"itemListElement\":[{\"@type\":\"ListItem\",\"position\":1,\"name\":\"Home\",\"item\":\"https:\/\/www.intoscana.it\/it\/\"},{\"@type\":\"ListItem\",\"position\":2,\"name\":\"Il Bruscello di Montepulciano porta in piazza \u201cLorenzo il Magnifico. Il Poliziano alla corte dei Medici\u201d\"}]},{\"@type\":\"WebSite\",\"@id\":\"https:\/\/www.intoscana.it\/it\/#website\",\"url\":\"https:\/\/www.intoscana.it\/it\/\",\"name\":\"intoscana\",\"description\":\"\",\"potentialAction\":[{\"@type\":\"SearchAction\",\"target\":{\"@type\":\"EntryPoint\",\"urlTemplate\":\"https:\/\/www.intoscana.it\/it\/?s={search_term_string}\"},\"query-input\":{\"@type\":\"PropertyValueSpecification\",\"valueRequired\":true,\"valueName\":\"search_term_string\"}}],\"inLanguage\":\"it-IT\"},{\"@type\":\"Person\",\"@id\":\"https:\/\/www.intoscana.it\/it\/#\/schema\/person\/9223810753230f20bd670fdd322661f8\",\"name\":\"Redazione\",\"url\":\"https:\/\/www.intoscana.it\/it\/author\/redazione\/\"}]}<\/script>\n<!-- \/ Yoast SEO Premium plugin. -->","yoast_head_json":{"title":"Il Bruscello di Montepulciano porta in piazza \u201cLorenzo il Magnifico. Il Poliziano alla corte dei Medici\u201d - intoscana","description":"Dal 12 al 15 agosto in piazza Grande a Montepulciano torna la compagnia di teatro popolare diretta dal nuovo Maestro Ymar Caguin","robots":{"index":"index","follow":"follow","max-snippet":"max-snippet:-1","max-image-preview":"max-image-preview:large","max-video-preview":"max-video-preview:-1"},"canonical":"https:\/\/www.intoscana.it\/it\/il-bruscello-di-montepulciano-porta-in-piazza-lorenzo-il-magnifico-il-poliziano-alla-corte-dei-medici\/","og_locale":"it_IT","og_type":"article","og_title":"Il Bruscello di Montepulciano porta in piazza \u201cLorenzo il Magnifico. Il Poliziano alla corte dei Medici\u201d","og_description":"Dal 12 al 15 agosto in piazza Grande a Montepulciano torna la compagnia di teatro popolare diretta dal nuovo Maestro Ymar Caguin","og_url":"https:\/\/www.intoscana.it\/it\/il-bruscello-di-montepulciano-porta-in-piazza-lorenzo-il-magnifico-il-poliziano-alla-corte-dei-medici\/","og_site_name":"intoscana","article_publisher":"https:\/\/www.facebook.com\/intoscana.it","article_published_time":"2023-06-14T07:26:24+00:00","og_image":[{"width":1000,"height":665,"url":"https:\/\/www.intoscana.it\/wp-content\/uploads\/b5123068c1f14fa54875256618c7047b-3.jpg","type":"image\/jpeg"}],"author":"Redazione","twitter_card":"summary_large_image","twitter_creator":"@intoscana","twitter_site":"@intoscana","twitter_misc":{"Written by":"Redazione","Est. reading time":"3 minuti"},"schema":{"@context":"https:\/\/schema.org","@graph":[{"@type":"WebPage","@id":"https:\/\/www.intoscana.it\/it\/il-bruscello-di-montepulciano-porta-in-piazza-lorenzo-il-magnifico-il-poliziano-alla-corte-dei-medici\/","url":"https:\/\/www.intoscana.it\/it\/il-bruscello-di-montepulciano-porta-in-piazza-lorenzo-il-magnifico-il-poliziano-alla-corte-dei-medici\/","name":"Il Bruscello di Montepulciano porta in piazza \u201cLorenzo il Magnifico. Il Poliziano alla corte dei Medici\u201d - intoscana","isPartOf":{"@id":"https:\/\/www.intoscana.it\/it\/#website"},"primaryImageOfPage":{"@id":"https:\/\/www.intoscana.it\/it\/il-bruscello-di-montepulciano-porta-in-piazza-lorenzo-il-magnifico-il-poliziano-alla-corte-dei-medici\/#primaryimage"},"image":{"@id":"https:\/\/www.intoscana.it\/it\/il-bruscello-di-montepulciano-porta-in-piazza-lorenzo-il-magnifico-il-poliziano-alla-corte-dei-medici\/#primaryimage"},"thumbnailUrl":"https:\/\/www.intoscana.it\/wp-content\/uploads\/b5123068c1f14fa54875256618c7047b-3.jpg","datePublished":"2023-06-14T07:26:24+00:00","author":{"@id":"https:\/\/www.intoscana.it\/it\/#\/schema\/person\/9223810753230f20bd670fdd322661f8"},"description":"Dal 12 al 15 agosto in piazza Grande a Montepulciano torna la compagnia di teatro popolare diretta dal nuovo Maestro Ymar Caguin","breadcrumb":{"@id":"https:\/\/www.intoscana.it\/it\/il-bruscello-di-montepulciano-porta-in-piazza-lorenzo-il-magnifico-il-poliziano-alla-corte-dei-medici\/#breadcrumb"},"inLanguage":"it-IT","potentialAction":[{"@type":"ReadAction","target":["https:\/\/www.intoscana.it\/it\/il-bruscello-di-montepulciano-porta-in-piazza-lorenzo-il-magnifico-il-poliziano-alla-corte-dei-medici\/"]}]},{"@type":"ImageObject","inLanguage":"it-IT","@id":"https:\/\/www.intoscana.it\/it\/il-bruscello-di-montepulciano-porta-in-piazza-lorenzo-il-magnifico-il-poliziano-alla-corte-dei-medici\/#primaryimage","url":"https:\/\/www.intoscana.it\/wp-content\/uploads\/b5123068c1f14fa54875256618c7047b-3.jpg","contentUrl":"https:\/\/www.intoscana.it\/wp-content\/uploads\/b5123068c1f14fa54875256618c7047b-3.jpg","width":1000,"height":665,"caption":"Bruscello di Montepulciano"},{"@type":"BreadcrumbList","@id":"https:\/\/www.intoscana.it\/it\/il-bruscello-di-montepulciano-porta-in-piazza-lorenzo-il-magnifico-il-poliziano-alla-corte-dei-medici\/#breadcrumb","itemListElement":[{"@type":"ListItem","position":1,"name":"Home","item":"https:\/\/www.intoscana.it\/it\/"},{"@type":"ListItem","position":2,"name":"Il Bruscello di Montepulciano porta in piazza \u201cLorenzo il Magnifico. Il Poliziano alla corte dei Medici\u201d"}]},{"@type":"WebSite","@id":"https:\/\/www.intoscana.it\/it\/#website","url":"https:\/\/www.intoscana.it\/it\/","name":"intoscana","description":"","potentialAction":[{"@type":"SearchAction","target":{"@type":"EntryPoint","urlTemplate":"https:\/\/www.intoscana.it\/it\/?s={search_term_string}"},"query-input":{"@type":"PropertyValueSpecification","valueRequired":true,"valueName":"search_term_string"}}],"inLanguage":"it-IT"},{"@type":"Person","@id":"https:\/\/www.intoscana.it\/it\/#\/schema\/person\/9223810753230f20bd670fdd322661f8","name":"Redazione","url":"https:\/\/www.intoscana.it\/it\/author\/redazione\/"}]}},"_links":{"self":[{"href":"https:\/\/www.intoscana.it\/it\/wp-json\/wp\/v2\/posts\/291525","targetHints":{"allow":["GET"]}}],"collection":[{"href":"https:\/\/www.intoscana.it\/it\/wp-json\/wp\/v2\/posts"}],"about":[{"href":"https:\/\/www.intoscana.it\/it\/wp-json\/wp\/v2\/types\/post"}],"author":[{"embeddable":true,"href":"https:\/\/www.intoscana.it\/it\/wp-json\/wp\/v2\/users\/525"}],"replies":[{"embeddable":true,"href":"https:\/\/www.intoscana.it\/it\/wp-json\/wp\/v2\/comments?post=291525"}],"version-history":[{"count":0,"href":"https:\/\/www.intoscana.it\/it\/wp-json\/wp\/v2\/posts\/291525\/revisions"}],"wp:featuredmedia":[{"embeddable":true,"href":"https:\/\/www.intoscana.it\/it\/wp-json\/wp\/v2\/media\/88172"}],"wp:attachment":[{"href":"https:\/\/www.intoscana.it\/it\/wp-json\/wp\/v2\/media?parent=291525"}],"wp:term":[{"taxonomy":"category","embeddable":true,"href":"https:\/\/www.intoscana.it\/it\/wp-json\/wp\/v2\/categories?post=291525"},{"taxonomy":"post_tag","embeddable":true,"href":"https:\/\/www.intoscana.it\/it\/wp-json\/wp\/v2\/tags?post=291525"}],"curies":[{"name":"wp","href":"https:\/\/api.w.org\/{rel}","templated":true}]}}