{"id":291790,"date":"2023-06-15T13:29:11","date_gmt":"2023-06-15T11:29:11","guid":{"rendered":"https:\/\/www.intoscana.it\/it\/?p=291790"},"modified":"2023-06-15T13:29:11","modified_gmt":"2023-06-15T11:29:11","slug":"in-toscana-200mila-persone-con-disabilita-lassessora-spinelli-impegnati-per-tenere-insieme-bisogni-e-diritti","status":"publish","type":"post","link":"https:\/\/www.intoscana.it\/it\/in-toscana-200mila-persone-con-disabilita-lassessora-spinelli-impegnati-per-tenere-insieme-bisogni-e-diritti\/","title":{"rendered":"In Toscana 200mila persone con disabilit\u00e0, l&#8217;assessora Spinelli: &#8220;Impegnati per tenere insieme bisogni e diritti&#8221;"},"content":{"rendered":"<p>Sono circa 200mila le persone con <strong>disabilit\u00e0<\/strong> in Toscana secondo gli ultimi dati Istat (2021), ma il numero \u00e8 in aumento e si rileva una spesa sanitaria pari a 135 milioni di euro. \u00c8 quanto emerge dal <mark>settimo rapporto sulle disabilit\u00e0 in Toscana, curato dall&#8217;Osservatorio sociale regionale. La crescita sarebbe infatti confermata dalle richieste dell&#8217;utenze negli uffici a loro dedicati:<\/mark> nel 2021 le commissioni competenti hanno certificato oltre 10.173 nuove persone con disabilit\u00e0 (di cui 3.844 con gravit\u00e0), i servizi sociali hanno aperto 789 nuove cartelle e nelle scuole dell\u2019obbligo si sono iscritti 787 nuovi alunni con disabilit\u00e0.<\/p>\n<p>Un report che secondo l\u2019assessora regionale alle politiche sociali <strong>Serena Spinelli<\/strong> \u00e8 &#8220;un aiuto prezioso per sviluppare nel modo migliore attivit\u00e0 e servizi rivolti alle persone con vari tipi di fragilit\u00e0&#8221;. \u201cCome Regione \u2013 ha proseguito &#8211; siamo costantemente impegnati, a stretto contatto con le Asl, i servizi sociosanitari degli ambiti territoriali, gli operatori, le professioni e il mondo del terzo settore, <mark>per una presa in cura delle disabilit\u00e0 che sia sempre pi\u00f9 basata sulla centralit\u00e0 della persona e sulla capacit\u00e0 di dare risposte integrate, tenendo insieme i bisogni e i diritti&#8221;.<\/mark><\/p>\n<p>L&#8217;incontro ha aperto anche una riflessione pi\u00f9 ampia, &#8220;nella quale al concetto di inclusione subentra quello di una piena e paritaria coesistenza tra tutte le <strong>diversit\u00e0<\/strong>, che ci porta a inquadrare ancora nuovi obiettivi e modalit\u00e0 di intervento&#8221;, ha concluso l&#8217;assessora.<\/p>\n<h3><em>I dati del rapporto<\/em><\/h3>\n<p>L\u2019istituto nazionale di statistica considera con disabilit\u00e0 le persone che dichiarano di avere limitazioni gravi nelle attivit\u00e0 svolte quotidianamente da almeno 6 mesi, per motivi di salute. Secondo gli ultimi risalenti al 2021, in Toscana sono quasi 200mila le persone con disabilit\u00e0. <mark>Sono poi da aggiungere gli ospiti con disabilit\u00e0 o non autosufficienti dei presidi residenziali socio assistenziali e socio sanitari, stimati in circa 15mila persone.<\/mark><\/p>\n<p>Le <strong>prestazioni<\/strong> pensionistiche erogate a persone con disabilit\u00e0 sono circa 240mila, mentre sono 53mila i titolari di rendite dirette per infortuni sul lavoro o malattie professionali pari all\u20191,55% della popolazione (dati Inail). Secondo L&#8217;osservatorio, le persone che risultano effettivamente in carico al servizio sociale professionale, nel 2020, sono state &#8211; nella fascia 0-64 anni &#8211; 31.625.<\/p>\n<p>Per quanto riguarda invece l\u2019ambito scolastico, in Toscana, <mark>gli alunni con disabilit\u00e0 nell\u2019anno scolastico 2022-2023 sono stati oltre 18mila, pari al 3,6% del totale della popolazione scolastica.<\/mark> I posti di sostegno attivati nello stesso anno scolastico sono stati oltre 14mila. Infine, per quanto riguarda l\u2019accesso al <strong>lavoro<\/strong>, i soggetti con disabilit\u00e0 iscritti al collocamento mirato hanno superato quota 40mila.<\/p>\n<p>Analizzando il servizio <strong>\u201cDopo di noi\u201d<\/strong> &#8211; il percorso per favorire l&#8217;autonomia dei disabili gravi- al 31 dicembre 2022, sono state 1.808 le persone che hanno presentato richiesta di ammissione ai progetti finanziati dal fondo, con un aumento del 2% rispetto all&#8217;anno precedente.<\/p>\n","protected":false},"excerpt":{"rendered":"<p>Presentato il settimo rapporto curato dall&#8217;Osservatorio sociale regionale. In ambito scolastico sono 18mila gli studenti disabili, mentre per l&#8217;accesso al lavoro sono 40mila i soggetti iscritti al collocamento mirato<\/p>\n","protected":false},"author":525,"featured_media":169899,"comment_status":"open","ping_status":"open","sticky":false,"template":"","format":"standard","meta":{"_acf_changed":false,"footnotes":""},"categories":[494],"tags":[406,4822,5298],"class_list":["post-291790","post","type-post","status-publish","format-standard","has-post-thumbnail","hentry","category-attualita","tag-disabilita","tag-serena-spinelli","tag-sociale"],"acf":[],"yoast_head":"<!-- This site is optimized with the Yoast SEO Premium plugin v24.2 (Yoast SEO v25.6) - https:\/\/yoast.com\/wordpress\/plugins\/seo\/ -->\n<title>In Toscana 200mila persone con disabilit\u00e0, l&#039;assessora Spinelli: &quot;Impegnati per tenere insieme bisogni e diritti&quot; - intoscana<\/title>\n<meta name=\"description\" content=\"Presentato il settimo rapporto curato dall&#039;Osservatorio sociale regionale. In ambito scolastico sono 18mila gli studenti disabili, mentre per l&#039;accesso al lavoro sono 40mila i soggetti iscritti al collocamento mirato\" \/>\n<meta name=\"robots\" content=\"index, follow, max-snippet:-1, max-image-preview:large, max-video-preview:-1\" \/>\n<link rel=\"canonical\" href=\"https:\/\/www.intoscana.it\/it\/in-toscana-200mila-persone-con-disabilita-lassessora-spinelli-impegnati-per-tenere-insieme-bisogni-e-diritti\/\" \/>\n<meta property=\"og:locale\" content=\"it_IT\" \/>\n<meta property=\"og:type\" content=\"article\" \/>\n<meta property=\"og:title\" content=\"In Toscana 200mila persone con disabilit\u00e0, l&#039;assessora Spinelli: &quot;Impegnati per tenere insieme bisogni e diritti&quot;\" \/>\n<meta property=\"og:description\" content=\"Presentato il settimo rapporto curato dall&#039;Osservatorio sociale regionale. In ambito scolastico sono 18mila gli studenti disabili, mentre per l&#039;accesso al lavoro sono 40mila i soggetti iscritti al collocamento mirato\" \/>\n<meta property=\"og:url\" content=\"https:\/\/www.intoscana.it\/it\/in-toscana-200mila-persone-con-disabilita-lassessora-spinelli-impegnati-per-tenere-insieme-bisogni-e-diritti\/\" \/>\n<meta property=\"og:site_name\" content=\"intoscana\" \/>\n<meta property=\"article:publisher\" content=\"https:\/\/www.facebook.com\/intoscana.it\" \/>\n<meta property=\"article:published_time\" content=\"2023-06-15T11:29:11+00:00\" \/>\n<meta property=\"og:image\" content=\"https:\/\/www.intoscana.it\/wp-content\/uploads\/Disabilita\u0300-Nathan-Anderson-Unsplash.jpg\" \/>\n\t<meta property=\"og:image:width\" content=\"1920\" \/>\n\t<meta property=\"og:image:height\" content=\"1282\" \/>\n\t<meta property=\"og:image:type\" content=\"image\/jpeg\" \/>\n<meta name=\"author\" content=\"Redazione\" \/>\n<meta name=\"twitter:card\" content=\"summary_large_image\" \/>\n<meta name=\"twitter:creator\" content=\"@intoscana\" \/>\n<meta name=\"twitter:site\" content=\"@intoscana\" \/>\n<meta name=\"twitter:label1\" content=\"Written by\" \/>\n\t<meta name=\"twitter:data1\" content=\"Redazione\" \/>\n\t<meta name=\"twitter:label2\" content=\"Est. reading time\" \/>\n\t<meta name=\"twitter:data2\" content=\"2 minuti\" \/>\n<script type=\"application\/ld+json\" class=\"yoast-schema-graph\">{\"@context\":\"https:\/\/schema.org\",\"@graph\":[{\"@type\":\"WebPage\",\"@id\":\"https:\/\/www.intoscana.it\/it\/in-toscana-200mila-persone-con-disabilita-lassessora-spinelli-impegnati-per-tenere-insieme-bisogni-e-diritti\/\",\"url\":\"https:\/\/www.intoscana.it\/it\/in-toscana-200mila-persone-con-disabilita-lassessora-spinelli-impegnati-per-tenere-insieme-bisogni-e-diritti\/\",\"name\":\"In Toscana 200mila persone con disabilit\u00e0, l'assessora Spinelli: \\\"Impegnati per tenere insieme bisogni e diritti\\\" - intoscana\",\"isPartOf\":{\"@id\":\"https:\/\/www.intoscana.it\/it\/#website\"},\"primaryImageOfPage\":{\"@id\":\"https:\/\/www.intoscana.it\/it\/in-toscana-200mila-persone-con-disabilita-lassessora-spinelli-impegnati-per-tenere-insieme-bisogni-e-diritti\/#primaryimage\"},\"image\":{\"@id\":\"https:\/\/www.intoscana.it\/it\/in-toscana-200mila-persone-con-disabilita-lassessora-spinelli-impegnati-per-tenere-insieme-bisogni-e-diritti\/#primaryimage\"},\"thumbnailUrl\":\"https:\/\/www.intoscana.it\/wp-content\/uploads\/Disabilita\u0300-Nathan-Anderson-Unsplash.jpg\",\"datePublished\":\"2023-06-15T11:29:11+00:00\",\"author\":{\"@id\":\"https:\/\/www.intoscana.it\/it\/#\/schema\/person\/9223810753230f20bd670fdd322661f8\"},\"description\":\"Presentato il settimo rapporto curato dall'Osservatorio sociale regionale. In ambito scolastico sono 18mila gli studenti disabili, mentre per l'accesso al lavoro sono 40mila i soggetti iscritti al collocamento mirato\",\"breadcrumb\":{\"@id\":\"https:\/\/www.intoscana.it\/it\/in-toscana-200mila-persone-con-disabilita-lassessora-spinelli-impegnati-per-tenere-insieme-bisogni-e-diritti\/#breadcrumb\"},\"inLanguage\":\"it-IT\",\"potentialAction\":[{\"@type\":\"ReadAction\",\"target\":[\"https:\/\/www.intoscana.it\/it\/in-toscana-200mila-persone-con-disabilita-lassessora-spinelli-impegnati-per-tenere-insieme-bisogni-e-diritti\/\"]}]},{\"@type\":\"ImageObject\",\"inLanguage\":\"it-IT\",\"@id\":\"https:\/\/www.intoscana.it\/it\/in-toscana-200mila-persone-con-disabilita-lassessora-spinelli-impegnati-per-tenere-insieme-bisogni-e-diritti\/#primaryimage\",\"url\":\"https:\/\/www.intoscana.it\/wp-content\/uploads\/Disabilita\u0300-Nathan-Anderson-Unsplash.jpg\",\"contentUrl\":\"https:\/\/www.intoscana.it\/wp-content\/uploads\/Disabilita\u0300-Nathan-Anderson-Unsplash.jpg\",\"width\":1920,\"height\":1282,\"caption\":\"Disabilita\u0300\"},{\"@type\":\"BreadcrumbList\",\"@id\":\"https:\/\/www.intoscana.it\/it\/in-toscana-200mila-persone-con-disabilita-lassessora-spinelli-impegnati-per-tenere-insieme-bisogni-e-diritti\/#breadcrumb\",\"itemListElement\":[{\"@type\":\"ListItem\",\"position\":1,\"name\":\"Home\",\"item\":\"https:\/\/www.intoscana.it\/it\/\"},{\"@type\":\"ListItem\",\"position\":2,\"name\":\"In Toscana 200mila persone con disabilit\u00e0, l&#8217;assessora Spinelli: &#8220;Impegnati per tenere insieme bisogni e diritti&#8221;\"}]},{\"@type\":\"WebSite\",\"@id\":\"https:\/\/www.intoscana.it\/it\/#website\",\"url\":\"https:\/\/www.intoscana.it\/it\/\",\"name\":\"intoscana\",\"description\":\"\",\"potentialAction\":[{\"@type\":\"SearchAction\",\"target\":{\"@type\":\"EntryPoint\",\"urlTemplate\":\"https:\/\/www.intoscana.it\/it\/?s={search_term_string}\"},\"query-input\":{\"@type\":\"PropertyValueSpecification\",\"valueRequired\":true,\"valueName\":\"search_term_string\"}}],\"inLanguage\":\"it-IT\"},{\"@type\":\"Person\",\"@id\":\"https:\/\/www.intoscana.it\/it\/#\/schema\/person\/9223810753230f20bd670fdd322661f8\",\"name\":\"Redazione\",\"url\":\"https:\/\/www.intoscana.it\/it\/author\/redazione\/\"}]}<\/script>\n<!-- \/ Yoast SEO Premium plugin. -->","yoast_head_json":{"title":"In Toscana 200mila persone con disabilit\u00e0, l'assessora Spinelli: \"Impegnati per tenere insieme bisogni e diritti\" - intoscana","description":"Presentato il settimo rapporto curato dall'Osservatorio sociale regionale. In ambito scolastico sono 18mila gli studenti disabili, mentre per l'accesso al lavoro sono 40mila i soggetti iscritti al collocamento mirato","robots":{"index":"index","follow":"follow","max-snippet":"max-snippet:-1","max-image-preview":"max-image-preview:large","max-video-preview":"max-video-preview:-1"},"canonical":"https:\/\/www.intoscana.it\/it\/in-toscana-200mila-persone-con-disabilita-lassessora-spinelli-impegnati-per-tenere-insieme-bisogni-e-diritti\/","og_locale":"it_IT","og_type":"article","og_title":"In Toscana 200mila persone con disabilit\u00e0, l'assessora Spinelli: \"Impegnati per tenere insieme bisogni e diritti\"","og_description":"Presentato il settimo rapporto curato dall'Osservatorio sociale regionale. In ambito scolastico sono 18mila gli studenti disabili, mentre per l'accesso al lavoro sono 40mila i soggetti iscritti al collocamento mirato","og_url":"https:\/\/www.intoscana.it\/it\/in-toscana-200mila-persone-con-disabilita-lassessora-spinelli-impegnati-per-tenere-insieme-bisogni-e-diritti\/","og_site_name":"intoscana","article_publisher":"https:\/\/www.facebook.com\/intoscana.it","article_published_time":"2023-06-15T11:29:11+00:00","og_image":[{"width":1920,"height":1282,"url":"https:\/\/www.intoscana.it\/wp-content\/uploads\/Disabilita\u0300-Nathan-Anderson-Unsplash.jpg","type":"image\/jpeg"}],"author":"Redazione","twitter_card":"summary_large_image","twitter_creator":"@intoscana","twitter_site":"@intoscana","twitter_misc":{"Written by":"Redazione","Est. reading time":"2 minuti"},"schema":{"@context":"https:\/\/schema.org","@graph":[{"@type":"WebPage","@id":"https:\/\/www.intoscana.it\/it\/in-toscana-200mila-persone-con-disabilita-lassessora-spinelli-impegnati-per-tenere-insieme-bisogni-e-diritti\/","url":"https:\/\/www.intoscana.it\/it\/in-toscana-200mila-persone-con-disabilita-lassessora-spinelli-impegnati-per-tenere-insieme-bisogni-e-diritti\/","name":"In Toscana 200mila persone con disabilit\u00e0, l'assessora Spinelli: \"Impegnati per tenere insieme bisogni e diritti\" - intoscana","isPartOf":{"@id":"https:\/\/www.intoscana.it\/it\/#website"},"primaryImageOfPage":{"@id":"https:\/\/www.intoscana.it\/it\/in-toscana-200mila-persone-con-disabilita-lassessora-spinelli-impegnati-per-tenere-insieme-bisogni-e-diritti\/#primaryimage"},"image":{"@id":"https:\/\/www.intoscana.it\/it\/in-toscana-200mila-persone-con-disabilita-lassessora-spinelli-impegnati-per-tenere-insieme-bisogni-e-diritti\/#primaryimage"},"thumbnailUrl":"https:\/\/www.intoscana.it\/wp-content\/uploads\/Disabilita\u0300-Nathan-Anderson-Unsplash.jpg","datePublished":"2023-06-15T11:29:11+00:00","author":{"@id":"https:\/\/www.intoscana.it\/it\/#\/schema\/person\/9223810753230f20bd670fdd322661f8"},"description":"Presentato il settimo rapporto curato dall'Osservatorio sociale regionale. In ambito scolastico sono 18mila gli studenti disabili, mentre per l'accesso al lavoro sono 40mila i soggetti iscritti al collocamento mirato","breadcrumb":{"@id":"https:\/\/www.intoscana.it\/it\/in-toscana-200mila-persone-con-disabilita-lassessora-spinelli-impegnati-per-tenere-insieme-bisogni-e-diritti\/#breadcrumb"},"inLanguage":"it-IT","potentialAction":[{"@type":"ReadAction","target":["https:\/\/www.intoscana.it\/it\/in-toscana-200mila-persone-con-disabilita-lassessora-spinelli-impegnati-per-tenere-insieme-bisogni-e-diritti\/"]}]},{"@type":"ImageObject","inLanguage":"it-IT","@id":"https:\/\/www.intoscana.it\/it\/in-toscana-200mila-persone-con-disabilita-lassessora-spinelli-impegnati-per-tenere-insieme-bisogni-e-diritti\/#primaryimage","url":"https:\/\/www.intoscana.it\/wp-content\/uploads\/Disabilita\u0300-Nathan-Anderson-Unsplash.jpg","contentUrl":"https:\/\/www.intoscana.it\/wp-content\/uploads\/Disabilita\u0300-Nathan-Anderson-Unsplash.jpg","width":1920,"height":1282,"caption":"Disabilita\u0300"},{"@type":"BreadcrumbList","@id":"https:\/\/www.intoscana.it\/it\/in-toscana-200mila-persone-con-disabilita-lassessora-spinelli-impegnati-per-tenere-insieme-bisogni-e-diritti\/#breadcrumb","itemListElement":[{"@type":"ListItem","position":1,"name":"Home","item":"https:\/\/www.intoscana.it\/it\/"},{"@type":"ListItem","position":2,"name":"In Toscana 200mila persone con disabilit\u00e0, l&#8217;assessora Spinelli: &#8220;Impegnati per tenere insieme bisogni e diritti&#8221;"}]},{"@type":"WebSite","@id":"https:\/\/www.intoscana.it\/it\/#website","url":"https:\/\/www.intoscana.it\/it\/","name":"intoscana","description":"","potentialAction":[{"@type":"SearchAction","target":{"@type":"EntryPoint","urlTemplate":"https:\/\/www.intoscana.it\/it\/?s={search_term_string}"},"query-input":{"@type":"PropertyValueSpecification","valueRequired":true,"valueName":"search_term_string"}}],"inLanguage":"it-IT"},{"@type":"Person","@id":"https:\/\/www.intoscana.it\/it\/#\/schema\/person\/9223810753230f20bd670fdd322661f8","name":"Redazione","url":"https:\/\/www.intoscana.it\/it\/author\/redazione\/"}]}},"_links":{"self":[{"href":"https:\/\/www.intoscana.it\/it\/wp-json\/wp\/v2\/posts\/291790","targetHints":{"allow":["GET"]}}],"collection":[{"href":"https:\/\/www.intoscana.it\/it\/wp-json\/wp\/v2\/posts"}],"about":[{"href":"https:\/\/www.intoscana.it\/it\/wp-json\/wp\/v2\/types\/post"}],"author":[{"embeddable":true,"href":"https:\/\/www.intoscana.it\/it\/wp-json\/wp\/v2\/users\/525"}],"replies":[{"embeddable":true,"href":"https:\/\/www.intoscana.it\/it\/wp-json\/wp\/v2\/comments?post=291790"}],"version-history":[{"count":0,"href":"https:\/\/www.intoscana.it\/it\/wp-json\/wp\/v2\/posts\/291790\/revisions"}],"wp:featuredmedia":[{"embeddable":true,"href":"https:\/\/www.intoscana.it\/it\/wp-json\/wp\/v2\/media\/169899"}],"wp:attachment":[{"href":"https:\/\/www.intoscana.it\/it\/wp-json\/wp\/v2\/media?parent=291790"}],"wp:term":[{"taxonomy":"category","embeddable":true,"href":"https:\/\/www.intoscana.it\/it\/wp-json\/wp\/v2\/categories?post=291790"},{"taxonomy":"post_tag","embeddable":true,"href":"https:\/\/www.intoscana.it\/it\/wp-json\/wp\/v2\/tags?post=291790"}],"curies":[{"name":"wp","href":"https:\/\/api.w.org\/{rel}","templated":true}]}}