{"id":291809,"date":"2023-06-15T15:41:29","date_gmt":"2023-06-15T13:41:29","guid":{"rendered":"https:\/\/www.intoscana.it\/it\/?p=291809"},"modified":"2023-06-15T16:16:36","modified_gmt":"2023-06-15T14:16:36","slug":"appenninia-wine-festival-parte-da-vicchio-la-riscossa-dei-vini-mugellani","status":"publish","type":"post","link":"https:\/\/www.intoscana.it\/it\/appenninia-wine-festival-parte-da-vicchio-la-riscossa-dei-vini-mugellani\/","title":{"rendered":"Appenninia Wine Festival, parte da Vicchio la riscossa dei vini mugellani"},"content":{"rendered":"<p><strong>I vini dell&#8217;Appennino<\/strong>, espressione di un territorio che \u00e8 la spina dorsale del centro Italia hanno finalmente la loro manifestazione. Arriva <strong>dal Mugello il festival<\/strong> che esalta etichette e produttori vinicoli lungo la Dorsale. La prima edizione di \u201c<em>Appenninia Wine Festival<\/em>\u201d si tiene <strong>il 19 giugno a Vicchio<\/strong>. Un luned\u00ec per consentire proprio a ristoranti e distributori di poter partecipare alla giornata.<\/p>\n<p>Un appuntamento nato da un\u2019idea del sindaco di Vicchio <strong>Filippo Carl\u00e0 Campa<\/strong>. La mattina la prima parte della kermesse \u00e8 rivolta agli operatori di settore (ristoratori, distributori commercial e media) mentre dalle 18 il festival aprir\u00e0 le sue porte al pubblico degli appassionati. In programma <strong>degustazioni di vini<\/strong> sotto le logge di piazza della Vittoria. Il pubblico (ingresso 15 euro, con calice e porta calice in omaggio) avr\u00e0 la possibilit\u00e0 di <strong>incontrare i produttori<\/strong>.<\/p>\n<h3>Una ventina i produttori presenti<\/h3>\n<p><strong>Una ventina i viticoltori<\/strong> che prenderanno parte a questa prima edizione della rassegna: oltre alle <strong>6 aziende di Vicchio<\/strong>, hanno dato la loro adesione <strong>10 aziende mugellane<\/strong>: da Dicomano a Pietramala. Presente anche una delegazione di <strong>4 produttori dell\u2019Appennino italiano<\/strong>, in particolare dell\u2019area del forlivese e della montagna lucchese.<\/p>\n<p>Tra i nomi alcune vecchie conoscenze come il Rio di <strong>Paolo Cerrini<\/strong>, autentico veterano del Pinot Nero in Mugello e nuove realt\u00e0 come le Terre Alte di Pietramala di <strong>Simone Menichetti<\/strong>. Uno spaccato su un territorio ricco di realt\u00e0 di grande interesse sotto il profilo enologico come dimostra la nascita della<strong> Pro.Vi.Vi<\/strong>, realt\u00e0 che riunisce <strong>i produttori di vino di Vicchio<\/strong>.<\/p>\n<figure id=\"post-291842 media-291842\" class=\"align-none\"><img decoding=\"async\" src=\"https:\/\/www.intoscana.it\/wp-content\/uploads\/La-presentazione-di-Appenninia-Wine-Festival-e1686836480115.jpeg\" alt=\"\" \/><\/figure>\n<div class=\"titleimg\">La presentazione di Appenninia Wine Festival<\/div>\n<h3>Vino, la riscossa del Mugello<\/h3>\n<p>\u201c<em>Appenninia Wine Festival \u00e8 un\u2019idea intelligente che va in varie direzioni: la promozione del vino, del territorio, del turismo, della montagna appenninica<\/em> \u2013 ha detto <strong>la vicepresidente Saccardi<\/strong> \u2013 <em>Un\u2019occasione che rappresenta alla perfezione quello che chiamiamo sviluppo integrato e sostenibile di un territorio. Un\u2019occasione per far conoscere di pi\u00f9 e apprezzare prodotti come il vino che si produce in Mugello dove \u00e8 ripresa dopo anni la coltivazione delle vigne con una scelta oculata di nuovi vitigni, il recupero di vecchi vigneti, il controllo delle uve con la produzione di vini piacevoli e di notevole struttura, dai profumi intensi e fruttati, dal gusto pieno e armonico<\/em>\u201d.<\/p>\n<h3>Nuovi sogni, vigne e vini<\/h3>\n<p>L\u2019idea di \u2018<em>Appenninia Wine Festival\u2019, <\/em>ha spiegato <strong>il sindaco Carl\u00e0 Campa<\/strong> nasce per celebrare quella che per molti \u00e8 &#8220;<em>una montagna minore&#8221;. <\/em>In realt\u00e0 per il primo cittadino siamo di fronte a una terra preziosa &#8220;<em>da riscoprire, riconquistare e vivere pienamente. Un luogo di radici lontane, di identit\u00e0 perdute, di partenze e di abbandoni, ma al tempo stesso una montagna dove per secoli si sono conservati il sapere, la cultura, la spiritualit\u00e0. Da qualche tempo, per fortuna e grazie all\u2019impegno di molte persone che credono in questo territorio cos\u00ec particolare, l\u2019Appennino \u00e8 anche terra di ritorni, di nuovi sogni, di vigne e vini. Un nuovo Appennino sta nascendo e noi vogliamo dargli voce<\/em>\u201d.<\/p>\n<h3>Appenninia, un meta-brand<\/h3>\n<p>Una rinascita che pu\u00f2 portare<strong> l&#8217;Appennino e Vicchio<\/strong> a centrare obiettivi importanti. \u201c<em>Appenninia nasce per essere un meta-brand<\/em> &#8211; spiega <strong>Gianluca Lisi<\/strong>, City Branding Consultant del Comune di Vicchio -. <em>Vogliamo costruire qualcosa per Vicchio che sia utile anche per tutte le realt\u00e0 appenniniche: perch\u00e9 soltanto uniti alle altre realt\u00e0 appenniniche possiamo pienamente valorizzare la nostra&#8221;.<\/em><\/p>\n<p>Per prenotare i biglietti saranno disponibili in prevendita presso la Pro Loco di Vicchio dal marted\u00ec al sabato dalle 10 alle 12.30 e dal gioved\u00ec al sabato dalle 16.30 alle 19. Info al numero 324.9070857. Posti limitati.<\/p>\n","protected":false},"excerpt":{"rendered":"<p>Luned\u00ec 19 giugno degustazione di etichette del Centro Italia per conoscere produttori e realt\u00e0 vinicole del territorio<\/p>\n","protected":false},"author":554,"featured_media":291820,"comment_status":"open","ping_status":"open","sticky":false,"template":"","format":"standard","meta":{"_acf_changed":false,"footnotes":""},"categories":[8],"tags":[228,4769,5604],"class_list":["post-291809","post","type-post","status-publish","format-standard","has-post-thumbnail","hentry","category-enogastronomia","tag-festival","tag-stefania-saccardi","tag-vini-toscani"],"acf":[],"yoast_head":"<!-- This site is optimized with the Yoast SEO Premium plugin v24.2 (Yoast SEO v25.6) - https:\/\/yoast.com\/wordpress\/plugins\/seo\/ -->\n<title>Appenninia Wine Festival, la riscossa dei vini mugellani - intoscana<\/title>\n<meta name=\"description\" content=\"Luned\u00ec 19 giugno degustazione di etichette del Centro Italia per conoscere produttori e realt\u00e0 vinicole del territorio\" \/>\n<meta name=\"robots\" content=\"index, follow, max-snippet:-1, max-image-preview:large, max-video-preview:-1\" \/>\n<link rel=\"canonical\" href=\"https:\/\/www.intoscana.it\/it\/appenninia-wine-festival-parte-da-vicchio-la-riscossa-dei-vini-mugellani\/\" \/>\n<meta property=\"og:locale\" content=\"it_IT\" \/>\n<meta property=\"og:type\" content=\"article\" \/>\n<meta property=\"og:title\" content=\"Appenninia Wine Festival, parte da Vicchio la riscossa dei vini mugellani\" \/>\n<meta property=\"og:description\" content=\"Luned\u00ec 19 giugno degustazione di etichette del Centro Italia per conoscere produttori e realt\u00e0 vinicole del territorio\" \/>\n<meta property=\"og:url\" content=\"https:\/\/www.intoscana.it\/it\/appenninia-wine-festival-parte-da-vicchio-la-riscossa-dei-vini-mugellani\/\" \/>\n<meta property=\"og:site_name\" content=\"intoscana\" \/>\n<meta property=\"article:publisher\" content=\"https:\/\/www.facebook.com\/intoscana.it\" \/>\n<meta property=\"article:published_time\" content=\"2023-06-15T13:41:29+00:00\" \/>\n<meta property=\"article:modified_time\" content=\"2023-06-15T14:16:36+00:00\" \/>\n<meta property=\"og:image\" content=\"https:\/\/www.intoscana.it\/wp-content\/uploads\/Lazienda-agricola-Il-Rio.jpeg\" \/>\n\t<meta property=\"og:image:width\" content=\"2000\" \/>\n\t<meta property=\"og:image:height\" content=\"1335\" \/>\n\t<meta property=\"og:image:type\" content=\"image\/jpeg\" \/>\n<meta name=\"author\" content=\"Raffaella Galamini\" \/>\n<meta name=\"twitter:card\" content=\"summary_large_image\" \/>\n<meta name=\"twitter:creator\" content=\"@orio\" \/>\n<meta name=\"twitter:site\" content=\"@intoscana\" \/>\n<meta name=\"twitter:label1\" content=\"Written by\" \/>\n\t<meta name=\"twitter:data1\" content=\"Raffaella Galamini\" \/>\n\t<meta name=\"twitter:label2\" content=\"Est. reading time\" \/>\n\t<meta name=\"twitter:data2\" content=\"3 minuti\" \/>\n<script type=\"application\/ld+json\" class=\"yoast-schema-graph\">{\"@context\":\"https:\/\/schema.org\",\"@graph\":[{\"@type\":\"WebPage\",\"@id\":\"https:\/\/www.intoscana.it\/it\/appenninia-wine-festival-parte-da-vicchio-la-riscossa-dei-vini-mugellani\/\",\"url\":\"https:\/\/www.intoscana.it\/it\/appenninia-wine-festival-parte-da-vicchio-la-riscossa-dei-vini-mugellani\/\",\"name\":\"Appenninia Wine Festival, la riscossa dei vini mugellani - intoscana\",\"isPartOf\":{\"@id\":\"https:\/\/www.intoscana.it\/it\/#website\"},\"primaryImageOfPage\":{\"@id\":\"https:\/\/www.intoscana.it\/it\/appenninia-wine-festival-parte-da-vicchio-la-riscossa-dei-vini-mugellani\/#primaryimage\"},\"image\":{\"@id\":\"https:\/\/www.intoscana.it\/it\/appenninia-wine-festival-parte-da-vicchio-la-riscossa-dei-vini-mugellani\/#primaryimage\"},\"thumbnailUrl\":\"https:\/\/www.intoscana.it\/wp-content\/uploads\/Lazienda-agricola-Il-Rio.jpeg\",\"datePublished\":\"2023-06-15T13:41:29+00:00\",\"dateModified\":\"2023-06-15T14:16:36+00:00\",\"author\":{\"@id\":\"https:\/\/www.intoscana.it\/it\/#\/schema\/person\/9eb9daa846a49fe51af39a73d9d1986b\"},\"description\":\"Luned\u00ec 19 giugno degustazione di etichette del Centro Italia per conoscere produttori e realt\u00e0 vinicole del territorio\",\"breadcrumb\":{\"@id\":\"https:\/\/www.intoscana.it\/it\/appenninia-wine-festival-parte-da-vicchio-la-riscossa-dei-vini-mugellani\/#breadcrumb\"},\"inLanguage\":\"it-IT\",\"potentialAction\":[{\"@type\":\"ReadAction\",\"target\":[\"https:\/\/www.intoscana.it\/it\/appenninia-wine-festival-parte-da-vicchio-la-riscossa-dei-vini-mugellani\/\"]}]},{\"@type\":\"ImageObject\",\"inLanguage\":\"it-IT\",\"@id\":\"https:\/\/www.intoscana.it\/it\/appenninia-wine-festival-parte-da-vicchio-la-riscossa-dei-vini-mugellani\/#primaryimage\",\"url\":\"https:\/\/www.intoscana.it\/wp-content\/uploads\/Lazienda-agricola-Il-Rio.jpeg\",\"contentUrl\":\"https:\/\/www.intoscana.it\/wp-content\/uploads\/Lazienda-agricola-Il-Rio.jpeg\",\"width\":2000,\"height\":1335},{\"@type\":\"BreadcrumbList\",\"@id\":\"https:\/\/www.intoscana.it\/it\/appenninia-wine-festival-parte-da-vicchio-la-riscossa-dei-vini-mugellani\/#breadcrumb\",\"itemListElement\":[{\"@type\":\"ListItem\",\"position\":1,\"name\":\"Home\",\"item\":\"https:\/\/www.intoscana.it\/it\/\"},{\"@type\":\"ListItem\",\"position\":2,\"name\":\"Appenninia Wine Festival, parte da Vicchio la riscossa dei vini mugellani\"}]},{\"@type\":\"WebSite\",\"@id\":\"https:\/\/www.intoscana.it\/it\/#website\",\"url\":\"https:\/\/www.intoscana.it\/it\/\",\"name\":\"intoscana\",\"description\":\"\",\"potentialAction\":[{\"@type\":\"SearchAction\",\"target\":{\"@type\":\"EntryPoint\",\"urlTemplate\":\"https:\/\/www.intoscana.it\/it\/?s={search_term_string}\"},\"query-input\":{\"@type\":\"PropertyValueSpecification\",\"valueRequired\":true,\"valueName\":\"search_term_string\"}}],\"inLanguage\":\"it-IT\"},{\"@type\":\"Person\",\"@id\":\"https:\/\/www.intoscana.it\/it\/#\/schema\/person\/9eb9daa846a49fe51af39a73d9d1986b\",\"name\":\"Raffaella Galamini\",\"sameAs\":[\"https:\/\/x.com\/orio\"],\"url\":\"https:\/\/www.intoscana.it\/it\/author\/r-galamini\/\"}]}<\/script>\n<!-- \/ Yoast SEO Premium plugin. -->","yoast_head_json":{"title":"Appenninia Wine Festival, la riscossa dei vini mugellani - intoscana","description":"Luned\u00ec 19 giugno degustazione di etichette del Centro Italia per conoscere produttori e realt\u00e0 vinicole del territorio","robots":{"index":"index","follow":"follow","max-snippet":"max-snippet:-1","max-image-preview":"max-image-preview:large","max-video-preview":"max-video-preview:-1"},"canonical":"https:\/\/www.intoscana.it\/it\/appenninia-wine-festival-parte-da-vicchio-la-riscossa-dei-vini-mugellani\/","og_locale":"it_IT","og_type":"article","og_title":"Appenninia Wine Festival, parte da Vicchio la riscossa dei vini mugellani","og_description":"Luned\u00ec 19 giugno degustazione di etichette del Centro Italia per conoscere produttori e realt\u00e0 vinicole del territorio","og_url":"https:\/\/www.intoscana.it\/it\/appenninia-wine-festival-parte-da-vicchio-la-riscossa-dei-vini-mugellani\/","og_site_name":"intoscana","article_publisher":"https:\/\/www.facebook.com\/intoscana.it","article_published_time":"2023-06-15T13:41:29+00:00","article_modified_time":"2023-06-15T14:16:36+00:00","og_image":[{"width":2000,"height":1335,"url":"https:\/\/www.intoscana.it\/wp-content\/uploads\/Lazienda-agricola-Il-Rio.jpeg","type":"image\/jpeg"}],"author":"Raffaella Galamini","twitter_card":"summary_large_image","twitter_creator":"@orio","twitter_site":"@intoscana","twitter_misc":{"Written by":"Raffaella Galamini","Est. reading time":"3 minuti"},"schema":{"@context":"https:\/\/schema.org","@graph":[{"@type":"WebPage","@id":"https:\/\/www.intoscana.it\/it\/appenninia-wine-festival-parte-da-vicchio-la-riscossa-dei-vini-mugellani\/","url":"https:\/\/www.intoscana.it\/it\/appenninia-wine-festival-parte-da-vicchio-la-riscossa-dei-vini-mugellani\/","name":"Appenninia Wine Festival, la riscossa dei vini mugellani - intoscana","isPartOf":{"@id":"https:\/\/www.intoscana.it\/it\/#website"},"primaryImageOfPage":{"@id":"https:\/\/www.intoscana.it\/it\/appenninia-wine-festival-parte-da-vicchio-la-riscossa-dei-vini-mugellani\/#primaryimage"},"image":{"@id":"https:\/\/www.intoscana.it\/it\/appenninia-wine-festival-parte-da-vicchio-la-riscossa-dei-vini-mugellani\/#primaryimage"},"thumbnailUrl":"https:\/\/www.intoscana.it\/wp-content\/uploads\/Lazienda-agricola-Il-Rio.jpeg","datePublished":"2023-06-15T13:41:29+00:00","dateModified":"2023-06-15T14:16:36+00:00","author":{"@id":"https:\/\/www.intoscana.it\/it\/#\/schema\/person\/9eb9daa846a49fe51af39a73d9d1986b"},"description":"Luned\u00ec 19 giugno degustazione di etichette del Centro Italia per conoscere produttori e realt\u00e0 vinicole del territorio","breadcrumb":{"@id":"https:\/\/www.intoscana.it\/it\/appenninia-wine-festival-parte-da-vicchio-la-riscossa-dei-vini-mugellani\/#breadcrumb"},"inLanguage":"it-IT","potentialAction":[{"@type":"ReadAction","target":["https:\/\/www.intoscana.it\/it\/appenninia-wine-festival-parte-da-vicchio-la-riscossa-dei-vini-mugellani\/"]}]},{"@type":"ImageObject","inLanguage":"it-IT","@id":"https:\/\/www.intoscana.it\/it\/appenninia-wine-festival-parte-da-vicchio-la-riscossa-dei-vini-mugellani\/#primaryimage","url":"https:\/\/www.intoscana.it\/wp-content\/uploads\/Lazienda-agricola-Il-Rio.jpeg","contentUrl":"https:\/\/www.intoscana.it\/wp-content\/uploads\/Lazienda-agricola-Il-Rio.jpeg","width":2000,"height":1335},{"@type":"BreadcrumbList","@id":"https:\/\/www.intoscana.it\/it\/appenninia-wine-festival-parte-da-vicchio-la-riscossa-dei-vini-mugellani\/#breadcrumb","itemListElement":[{"@type":"ListItem","position":1,"name":"Home","item":"https:\/\/www.intoscana.it\/it\/"},{"@type":"ListItem","position":2,"name":"Appenninia Wine Festival, parte da Vicchio la riscossa dei vini mugellani"}]},{"@type":"WebSite","@id":"https:\/\/www.intoscana.it\/it\/#website","url":"https:\/\/www.intoscana.it\/it\/","name":"intoscana","description":"","potentialAction":[{"@type":"SearchAction","target":{"@type":"EntryPoint","urlTemplate":"https:\/\/www.intoscana.it\/it\/?s={search_term_string}"},"query-input":{"@type":"PropertyValueSpecification","valueRequired":true,"valueName":"search_term_string"}}],"inLanguage":"it-IT"},{"@type":"Person","@id":"https:\/\/www.intoscana.it\/it\/#\/schema\/person\/9eb9daa846a49fe51af39a73d9d1986b","name":"Raffaella Galamini","sameAs":["https:\/\/x.com\/orio"],"url":"https:\/\/www.intoscana.it\/it\/author\/r-galamini\/"}]}},"_links":{"self":[{"href":"https:\/\/www.intoscana.it\/it\/wp-json\/wp\/v2\/posts\/291809","targetHints":{"allow":["GET"]}}],"collection":[{"href":"https:\/\/www.intoscana.it\/it\/wp-json\/wp\/v2\/posts"}],"about":[{"href":"https:\/\/www.intoscana.it\/it\/wp-json\/wp\/v2\/types\/post"}],"author":[{"embeddable":true,"href":"https:\/\/www.intoscana.it\/it\/wp-json\/wp\/v2\/users\/554"}],"replies":[{"embeddable":true,"href":"https:\/\/www.intoscana.it\/it\/wp-json\/wp\/v2\/comments?post=291809"}],"version-history":[{"count":0,"href":"https:\/\/www.intoscana.it\/it\/wp-json\/wp\/v2\/posts\/291809\/revisions"}],"wp:featuredmedia":[{"embeddable":true,"href":"https:\/\/www.intoscana.it\/it\/wp-json\/wp\/v2\/media\/291820"}],"wp:attachment":[{"href":"https:\/\/www.intoscana.it\/it\/wp-json\/wp\/v2\/media?parent=291809"}],"wp:term":[{"taxonomy":"category","embeddable":true,"href":"https:\/\/www.intoscana.it\/it\/wp-json\/wp\/v2\/categories?post=291809"},{"taxonomy":"post_tag","embeddable":true,"href":"https:\/\/www.intoscana.it\/it\/wp-json\/wp\/v2\/tags?post=291809"}],"curies":[{"name":"wp","href":"https:\/\/api.w.org\/{rel}","templated":true}]}}