{"id":291947,"date":"2023-06-16T11:05:22","date_gmt":"2023-06-16T09:05:22","guid":{"rendered":"https:\/\/www.intoscana.it\/it\/?p=291947"},"modified":"2023-06-16T11:05:22","modified_gmt":"2023-06-16T09:05:22","slug":"primavera-dimpresa-chi-sono-le-tre-aziende-toscane-premiate","status":"publish","type":"post","link":"https:\/\/www.intoscana.it\/it\/primavera-dimpresa-chi-sono-le-tre-aziende-toscane-premiate\/","title":{"rendered":"Primavera d&#8217;impresa, chi sono le tre aziende toscane premiate"},"content":{"rendered":"<p><strong>Polypaper<\/strong>, la plastica che si smaltisce nella carta realizzata da Lmpe di Lucca. <strong>Prodigi<\/strong>, uno strumento diagnostico portatile che usa l&#8217;intelligenza artificiale ideato da Inta di Pisa. E <strong>Ari<\/strong>, un robot per separare i rifiuti creato da Technology for automation di Pisa. Sono questi <mark>i vincitori dell&#8217;edizione 2023 del premio Primavera d\u2019Impresa, il concorso promosso dall\u2019associazione di promozione sociale Coltiviamo Cultura rivolto a micro, piccole e medie imprese che siano riuscite, attraverso l&#8217;innovazione e la creativit\u00e0, a diventare pi\u00f9 competitive.<\/mark> Le aziende candidate erano 250, &#8220;tutte caratterizzate da idee innovative e creative e profili di alto livello\u201d afferma Sara Stefanini, presidentessa di Coltiviamo Cultura.<\/p>\n<h3>Le aziende vincitrici<\/h3>\n<p><strong>Polypaper<\/strong> \u00e8 un materiale termoplastico assimilabile alla carta, costituito fino al 51% da cellulosa, pu\u00f2 essere stampato come la plastica e riciclato come la carta. Ha lo scopo di sostituire materiali attualmente pi\u00f9 impattanti o non recuperabili in diverse applicazioni, quali il packaging, il settore balistico o tutti quei settori il cui rifiuto pu\u00f2 essere disperso nell\u2019ambiente. Il Polypaper \u00e8 il candidato ideale per sostituire, ad esempio, il polistirolo espanso utilizzato come riempitivo e antiurto nel packaging. <mark>Nel caso in cui il Polypaper venga disperso nell\u2019ambiente non porter\u00e0 alla formazione di microplastica: \u00e8 composto per almeno il 50% da materiale facilmente biodegradabile<\/mark> ed i restanti componenti sono idrosolubili, non ecotossici e maggiormente mineralizzabili rispetto alle plastiche tradizionali.<\/p>\n<p><strong>Prodigi<\/strong> &#8211; Portable Diagnostic Instrument for Bio-analyte Detection and Identification \u00e8 realizzato da Inta, societ\u00e0 costituita nel 2020 come spinoff della Scuola Normale Superiore e del Cnr di Pisa. Si tratta di un prodotto per analisi portabile composto da hardware e software e basato su intelligenza artificiale; questo prodotto sar\u00e0 <mark>dedicato alla rilevazione di danni cerebrali da trauma in pazienti o la rilevazione di batteri evirus su pazienti o per monitoraggio ambientale.<\/mark> L&#8217;obiettivo \u00e8 produrre una serie di dispositivi ingegnerizzati e pronti per la produzione di massa, validati per l\u2019utilizzo in ambito diagnostico biomedicale.<\/p>\n<p><strong>Ari<\/strong> (Artificial Recycling Intelligence) di Technology for automation consiste in un sistema automatico robotizzato in grado di selezionare in modo rapido ed efficace i rifiuti provenienti dalle discariche. <mark>Ogni anno in Italia sono 180 milioni le tonnellate di rifiuti smaltiti: Ari permetter\u00e0 di riconoscere e recuperare i materiali molto pi\u00f9 velocemente ed in quantit\u00e0 maggiori rispetto a quanto sia consentito all\u2019occhio e alla mano umana,<\/mark> con un conseguente minor conferimento in discarica e un guadagno derivato dal reinserimento all\u2019interno del ciclo produttivo.<\/p>\n<p>Hanno ottenuto una menzione speciale <strong>Pacmob<\/strong>, una app per mettere in contatto turisti e trasporti per una gestione sostenibile del territorio, <strong>Ecogeko<\/strong>, una start-up innovativa a sfondo sociale e spin-off dell\u2019Universit\u00e0 di Pisa che mette insieme l\u2019esperienza nella pianificazione della mobilit\u00e0 con la ricerca, e infine <a href=\"https:\/\/www.intoscana.it\/it\/dettaglio-video\/primavera-impresa-edo-radici-felici\/\" target=\"_blank\" rel=\"noopener\">Edo-Radici Felici<\/a> che progetta e fornisce soluzioni innovative, per la produzione fuori suolo di ortaggi a foglie e frutto, piante ed erbe officinali utilizzando la tecnologia aeroponica.<\/p>\n<p>&nbsp;<\/p>\n","protected":false},"excerpt":{"rendered":"<p>Polypaper, Prodigi e Ari: i vincitori dell&#8217;edizione 2023 del concorso promosso dall\u2019associazione Coltiviamo Cultura rivolto a micro, piccole e medie imprese<\/p>\n","protected":false},"author":525,"featured_media":291952,"comment_status":"open","ping_status":"open","sticky":false,"template":"","format":"standard","meta":{"_acf_changed":false,"footnotes":""},"categories":[475],"tags":[1635],"class_list":["post-291947","post","type-post","status-publish","format-standard","has-post-thumbnail","hentry","category-innovazione","tag-primavera-dimpresa"],"acf":[],"yoast_head":"<!-- This site is optimized with the Yoast SEO Premium plugin v24.2 (Yoast SEO v25.6) - https:\/\/yoast.com\/wordpress\/plugins\/seo\/ -->\n<title>Primavera d&#039;impresa, chi sono le tre aziende toscane premiate - intoscana<\/title>\n<meta name=\"description\" content=\"Polypaper, Prodigi\u00a0e\u00a0Ari: i vincitori dell&#039;edizione 2023 del concorso promosso dall\u2019associazione di promozione sociale Coltiviamo Cultura rivolto a micro, piccole e medie imprese\" \/>\n<meta name=\"robots\" content=\"index, follow, max-snippet:-1, max-image-preview:large, max-video-preview:-1\" \/>\n<link rel=\"canonical\" href=\"https:\/\/www.intoscana.it\/it\/primavera-dimpresa-chi-sono-le-tre-aziende-toscane-premiate\/\" \/>\n<meta property=\"og:locale\" content=\"it_IT\" \/>\n<meta property=\"og:type\" content=\"article\" \/>\n<meta property=\"og:title\" content=\"Primavera d&#039;impresa, chi sono le tre aziende toscane premiate\" \/>\n<meta property=\"og:description\" content=\"Polypaper, Prodigi\u00a0e\u00a0Ari: i vincitori dell&#039;edizione 2023 del concorso promosso dall\u2019associazione di promozione sociale Coltiviamo Cultura rivolto a micro, piccole e medie imprese\" \/>\n<meta property=\"og:url\" content=\"https:\/\/www.intoscana.it\/it\/primavera-dimpresa-chi-sono-le-tre-aziende-toscane-premiate\/\" \/>\n<meta property=\"og:site_name\" content=\"intoscana\" \/>\n<meta property=\"article:publisher\" content=\"https:\/\/www.facebook.com\/intoscana.it\" \/>\n<meta property=\"article:published_time\" content=\"2023-06-16T09:05:22+00:00\" \/>\n<meta property=\"og:image\" content=\"https:\/\/www.intoscana.it\/wp-content\/uploads\/Primavera-dimpresa-2-scaled.jpg\" \/>\n\t<meta property=\"og:image:width\" content=\"2048\" \/>\n\t<meta property=\"og:image:height\" content=\"1365\" \/>\n\t<meta property=\"og:image:type\" content=\"image\/jpeg\" \/>\n<meta name=\"author\" content=\"Redazione\" \/>\n<meta name=\"twitter:card\" content=\"summary_large_image\" \/>\n<meta name=\"twitter:creator\" content=\"@intoscana\" \/>\n<meta name=\"twitter:site\" content=\"@intoscana\" \/>\n<meta name=\"twitter:label1\" content=\"Written by\" \/>\n\t<meta name=\"twitter:data1\" content=\"Redazione\" \/>\n\t<meta name=\"twitter:label2\" content=\"Est. reading time\" \/>\n\t<meta name=\"twitter:data2\" content=\"2 minuti\" \/>\n<script type=\"application\/ld+json\" class=\"yoast-schema-graph\">{\"@context\":\"https:\/\/schema.org\",\"@graph\":[{\"@type\":\"WebPage\",\"@id\":\"https:\/\/www.intoscana.it\/it\/primavera-dimpresa-chi-sono-le-tre-aziende-toscane-premiate\/\",\"url\":\"https:\/\/www.intoscana.it\/it\/primavera-dimpresa-chi-sono-le-tre-aziende-toscane-premiate\/\",\"name\":\"Primavera d'impresa, chi sono le tre aziende toscane premiate - intoscana\",\"isPartOf\":{\"@id\":\"https:\/\/www.intoscana.it\/it\/#website\"},\"primaryImageOfPage\":{\"@id\":\"https:\/\/www.intoscana.it\/it\/primavera-dimpresa-chi-sono-le-tre-aziende-toscane-premiate\/#primaryimage\"},\"image\":{\"@id\":\"https:\/\/www.intoscana.it\/it\/primavera-dimpresa-chi-sono-le-tre-aziende-toscane-premiate\/#primaryimage\"},\"thumbnailUrl\":\"https:\/\/www.intoscana.it\/wp-content\/uploads\/Primavera-dimpresa-2-scaled.jpg\",\"datePublished\":\"2023-06-16T09:05:22+00:00\",\"author\":{\"@id\":\"https:\/\/www.intoscana.it\/it\/#\/schema\/person\/9223810753230f20bd670fdd322661f8\"},\"description\":\"Polypaper, Prodigi\u00a0e\u00a0Ari: i vincitori dell'edizione 2023 del concorso promosso dall\u2019associazione di promozione sociale Coltiviamo Cultura rivolto a micro, piccole e medie imprese\",\"breadcrumb\":{\"@id\":\"https:\/\/www.intoscana.it\/it\/primavera-dimpresa-chi-sono-le-tre-aziende-toscane-premiate\/#breadcrumb\"},\"inLanguage\":\"it-IT\",\"potentialAction\":[{\"@type\":\"ReadAction\",\"target\":[\"https:\/\/www.intoscana.it\/it\/primavera-dimpresa-chi-sono-le-tre-aziende-toscane-premiate\/\"]}]},{\"@type\":\"ImageObject\",\"inLanguage\":\"it-IT\",\"@id\":\"https:\/\/www.intoscana.it\/it\/primavera-dimpresa-chi-sono-le-tre-aziende-toscane-premiate\/#primaryimage\",\"url\":\"https:\/\/www.intoscana.it\/wp-content\/uploads\/Primavera-dimpresa-2-scaled.jpg\",\"contentUrl\":\"https:\/\/www.intoscana.it\/wp-content\/uploads\/Primavera-dimpresa-2-scaled.jpg\",\"width\":2048,\"height\":1365},{\"@type\":\"BreadcrumbList\",\"@id\":\"https:\/\/www.intoscana.it\/it\/primavera-dimpresa-chi-sono-le-tre-aziende-toscane-premiate\/#breadcrumb\",\"itemListElement\":[{\"@type\":\"ListItem\",\"position\":1,\"name\":\"Home\",\"item\":\"https:\/\/www.intoscana.it\/it\/\"},{\"@type\":\"ListItem\",\"position\":2,\"name\":\"Primavera d&#8217;impresa, chi sono le tre aziende toscane premiate\"}]},{\"@type\":\"WebSite\",\"@id\":\"https:\/\/www.intoscana.it\/it\/#website\",\"url\":\"https:\/\/www.intoscana.it\/it\/\",\"name\":\"intoscana\",\"description\":\"\",\"potentialAction\":[{\"@type\":\"SearchAction\",\"target\":{\"@type\":\"EntryPoint\",\"urlTemplate\":\"https:\/\/www.intoscana.it\/it\/?s={search_term_string}\"},\"query-input\":{\"@type\":\"PropertyValueSpecification\",\"valueRequired\":true,\"valueName\":\"search_term_string\"}}],\"inLanguage\":\"it-IT\"},{\"@type\":\"Person\",\"@id\":\"https:\/\/www.intoscana.it\/it\/#\/schema\/person\/9223810753230f20bd670fdd322661f8\",\"name\":\"Redazione\",\"url\":\"https:\/\/www.intoscana.it\/it\/author\/redazione\/\"}]}<\/script>\n<!-- \/ Yoast SEO Premium plugin. -->","yoast_head_json":{"title":"Primavera d'impresa, chi sono le tre aziende toscane premiate - intoscana","description":"Polypaper, Prodigi\u00a0e\u00a0Ari: i vincitori dell'edizione 2023 del concorso promosso dall\u2019associazione di promozione sociale Coltiviamo Cultura rivolto a micro, piccole e medie imprese","robots":{"index":"index","follow":"follow","max-snippet":"max-snippet:-1","max-image-preview":"max-image-preview:large","max-video-preview":"max-video-preview:-1"},"canonical":"https:\/\/www.intoscana.it\/it\/primavera-dimpresa-chi-sono-le-tre-aziende-toscane-premiate\/","og_locale":"it_IT","og_type":"article","og_title":"Primavera d'impresa, chi sono le tre aziende toscane premiate","og_description":"Polypaper, Prodigi\u00a0e\u00a0Ari: i vincitori dell'edizione 2023 del concorso promosso dall\u2019associazione di promozione sociale Coltiviamo Cultura rivolto a micro, piccole e medie imprese","og_url":"https:\/\/www.intoscana.it\/it\/primavera-dimpresa-chi-sono-le-tre-aziende-toscane-premiate\/","og_site_name":"intoscana","article_publisher":"https:\/\/www.facebook.com\/intoscana.it","article_published_time":"2023-06-16T09:05:22+00:00","og_image":[{"width":2048,"height":1365,"url":"https:\/\/www.intoscana.it\/wp-content\/uploads\/Primavera-dimpresa-2-scaled.jpg","type":"image\/jpeg"}],"author":"Redazione","twitter_card":"summary_large_image","twitter_creator":"@intoscana","twitter_site":"@intoscana","twitter_misc":{"Written by":"Redazione","Est. reading time":"2 minuti"},"schema":{"@context":"https:\/\/schema.org","@graph":[{"@type":"WebPage","@id":"https:\/\/www.intoscana.it\/it\/primavera-dimpresa-chi-sono-le-tre-aziende-toscane-premiate\/","url":"https:\/\/www.intoscana.it\/it\/primavera-dimpresa-chi-sono-le-tre-aziende-toscane-premiate\/","name":"Primavera d'impresa, chi sono le tre aziende toscane premiate - intoscana","isPartOf":{"@id":"https:\/\/www.intoscana.it\/it\/#website"},"primaryImageOfPage":{"@id":"https:\/\/www.intoscana.it\/it\/primavera-dimpresa-chi-sono-le-tre-aziende-toscane-premiate\/#primaryimage"},"image":{"@id":"https:\/\/www.intoscana.it\/it\/primavera-dimpresa-chi-sono-le-tre-aziende-toscane-premiate\/#primaryimage"},"thumbnailUrl":"https:\/\/www.intoscana.it\/wp-content\/uploads\/Primavera-dimpresa-2-scaled.jpg","datePublished":"2023-06-16T09:05:22+00:00","author":{"@id":"https:\/\/www.intoscana.it\/it\/#\/schema\/person\/9223810753230f20bd670fdd322661f8"},"description":"Polypaper, Prodigi\u00a0e\u00a0Ari: i vincitori dell'edizione 2023 del concorso promosso dall\u2019associazione di promozione sociale Coltiviamo Cultura rivolto a micro, piccole e medie imprese","breadcrumb":{"@id":"https:\/\/www.intoscana.it\/it\/primavera-dimpresa-chi-sono-le-tre-aziende-toscane-premiate\/#breadcrumb"},"inLanguage":"it-IT","potentialAction":[{"@type":"ReadAction","target":["https:\/\/www.intoscana.it\/it\/primavera-dimpresa-chi-sono-le-tre-aziende-toscane-premiate\/"]}]},{"@type":"ImageObject","inLanguage":"it-IT","@id":"https:\/\/www.intoscana.it\/it\/primavera-dimpresa-chi-sono-le-tre-aziende-toscane-premiate\/#primaryimage","url":"https:\/\/www.intoscana.it\/wp-content\/uploads\/Primavera-dimpresa-2-scaled.jpg","contentUrl":"https:\/\/www.intoscana.it\/wp-content\/uploads\/Primavera-dimpresa-2-scaled.jpg","width":2048,"height":1365},{"@type":"BreadcrumbList","@id":"https:\/\/www.intoscana.it\/it\/primavera-dimpresa-chi-sono-le-tre-aziende-toscane-premiate\/#breadcrumb","itemListElement":[{"@type":"ListItem","position":1,"name":"Home","item":"https:\/\/www.intoscana.it\/it\/"},{"@type":"ListItem","position":2,"name":"Primavera d&#8217;impresa, chi sono le tre aziende toscane premiate"}]},{"@type":"WebSite","@id":"https:\/\/www.intoscana.it\/it\/#website","url":"https:\/\/www.intoscana.it\/it\/","name":"intoscana","description":"","potentialAction":[{"@type":"SearchAction","target":{"@type":"EntryPoint","urlTemplate":"https:\/\/www.intoscana.it\/it\/?s={search_term_string}"},"query-input":{"@type":"PropertyValueSpecification","valueRequired":true,"valueName":"search_term_string"}}],"inLanguage":"it-IT"},{"@type":"Person","@id":"https:\/\/www.intoscana.it\/it\/#\/schema\/person\/9223810753230f20bd670fdd322661f8","name":"Redazione","url":"https:\/\/www.intoscana.it\/it\/author\/redazione\/"}]}},"_links":{"self":[{"href":"https:\/\/www.intoscana.it\/it\/wp-json\/wp\/v2\/posts\/291947","targetHints":{"allow":["GET"]}}],"collection":[{"href":"https:\/\/www.intoscana.it\/it\/wp-json\/wp\/v2\/posts"}],"about":[{"href":"https:\/\/www.intoscana.it\/it\/wp-json\/wp\/v2\/types\/post"}],"author":[{"embeddable":true,"href":"https:\/\/www.intoscana.it\/it\/wp-json\/wp\/v2\/users\/525"}],"replies":[{"embeddable":true,"href":"https:\/\/www.intoscana.it\/it\/wp-json\/wp\/v2\/comments?post=291947"}],"version-history":[{"count":0,"href":"https:\/\/www.intoscana.it\/it\/wp-json\/wp\/v2\/posts\/291947\/revisions"}],"wp:featuredmedia":[{"embeddable":true,"href":"https:\/\/www.intoscana.it\/it\/wp-json\/wp\/v2\/media\/291952"}],"wp:attachment":[{"href":"https:\/\/www.intoscana.it\/it\/wp-json\/wp\/v2\/media?parent=291947"}],"wp:term":[{"taxonomy":"category","embeddable":true,"href":"https:\/\/www.intoscana.it\/it\/wp-json\/wp\/v2\/categories?post=291947"},{"taxonomy":"post_tag","embeddable":true,"href":"https:\/\/www.intoscana.it\/it\/wp-json\/wp\/v2\/tags?post=291947"}],"curies":[{"name":"wp","href":"https:\/\/api.w.org\/{rel}","templated":true}]}}