{"id":291982,"date":"2023-06-23T08:21:25","date_gmt":"2023-06-23T06:21:25","guid":{"rendered":"https:\/\/www.intoscana.it\/it\/?p=291982"},"modified":"2023-06-26T10:34:28","modified_gmt":"2023-06-26T08:34:28","slug":"a-roma-al-quirinale-si-apre-la-mostra-gli-dei-ritornano-con-i-bronzi-di-san-casciano","status":"publish","type":"post","link":"https:\/\/www.intoscana.it\/it\/a-roma-al-quirinale-si-apre-la-mostra-gli-dei-ritornano-con-i-bronzi-di-san-casciano\/","title":{"rendered":"Alla scoperta dei bronzi di San Casciano in mostra al Quirinale"},"content":{"rendered":"<p>Il <strong>ritorno degli dei<\/strong> dopo un oblio durato due millenni. Sprofondate in un sonno profondo nelle acque calde del Bagno grande di <strong>San Casciano dei Bagni<\/strong> le divinit\u00e0 sono riemerse dal passato e oggi sono sotto gli occhi di tutti nella <strong>mostra<\/strong> che le ospita <strong>al Quirinale<\/strong>.<\/p>\n<p>L&#8217;esposizione dal titolo \u201c<em>Gli Dei ritornano. I bronzi di San Casciano<\/em>\u201d \u00e8 stata inaugurata alla presenza del presidente della Repubblica <strong>Sergio Mattarella<\/strong>. Statue, monete, ex voto sono in esposizione <strong>dal 23 giugno al 25 luglio e dal 2 settembre al 29 ottobre<\/strong> al palazzo del Quirinale di Roma.<\/p>\n<p>&#8220;<em>Un documento commovente dell&#8217;avventura umana<\/em>&#8221; ha sintetizzato <strong>Giovanni Grasso<\/strong>, consigliere per la stampa e la comunicazione del presidente della Repubblica Sergio Mattarella. &#8220;<em>La terra e l\u2019acqua ci hanno restituito queste testimonianze di culto che mostrano le nostre pi\u00f9 antiche radici<\/em>&#8221; ha chiosato il ministro della Cultura <strong>Gennaro Sangiuliano<\/strong>.<\/p>\n<p>Ad inaugurare l\u2019esposizione insieme a <strong>Mattarella<\/strong> e<strong>\u00a0Sangiuliano<\/strong>, anche il presidente della Regione <strong>Eugenio Giani<\/strong> e la sindaca di San Casciano <strong>Agnese Carletti<\/strong>.<\/p>\n<figure id=\"post-292984 media-292984\" class=\"align-none\"><img decoding=\"async\" src=\"https:\/\/www.intoscana.it\/wp-content\/uploads\/Giani-allinaugurazione-della-mostra-al-Quirinale-sui-bronzi-di-San-Casciano.jpeg\" alt=\"\" \/><\/figure>\n<div class=\"titleimg\">Giani all\u2019inaugurazione della mostra al Quirinale sui bronzi di San Casciano<\/div>\n<p>\u201c<em>E\u2019 un\u2019emozione straordinaria vedere esposti per la prima volta al pubblico in una sede cos\u00ec prestigiosa questi ritrovamenti che costituiscono una delle pi\u00f9 sensazionali scoperte archeologiche recenti<\/em> &#8211; ha detto il <strong>presidente Giani<\/strong> -. <em>Questi bronzi parlano della Toscana e dei toscani e ci rivelano tratti inediti della nostra storia e della nostra cultura&#8221;. <\/em><\/p>\n<p>Nel ringraziare gli archeologi, gli studiosi e la sindaca di San Casciano Agnese Carletti, Giani ha aggiunto:<em> &#8220;Oggi la mostra al Quirinale costituisce un esordio importante, ma ci prepariamo anche al ritorno dei preziosi bronzi nella loro sede naturale a San Casciano dei Bagni, dove nei giorni scorsi ho accolto con soddisfazione la notizia dell\u2019acquisto del museo che li ospiter\u00e0 da parte del Ministero della cultura. La Regione metter\u00e0 il massimo impegno per la valorizzazione di questo \u2018tesoro\u2019 dell\u2019identit\u00e0 toscana e della Toscana diffusa<\/em>\u201d ha concluso.<\/p>\n<figure id=\"post-292986 media-292986\" class=\"align-none\"><img decoding=\"async\" src=\"https:\/\/www.intoscana.it\/wp-content\/uploads\/I-bronzi-di-San-Casciano-in-mostra-al-Quirinale.jpeg\" alt=\"\" \/><\/figure>\n<div class=\"titleimg\">I bronzi di San Casciano in mostra al Quirinale<\/div>\n<h3>Statuette, monete, ex voto<\/h3>\n<p>La mostra offre l&#8217;occasione per conoscere i primi risultati di una <strong>scoperta archeologica<\/strong> che ha lasciato tutti col fiato sospeso. Un viaggio all\u2019interno del paesaggio delle <strong>acque calde<\/strong> del territorio di <strong>Chiusi<\/strong>: dall&#8217;et\u00e0 del Bronzo all&#8217;et\u00e0 Imperiale.<\/p>\n<p>Oltre venti <strong>statue e statuette<\/strong>, e migliaia di <strong>monete in bronzo e ex-voto<\/strong> anatomici raccontano &#8220;<em>una storia di devozione, di culti e riti ospitati in luoghi sacri&#8221;.<\/em> Centrale il ruolo dell&#8217;<strong>acqua termale per fini terapeutici<\/strong>. Ecco cos\u00ec spiegata la presenza delle <strong>offerte in bronzo<\/strong> nel Bagno grande e non solo a San Casciano ma in tanti altri luoghi sacri del territorio.<\/p>\n<figure id=\"post-292972 media-292972\" class=\"align-none\"><img decoding=\"async\" src=\"https:\/\/www.intoscana.it\/wp-content\/uploads\/355128721_221993130710746_3662491285078960921_n.jpg\" alt=\"\" \/><\/figure>\n<div class=\"titleimg\">I bronzi di San Casciano in mostra al Quirinale \u2013 \u00a9 FB Gennaro Sangiuliano<\/div>\n<p>Nelle vetrine ecco <strong>l&#8217;Apollo danzante<\/strong> in perfetto equilibrio tra grazia e potenza,<strong> l&#8217;Arringatore<\/strong> stretto nella sua toga, <strong>il putto<\/strong> che stringe una mela nella mano,<strong> le matrone<\/strong> dallo sguardo fiero, <strong>la dea con la serpe<\/strong> avvolta sul braccio. Tra tanta bellezza colpisce la fragilit\u00e0 espressa da opere come <strong>l&#8217;efebo malato<\/strong>: un corpo giovane e imperfetto. Stupisce il gran numero di <strong>ex voto<\/strong>: mani, piedi, braccia, orecchie per chiedere la guarigione. Si pensi all&#8217;orecchio con la lunga iscrizione finemente incisa con la richiesta agli dei. Un carico di <strong>malattie e sofferenza<\/strong> che sembra stridere con il mondo perfetto degli dei. Infine <strong>le monete<\/strong>, nuove di zecca a vederle brillare.<\/p>\n<p>Ad attirare l&#8217;occhio del visitatore l\u2019eccezionale<strong> stato di conservazione<\/strong> delle statue preservate dall&#8217;usura del tempo nell\u2019acqua calda e le <strong>iscrizioni in etrusco e latino<\/strong> giunte fino a noi per raccontare le storie di chi frequentava il luogo sacro, delle divinit\u00e0 a cui i malati si rivolgevano e la compresenza di Etruschi e Romani attorno alle vasche dell&#8217;acqua calda.<\/p>\n<figure id=\"post-291987 media-291987\" class=\"align-none\"><img decoding=\"async\" src=\"https:\/\/www.intoscana.it\/wp-content\/uploads\/san-casciano-dei-bagni-bronzi-e-area-degli-scavi-archeologici-5.jpg\" alt=\"\" \/><\/figure>\n<h3>La scoperta<\/h3>\n<p>Protetto per 2300 anni dal fango e dall\u2019acqua bollente \u00e8 riemerso negli ultimi anni dagli scavi di<strong> San Casciano dei Bagni<\/strong> in Toscana. Una scoperta che riscrive la storia e sulla quale sono gi\u00e0 al lavoro oltre <strong>60 esperti di tutto il mondo. <\/strong>Realizzate con tutta probabilit\u00e0 da artigiani locali, <strong>le 24 statue<\/strong> si possono datare<strong> tra il II secolo avanti Cristo e il I dopo.<\/strong><\/p>\n<p><strong>Il santuario,<\/strong> con le sue piscine ribollenti, le terrazze digradanti, le fontane, gli altari, esisteva almeno <strong>dal III secolo a.C. e <\/strong>rimase attivo<strong> fino al V d.C.,<\/strong>\u00a0quando<strong> in epoca cristiana venne chiuso <\/strong>ma non distrutto, le vasche sigillate con pesanti colonne di pietra, le divinit\u00e0 affidate con rispetto all\u2019acqua.<\/p>\n<p>\u00c8 anche per questo che, rimossa quella copertura, gli archeologi si sono trovati davanti un tesoro ancora intatto, di fatto <strong>il pi\u00f9 grande deposito di statue dell\u2019Italia antica<\/strong>.<\/p>\n<p>Frutto fortunato di &#8220;<em>un lavoro di gruppo lungo anni&#8221; <\/em>ripete il responsabile dello scavo <strong>Jacopo Tabolli<\/strong>, che accompagna il pubblico insieme con il dg Musei del Mic <strong>Massimo Osanna<\/strong>. &#8220;<em>Qui matrici e iscrizioni diverse, in etrusco e in latino raccontano di un universo accogliente dove multiculturalismo e plurilinguismo erano cifra costitutiva di questo luogo sacro<\/em>&#8220;, spiega <strong>Osanna<\/strong>.<\/p>\n<h3>I prossimi passi dello scavo<\/h3>\n<p>I bronzi, per volont\u00e0 del ministro della cultura <strong>Sangiuliano<\/strong>, terminata la mostra al Quirinale, continueranno forse il loro tour. Per alcuni sar\u00e0 necessaria una nuova tappa nei <strong>laboratori di restauro<\/strong> dell&#8217;Icr. Il ministero della cultura ha intanto acquistato la sede del museo nel centro di San Casciano &#8211; costata 600 mila euro, pronto in parte gi\u00e0 il prossimo anno &#8211; a cui si aggiungono i restauri, per un totale al momento di 140 mila euro, e con gli espropri dei terreni circostanti allo scavo per consentire di ampliare la ricerca, ai quali sono stati destinati 60 mila euro.<\/p>\n<p>A giorni poi si riprender\u00e0 a scavare: &#8220;<em>L&#8217;obiettivo non sar\u00e0 pi\u00f9 per ora la vasca bens\u00ec lo spazio che la circonda<\/em>&#8220;, anticipa<strong> Tabolli<\/strong>. Partiranno cos\u00ec le ricerche per <strong>la scuola di medicina o la clinica<\/strong> che, gli archeologi ne sono sicuri, erano attive intorno al santuario e alle terme curative.<\/p>\n<p><iframe loading=\"lazy\" title=\"YouTube video player\" src=\"https:\/\/www.youtube.com\/embed\/x6kZcBrEyEM\" width=\"800\" height=\"500\" frameborder=\"0\" allowfullscreen=\"allowfullscreen\"><\/iframe><\/p>\n<h3>Come prenotare la visita<\/h3>\n<p>La mostra sar\u00e0 aperta al pubblico nei giorni di marted\u00ec, mercoled\u00ec, venerd\u00ec, sabato e domenica. La visita dura un\u2019ora.<strong> Il costo del biglietto \u00e8 di Euro 1,50.<\/strong><\/p>\n<p><strong>\u00c8 richiesta la prenotazione almeno cinque giorni prima<\/strong> della data della visita. Il biglietto \u00e8 nominativo e vincolato ad una data e ad un orario.<\/p>\n<p>Per prenotare la visita questo \u00e8 il link: <a href=\"https:\/\/palazzo.quirinale.it\/mostre\/2023_bronzi-sancasciano\/bronzi-sancasciano_home.html\" target=\"_blank\" rel=\"noopener\" class=\"broken_link\"><strong>https:\/\/palazzo.quirinale.it\/mostre\/2023_bronzi-sancasciano\/bronzi-sancasciano_home.html<\/strong><\/a><\/p>\n","protected":false},"excerpt":{"rendered":"<p>Giani all&#8217;inaugurazione con il presidente Mattarella: &#8220;Un\u2019emozione straordinaria vedere le statue esposte per la prima volta&#8221;<\/p>\n","protected":false},"author":554,"featured_media":292993,"comment_status":"open","ping_status":"open","sticky":false,"template":"","format":"standard","meta":{"_acf_changed":false,"footnotes":""},"categories":[493],"tags":[208,222,5846],"class_list":["post-291982","post","type-post","status-publish","format-standard","has-post-thumbnail","hentry","category-cultura","tag-archeologia","tag-mostre","tag-san-casciano-dei-bagni"],"acf":[],"yoast_head":"<!-- This site is optimized with the Yoast SEO Premium plugin v24.2 (Yoast SEO v25.6) - https:\/\/yoast.com\/wordpress\/plugins\/seo\/ -->\n<title>Alla scoperta dei bronzi di San Casciano in mostra al Quirinale - intoscana<\/title>\n<meta name=\"description\" content=\"Giani all&#039;inaugurazione con il presidente Mattarella: Un\u2019emozione straordinaria vedere le statue esposte per la prima volta&quot;\" \/>\n<meta name=\"robots\" content=\"index, follow, max-snippet:-1, max-image-preview:large, max-video-preview:-1\" \/>\n<link rel=\"canonical\" href=\"https:\/\/www.intoscana.it\/it\/a-roma-al-quirinale-si-apre-la-mostra-gli-dei-ritornano-con-i-bronzi-di-san-casciano\/\" \/>\n<meta property=\"og:locale\" content=\"it_IT\" \/>\n<meta property=\"og:type\" content=\"article\" \/>\n<meta property=\"og:title\" content=\"Alla scoperta dei bronzi di San Casciano in mostra al Quirinale\" \/>\n<meta property=\"og:description\" content=\"Giani all&#039;inaugurazione con il presidente Mattarella: Un\u2019emozione straordinaria vedere le statue esposte per la prima volta&quot;\" \/>\n<meta property=\"og:url\" content=\"https:\/\/www.intoscana.it\/it\/a-roma-al-quirinale-si-apre-la-mostra-gli-dei-ritornano-con-i-bronzi-di-san-casciano\/\" \/>\n<meta property=\"og:site_name\" content=\"intoscana\" \/>\n<meta property=\"article:publisher\" content=\"https:\/\/www.facebook.com\/intoscana.it\" \/>\n<meta property=\"article:published_time\" content=\"2023-06-23T06:21:25+00:00\" \/>\n<meta property=\"article:modified_time\" content=\"2023-06-26T08:34:28+00:00\" \/>\n<meta property=\"og:image\" content=\"https:\/\/www.intoscana.it\/wp-content\/uploads\/IMG_3333.jpg\" \/>\n\t<meta property=\"og:image:width\" content=\"1440\" \/>\n\t<meta property=\"og:image:height\" content=\"880\" \/>\n\t<meta property=\"og:image:type\" content=\"image\/jpeg\" \/>\n<meta name=\"author\" content=\"Raffaella Galamini\" \/>\n<meta name=\"twitter:card\" content=\"summary_large_image\" \/>\n<meta name=\"twitter:creator\" content=\"@orio\" \/>\n<meta name=\"twitter:site\" content=\"@intoscana\" \/>\n<meta name=\"twitter:label1\" content=\"Written by\" \/>\n\t<meta name=\"twitter:data1\" content=\"Raffaella Galamini\" \/>\n\t<meta name=\"twitter:label2\" content=\"Est. reading time\" \/>\n\t<meta name=\"twitter:data2\" content=\"5 minuti\" \/>\n<script type=\"application\/ld+json\" class=\"yoast-schema-graph\">{\"@context\":\"https:\/\/schema.org\",\"@graph\":[{\"@type\":\"WebPage\",\"@id\":\"https:\/\/www.intoscana.it\/it\/a-roma-al-quirinale-si-apre-la-mostra-gli-dei-ritornano-con-i-bronzi-di-san-casciano\/\",\"url\":\"https:\/\/www.intoscana.it\/it\/a-roma-al-quirinale-si-apre-la-mostra-gli-dei-ritornano-con-i-bronzi-di-san-casciano\/\",\"name\":\"Alla scoperta dei bronzi di San Casciano in mostra al Quirinale - intoscana\",\"isPartOf\":{\"@id\":\"https:\/\/www.intoscana.it\/it\/#website\"},\"primaryImageOfPage\":{\"@id\":\"https:\/\/www.intoscana.it\/it\/a-roma-al-quirinale-si-apre-la-mostra-gli-dei-ritornano-con-i-bronzi-di-san-casciano\/#primaryimage\"},\"image\":{\"@id\":\"https:\/\/www.intoscana.it\/it\/a-roma-al-quirinale-si-apre-la-mostra-gli-dei-ritornano-con-i-bronzi-di-san-casciano\/#primaryimage\"},\"thumbnailUrl\":\"https:\/\/www.intoscana.it\/wp-content\/uploads\/IMG_3333.jpg\",\"datePublished\":\"2023-06-23T06:21:25+00:00\",\"dateModified\":\"2023-06-26T08:34:28+00:00\",\"author\":{\"@id\":\"https:\/\/www.intoscana.it\/it\/#\/schema\/person\/9eb9daa846a49fe51af39a73d9d1986b\"},\"description\":\"Giani all'inaugurazione con il presidente Mattarella: Un\u2019emozione straordinaria vedere le statue esposte per la prima volta\\\"\",\"breadcrumb\":{\"@id\":\"https:\/\/www.intoscana.it\/it\/a-roma-al-quirinale-si-apre-la-mostra-gli-dei-ritornano-con-i-bronzi-di-san-casciano\/#breadcrumb\"},\"inLanguage\":\"it-IT\",\"potentialAction\":[{\"@type\":\"ReadAction\",\"target\":[\"https:\/\/www.intoscana.it\/it\/a-roma-al-quirinale-si-apre-la-mostra-gli-dei-ritornano-con-i-bronzi-di-san-casciano\/\"]}]},{\"@type\":\"ImageObject\",\"inLanguage\":\"it-IT\",\"@id\":\"https:\/\/www.intoscana.it\/it\/a-roma-al-quirinale-si-apre-la-mostra-gli-dei-ritornano-con-i-bronzi-di-san-casciano\/#primaryimage\",\"url\":\"https:\/\/www.intoscana.it\/wp-content\/uploads\/IMG_3333.jpg\",\"contentUrl\":\"https:\/\/www.intoscana.it\/wp-content\/uploads\/IMG_3333.jpg\",\"width\":1440,\"height\":880},{\"@type\":\"BreadcrumbList\",\"@id\":\"https:\/\/www.intoscana.it\/it\/a-roma-al-quirinale-si-apre-la-mostra-gli-dei-ritornano-con-i-bronzi-di-san-casciano\/#breadcrumb\",\"itemListElement\":[{\"@type\":\"ListItem\",\"position\":1,\"name\":\"Home\",\"item\":\"https:\/\/www.intoscana.it\/it\/\"},{\"@type\":\"ListItem\",\"position\":2,\"name\":\"Alla scoperta dei bronzi di San Casciano in mostra al Quirinale\"}]},{\"@type\":\"WebSite\",\"@id\":\"https:\/\/www.intoscana.it\/it\/#website\",\"url\":\"https:\/\/www.intoscana.it\/it\/\",\"name\":\"intoscana\",\"description\":\"\",\"potentialAction\":[{\"@type\":\"SearchAction\",\"target\":{\"@type\":\"EntryPoint\",\"urlTemplate\":\"https:\/\/www.intoscana.it\/it\/?s={search_term_string}\"},\"query-input\":{\"@type\":\"PropertyValueSpecification\",\"valueRequired\":true,\"valueName\":\"search_term_string\"}}],\"inLanguage\":\"it-IT\"},{\"@type\":\"Person\",\"@id\":\"https:\/\/www.intoscana.it\/it\/#\/schema\/person\/9eb9daa846a49fe51af39a73d9d1986b\",\"name\":\"Raffaella Galamini\",\"sameAs\":[\"https:\/\/x.com\/orio\"],\"url\":\"https:\/\/www.intoscana.it\/it\/author\/r-galamini\/\"}]}<\/script>\n<!-- \/ Yoast SEO Premium plugin. -->","yoast_head_json":{"title":"Alla scoperta dei bronzi di San Casciano in mostra al Quirinale - intoscana","description":"Giani all'inaugurazione con il presidente Mattarella: Un\u2019emozione straordinaria vedere le statue esposte per la prima volta\"","robots":{"index":"index","follow":"follow","max-snippet":"max-snippet:-1","max-image-preview":"max-image-preview:large","max-video-preview":"max-video-preview:-1"},"canonical":"https:\/\/www.intoscana.it\/it\/a-roma-al-quirinale-si-apre-la-mostra-gli-dei-ritornano-con-i-bronzi-di-san-casciano\/","og_locale":"it_IT","og_type":"article","og_title":"Alla scoperta dei bronzi di San Casciano in mostra al Quirinale","og_description":"Giani all'inaugurazione con il presidente Mattarella: Un\u2019emozione straordinaria vedere le statue esposte per la prima volta\"","og_url":"https:\/\/www.intoscana.it\/it\/a-roma-al-quirinale-si-apre-la-mostra-gli-dei-ritornano-con-i-bronzi-di-san-casciano\/","og_site_name":"intoscana","article_publisher":"https:\/\/www.facebook.com\/intoscana.it","article_published_time":"2023-06-23T06:21:25+00:00","article_modified_time":"2023-06-26T08:34:28+00:00","og_image":[{"width":1440,"height":880,"url":"https:\/\/www.intoscana.it\/wp-content\/uploads\/IMG_3333.jpg","type":"image\/jpeg"}],"author":"Raffaella Galamini","twitter_card":"summary_large_image","twitter_creator":"@orio","twitter_site":"@intoscana","twitter_misc":{"Written by":"Raffaella Galamini","Est. reading time":"5 minuti"},"schema":{"@context":"https:\/\/schema.org","@graph":[{"@type":"WebPage","@id":"https:\/\/www.intoscana.it\/it\/a-roma-al-quirinale-si-apre-la-mostra-gli-dei-ritornano-con-i-bronzi-di-san-casciano\/","url":"https:\/\/www.intoscana.it\/it\/a-roma-al-quirinale-si-apre-la-mostra-gli-dei-ritornano-con-i-bronzi-di-san-casciano\/","name":"Alla scoperta dei bronzi di San Casciano in mostra al Quirinale - intoscana","isPartOf":{"@id":"https:\/\/www.intoscana.it\/it\/#website"},"primaryImageOfPage":{"@id":"https:\/\/www.intoscana.it\/it\/a-roma-al-quirinale-si-apre-la-mostra-gli-dei-ritornano-con-i-bronzi-di-san-casciano\/#primaryimage"},"image":{"@id":"https:\/\/www.intoscana.it\/it\/a-roma-al-quirinale-si-apre-la-mostra-gli-dei-ritornano-con-i-bronzi-di-san-casciano\/#primaryimage"},"thumbnailUrl":"https:\/\/www.intoscana.it\/wp-content\/uploads\/IMG_3333.jpg","datePublished":"2023-06-23T06:21:25+00:00","dateModified":"2023-06-26T08:34:28+00:00","author":{"@id":"https:\/\/www.intoscana.it\/it\/#\/schema\/person\/9eb9daa846a49fe51af39a73d9d1986b"},"description":"Giani all'inaugurazione con il presidente Mattarella: Un\u2019emozione straordinaria vedere le statue esposte per la prima volta\"","breadcrumb":{"@id":"https:\/\/www.intoscana.it\/it\/a-roma-al-quirinale-si-apre-la-mostra-gli-dei-ritornano-con-i-bronzi-di-san-casciano\/#breadcrumb"},"inLanguage":"it-IT","potentialAction":[{"@type":"ReadAction","target":["https:\/\/www.intoscana.it\/it\/a-roma-al-quirinale-si-apre-la-mostra-gli-dei-ritornano-con-i-bronzi-di-san-casciano\/"]}]},{"@type":"ImageObject","inLanguage":"it-IT","@id":"https:\/\/www.intoscana.it\/it\/a-roma-al-quirinale-si-apre-la-mostra-gli-dei-ritornano-con-i-bronzi-di-san-casciano\/#primaryimage","url":"https:\/\/www.intoscana.it\/wp-content\/uploads\/IMG_3333.jpg","contentUrl":"https:\/\/www.intoscana.it\/wp-content\/uploads\/IMG_3333.jpg","width":1440,"height":880},{"@type":"BreadcrumbList","@id":"https:\/\/www.intoscana.it\/it\/a-roma-al-quirinale-si-apre-la-mostra-gli-dei-ritornano-con-i-bronzi-di-san-casciano\/#breadcrumb","itemListElement":[{"@type":"ListItem","position":1,"name":"Home","item":"https:\/\/www.intoscana.it\/it\/"},{"@type":"ListItem","position":2,"name":"Alla scoperta dei bronzi di San Casciano in mostra al Quirinale"}]},{"@type":"WebSite","@id":"https:\/\/www.intoscana.it\/it\/#website","url":"https:\/\/www.intoscana.it\/it\/","name":"intoscana","description":"","potentialAction":[{"@type":"SearchAction","target":{"@type":"EntryPoint","urlTemplate":"https:\/\/www.intoscana.it\/it\/?s={search_term_string}"},"query-input":{"@type":"PropertyValueSpecification","valueRequired":true,"valueName":"search_term_string"}}],"inLanguage":"it-IT"},{"@type":"Person","@id":"https:\/\/www.intoscana.it\/it\/#\/schema\/person\/9eb9daa846a49fe51af39a73d9d1986b","name":"Raffaella Galamini","sameAs":["https:\/\/x.com\/orio"],"url":"https:\/\/www.intoscana.it\/it\/author\/r-galamini\/"}]}},"_links":{"self":[{"href":"https:\/\/www.intoscana.it\/it\/wp-json\/wp\/v2\/posts\/291982","targetHints":{"allow":["GET"]}}],"collection":[{"href":"https:\/\/www.intoscana.it\/it\/wp-json\/wp\/v2\/posts"}],"about":[{"href":"https:\/\/www.intoscana.it\/it\/wp-json\/wp\/v2\/types\/post"}],"author":[{"embeddable":true,"href":"https:\/\/www.intoscana.it\/it\/wp-json\/wp\/v2\/users\/554"}],"replies":[{"embeddable":true,"href":"https:\/\/www.intoscana.it\/it\/wp-json\/wp\/v2\/comments?post=291982"}],"version-history":[{"count":0,"href":"https:\/\/www.intoscana.it\/it\/wp-json\/wp\/v2\/posts\/291982\/revisions"}],"wp:featuredmedia":[{"embeddable":true,"href":"https:\/\/www.intoscana.it\/it\/wp-json\/wp\/v2\/media\/292993"}],"wp:attachment":[{"href":"https:\/\/www.intoscana.it\/it\/wp-json\/wp\/v2\/media?parent=291982"}],"wp:term":[{"taxonomy":"category","embeddable":true,"href":"https:\/\/www.intoscana.it\/it\/wp-json\/wp\/v2\/categories?post=291982"},{"taxonomy":"post_tag","embeddable":true,"href":"https:\/\/www.intoscana.it\/it\/wp-json\/wp\/v2\/tags?post=291982"}],"curies":[{"name":"wp","href":"https:\/\/api.w.org\/{rel}","templated":true}]}}