{"id":292070,"date":"2023-06-16T17:26:13","date_gmt":"2023-06-16T15:26:13","guid":{"rendered":"https:\/\/www.intoscana.it\/it\/?p=292070"},"modified":"2023-06-16T17:26:13","modified_gmt":"2023-06-16T15:26:13","slug":"vele-blu-il-mare-della-toscana-tra-i-piu-belli-ditalia-secondo-posto-nella-classifica-di-legambiente-e-touring-club","status":"publish","type":"post","link":"https:\/\/www.intoscana.it\/it\/vele-blu-il-mare-della-toscana-tra-i-piu-belli-ditalia-secondo-posto-nella-classifica-di-legambiente-e-touring-club\/","title":{"rendered":"Vele blu, il mare della Toscana tra i pi\u00f9 belli d&#8217;Italia: secondo posto nella classifica di Legambiente e Touring Club"},"content":{"rendered":"<p>La <strong>Toscana<\/strong> sul podio per il <strong>mare<\/strong> pi\u00f9 bello d&#8217;Italia. Dopo la Sardegna, la regione si aggiudica <mark>il secondo posto nella classifica delle Vele blu 2023, il premio conferito da Legambiente e Touring club.<\/mark><\/p>\n<p>Le localit\u00e0 balneari toscane regine della costa sono quattro: <mark>l\u2019Isola di Capraia, Castiglione della Pescaia, Capalbio e l&#8217;isola del Giglio.<\/mark> Tra i 12 comuni lacustri premiati figura anche <strong>Massa Marittima<\/strong>, sempre in provincia di Grosseto, sul lago dell&#8217;Accesa. <mark>Tutte e cinque le localit\u00e0 toscane hanno ricevuto le Cinque Vele, il massimo riconoscimento.<\/mark><\/p>\n<h3><em>Gli altri riconoscimenti<\/em><\/h3>\n<p>Attribuita ad un\u2019altra localit\u00e0 toscana, <strong>Marciana Marina<\/strong> all&#8217;Isola d\u2019Elba, una delle 9 targhe introdotte quest\u2019anno per premiare le &#8220;Buone pratiche di gestione della costa&#8221;, migliori esperienze realizzate da amministrazioni pubbliche, enti o imprenditoria privata. <mark>Per il tema della lotta al cambiamento climatico, Marciana Marina \u00e8 stata premiata per l\u2019avvio della prima Comunit\u00e0 energetica rinnovabile nel Parco nazionale dell&#8217;Arcipelago toscano.<\/mark><\/p>\n<h3><em>La soddisfazione della Regione<\/em><\/h3>\n<p>\u201cTanti riconoscimenti importanti \u2013 ha commentato l\u2019assessore all\u2019economia e al turismo <strong>Leonardo Marras<\/strong> &#8211; che ripagano il grande lavoro di tutti i livelli coinvolti, a partire dai Comuni, per quanto riguarda non solo la qualit\u00e0 dell\u2019ambiente, ma anche l\u2019idea complessiva di accoglienza, capacit\u00e0 ricettiva e servizi offerti. <mark>Non \u00e8 il primo anno che la Toscana si trova ai vertici di questa speciale classifica riprova della grande sensibilit\u00e0 verso temi diventati cruciali legati alla sostenibilit\u00e0, alla salvaguardia dell\u2019ambiente e delle risorse\u201d.<\/mark><\/p>\n<p>\u201cSono davvero contenta per questo straordinario traguardo \u2013 ha detto l\u2019assessora all\u2019ambiente <strong>Monia Monni<\/strong>&#8211; che pone la nostra regione in vetta alla classifica per la bellezza del mare. <mark>Un risultato che contraddistingue il nostro territorio per saper coniugare eccellenza, bellezza con strategie di sviluppo sostenibile.<\/mark> Luoghi virtuosi \u2013 ha concluso &#8211; dove la sensibilit\u00e0, la cura e amore per l\u2019ambiente sono realt\u00e0\u201d.<\/p>\n","protected":false},"excerpt":{"rendered":"<p>Premiate l\u2019Isola di Capraia, Castiglione della Pescaia, Capalbio e l&#8217;isola del Giglio. Riconoscimento anche a Massa Marittima tra le localit\u00e0 lacustri. La soddisfazione della Regione<\/p>\n","protected":false},"author":525,"featured_media":145743,"comment_status":"open","ping_status":"open","sticky":false,"template":"","format":"standard","meta":{"_acf_changed":false,"footnotes":""},"categories":[6],"tags":[235,5008,359,5232],"class_list":["post-292070","post","type-post","status-publish","format-standard","has-post-thumbnail","hentry","category-viaggi","tag-estate","tag-leonardo-marras","tag-mare","tag-monia-monni"],"acf":[],"yoast_head":"<!-- This site is optimized with the Yoast SEO Premium plugin v24.2 (Yoast SEO v25.6) - https:\/\/yoast.com\/wordpress\/plugins\/seo\/ -->\n<title>Vele blu, il mare della Toscana tra i pi\u00f9 belli d&#039;Italia: secondo posto nella classifica di Legambiente e Touring Club - intoscana<\/title>\n<meta name=\"description\" content=\"Premiate l\u2019Isola di Capraia, Castiglione della Pescaia, Capalbio e l&#039;isola del Giglio. Riconoscimento anche a Massa Marittima tra le localit\u00e0 lacustri. La soddisfazione della Regione\" \/>\n<meta name=\"robots\" content=\"index, follow, max-snippet:-1, max-image-preview:large, max-video-preview:-1\" \/>\n<link rel=\"canonical\" href=\"https:\/\/www.intoscana.it\/it\/vele-blu-il-mare-della-toscana-tra-i-piu-belli-ditalia-secondo-posto-nella-classifica-di-legambiente-e-touring-club\/\" \/>\n<meta property=\"og:locale\" content=\"it_IT\" \/>\n<meta property=\"og:type\" content=\"article\" \/>\n<meta property=\"og:title\" content=\"Vele blu, il mare della Toscana tra i pi\u00f9 belli d&#039;Italia: secondo posto nella classifica di Legambiente e Touring Club\" \/>\n<meta property=\"og:description\" content=\"Premiate l\u2019Isola di Capraia, Castiglione della Pescaia, Capalbio e l&#039;isola del Giglio. Riconoscimento anche a Massa Marittima tra le localit\u00e0 lacustri. La soddisfazione della Regione\" \/>\n<meta property=\"og:url\" content=\"https:\/\/www.intoscana.it\/it\/vele-blu-il-mare-della-toscana-tra-i-piu-belli-ditalia-secondo-posto-nella-classifica-di-legambiente-e-touring-club\/\" \/>\n<meta property=\"og:site_name\" content=\"intoscana\" \/>\n<meta property=\"article:publisher\" content=\"https:\/\/www.facebook.com\/intoscana.it\" \/>\n<meta property=\"article:published_time\" content=\"2023-06-16T15:26:13+00:00\" \/>\n<meta property=\"og:image\" content=\"https:\/\/www.intoscana.it\/wp-content\/uploads\/mar-di-capraia.jpg\" \/>\n\t<meta property=\"og:image:width\" content=\"1000\" \/>\n\t<meta property=\"og:image:height\" content=\"584\" \/>\n\t<meta property=\"og:image:type\" content=\"image\/jpeg\" \/>\n<meta name=\"author\" content=\"Redazione\" \/>\n<meta name=\"twitter:card\" content=\"summary_large_image\" \/>\n<meta name=\"twitter:creator\" content=\"@intoscana\" \/>\n<meta name=\"twitter:site\" content=\"@intoscana\" \/>\n<meta name=\"twitter:label1\" content=\"Written by\" \/>\n\t<meta name=\"twitter:data1\" content=\"Redazione\" \/>\n\t<meta name=\"twitter:label2\" content=\"Est. reading time\" \/>\n\t<meta name=\"twitter:data2\" content=\"2 minuti\" \/>\n<script type=\"application\/ld+json\" class=\"yoast-schema-graph\">{\"@context\":\"https:\/\/schema.org\",\"@graph\":[{\"@type\":\"WebPage\",\"@id\":\"https:\/\/www.intoscana.it\/it\/vele-blu-il-mare-della-toscana-tra-i-piu-belli-ditalia-secondo-posto-nella-classifica-di-legambiente-e-touring-club\/\",\"url\":\"https:\/\/www.intoscana.it\/it\/vele-blu-il-mare-della-toscana-tra-i-piu-belli-ditalia-secondo-posto-nella-classifica-di-legambiente-e-touring-club\/\",\"name\":\"Vele blu, il mare della Toscana tra i pi\u00f9 belli d'Italia: secondo posto nella classifica di Legambiente e Touring Club - intoscana\",\"isPartOf\":{\"@id\":\"https:\/\/www.intoscana.it\/it\/#website\"},\"primaryImageOfPage\":{\"@id\":\"https:\/\/www.intoscana.it\/it\/vele-blu-il-mare-della-toscana-tra-i-piu-belli-ditalia-secondo-posto-nella-classifica-di-legambiente-e-touring-club\/#primaryimage\"},\"image\":{\"@id\":\"https:\/\/www.intoscana.it\/it\/vele-blu-il-mare-della-toscana-tra-i-piu-belli-ditalia-secondo-posto-nella-classifica-di-legambiente-e-touring-club\/#primaryimage\"},\"thumbnailUrl\":\"https:\/\/www.intoscana.it\/wp-content\/uploads\/mar-di-capraia.jpg\",\"datePublished\":\"2023-06-16T15:26:13+00:00\",\"author\":{\"@id\":\"https:\/\/www.intoscana.it\/it\/#\/schema\/person\/9223810753230f20bd670fdd322661f8\"},\"description\":\"Premiate l\u2019Isola di Capraia, Castiglione della Pescaia, Capalbio e l'isola del Giglio. Riconoscimento anche a Massa Marittima tra le localit\u00e0 lacustri. La soddisfazione della Regione\",\"breadcrumb\":{\"@id\":\"https:\/\/www.intoscana.it\/it\/vele-blu-il-mare-della-toscana-tra-i-piu-belli-ditalia-secondo-posto-nella-classifica-di-legambiente-e-touring-club\/#breadcrumb\"},\"inLanguage\":\"it-IT\",\"potentialAction\":[{\"@type\":\"ReadAction\",\"target\":[\"https:\/\/www.intoscana.it\/it\/vele-blu-il-mare-della-toscana-tra-i-piu-belli-ditalia-secondo-posto-nella-classifica-di-legambiente-e-touring-club\/\"]}]},{\"@type\":\"ImageObject\",\"inLanguage\":\"it-IT\",\"@id\":\"https:\/\/www.intoscana.it\/it\/vele-blu-il-mare-della-toscana-tra-i-piu-belli-ditalia-secondo-posto-nella-classifica-di-legambiente-e-touring-club\/#primaryimage\",\"url\":\"https:\/\/www.intoscana.it\/wp-content\/uploads\/mar-di-capraia.jpg\",\"contentUrl\":\"https:\/\/www.intoscana.it\/wp-content\/uploads\/mar-di-capraia.jpg\",\"width\":1000,\"height\":584,\"caption\":\"L'isola di Capraia\"},{\"@type\":\"BreadcrumbList\",\"@id\":\"https:\/\/www.intoscana.it\/it\/vele-blu-il-mare-della-toscana-tra-i-piu-belli-ditalia-secondo-posto-nella-classifica-di-legambiente-e-touring-club\/#breadcrumb\",\"itemListElement\":[{\"@type\":\"ListItem\",\"position\":1,\"name\":\"Home\",\"item\":\"https:\/\/www.intoscana.it\/it\/\"},{\"@type\":\"ListItem\",\"position\":2,\"name\":\"Vele blu, il mare della Toscana tra i pi\u00f9 belli d&#8217;Italia: secondo posto nella classifica di Legambiente e Touring Club\"}]},{\"@type\":\"WebSite\",\"@id\":\"https:\/\/www.intoscana.it\/it\/#website\",\"url\":\"https:\/\/www.intoscana.it\/it\/\",\"name\":\"intoscana\",\"description\":\"\",\"potentialAction\":[{\"@type\":\"SearchAction\",\"target\":{\"@type\":\"EntryPoint\",\"urlTemplate\":\"https:\/\/www.intoscana.it\/it\/?s={search_term_string}\"},\"query-input\":{\"@type\":\"PropertyValueSpecification\",\"valueRequired\":true,\"valueName\":\"search_term_string\"}}],\"inLanguage\":\"it-IT\"},{\"@type\":\"Person\",\"@id\":\"https:\/\/www.intoscana.it\/it\/#\/schema\/person\/9223810753230f20bd670fdd322661f8\",\"name\":\"Redazione\",\"url\":\"https:\/\/www.intoscana.it\/it\/author\/redazione\/\"}]}<\/script>\n<!-- \/ Yoast SEO Premium plugin. -->","yoast_head_json":{"title":"Vele blu, il mare della Toscana tra i pi\u00f9 belli d'Italia: secondo posto nella classifica di Legambiente e Touring Club - intoscana","description":"Premiate l\u2019Isola di Capraia, Castiglione della Pescaia, Capalbio e l'isola del Giglio. Riconoscimento anche a Massa Marittima tra le localit\u00e0 lacustri. La soddisfazione della Regione","robots":{"index":"index","follow":"follow","max-snippet":"max-snippet:-1","max-image-preview":"max-image-preview:large","max-video-preview":"max-video-preview:-1"},"canonical":"https:\/\/www.intoscana.it\/it\/vele-blu-il-mare-della-toscana-tra-i-piu-belli-ditalia-secondo-posto-nella-classifica-di-legambiente-e-touring-club\/","og_locale":"it_IT","og_type":"article","og_title":"Vele blu, il mare della Toscana tra i pi\u00f9 belli d'Italia: secondo posto nella classifica di Legambiente e Touring Club","og_description":"Premiate l\u2019Isola di Capraia, Castiglione della Pescaia, Capalbio e l'isola del Giglio. Riconoscimento anche a Massa Marittima tra le localit\u00e0 lacustri. La soddisfazione della Regione","og_url":"https:\/\/www.intoscana.it\/it\/vele-blu-il-mare-della-toscana-tra-i-piu-belli-ditalia-secondo-posto-nella-classifica-di-legambiente-e-touring-club\/","og_site_name":"intoscana","article_publisher":"https:\/\/www.facebook.com\/intoscana.it","article_published_time":"2023-06-16T15:26:13+00:00","og_image":[{"width":1000,"height":584,"url":"https:\/\/www.intoscana.it\/wp-content\/uploads\/mar-di-capraia.jpg","type":"image\/jpeg"}],"author":"Redazione","twitter_card":"summary_large_image","twitter_creator":"@intoscana","twitter_site":"@intoscana","twitter_misc":{"Written by":"Redazione","Est. reading time":"2 minuti"},"schema":{"@context":"https:\/\/schema.org","@graph":[{"@type":"WebPage","@id":"https:\/\/www.intoscana.it\/it\/vele-blu-il-mare-della-toscana-tra-i-piu-belli-ditalia-secondo-posto-nella-classifica-di-legambiente-e-touring-club\/","url":"https:\/\/www.intoscana.it\/it\/vele-blu-il-mare-della-toscana-tra-i-piu-belli-ditalia-secondo-posto-nella-classifica-di-legambiente-e-touring-club\/","name":"Vele blu, il mare della Toscana tra i pi\u00f9 belli d'Italia: secondo posto nella classifica di Legambiente e Touring Club - intoscana","isPartOf":{"@id":"https:\/\/www.intoscana.it\/it\/#website"},"primaryImageOfPage":{"@id":"https:\/\/www.intoscana.it\/it\/vele-blu-il-mare-della-toscana-tra-i-piu-belli-ditalia-secondo-posto-nella-classifica-di-legambiente-e-touring-club\/#primaryimage"},"image":{"@id":"https:\/\/www.intoscana.it\/it\/vele-blu-il-mare-della-toscana-tra-i-piu-belli-ditalia-secondo-posto-nella-classifica-di-legambiente-e-touring-club\/#primaryimage"},"thumbnailUrl":"https:\/\/www.intoscana.it\/wp-content\/uploads\/mar-di-capraia.jpg","datePublished":"2023-06-16T15:26:13+00:00","author":{"@id":"https:\/\/www.intoscana.it\/it\/#\/schema\/person\/9223810753230f20bd670fdd322661f8"},"description":"Premiate l\u2019Isola di Capraia, Castiglione della Pescaia, Capalbio e l'isola del Giglio. Riconoscimento anche a Massa Marittima tra le localit\u00e0 lacustri. La soddisfazione della Regione","breadcrumb":{"@id":"https:\/\/www.intoscana.it\/it\/vele-blu-il-mare-della-toscana-tra-i-piu-belli-ditalia-secondo-posto-nella-classifica-di-legambiente-e-touring-club\/#breadcrumb"},"inLanguage":"it-IT","potentialAction":[{"@type":"ReadAction","target":["https:\/\/www.intoscana.it\/it\/vele-blu-il-mare-della-toscana-tra-i-piu-belli-ditalia-secondo-posto-nella-classifica-di-legambiente-e-touring-club\/"]}]},{"@type":"ImageObject","inLanguage":"it-IT","@id":"https:\/\/www.intoscana.it\/it\/vele-blu-il-mare-della-toscana-tra-i-piu-belli-ditalia-secondo-posto-nella-classifica-di-legambiente-e-touring-club\/#primaryimage","url":"https:\/\/www.intoscana.it\/wp-content\/uploads\/mar-di-capraia.jpg","contentUrl":"https:\/\/www.intoscana.it\/wp-content\/uploads\/mar-di-capraia.jpg","width":1000,"height":584,"caption":"L'isola di Capraia"},{"@type":"BreadcrumbList","@id":"https:\/\/www.intoscana.it\/it\/vele-blu-il-mare-della-toscana-tra-i-piu-belli-ditalia-secondo-posto-nella-classifica-di-legambiente-e-touring-club\/#breadcrumb","itemListElement":[{"@type":"ListItem","position":1,"name":"Home","item":"https:\/\/www.intoscana.it\/it\/"},{"@type":"ListItem","position":2,"name":"Vele blu, il mare della Toscana tra i pi\u00f9 belli d&#8217;Italia: secondo posto nella classifica di Legambiente e Touring Club"}]},{"@type":"WebSite","@id":"https:\/\/www.intoscana.it\/it\/#website","url":"https:\/\/www.intoscana.it\/it\/","name":"intoscana","description":"","potentialAction":[{"@type":"SearchAction","target":{"@type":"EntryPoint","urlTemplate":"https:\/\/www.intoscana.it\/it\/?s={search_term_string}"},"query-input":{"@type":"PropertyValueSpecification","valueRequired":true,"valueName":"search_term_string"}}],"inLanguage":"it-IT"},{"@type":"Person","@id":"https:\/\/www.intoscana.it\/it\/#\/schema\/person\/9223810753230f20bd670fdd322661f8","name":"Redazione","url":"https:\/\/www.intoscana.it\/it\/author\/redazione\/"}]}},"_links":{"self":[{"href":"https:\/\/www.intoscana.it\/it\/wp-json\/wp\/v2\/posts\/292070","targetHints":{"allow":["GET"]}}],"collection":[{"href":"https:\/\/www.intoscana.it\/it\/wp-json\/wp\/v2\/posts"}],"about":[{"href":"https:\/\/www.intoscana.it\/it\/wp-json\/wp\/v2\/types\/post"}],"author":[{"embeddable":true,"href":"https:\/\/www.intoscana.it\/it\/wp-json\/wp\/v2\/users\/525"}],"replies":[{"embeddable":true,"href":"https:\/\/www.intoscana.it\/it\/wp-json\/wp\/v2\/comments?post=292070"}],"version-history":[{"count":0,"href":"https:\/\/www.intoscana.it\/it\/wp-json\/wp\/v2\/posts\/292070\/revisions"}],"wp:featuredmedia":[{"embeddable":true,"href":"https:\/\/www.intoscana.it\/it\/wp-json\/wp\/v2\/media\/145743"}],"wp:attachment":[{"href":"https:\/\/www.intoscana.it\/it\/wp-json\/wp\/v2\/media?parent=292070"}],"wp:term":[{"taxonomy":"category","embeddable":true,"href":"https:\/\/www.intoscana.it\/it\/wp-json\/wp\/v2\/categories?post=292070"},{"taxonomy":"post_tag","embeddable":true,"href":"https:\/\/www.intoscana.it\/it\/wp-json\/wp\/v2\/tags?post=292070"}],"curies":[{"name":"wp","href":"https:\/\/api.w.org\/{rel}","templated":true}]}}