{"id":292127,"date":"2023-06-17T17:48:32","date_gmt":"2023-06-17T15:48:32","guid":{"rendered":"https:\/\/www.intoscana.it\/it\/?p=292127"},"modified":"2023-06-19T12:05:51","modified_gmt":"2023-06-19T10:05:51","slug":"domotica-avanzata-nel-primo-cohousing-sociale-per-disabili-in-toscana","status":"publish","type":"post","link":"https:\/\/www.intoscana.it\/it\/domotica-avanzata-nel-primo-cohousing-sociale-per-disabili-in-toscana\/","title":{"rendered":"Domotica avanzata nel primo cohousing sociale per disabili in Toscana"},"content":{"rendered":"<p>Sistemi di <strong>domotica avanzata<\/strong> per garantire <strong>autonomia e indipendenza<\/strong> al primo &#8220;<em>condominio solidale<\/em>&#8221; per persone con disabilit\u00e0 in Toscana. Lo spazio, inaugurato a Empoli nei locali dell&#8217;ex Sert, \u00e8 una novit\u00e0 per il cohousing sociale nell&#8217;ambito dell&#8217;handicap e vede <mark>sotto lo stesso tetto condominio solidale, smart home e presto casa di comunit\u00e0 per un progetto di sperimentazione pubblica<\/mark>.<\/p>\n<h3>La rigenerazione urbana Hope<\/h3>\n<p>L&#8217;edificio di piazza XXIV Luglio \u00e8 nel centro storico di Empoli, tra via dei Neri e una serie di spazi aperti riqualificati nell&#8217;ambito del progetto di <strong>rigenerazione urbana HOPE<\/strong> (Home of People and Equality). Il palazzo ottocentesco, oggetto di una ristrutturazione dal costo di circa<strong> 2,8 milioni<\/strong> di euro, contiene anche degli <strong>alloggi privati<\/strong> e degli <strong>spazi comuni<\/strong> a usufrutto dei beneficiari.<\/p>\n<figure id=\"post-292132 media-292132\" class=\"align-none\"><img decoding=\"async\" src=\"https:\/\/www.intoscana.it\/wp-content\/uploads\/InaugurazioneFreedomeSmartHome4.jpeg\" alt=\"\" \/><\/figure>\n<div class=\"titleimg\">L\u2019inaugurazione di Freedom e smart home a Empoli \u2013 \u00a9 Comune di Empoli<\/div>\n<h3>Gli appartamenti del condominio<\/h3>\n<p>Il <strong>condominio solidale<\/strong> \u00e8 gestito dal raggruppamento di Freedom Condividere l&#8217;abitare, mentre la <strong>smart home<\/strong> \u00e8 concessa all&#8217;associazione Vorrei Prendere il Treno ETS.\u00a0In totale sono <strong>14 gli appartamenti<\/strong> complessivi, dei quali <strong>dieci gestiti dall&#8217;ati Freedom<\/strong>, una &#8216;<em>smart home<\/em>&#8216; per persone diversamente abili concesse all&#8217;associazione &#8216;<em>Vorrei prendere il treno Ets<\/em>&#8216;, fondata da <strong>Iacopo Melio<\/strong>, e tre della <strong>Societ\u00e0 della salute<\/strong> Empolese Valdelsa.<\/p>\n<h3>Presto una casa di comunit\u00e0<\/h3>\n<p>Nello stesso immobile, nelle prossime settimane, aprir\u00e0 anche una &#8216;<em>casa di comunit\u00e0<\/em>&#8216; in cui saranno presenti <strong>medici e infermieri<\/strong> al servizio dei residenti del centro storico. La struttura ospiter\u00e0 <strong>medicina del territorio<\/strong> e <strong>centro di ascolto<\/strong> per i pi\u00f9 giovani, oltre a offrire <strong>un servizio di assistenza<\/strong> socio-sanitaria integrato ai residenti del centro storico.<\/p>\n<p>La sfida \u00e8 stata creare <mark>nuove forme di assistenzialit\u00e0, residenzialit\u00e0 e socialit\u00e0 urbana<\/mark>, riportando in centro storico una serie di funzioni pubbliche cos\u00ec da favorire <strong>la promozione e l\u2019inclusione sociale<\/strong> in linea con le strategie di sviluppo urbano sostenibile, promosse dalla Regione Toscana con i Progetti di Innovazione Urbana.<\/p>\n<h3>Barnini: la sfida \u00e8 diffondere il modello<\/h3>\n<p>\u201c<em>Questa inaugurazione \u00e8 il frutto di un lungo viaggio, iniziato nel 2015<\/em> &#8211; ricorda la sindaca <strong>Brenda Barnini<\/strong> &#8211; <em>Era il 2015 quando decidemmo di partecipare a questo percorso di riqualificazione che interessa il centro storico della citt\u00e0. Nel 2015, eravamo molto volenterosi di rimettere vita e funzioni in contenitori urbani vuoti ma molto meno consapevoli di oggi che questo tipo di sfide servono a connotare il presente e il futuro delle citt\u00e0: mi impegner\u00f2 affinch\u00e9 quello che \u00e8 Freedom il pi\u00f9 possibile sia conosciuto dai privati che costruiscono abitazioni, perch\u00e9 questo possa diventare realmente modello dell\u2019abitare dell\u2019oggi e del domani. C\u2019\u00e8 bisogno di questo. La grande sfida \u00e8 diffondere questo modello\u201d<\/em>.<\/p>\n<figure id=\"post-292133 media-292133\" class=\"align-none\"><img decoding=\"async\" src=\"https:\/\/www.intoscana.it\/wp-content\/uploads\/InaugurazioneFreedomTagliodelnastro.jpeg\" alt=\"\" \/><\/figure>\n<div class=\"titleimg\">L&#8217;inaugurazione del cohousing sociale a Empoli<\/div>\n<h3>Spinelli: un progetto innovativo<\/h3>\n<p>Al taglio del nastro erano presenti numerose autorit\u00e0, tra cui l&#8217;assessore regionale al sociale<strong> Serena Spinelli<\/strong>, oltre ai soggetti gestori degli spazi abitativi. &#8220;<em>Questo progetto dimostra che la dimensione abitativa pu\u00f2 essere la base per costruire nuove e pi\u00f9 forti relazioni di comunit\u00e0, migliorando la qualit\u00e0 della convivenza<\/em> &#8211; spiega l&#8217;assessora regionale alle Politiche sociali e abitative, <strong>Serena Spinelli<\/strong> &#8211; <em>Grazie al Comune di Empoli, per aver voluto sperimentare un progetto innovativo, alle associazioni e agli enti del terzo settore coinvolti e a tutti coloro che hanno lavorato per arrivare a questo risultato. Un esempio di come questa sinergia riesca ad attivare al meglio le risorse presenti nelle nostre comunit\u00e0<\/em>&#8220;.<\/p>\n","protected":false},"excerpt":{"rendered":"<p>Condominio solidale, smart home e presto casa di comunit\u00e0 per un progetto di sperimentazione pubblica nell&#8217;edificio dell&#8217;ex Sert a Empoli. Spinelli: &#8220;Una sinergia vincente&#8221;<\/p>\n","protected":false},"author":554,"featured_media":292131,"comment_status":"open","ping_status":"open","sticky":false,"template":"","format":"standard","meta":{"_acf_changed":false,"footnotes":""},"categories":[494],"tags":[406,4904,5559],"class_list":["post-292127","post","type-post","status-publish","format-standard","has-post-thumbnail","hentry","category-attualita","tag-disabilita","tag-empoli","tag-housing-sociale"],"acf":[],"yoast_head":"<!-- This site is optimized with the Yoast SEO Premium plugin v24.2 (Yoast SEO v25.6) - https:\/\/yoast.com\/wordpress\/plugins\/seo\/ -->\n<title>Domotica avanzata nel primo cohousing sociale per disabili - intoscana<\/title>\n<meta name=\"description\" content=\"Condominio solidale, smart home e presto casa di comunit\u00e0 per un progetto di sperimentazione pubblica nell&#039;edificio dell&#039;ex Sert a Empoli\" \/>\n<meta name=\"robots\" content=\"index, follow, max-snippet:-1, max-image-preview:large, max-video-preview:-1\" \/>\n<link rel=\"canonical\" href=\"https:\/\/www.intoscana.it\/it\/domotica-avanzata-nel-primo-cohousing-sociale-per-disabili-in-toscana\/\" \/>\n<meta property=\"og:locale\" content=\"it_IT\" \/>\n<meta property=\"og:type\" content=\"article\" \/>\n<meta property=\"og:title\" content=\"Domotica avanzata nel primo cohousing sociale per disabili in Toscana\" \/>\n<meta property=\"og:description\" content=\"Condominio solidale, smart home e presto casa di comunit\u00e0 per un progetto di sperimentazione pubblica nell&#039;edificio dell&#039;ex Sert a Empoli\" \/>\n<meta property=\"og:url\" content=\"https:\/\/www.intoscana.it\/it\/domotica-avanzata-nel-primo-cohousing-sociale-per-disabili-in-toscana\/\" \/>\n<meta property=\"og:site_name\" content=\"intoscana\" \/>\n<meta property=\"article:publisher\" content=\"https:\/\/www.facebook.com\/intoscana.it\" \/>\n<meta property=\"article:published_time\" content=\"2023-06-17T15:48:32+00:00\" \/>\n<meta property=\"article:modified_time\" content=\"2023-06-19T10:05:51+00:00\" \/>\n<meta property=\"og:image\" content=\"https:\/\/www.intoscana.it\/wp-content\/uploads\/Inaugurazione-FreedomeSmartHome1.jpeg\" \/>\n\t<meta property=\"og:image:width\" content=\"1600\" \/>\n\t<meta property=\"og:image:height\" content=\"1066\" \/>\n\t<meta property=\"og:image:type\" content=\"image\/jpeg\" \/>\n<meta name=\"author\" content=\"Raffaella Galamini\" \/>\n<meta name=\"twitter:card\" content=\"summary_large_image\" \/>\n<meta name=\"twitter:creator\" content=\"@orio\" \/>\n<meta name=\"twitter:site\" content=\"@intoscana\" \/>\n<meta name=\"twitter:label1\" content=\"Written by\" \/>\n\t<meta name=\"twitter:data1\" content=\"Raffaella Galamini\" \/>\n\t<meta name=\"twitter:label2\" content=\"Est. reading time\" \/>\n\t<meta name=\"twitter:data2\" content=\"3 minuti\" \/>\n<script type=\"application\/ld+json\" class=\"yoast-schema-graph\">{\"@context\":\"https:\/\/schema.org\",\"@graph\":[{\"@type\":\"WebPage\",\"@id\":\"https:\/\/www.intoscana.it\/it\/domotica-avanzata-nel-primo-cohousing-sociale-per-disabili-in-toscana\/\",\"url\":\"https:\/\/www.intoscana.it\/it\/domotica-avanzata-nel-primo-cohousing-sociale-per-disabili-in-toscana\/\",\"name\":\"Domotica avanzata nel primo cohousing sociale per disabili - intoscana\",\"isPartOf\":{\"@id\":\"https:\/\/www.intoscana.it\/it\/#website\"},\"primaryImageOfPage\":{\"@id\":\"https:\/\/www.intoscana.it\/it\/domotica-avanzata-nel-primo-cohousing-sociale-per-disabili-in-toscana\/#primaryimage\"},\"image\":{\"@id\":\"https:\/\/www.intoscana.it\/it\/domotica-avanzata-nel-primo-cohousing-sociale-per-disabili-in-toscana\/#primaryimage\"},\"thumbnailUrl\":\"https:\/\/www.intoscana.it\/wp-content\/uploads\/Inaugurazione-FreedomeSmartHome1.jpeg\",\"datePublished\":\"2023-06-17T15:48:32+00:00\",\"dateModified\":\"2023-06-19T10:05:51+00:00\",\"author\":{\"@id\":\"https:\/\/www.intoscana.it\/it\/#\/schema\/person\/9eb9daa846a49fe51af39a73d9d1986b\"},\"description\":\"Condominio solidale, smart home e presto casa di comunit\u00e0 per un progetto di sperimentazione pubblica nell'edificio dell'ex Sert a Empoli\",\"breadcrumb\":{\"@id\":\"https:\/\/www.intoscana.it\/it\/domotica-avanzata-nel-primo-cohousing-sociale-per-disabili-in-toscana\/#breadcrumb\"},\"inLanguage\":\"it-IT\",\"potentialAction\":[{\"@type\":\"ReadAction\",\"target\":[\"https:\/\/www.intoscana.it\/it\/domotica-avanzata-nel-primo-cohousing-sociale-per-disabili-in-toscana\/\"]}]},{\"@type\":\"ImageObject\",\"inLanguage\":\"it-IT\",\"@id\":\"https:\/\/www.intoscana.it\/it\/domotica-avanzata-nel-primo-cohousing-sociale-per-disabili-in-toscana\/#primaryimage\",\"url\":\"https:\/\/www.intoscana.it\/wp-content\/uploads\/Inaugurazione-FreedomeSmartHome1.jpeg\",\"contentUrl\":\"https:\/\/www.intoscana.it\/wp-content\/uploads\/Inaugurazione-FreedomeSmartHome1.jpeg\",\"width\":1600,\"height\":1066,\"caption\":\"Lo spazio di cohousing sociale a Empoli - \u00a9 Comune di Empoli\"},{\"@type\":\"BreadcrumbList\",\"@id\":\"https:\/\/www.intoscana.it\/it\/domotica-avanzata-nel-primo-cohousing-sociale-per-disabili-in-toscana\/#breadcrumb\",\"itemListElement\":[{\"@type\":\"ListItem\",\"position\":1,\"name\":\"Home\",\"item\":\"https:\/\/www.intoscana.it\/it\/\"},{\"@type\":\"ListItem\",\"position\":2,\"name\":\"Domotica avanzata nel primo cohousing sociale per disabili in Toscana\"}]},{\"@type\":\"WebSite\",\"@id\":\"https:\/\/www.intoscana.it\/it\/#website\",\"url\":\"https:\/\/www.intoscana.it\/it\/\",\"name\":\"intoscana\",\"description\":\"\",\"potentialAction\":[{\"@type\":\"SearchAction\",\"target\":{\"@type\":\"EntryPoint\",\"urlTemplate\":\"https:\/\/www.intoscana.it\/it\/?s={search_term_string}\"},\"query-input\":{\"@type\":\"PropertyValueSpecification\",\"valueRequired\":true,\"valueName\":\"search_term_string\"}}],\"inLanguage\":\"it-IT\"},{\"@type\":\"Person\",\"@id\":\"https:\/\/www.intoscana.it\/it\/#\/schema\/person\/9eb9daa846a49fe51af39a73d9d1986b\",\"name\":\"Raffaella Galamini\",\"sameAs\":[\"https:\/\/x.com\/orio\"],\"url\":\"https:\/\/www.intoscana.it\/it\/author\/r-galamini\/\"}]}<\/script>\n<!-- \/ Yoast SEO Premium plugin. -->","yoast_head_json":{"title":"Domotica avanzata nel primo cohousing sociale per disabili - intoscana","description":"Condominio solidale, smart home e presto casa di comunit\u00e0 per un progetto di sperimentazione pubblica nell'edificio dell'ex Sert a Empoli","robots":{"index":"index","follow":"follow","max-snippet":"max-snippet:-1","max-image-preview":"max-image-preview:large","max-video-preview":"max-video-preview:-1"},"canonical":"https:\/\/www.intoscana.it\/it\/domotica-avanzata-nel-primo-cohousing-sociale-per-disabili-in-toscana\/","og_locale":"it_IT","og_type":"article","og_title":"Domotica avanzata nel primo cohousing sociale per disabili in Toscana","og_description":"Condominio solidale, smart home e presto casa di comunit\u00e0 per un progetto di sperimentazione pubblica nell'edificio dell'ex Sert a Empoli","og_url":"https:\/\/www.intoscana.it\/it\/domotica-avanzata-nel-primo-cohousing-sociale-per-disabili-in-toscana\/","og_site_name":"intoscana","article_publisher":"https:\/\/www.facebook.com\/intoscana.it","article_published_time":"2023-06-17T15:48:32+00:00","article_modified_time":"2023-06-19T10:05:51+00:00","og_image":[{"width":1600,"height":1066,"url":"https:\/\/www.intoscana.it\/wp-content\/uploads\/Inaugurazione-FreedomeSmartHome1.jpeg","type":"image\/jpeg"}],"author":"Raffaella Galamini","twitter_card":"summary_large_image","twitter_creator":"@orio","twitter_site":"@intoscana","twitter_misc":{"Written by":"Raffaella Galamini","Est. reading time":"3 minuti"},"schema":{"@context":"https:\/\/schema.org","@graph":[{"@type":"WebPage","@id":"https:\/\/www.intoscana.it\/it\/domotica-avanzata-nel-primo-cohousing-sociale-per-disabili-in-toscana\/","url":"https:\/\/www.intoscana.it\/it\/domotica-avanzata-nel-primo-cohousing-sociale-per-disabili-in-toscana\/","name":"Domotica avanzata nel primo cohousing sociale per disabili - intoscana","isPartOf":{"@id":"https:\/\/www.intoscana.it\/it\/#website"},"primaryImageOfPage":{"@id":"https:\/\/www.intoscana.it\/it\/domotica-avanzata-nel-primo-cohousing-sociale-per-disabili-in-toscana\/#primaryimage"},"image":{"@id":"https:\/\/www.intoscana.it\/it\/domotica-avanzata-nel-primo-cohousing-sociale-per-disabili-in-toscana\/#primaryimage"},"thumbnailUrl":"https:\/\/www.intoscana.it\/wp-content\/uploads\/Inaugurazione-FreedomeSmartHome1.jpeg","datePublished":"2023-06-17T15:48:32+00:00","dateModified":"2023-06-19T10:05:51+00:00","author":{"@id":"https:\/\/www.intoscana.it\/it\/#\/schema\/person\/9eb9daa846a49fe51af39a73d9d1986b"},"description":"Condominio solidale, smart home e presto casa di comunit\u00e0 per un progetto di sperimentazione pubblica nell'edificio dell'ex Sert a Empoli","breadcrumb":{"@id":"https:\/\/www.intoscana.it\/it\/domotica-avanzata-nel-primo-cohousing-sociale-per-disabili-in-toscana\/#breadcrumb"},"inLanguage":"it-IT","potentialAction":[{"@type":"ReadAction","target":["https:\/\/www.intoscana.it\/it\/domotica-avanzata-nel-primo-cohousing-sociale-per-disabili-in-toscana\/"]}]},{"@type":"ImageObject","inLanguage":"it-IT","@id":"https:\/\/www.intoscana.it\/it\/domotica-avanzata-nel-primo-cohousing-sociale-per-disabili-in-toscana\/#primaryimage","url":"https:\/\/www.intoscana.it\/wp-content\/uploads\/Inaugurazione-FreedomeSmartHome1.jpeg","contentUrl":"https:\/\/www.intoscana.it\/wp-content\/uploads\/Inaugurazione-FreedomeSmartHome1.jpeg","width":1600,"height":1066,"caption":"Lo spazio di cohousing sociale a Empoli - \u00a9 Comune di Empoli"},{"@type":"BreadcrumbList","@id":"https:\/\/www.intoscana.it\/it\/domotica-avanzata-nel-primo-cohousing-sociale-per-disabili-in-toscana\/#breadcrumb","itemListElement":[{"@type":"ListItem","position":1,"name":"Home","item":"https:\/\/www.intoscana.it\/it\/"},{"@type":"ListItem","position":2,"name":"Domotica avanzata nel primo cohousing sociale per disabili in Toscana"}]},{"@type":"WebSite","@id":"https:\/\/www.intoscana.it\/it\/#website","url":"https:\/\/www.intoscana.it\/it\/","name":"intoscana","description":"","potentialAction":[{"@type":"SearchAction","target":{"@type":"EntryPoint","urlTemplate":"https:\/\/www.intoscana.it\/it\/?s={search_term_string}"},"query-input":{"@type":"PropertyValueSpecification","valueRequired":true,"valueName":"search_term_string"}}],"inLanguage":"it-IT"},{"@type":"Person","@id":"https:\/\/www.intoscana.it\/it\/#\/schema\/person\/9eb9daa846a49fe51af39a73d9d1986b","name":"Raffaella Galamini","sameAs":["https:\/\/x.com\/orio"],"url":"https:\/\/www.intoscana.it\/it\/author\/r-galamini\/"}]}},"_links":{"self":[{"href":"https:\/\/www.intoscana.it\/it\/wp-json\/wp\/v2\/posts\/292127","targetHints":{"allow":["GET"]}}],"collection":[{"href":"https:\/\/www.intoscana.it\/it\/wp-json\/wp\/v2\/posts"}],"about":[{"href":"https:\/\/www.intoscana.it\/it\/wp-json\/wp\/v2\/types\/post"}],"author":[{"embeddable":true,"href":"https:\/\/www.intoscana.it\/it\/wp-json\/wp\/v2\/users\/554"}],"replies":[{"embeddable":true,"href":"https:\/\/www.intoscana.it\/it\/wp-json\/wp\/v2\/comments?post=292127"}],"version-history":[{"count":0,"href":"https:\/\/www.intoscana.it\/it\/wp-json\/wp\/v2\/posts\/292127\/revisions"}],"wp:featuredmedia":[{"embeddable":true,"href":"https:\/\/www.intoscana.it\/it\/wp-json\/wp\/v2\/media\/292131"}],"wp:attachment":[{"href":"https:\/\/www.intoscana.it\/it\/wp-json\/wp\/v2\/media?parent=292127"}],"wp:term":[{"taxonomy":"category","embeddable":true,"href":"https:\/\/www.intoscana.it\/it\/wp-json\/wp\/v2\/categories?post=292127"},{"taxonomy":"post_tag","embeddable":true,"href":"https:\/\/www.intoscana.it\/it\/wp-json\/wp\/v2\/tags?post=292127"}],"curies":[{"name":"wp","href":"https:\/\/api.w.org\/{rel}","templated":true}]}}