{"id":292225,"date":"2023-06-19T10:55:47","date_gmt":"2023-06-19T08:55:47","guid":{"rendered":"https:\/\/www.intoscana.it\/it\/?p=292225"},"modified":"2023-06-19T12:24:39","modified_gmt":"2023-06-19T10:24:39","slug":"universita-di-siena-laurea-ad-honorem-a-fauci-e-rappuoli-festa-in-piazza-del-campo-con-700-nuovi-dottori","status":"publish","type":"post","link":"https:\/\/www.intoscana.it\/it\/universita-di-siena-laurea-ad-honorem-a-fauci-e-rappuoli-festa-in-piazza-del-campo-con-700-nuovi-dottori\/","title":{"rendered":"Universit\u00e0 di Siena, Laurea ad honorem a Fauci e Rappuoli. Festa in piazza del Campo con 700 nuovi dottori"},"content":{"rendered":"<p>L&#8217;Universit\u00e0 di Siena ha conferito la Laurea ad honorem in Medicina e Chirurgia al professor <strong>Anthony Stephen Fauci<\/strong> e al professor <strong>Rino Rappuoli<\/strong>. Una cerimonia solenne, quella di sabato 17 giugno, culminata in piazza del Campo <a href=\"https:\/\/www.youtube.com\/watch?v=jMovfAWg-q0\" target=\"_blank\" rel=\"noopener\">\u201cGraduation Day\u201d<\/a>: <mark>700 nuovi dottori e dottoresse che hanno conseguito il titolo di laurea triennale o magistrale nell\u2019ultimo anno accademico, accompagnati da molti familiari ed amici.<\/mark><\/p>\n<figure id=\"post-292241 media-292241\" class=\"align-none\"><img decoding=\"async\" src=\"https:\/\/www.intoscana.it\/wp-content\/uploads\/Graduationday_Unisi_08.jpg\" alt=\"\" \/><\/figure>\n<div class=\"titleimg\"><\/div>\n<p>Ad aprire la giornata \u00e8 stato il Rettore <strong>Roberto Di Pietra<\/strong>, che ha ringraziato i due professori e sottolineato l&#8217;eccellenza dell&#8217;Ateneo senese nel settore delle scienze della vita. &#8220;Le lauree ad honorem che abbiamo il piacere di conferire questa mattina si inseriscono perfettamente in questo settore di ricerca dell\u2019Ateneo. <mark>Costituiscono il riconoscimento di un percorso, di una maturazione di esperienza e di conoscenza, di tanti risultati ottenuti e messi a disposizione della comunit\u00e0 scientifica internazionale.<\/mark> Le Lauree ad honorem sono, allo stesso tempo, un atto di riconoscimento, ma anche di ringraziamento per il contributo portato alla scienza e alla conoscenza&#8221;.<\/p>\n<h3><em>Fauci, dalla lotta all&#8217;Aids al Covid: consigliere di 7 presidenti Usa<\/em><\/h3>\n<p><strong>Anthony Fauci<\/strong> \u00e8 un medico e scienziato statunitense, uno dei scienziati pi\u00f9 autorevoli al mondo nella ricerca biomedica. \u00c8 stato direttore del National Institute of Allergy and Infectious Diseases\u00a0 presso il National Institutes of Health degli Stati Uniti dal 1984 al 2022. <mark>Autore di importanti scoperta nella lotta all&#8217;Hiv\/Aids, in prima linea nella ricerca su infezioni respiratorie, tubercolosi e malaria, nonch\u00e9 malattie emergenti come Ebola, Zika e covid.<\/mark><\/p>\n<p>\u00c8 stato consigliere medico di sette presidenti degli <strong>Stati Uniti<\/strong> e ha ricevuto numerosissimi premi prestigiosi, tra cui la Presidential Medal of Freedom, la pi\u00f9 alta onorificenza conferita a un civile dalla Casa Bianca.<\/p>\n<p><iframe loading=\"lazy\" title=\"Cerimonia Lauree ad honorem a Anthony S. Fauci e Rino Rappuoli\" src=\"https:\/\/www.youtube.com\/embed\/RoBcdSEPqyw\" width=\"800\" height=\"400\" frameborder=\"0\" allowfullscreen=\"allowfullscreen\"><span data-mce-type=\"bookmark\" style=\"display: inline-block; width: 0px; overflow: hidden; line-height: 0;\" class=\"mce_SELRES_start\">\ufeff<\/span><\/iframe><\/p>\n<h3><em>Rappuoli, il &#8220;padre&#8221; dei vaccini<\/em><\/h3>\n<p><strong>Rino Rappuoli<\/strong> \u00e8 professore dell\u2019Universit\u00e0 di Siena e direttore scientifico della Fondazione Biotecnopolo di Siena. \u00c8 inoltre il coordinatore scientifico del Monoclonal Antibody Discovery Lab presso la <strong>Fondazione Toscana Life Sciences di Siena<\/strong>. <mark>\u00c8 riconosciuto come uno degli scienziati pi\u00f9 eminenti nel campo della microbiologia e dei vaccini.<\/mark><\/p>\n<figure id=\"post-292239 media-292239\" class=\"align-none\"><img decoding=\"async\" src=\"https:\/\/www.intoscana.it\/wp-content\/uploads\/Cerimonia_LaureeAdHonorem_11-Rappuoli3.jpg\" alt=\"\" \/><\/figure>\n<p>Rappuoli \u00e8 ritenuto il padre fondatore della \u201cReverse Vaccinology\u201d, per l\u2019identificazione delle migliori strategie per sviluppare vaccini pi\u00f9 efficaci, una metodologia oggi usata su scala mondiale con la quale per primo Rappuoli ha prodotto il vaccino contro il <strong>meningococco B<\/strong>. Ha guadagnato nella sua carriera un elevato numero di riconoscimenti internazionali, tra i quali la Medaglia d\u2019Oro al Merito della Sanit\u00e0 Pubblica e il Pegaso d\u2019Oro dalla Regione Toscana.\u00a0 Nel 2021 \u00e8 stato nominato Cavaliere del Lavoro dal Presidente della Repubblica Italiana.<\/p>\n<h3><em>La soddisfazione del presidente Giani e dell&#8217;assessore Bezzini<\/em><\/h3>\n<p>Grande apprezzamento \u00e8 stato espresso dal presidente della Regione <strong>Eugenio Giani<\/strong> e dall\u2019assessore al diritto alla salute <strong>Simone Bezzini<\/strong>: \u201cNegli ultimi anni \u2013 hanno detto &#8211; grazie alla collaborazione tra le istituzioni, tra attori pubblici e privati, \u00e8 stato possibile <mark>costruire in Toscana un ecosistema favorevole sia allo sviluppo della ricerca scientifica e di processi innovativi sia alla crescita di importanti attivit\u00e0 imprenditoriali. E tutto ci\u00f2 \u00e8 avvenuto anche grazie al ruolo attivo della Regione Toscana<\/mark> che con il sostegno alla Fondazione Toscana Life Sciences ha fatto crescere un\u2019esperienza di valore nazionale e internazionale\u201d.<\/p>\n<figure id=\"post-292240 media-292240\" class=\"align-none\"><img decoding=\"async\" src=\"https:\/\/www.intoscana.it\/wp-content\/uploads\/Graduationday_Unisi_06_DirettoriDipartimenti.jpg\" alt=\"\" \/><\/figure>\n<div class=\"titleimg\"><\/div>\n","protected":false},"excerpt":{"rendered":"<p>L&#8217;Ateneo ha conferito il prestigioso riconoscimento ai due professori di fama internazionale. La soddisfazione della Regione, Giani e Bezzini: &#8220;In Toscana un ecosistema favorevole allo sviluppo della ricerca scientifica&#8221;<\/p>\n","protected":false},"author":525,"featured_media":292238,"comment_status":"open","ping_status":"open","sticky":false,"template":"","format":"standard","meta":{"_acf_changed":false,"footnotes":""},"categories":[494],"tags":[158,164,4883,4518,378],"class_list":["post-292225","post","type-post","status-publish","format-standard","has-post-thumbnail","hentry","category-attualita","tag-eugenio-giani","tag-siena","tag-simone-bezzini","tag-toscana-life-sciences","tag-universita-di-siena"],"acf":[],"yoast_head":"<!-- This site is optimized with the Yoast SEO Premium plugin v24.2 (Yoast SEO v25.6) - https:\/\/yoast.com\/wordpress\/plugins\/seo\/ -->\n<title>Universit\u00e0 di Siena, Laurea ad honorem a Fauci e Rappuoli. Festa in piazza del Campo con 700 nuovi dottori - intoscana<\/title>\n<meta name=\"description\" content=\"L&#039;Ateneo ha conferito il prestigioso riconoscimento ai due professori di fama internazionale. La soddisfazione della Regione, Giani e Bezzini: &quot;In Toscana un ecosistema favorevole allo sviluppo della ricerca scientifica&quot;\" \/>\n<meta name=\"robots\" content=\"index, follow, max-snippet:-1, max-image-preview:large, max-video-preview:-1\" \/>\n<link rel=\"canonical\" href=\"https:\/\/www.intoscana.it\/it\/universita-di-siena-laurea-ad-honorem-a-fauci-e-rappuoli-festa-in-piazza-del-campo-con-700-nuovi-dottori\/\" \/>\n<meta property=\"og:locale\" content=\"it_IT\" \/>\n<meta property=\"og:type\" content=\"article\" \/>\n<meta property=\"og:title\" content=\"Universit\u00e0 di Siena, Laurea ad honorem a Fauci e Rappuoli. Festa in piazza del Campo con 700 nuovi dottori\" \/>\n<meta property=\"og:description\" content=\"L&#039;Ateneo ha conferito il prestigioso riconoscimento ai due professori di fama internazionale. La soddisfazione della Regione, Giani e Bezzini: &quot;In Toscana un ecosistema favorevole allo sviluppo della ricerca scientifica&quot;\" \/>\n<meta property=\"og:url\" content=\"https:\/\/www.intoscana.it\/it\/universita-di-siena-laurea-ad-honorem-a-fauci-e-rappuoli-festa-in-piazza-del-campo-con-700-nuovi-dottori\/\" \/>\n<meta property=\"og:site_name\" content=\"intoscana\" \/>\n<meta property=\"article:publisher\" content=\"https:\/\/www.facebook.com\/intoscana.it\" \/>\n<meta property=\"article:published_time\" content=\"2023-06-19T08:55:47+00:00\" \/>\n<meta property=\"article:modified_time\" content=\"2023-06-19T10:24:39+00:00\" \/>\n<meta property=\"og:image\" content=\"https:\/\/www.intoscana.it\/wp-content\/uploads\/Cerimonia_LaureeAdHonorem_07-Fauci3.jpg\" \/>\n\t<meta property=\"og:image:width\" content=\"1380\" \/>\n\t<meta property=\"og:image:height\" content=\"920\" \/>\n\t<meta property=\"og:image:type\" content=\"image\/jpeg\" \/>\n<meta name=\"author\" content=\"Redazione\" \/>\n<meta name=\"twitter:card\" content=\"summary_large_image\" \/>\n<meta name=\"twitter:creator\" content=\"@intoscana\" \/>\n<meta name=\"twitter:site\" content=\"@intoscana\" \/>\n<meta name=\"twitter:label1\" content=\"Written by\" \/>\n\t<meta name=\"twitter:data1\" content=\"Redazione\" \/>\n\t<meta name=\"twitter:label2\" content=\"Est. reading time\" \/>\n\t<meta name=\"twitter:data2\" content=\"3 minuti\" \/>\n<script type=\"application\/ld+json\" class=\"yoast-schema-graph\">{\"@context\":\"https:\/\/schema.org\",\"@graph\":[{\"@type\":\"WebPage\",\"@id\":\"https:\/\/www.intoscana.it\/it\/universita-di-siena-laurea-ad-honorem-a-fauci-e-rappuoli-festa-in-piazza-del-campo-con-700-nuovi-dottori\/\",\"url\":\"https:\/\/www.intoscana.it\/it\/universita-di-siena-laurea-ad-honorem-a-fauci-e-rappuoli-festa-in-piazza-del-campo-con-700-nuovi-dottori\/\",\"name\":\"Universit\u00e0 di Siena, Laurea ad honorem a Fauci e Rappuoli. Festa in piazza del Campo con 700 nuovi dottori - intoscana\",\"isPartOf\":{\"@id\":\"https:\/\/www.intoscana.it\/it\/#website\"},\"primaryImageOfPage\":{\"@id\":\"https:\/\/www.intoscana.it\/it\/universita-di-siena-laurea-ad-honorem-a-fauci-e-rappuoli-festa-in-piazza-del-campo-con-700-nuovi-dottori\/#primaryimage\"},\"image\":{\"@id\":\"https:\/\/www.intoscana.it\/it\/universita-di-siena-laurea-ad-honorem-a-fauci-e-rappuoli-festa-in-piazza-del-campo-con-700-nuovi-dottori\/#primaryimage\"},\"thumbnailUrl\":\"https:\/\/www.intoscana.it\/wp-content\/uploads\/Cerimonia_LaureeAdHonorem_07-Fauci3.jpg\",\"datePublished\":\"2023-06-19T08:55:47+00:00\",\"dateModified\":\"2023-06-19T10:24:39+00:00\",\"author\":{\"@id\":\"https:\/\/www.intoscana.it\/it\/#\/schema\/person\/9223810753230f20bd670fdd322661f8\"},\"description\":\"L'Ateneo ha conferito il prestigioso riconoscimento ai due professori di fama internazionale. La soddisfazione della Regione, Giani e Bezzini: \\\"In Toscana un ecosistema favorevole allo sviluppo della ricerca scientifica\\\"\",\"breadcrumb\":{\"@id\":\"https:\/\/www.intoscana.it\/it\/universita-di-siena-laurea-ad-honorem-a-fauci-e-rappuoli-festa-in-piazza-del-campo-con-700-nuovi-dottori\/#breadcrumb\"},\"inLanguage\":\"it-IT\",\"potentialAction\":[{\"@type\":\"ReadAction\",\"target\":[\"https:\/\/www.intoscana.it\/it\/universita-di-siena-laurea-ad-honorem-a-fauci-e-rappuoli-festa-in-piazza-del-campo-con-700-nuovi-dottori\/\"]}]},{\"@type\":\"ImageObject\",\"inLanguage\":\"it-IT\",\"@id\":\"https:\/\/www.intoscana.it\/it\/universita-di-siena-laurea-ad-honorem-a-fauci-e-rappuoli-festa-in-piazza-del-campo-con-700-nuovi-dottori\/#primaryimage\",\"url\":\"https:\/\/www.intoscana.it\/wp-content\/uploads\/Cerimonia_LaureeAdHonorem_07-Fauci3.jpg\",\"contentUrl\":\"https:\/\/www.intoscana.it\/wp-content\/uploads\/Cerimonia_LaureeAdHonorem_07-Fauci3.jpg\",\"width\":1380,\"height\":920},{\"@type\":\"BreadcrumbList\",\"@id\":\"https:\/\/www.intoscana.it\/it\/universita-di-siena-laurea-ad-honorem-a-fauci-e-rappuoli-festa-in-piazza-del-campo-con-700-nuovi-dottori\/#breadcrumb\",\"itemListElement\":[{\"@type\":\"ListItem\",\"position\":1,\"name\":\"Home\",\"item\":\"https:\/\/www.intoscana.it\/it\/\"},{\"@type\":\"ListItem\",\"position\":2,\"name\":\"Universit\u00e0 di Siena, Laurea ad honorem a Fauci e Rappuoli. Festa in piazza del Campo con 700 nuovi dottori\"}]},{\"@type\":\"WebSite\",\"@id\":\"https:\/\/www.intoscana.it\/it\/#website\",\"url\":\"https:\/\/www.intoscana.it\/it\/\",\"name\":\"intoscana\",\"description\":\"\",\"potentialAction\":[{\"@type\":\"SearchAction\",\"target\":{\"@type\":\"EntryPoint\",\"urlTemplate\":\"https:\/\/www.intoscana.it\/it\/?s={search_term_string}\"},\"query-input\":{\"@type\":\"PropertyValueSpecification\",\"valueRequired\":true,\"valueName\":\"search_term_string\"}}],\"inLanguage\":\"it-IT\"},{\"@type\":\"Person\",\"@id\":\"https:\/\/www.intoscana.it\/it\/#\/schema\/person\/9223810753230f20bd670fdd322661f8\",\"name\":\"Redazione\",\"url\":\"https:\/\/www.intoscana.it\/it\/author\/redazione\/\"}]}<\/script>\n<!-- \/ Yoast SEO Premium plugin. -->","yoast_head_json":{"title":"Universit\u00e0 di Siena, Laurea ad honorem a Fauci e Rappuoli. Festa in piazza del Campo con 700 nuovi dottori - intoscana","description":"L'Ateneo ha conferito il prestigioso riconoscimento ai due professori di fama internazionale. La soddisfazione della Regione, Giani e Bezzini: \"In Toscana un ecosistema favorevole allo sviluppo della ricerca scientifica\"","robots":{"index":"index","follow":"follow","max-snippet":"max-snippet:-1","max-image-preview":"max-image-preview:large","max-video-preview":"max-video-preview:-1"},"canonical":"https:\/\/www.intoscana.it\/it\/universita-di-siena-laurea-ad-honorem-a-fauci-e-rappuoli-festa-in-piazza-del-campo-con-700-nuovi-dottori\/","og_locale":"it_IT","og_type":"article","og_title":"Universit\u00e0 di Siena, Laurea ad honorem a Fauci e Rappuoli. Festa in piazza del Campo con 700 nuovi dottori","og_description":"L'Ateneo ha conferito il prestigioso riconoscimento ai due professori di fama internazionale. La soddisfazione della Regione, Giani e Bezzini: \"In Toscana un ecosistema favorevole allo sviluppo della ricerca scientifica\"","og_url":"https:\/\/www.intoscana.it\/it\/universita-di-siena-laurea-ad-honorem-a-fauci-e-rappuoli-festa-in-piazza-del-campo-con-700-nuovi-dottori\/","og_site_name":"intoscana","article_publisher":"https:\/\/www.facebook.com\/intoscana.it","article_published_time":"2023-06-19T08:55:47+00:00","article_modified_time":"2023-06-19T10:24:39+00:00","og_image":[{"width":1380,"height":920,"url":"https:\/\/www.intoscana.it\/wp-content\/uploads\/Cerimonia_LaureeAdHonorem_07-Fauci3.jpg","type":"image\/jpeg"}],"author":"Redazione","twitter_card":"summary_large_image","twitter_creator":"@intoscana","twitter_site":"@intoscana","twitter_misc":{"Written by":"Redazione","Est. reading time":"3 minuti"},"schema":{"@context":"https:\/\/schema.org","@graph":[{"@type":"WebPage","@id":"https:\/\/www.intoscana.it\/it\/universita-di-siena-laurea-ad-honorem-a-fauci-e-rappuoli-festa-in-piazza-del-campo-con-700-nuovi-dottori\/","url":"https:\/\/www.intoscana.it\/it\/universita-di-siena-laurea-ad-honorem-a-fauci-e-rappuoli-festa-in-piazza-del-campo-con-700-nuovi-dottori\/","name":"Universit\u00e0 di Siena, Laurea ad honorem a Fauci e Rappuoli. Festa in piazza del Campo con 700 nuovi dottori - intoscana","isPartOf":{"@id":"https:\/\/www.intoscana.it\/it\/#website"},"primaryImageOfPage":{"@id":"https:\/\/www.intoscana.it\/it\/universita-di-siena-laurea-ad-honorem-a-fauci-e-rappuoli-festa-in-piazza-del-campo-con-700-nuovi-dottori\/#primaryimage"},"image":{"@id":"https:\/\/www.intoscana.it\/it\/universita-di-siena-laurea-ad-honorem-a-fauci-e-rappuoli-festa-in-piazza-del-campo-con-700-nuovi-dottori\/#primaryimage"},"thumbnailUrl":"https:\/\/www.intoscana.it\/wp-content\/uploads\/Cerimonia_LaureeAdHonorem_07-Fauci3.jpg","datePublished":"2023-06-19T08:55:47+00:00","dateModified":"2023-06-19T10:24:39+00:00","author":{"@id":"https:\/\/www.intoscana.it\/it\/#\/schema\/person\/9223810753230f20bd670fdd322661f8"},"description":"L'Ateneo ha conferito il prestigioso riconoscimento ai due professori di fama internazionale. La soddisfazione della Regione, Giani e Bezzini: \"In Toscana un ecosistema favorevole allo sviluppo della ricerca scientifica\"","breadcrumb":{"@id":"https:\/\/www.intoscana.it\/it\/universita-di-siena-laurea-ad-honorem-a-fauci-e-rappuoli-festa-in-piazza-del-campo-con-700-nuovi-dottori\/#breadcrumb"},"inLanguage":"it-IT","potentialAction":[{"@type":"ReadAction","target":["https:\/\/www.intoscana.it\/it\/universita-di-siena-laurea-ad-honorem-a-fauci-e-rappuoli-festa-in-piazza-del-campo-con-700-nuovi-dottori\/"]}]},{"@type":"ImageObject","inLanguage":"it-IT","@id":"https:\/\/www.intoscana.it\/it\/universita-di-siena-laurea-ad-honorem-a-fauci-e-rappuoli-festa-in-piazza-del-campo-con-700-nuovi-dottori\/#primaryimage","url":"https:\/\/www.intoscana.it\/wp-content\/uploads\/Cerimonia_LaureeAdHonorem_07-Fauci3.jpg","contentUrl":"https:\/\/www.intoscana.it\/wp-content\/uploads\/Cerimonia_LaureeAdHonorem_07-Fauci3.jpg","width":1380,"height":920},{"@type":"BreadcrumbList","@id":"https:\/\/www.intoscana.it\/it\/universita-di-siena-laurea-ad-honorem-a-fauci-e-rappuoli-festa-in-piazza-del-campo-con-700-nuovi-dottori\/#breadcrumb","itemListElement":[{"@type":"ListItem","position":1,"name":"Home","item":"https:\/\/www.intoscana.it\/it\/"},{"@type":"ListItem","position":2,"name":"Universit\u00e0 di Siena, Laurea ad honorem a Fauci e Rappuoli. Festa in piazza del Campo con 700 nuovi dottori"}]},{"@type":"WebSite","@id":"https:\/\/www.intoscana.it\/it\/#website","url":"https:\/\/www.intoscana.it\/it\/","name":"intoscana","description":"","potentialAction":[{"@type":"SearchAction","target":{"@type":"EntryPoint","urlTemplate":"https:\/\/www.intoscana.it\/it\/?s={search_term_string}"},"query-input":{"@type":"PropertyValueSpecification","valueRequired":true,"valueName":"search_term_string"}}],"inLanguage":"it-IT"},{"@type":"Person","@id":"https:\/\/www.intoscana.it\/it\/#\/schema\/person\/9223810753230f20bd670fdd322661f8","name":"Redazione","url":"https:\/\/www.intoscana.it\/it\/author\/redazione\/"}]}},"_links":{"self":[{"href":"https:\/\/www.intoscana.it\/it\/wp-json\/wp\/v2\/posts\/292225","targetHints":{"allow":["GET"]}}],"collection":[{"href":"https:\/\/www.intoscana.it\/it\/wp-json\/wp\/v2\/posts"}],"about":[{"href":"https:\/\/www.intoscana.it\/it\/wp-json\/wp\/v2\/types\/post"}],"author":[{"embeddable":true,"href":"https:\/\/www.intoscana.it\/it\/wp-json\/wp\/v2\/users\/525"}],"replies":[{"embeddable":true,"href":"https:\/\/www.intoscana.it\/it\/wp-json\/wp\/v2\/comments?post=292225"}],"version-history":[{"count":0,"href":"https:\/\/www.intoscana.it\/it\/wp-json\/wp\/v2\/posts\/292225\/revisions"}],"wp:featuredmedia":[{"embeddable":true,"href":"https:\/\/www.intoscana.it\/it\/wp-json\/wp\/v2\/media\/292238"}],"wp:attachment":[{"href":"https:\/\/www.intoscana.it\/it\/wp-json\/wp\/v2\/media?parent=292225"}],"wp:term":[{"taxonomy":"category","embeddable":true,"href":"https:\/\/www.intoscana.it\/it\/wp-json\/wp\/v2\/categories?post=292225"},{"taxonomy":"post_tag","embeddable":true,"href":"https:\/\/www.intoscana.it\/it\/wp-json\/wp\/v2\/tags?post=292225"}],"curies":[{"name":"wp","href":"https:\/\/api.w.org\/{rel}","templated":true}]}}